{"id":23515,"date":"2025-12-10T15:09:02","date_gmt":"2025-12-10T14:09:02","guid":{"rendered":"https:\/\/veritasinfo.org\/?p=23515"},"modified":"2025-12-10T15:09:31","modified_gmt":"2025-12-10T14:09:31","slug":"isni-kilaj-lirohet-me-kusht-nga-gjykata-speciale","status":"publish","type":"post","link":"https:\/\/veritasinfo.org\/?p=23515","title":{"rendered":"Isni Kilaj lirohet me kusht nga Gjykata Speciale"},"content":{"rendered":"<p>Prishtin\u00eb 10 Dhjetor 15:08<\/p>\n<p>Gjykata Speciale ka vendosur sot lirimin me kusht t\u00eb Isni Kilajt, pas rishikimit t\u00eb fundit t\u00eb mas\u00ebs s\u00eb paraburgimit n\u00eb \u201c\u00c7\u00ebshtjen 12\u201d, ku ai gjykohet s\u00eb bashku me Hashim Tha\u00e7in, Bashkim Smakajn, Fadil Fazliun dhe Hajredin Ku\u00e7in.<\/p>\n<p>N\u00eb vendimin e dat\u00ebs 3 dhjetor, gjykat\u00ebsi i \u00e7\u00ebshtjes arriti n\u00eb p\u00ebrfundimin se rrethanat kan\u00eb ndryshuar q\u00eb nga tetori dhe se vazhdimi i paraburgimit t\u00eb Kilajt nuk \u00ebsht\u00eb m\u00eb i arsyesh\u00ebm dhe as proporcional.<\/p>\n<p>Edhe pse u vler\u00ebsua se ekziston nj\u00ebfar\u00eb rreziku p\u00ebr nd\u00ebrhyrje n\u00eb proces ose kryerje t\u00eb veprave t\u00eb tjera, gjykat\u00ebsi theksoi se e drejta p\u00ebr liri, n\u00eb k\u00ebt\u00eb faz\u00eb, peshon m\u00eb shum\u00eb.<\/p>\n<p>Mes faktor\u00ebve kryesor\u00eb t\u00eb p\u00ebrmendur n\u00eb vendim jan\u00eb: Paraburgimi i kaluar tashm\u00eb tejkalon d\u00ebnimin minimal me t\u00eb cilin Kilaj do t\u00eb p\u00ebrballej n\u00ebse shpallej fajtor;  Gjat\u00eb lirimit t\u00eb tij t\u00eb m\u00ebparsh\u00ebm me kusht n\u00eb vitin 2024 nuk \u00ebsht\u00eb regjistruar asnj\u00eb p\u00ebrpjekje p\u00ebr pengim t\u00eb procesit; Faza e provave n\u00eb \u00e7\u00ebshtjen ndaj Tha\u00e7it, Veselit, Selimit e Krasniqit ka p\u00ebrfunduar; Rreziku p\u00ebr ndikim ndaj d\u00ebshmitar\u00ebve n\u00eb \u201c\u00c7\u00ebshtjen 12\u201d konsiderohet shum\u00eb i ul\u00ebt; Nuk ekziston rrezik arratisjeje, duke marr\u00eb parasysh historikun e tij t\u00eb paraqitjes dhe dor\u00ebzanin\u00eb financiare t\u00eb ofruar.<\/p>\n<p>Kilaj mbetet ende i akuzuar dhe lirimi i tij shoq\u00ebrohet me kushte strikte, t\u00eb vendosura p\u00ebr t\u00eb parandaluar \u00e7do nd\u00ebrhyrje n\u00eb proces. Gjykata ka paralajm\u00ebruar se \u00e7do shkelje e kushteve do t\u00eb rezultoj\u00eb me fletarrestim t\u00eb menj\u00ebhersh\u00ebm. <\/p>\n","protected":false},"excerpt":{"rendered":"<p>Prishtin\u00eb 10 Dhjetor 15:08 Gjykata Speciale ka vendosur sot lirimin me kusht t\u00eb Isni Kilajt, pas rishikimit t\u00eb fundit t\u00eb mas\u00ebs s\u00eb paraburgimit n\u00eb \u201c\u00c7\u00ebshtjen<\/p>\n","protected":false},"author":6,"featured_media":23516,"comment_status":"open","ping_status":"open","sticky":false,"template":"","format":"standard","meta":{"footnotes":""},"categories":[58],"tags":[],"class_list":["post-23515","post","type-post","status-publish","format-standard","has-post-thumbnail","hentry","category-politike-sq"],"yoast_head":"<!-- This site is optimized with the Yoast SEO plugin v25.3.1 - https:\/\/yoast.com\/wordpress\/plugins\/seo\/ -->\n<title>Isni Kilaj lirohet me kusht nga Gjykata Speciale -<\/title>\n<meta name=\"robots\" content=\"index, follow, max-snippet:-1, max-image-preview:large, max-video-preview:-1\" \/>\n<link rel=\"canonical\" href=\"https:\/\/veritasinfo.org\/?p=23515\" \/>\n<meta property=\"og:locale\" content=\"en_US\" \/>\n<meta property=\"og:type\" content=\"article\" \/>\n<meta property=\"og:title\" content=\"Isni Kilaj lirohet me kusht nga Gjykata Speciale -\" \/>\n<meta property=\"og:description\" content=\"Prishtin\u00eb 10 Dhjetor 15:08 Gjykata Speciale ka vendosur sot lirimin me kusht t\u00eb Isni Kilajt, pas rishikimit t\u00eb fundit t\u00eb mas\u00ebs s\u00eb paraburgimit n\u00eb \u201c\u00c7\u00ebshtjen\" \/>\n<meta property=\"og:url\" content=\"https:\/\/veritasinfo.org\/?p=23515\" \/>\n<meta property=\"article:published_time\" content=\"2025-12-10T14:09:02+00:00\" \/>\n<meta property=\"article:modified_time\" content=\"2025-12-10T14:09:31+00:00\" \/>\n<meta property=\"og:image\" content=\"https:\/\/veritasinfo.org\/wp-content\/uploads\/2025\/12\/711686-I9lt5auMMp.jpg\" \/>\n\t<meta property=\"og:image:width\" content=\"780\" \/>\n\t<meta property=\"og:image:height\" content=\"500\" \/>\n\t<meta property=\"og:image:type\" content=\"image\/jpeg\" \/>\n<meta name=\"author\" content=\"US5\" \/>\n<meta name=\"twitter:card\" content=\"summary_large_image\" \/>\n<meta name=\"twitter:label1\" content=\"Written by\" \/>\n\t<meta name=\"twitter:data1\" content=\"US5\" \/>\n\t<meta name=\"twitter:label2\" content=\"Est. reading time\" \/>\n\t<meta name=\"twitter:data2\" content=\"2 minutes\" \/>\n<script type=\"application\/ld+json\" class=\"yoast-schema-graph\">{\"@context\":\"https:\/\/schema.org\",\"@graph\":[{\"@type\":\"WebPage\",\"@id\":\"https:\/\/veritasinfo.org\/?p=23515\",\"url\":\"https:\/\/veritasinfo.org\/?p=23515\",\"name\":\"Isni Kilaj lirohet me kusht nga Gjykata Speciale -\",\"isPartOf\":{\"@id\":\"https:\/\/veritasinfo.org\/#website\"},\"primaryImageOfPage\":{\"@id\":\"https:\/\/veritasinfo.org\/?p=23515#primaryimage\"},\"image\":{\"@id\":\"https:\/\/veritasinfo.org\/?p=23515#primaryimage\"},\"thumbnailUrl\":\"https:\/\/veritasinfo.org\/wp-content\/uploads\/2025\/12\/711686-I9lt5auMMp.jpg\",\"datePublished\":\"2025-12-10T14:09:02+00:00\",\"dateModified\":\"2025-12-10T14:09:31+00:00\",\"author\":{\"@id\":\"https:\/\/veritasinfo.org\/#\/schema\/person\/bc442336e35414d04494ab8fb45db4c6\"},\"breadcrumb\":{\"@id\":\"https:\/\/veritasinfo.org\/?p=23515#breadcrumb\"},\"inLanguage\":\"en-US\",\"potentialAction\":[{\"@type\":\"ReadAction\",\"target\":[\"https:\/\/veritasinfo.org\/?p=23515\"]}]},{\"@type\":\"ImageObject\",\"inLanguage\":\"en-US\",\"@id\":\"https:\/\/veritasinfo.org\/?p=23515#primaryimage\",\"url\":\"https:\/\/veritasinfo.org\/wp-content\/uploads\/2025\/12\/711686-I9lt5auMMp.jpg\",\"contentUrl\":\"https:\/\/veritasinfo.org\/wp-content\/uploads\/2025\/12\/711686-I9lt5auMMp.jpg\",\"width\":780,\"height\":500},{\"@type\":\"BreadcrumbList\",\"@id\":\"https:\/\/veritasinfo.org\/?p=23515#breadcrumb\",\"itemListElement\":[{\"@type\":\"ListItem\",\"position\":1,\"name\":\"Home\",\"item\":\"https:\/\/veritasinfo.org\/\"},{\"@type\":\"ListItem\",\"position\":2,\"name\":\"Isni Kilaj lirohet me kusht nga Gjykata Speciale\"}]},{\"@type\":\"WebSite\",\"@id\":\"https:\/\/veritasinfo.org\/#website\",\"url\":\"https:\/\/veritasinfo.org\/\",\"name\":\"\",\"description\":\"\",\"potentialAction\":[{\"@type\":\"SearchAction\",\"target\":{\"@type\":\"EntryPoint\",\"urlTemplate\":\"https:\/\/veritasinfo.org\/?s={search_term_string}\"},\"query-input\":{\"@type\":\"PropertyValueSpecification\",\"valueRequired\":true,\"valueName\":\"search_term_string\"}}],\"inLanguage\":\"en-US\"},{\"@type\":\"Person\",\"@id\":\"https:\/\/veritasinfo.org\/#\/schema\/person\/bc442336e35414d04494ab8fb45db4c6\",\"name\":\"US5\",\"image\":{\"@type\":\"ImageObject\",\"inLanguage\":\"en-US\",\"@id\":\"https:\/\/veritasinfo.org\/#\/schema\/person\/image\/\",\"url\":\"https:\/\/secure.gravatar.com\/avatar\/16a61e7272a0c5d001121ebb9e60e925d5816e4ac1e443ed3e640d9a6ae55d0c?s=96&d=mm&r=g\",\"contentUrl\":\"https:\/\/secure.gravatar.com\/avatar\/16a61e7272a0c5d001121ebb9e60e925d5816e4ac1e443ed3e640d9a6ae55d0c?s=96&d=mm&r=g\",\"caption\":\"US5\"},\"url\":\"https:\/\/veritasinfo.org\/?author=6\"}]}<\/script>\n<!-- \/ Yoast SEO plugin. -->","yoast_head_json":{"title":"Isni Kilaj lirohet me kusht nga Gjykata Speciale -","robots":{"index":"index","follow":"follow","max-snippet":"max-snippet:-1","max-image-preview":"max-image-preview:large","max-video-preview":"max-video-preview:-1"},"canonical":"https:\/\/veritasinfo.org\/?p=23515","og_locale":"en_US","og_type":"article","og_title":"Isni Kilaj lirohet me kusht nga Gjykata Speciale -","og_description":"Prishtin\u00eb 10 Dhjetor 15:08 Gjykata Speciale ka vendosur sot lirimin me kusht t\u00eb Isni Kilajt, pas rishikimit t\u00eb fundit t\u00eb mas\u00ebs s\u00eb paraburgimit n\u00eb \u201c\u00c7\u00ebshtjen","og_url":"https:\/\/veritasinfo.org\/?p=23515","article_published_time":"2025-12-10T14:09:02+00:00","article_modified_time":"2025-12-10T14:09:31+00:00","og_image":[{"width":780,"height":500,"url":"https:\/\/veritasinfo.org\/wp-content\/uploads\/2025\/12\/711686-I9lt5auMMp.jpg","type":"image\/jpeg"}],"author":"US5","twitter_card":"summary_large_image","twitter_misc":{"Written by":"US5","Est. reading time":"2 minutes"},"schema":{"@context":"https:\/\/schema.org","@graph":[{"@type":"WebPage","@id":"https:\/\/veritasinfo.org\/?p=23515","url":"https:\/\/veritasinfo.org\/?p=23515","name":"Isni Kilaj lirohet me kusht nga Gjykata Speciale -","isPartOf":{"@id":"https:\/\/veritasinfo.org\/#website"},"primaryImageOfPage":{"@id":"https:\/\/veritasinfo.org\/?p=23515#primaryimage"},"image":{"@id":"https:\/\/veritasinfo.org\/?p=23515#primaryimage"},"thumbnailUrl":"https:\/\/veritasinfo.org\/wp-content\/uploads\/2025\/12\/711686-I9lt5auMMp.jpg","datePublished":"2025-12-10T14:09:02+00:00","dateModified":"2025-12-10T14:09:31+00:00","author":{"@id":"https:\/\/veritasinfo.org\/#\/schema\/person\/bc442336e35414d04494ab8fb45db4c6"},"breadcrumb":{"@id":"https:\/\/veritasinfo.org\/?p=23515#breadcrumb"},"inLanguage":"en-US","potentialAction":[{"@type":"ReadAction","target":["https:\/\/veritasinfo.org\/?p=23515"]}]},{"@type":"ImageObject","inLanguage":"en-US","@id":"https:\/\/veritasinfo.org\/?p=23515#primaryimage","url":"https:\/\/veritasinfo.org\/wp-content\/uploads\/2025\/12\/711686-I9lt5auMMp.jpg","contentUrl":"https:\/\/veritasinfo.org\/wp-content\/uploads\/2025\/12\/711686-I9lt5auMMp.jpg","width":780,"height":500},{"@type":"BreadcrumbList","@id":"https:\/\/veritasinfo.org\/?p=23515#breadcrumb","itemListElement":[{"@type":"ListItem","position":1,"name":"Home","item":"https:\/\/veritasinfo.org\/"},{"@type":"ListItem","position":2,"name":"Isni Kilaj lirohet me kusht nga Gjykata Speciale"}]},{"@type":"WebSite","@id":"https:\/\/veritasinfo.org\/#website","url":"https:\/\/veritasinfo.org\/","name":"","description":"","potentialAction":[{"@type":"SearchAction","target":{"@type":"EntryPoint","urlTemplate":"https:\/\/veritasinfo.org\/?s={search_term_string}"},"query-input":{"@type":"PropertyValueSpecification","valueRequired":true,"valueName":"search_term_string"}}],"inLanguage":"en-US"},{"@type":"Person","@id":"https:\/\/veritasinfo.org\/#\/schema\/person\/bc442336e35414d04494ab8fb45db4c6","name":"US5","image":{"@type":"ImageObject","inLanguage":"en-US","@id":"https:\/\/veritasinfo.org\/#\/schema\/person\/image\/","url":"https:\/\/secure.gravatar.com\/avatar\/16a61e7272a0c5d001121ebb9e60e925d5816e4ac1e443ed3e640d9a6ae55d0c?s=96&d=mm&r=g","contentUrl":"https:\/\/secure.gravatar.com\/avatar\/16a61e7272a0c5d001121ebb9e60e925d5816e4ac1e443ed3e640d9a6ae55d0c?s=96&d=mm&r=g","caption":"US5"},"url":"https:\/\/veritasinfo.org\/?author=6"}]}},"featured_image_urls":{"full":["https:\/\/veritasinfo.org\/wp-content\/uploads\/2025\/12\/711686-I9lt5auMMp.jpg",780,500,false],"thumbnail":["https:\/\/veritasinfo.org\/wp-content\/uploads\/2025\/12\/711686-I9lt5auMMp-150x150.jpg",150,150,true],"medium":["https:\/\/veritasinfo.org\/wp-content\/uploads\/2025\/12\/711686-I9lt5auMMp-300x192.jpg",300,192,true],"medium_large":["https:\/\/veritasinfo.org\/wp-content\/uploads\/2025\/12\/711686-I9lt5auMMp-768x492.jpg",640,410,true],"large":["https:\/\/veritasinfo.org\/wp-content\/uploads\/2025\/12\/711686-I9lt5auMMp.jpg",640,410,false],"1536x1536":["https:\/\/veritasinfo.org\/wp-content\/uploads\/2025\/12\/711686-I9lt5auMMp.jpg",780,500,false],"2048x2048":["https:\/\/veritasinfo.org\/wp-content\/uploads\/2025\/12\/711686-I9lt5auMMp.jpg",780,500,false],"kreeti-slider-full":["https:\/\/veritasinfo.org\/wp-content\/uploads\/2025\/12\/711686-I9lt5auMMp.jpg",780,500,false],"kreeti-featured":["https:\/\/veritasinfo.org\/wp-content\/uploads\/2025\/12\/711686-I9lt5auMMp.jpg",780,500,false],"kreeti-medium":["https:\/\/veritasinfo.org\/wp-content\/uploads\/2025\/12\/711686-I9lt5auMMp.jpg",720,462,false],"kreeti-medium-square":["https:\/\/veritasinfo.org\/wp-content\/uploads\/2025\/12\/711686-I9lt5auMMp.jpg",350,224,false]},"author_info":{"info":["US5"]},"category_info":"<a href=\"https:\/\/veritasinfo.org\/?cat=58\" rel=\"category\">Politik\u00eb<\/a>","tag_info":"Politik\u00eb","comment_count":"0","_links":{"self":[{"href":"https:\/\/veritasinfo.org\/index.php?rest_route=\/wp\/v2\/posts\/23515","targetHints":{"allow":["GET"]}}],"collection":[{"href":"https:\/\/veritasinfo.org\/index.php?rest_route=\/wp\/v2\/posts"}],"about":[{"href":"https:\/\/veritasinfo.org\/index.php?rest_route=\/wp\/v2\/types\/post"}],"author":[{"embeddable":true,"href":"https:\/\/veritasinfo.org\/index.php?rest_route=\/wp\/v2\/users\/6"}],"replies":[{"embeddable":true,"href":"https:\/\/veritasinfo.org\/index.php?rest_route=%2Fwp%2Fv2%2Fcomments&post=23515"}],"version-history":[{"count":2,"href":"https:\/\/veritasinfo.org\/index.php?rest_route=\/wp\/v2\/posts\/23515\/revisions"}],"predecessor-version":[{"id":23518,"href":"https:\/\/veritasinfo.org\/index.php?rest_route=\/wp\/v2\/posts\/23515\/revisions\/23518"}],"wp:featuredmedia":[{"embeddable":true,"href":"https:\/\/veritasinfo.org\/index.php?rest_route=\/wp\/v2\/media\/23516"}],"wp:attachment":[{"href":"https:\/\/veritasinfo.org\/index.php?rest_route=%2Fwp%2Fv2%2Fmedia&parent=23515"}],"wp:term":[{"taxonomy":"category","embeddable":true,"href":"https:\/\/veritasinfo.org\/index.php?rest_route=%2Fwp%2Fv2%2Fcategories&post=23515"},{"taxonomy":"post_tag","embeddable":true,"href":"https:\/\/veritasinfo.org\/index.php?rest_route=%2Fwp%2Fv2%2Ftags&post=23515"}],"curies":[{"name":"wp","href":"https:\/\/api.w.org\/{rel}","templated":true}]}}