{"id":2347,"date":"2025-07-03T08:44:47","date_gmt":"2025-07-03T06:44:47","guid":{"rendered":"https:\/\/veritasinfo.org\/?p=2347"},"modified":"2025-07-03T08:44:47","modified_gmt":"2025-07-03T06:44:47","slug":"osmani-edhe-sot-vazhdon-takimet-me-partite-politike","status":"publish","type":"post","link":"https:\/\/veritasinfo.org\/?p=2347","title":{"rendered":"Osmani edhe sot vazhdon takimet me partit\u00eb politike"},"content":{"rendered":"<p><strong>Prishtin\u00eb 3 korrik 2025<\/strong><\/p>\n<p>Presidentja e vendit, Vjosa Osmani e cila dje ka nisur nj\u00eb seri t\u00eb re takimesh me partit\u00eb politike, n\u00eb p\u00ebrpjekje t\u00eb gjetjes s\u00eb nj\u00eb zgjidhje p\u00ebr t\u00eb dal\u00eb nga ng\u00ebr\u00e7i n\u00eb Kuvendit, pritet q\u00eb t\u2019i vazhdoj\u00eb edhe sot k\u00ebto takime.<\/p>\n<p>Bashk\u00ebkryetari i Guxo, Faton Peci ka konfirmuar dje se ka marr\u00eb ftes\u00eb p\u00ebr takim me presidenten Osmani, me fillim nga ora 09:00.<\/p>\n<p>Ishte edhe deputetja boshnjake Duda Balje, ajo q\u00eb konfirmoi se ka marr\u00eb ftes\u00eb p\u00ebr takim dit\u00ebn e enjt\u00eb.<\/p>\n","protected":false},"excerpt":{"rendered":"<p>Prishtin\u00eb 3 korrik 2025 Presidentja e vendit, Vjosa Osmani e cila dje ka nisur nj\u00eb seri t\u00eb re takimesh me partit\u00eb politike, n\u00eb p\u00ebrpjekje t\u00eb<\/p>\n","protected":false},"author":2,"featured_media":2348,"comment_status":"open","ping_status":"open","sticky":false,"template":"","format":"standard","meta":{"footnotes":""},"categories":[58],"tags":[],"class_list":["post-2347","post","type-post","status-publish","format-standard","has-post-thumbnail","hentry","category-politike-sq"],"yoast_head":"<!-- This site is optimized with the Yoast SEO plugin v25.3.1 - https:\/\/yoast.com\/wordpress\/plugins\/seo\/ -->\n<title>Osmani edhe sot vazhdon takimet me partit\u00eb politike -<\/title>\n<meta name=\"robots\" content=\"index, follow, max-snippet:-1, max-image-preview:large, max-video-preview:-1\" \/>\n<link rel=\"canonical\" href=\"https:\/\/veritasinfo.org\/?p=2347\" \/>\n<meta property=\"og:locale\" content=\"en_US\" \/>\n<meta property=\"og:type\" content=\"article\" \/>\n<meta property=\"og:title\" content=\"Osmani edhe sot vazhdon takimet me partit\u00eb politike -\" \/>\n<meta property=\"og:description\" content=\"Prishtin\u00eb 3 korrik 2025 Presidentja e vendit, Vjosa Osmani e cila dje ka nisur nj\u00eb seri t\u00eb re takimesh me partit\u00eb politike, n\u00eb p\u00ebrpjekje t\u00eb\" \/>\n<meta property=\"og:url\" content=\"https:\/\/veritasinfo.org\/?p=2347\" \/>\n<meta property=\"article:published_time\" content=\"2025-07-03T06:44:47+00:00\" \/>\n<meta property=\"og:image\" content=\"https:\/\/veritasinfo.org\/wp-content\/uploads\/2025\/07\/Presidentja-Vjosa-Osmani-1.jpg\" \/>\n\t<meta property=\"og:image:width\" content=\"696\" \/>\n\t<meta property=\"og:image:height\" content=\"344\" \/>\n\t<meta property=\"og:image:type\" content=\"image\/jpeg\" \/>\n<meta name=\"author\" content=\"US1\" \/>\n<meta name=\"twitter:card\" content=\"summary_large_image\" \/>\n<meta name=\"twitter:label1\" content=\"Written by\" \/>\n\t<meta name=\"twitter:data1\" content=\"US1\" \/>\n\t<meta name=\"twitter:label2\" content=\"Est. reading time\" \/>\n\t<meta name=\"twitter:data2\" content=\"1 minute\" \/>\n<script type=\"application\/ld+json\" class=\"yoast-schema-graph\">{\"@context\":\"https:\/\/schema.org\",\"@graph\":[{\"@type\":\"WebPage\",\"@id\":\"https:\/\/veritasinfo.org\/?p=2347\",\"url\":\"https:\/\/veritasinfo.org\/?p=2347\",\"name\":\"Osmani edhe sot vazhdon takimet me partit\u00eb politike -\",\"isPartOf\":{\"@id\":\"https:\/\/veritasinfo.org\/#website\"},\"primaryImageOfPage\":{\"@id\":\"https:\/\/veritasinfo.org\/?p=2347#primaryimage\"},\"image\":{\"@id\":\"https:\/\/veritasinfo.org\/?p=2347#primaryimage\"},\"thumbnailUrl\":\"https:\/\/veritasinfo.org\/wp-content\/uploads\/2025\/07\/Presidentja-Vjosa-Osmani-1.jpg\",\"datePublished\":\"2025-07-03T06:44:47+00:00\",\"author\":{\"@id\":\"https:\/\/veritasinfo.org\/#\/schema\/person\/c2b8be262ea994d0995addca692c5e98\"},\"breadcrumb\":{\"@id\":\"https:\/\/veritasinfo.org\/?p=2347#breadcrumb\"},\"inLanguage\":\"en-US\",\"potentialAction\":[{\"@type\":\"ReadAction\",\"target\":[\"https:\/\/veritasinfo.org\/?p=2347\"]}]},{\"@type\":\"ImageObject\",\"inLanguage\":\"en-US\",\"@id\":\"https:\/\/veritasinfo.org\/?p=2347#primaryimage\",\"url\":\"https:\/\/veritasinfo.org\/wp-content\/uploads\/2025\/07\/Presidentja-Vjosa-Osmani-1.jpg\",\"contentUrl\":\"https:\/\/veritasinfo.org\/wp-content\/uploads\/2025\/07\/Presidentja-Vjosa-Osmani-1.jpg\",\"width\":696,\"height\":344},{\"@type\":\"BreadcrumbList\",\"@id\":\"https:\/\/veritasinfo.org\/?p=2347#breadcrumb\",\"itemListElement\":[{\"@type\":\"ListItem\",\"position\":1,\"name\":\"Home\",\"item\":\"https:\/\/veritasinfo.org\/\"},{\"@type\":\"ListItem\",\"position\":2,\"name\":\"Osmani edhe sot vazhdon takimet me partit\u00eb politike\"}]},{\"@type\":\"WebSite\",\"@id\":\"https:\/\/veritasinfo.org\/#website\",\"url\":\"https:\/\/veritasinfo.org\/\",\"name\":\"\",\"description\":\"\",\"potentialAction\":[{\"@type\":\"SearchAction\",\"target\":{\"@type\":\"EntryPoint\",\"urlTemplate\":\"https:\/\/veritasinfo.org\/?s={search_term_string}\"},\"query-input\":{\"@type\":\"PropertyValueSpecification\",\"valueRequired\":true,\"valueName\":\"search_term_string\"}}],\"inLanguage\":\"en-US\"},{\"@type\":\"Person\",\"@id\":\"https:\/\/veritasinfo.org\/#\/schema\/person\/c2b8be262ea994d0995addca692c5e98\",\"name\":\"US1\",\"image\":{\"@type\":\"ImageObject\",\"inLanguage\":\"en-US\",\"@id\":\"https:\/\/veritasinfo.org\/#\/schema\/person\/image\/\",\"url\":\"https:\/\/secure.gravatar.com\/avatar\/4e96a59bd256abf9956eb9963ac891a47461ffb364d47b0e9aab113328fdb75b?s=96&d=mm&r=g\",\"contentUrl\":\"https:\/\/secure.gravatar.com\/avatar\/4e96a59bd256abf9956eb9963ac891a47461ffb364d47b0e9aab113328fdb75b?s=96&d=mm&r=g\",\"caption\":\"US1\"},\"url\":\"https:\/\/veritasinfo.org\/?author=2\"}]}<\/script>\n<!-- \/ Yoast SEO plugin. -->","yoast_head_json":{"title":"Osmani edhe sot vazhdon takimet me partit\u00eb politike -","robots":{"index":"index","follow":"follow","max-snippet":"max-snippet:-1","max-image-preview":"max-image-preview:large","max-video-preview":"max-video-preview:-1"},"canonical":"https:\/\/veritasinfo.org\/?p=2347","og_locale":"en_US","og_type":"article","og_title":"Osmani edhe sot vazhdon takimet me partit\u00eb politike -","og_description":"Prishtin\u00eb 3 korrik 2025 Presidentja e vendit, Vjosa Osmani e cila dje ka nisur nj\u00eb seri t\u00eb re takimesh me partit\u00eb politike, n\u00eb p\u00ebrpjekje t\u00eb","og_url":"https:\/\/veritasinfo.org\/?p=2347","article_published_time":"2025-07-03T06:44:47+00:00","og_image":[{"width":696,"height":344,"url":"https:\/\/veritasinfo.org\/wp-content\/uploads\/2025\/07\/Presidentja-Vjosa-Osmani-1.jpg","type":"image\/jpeg"}],"author":"US1","twitter_card":"summary_large_image","twitter_misc":{"Written by":"US1","Est. reading time":"1 minute"},"schema":{"@context":"https:\/\/schema.org","@graph":[{"@type":"WebPage","@id":"https:\/\/veritasinfo.org\/?p=2347","url":"https:\/\/veritasinfo.org\/?p=2347","name":"Osmani edhe sot vazhdon takimet me partit\u00eb politike -","isPartOf":{"@id":"https:\/\/veritasinfo.org\/#website"},"primaryImageOfPage":{"@id":"https:\/\/veritasinfo.org\/?p=2347#primaryimage"},"image":{"@id":"https:\/\/veritasinfo.org\/?p=2347#primaryimage"},"thumbnailUrl":"https:\/\/veritasinfo.org\/wp-content\/uploads\/2025\/07\/Presidentja-Vjosa-Osmani-1.jpg","datePublished":"2025-07-03T06:44:47+00:00","author":{"@id":"https:\/\/veritasinfo.org\/#\/schema\/person\/c2b8be262ea994d0995addca692c5e98"},"breadcrumb":{"@id":"https:\/\/veritasinfo.org\/?p=2347#breadcrumb"},"inLanguage":"en-US","potentialAction":[{"@type":"ReadAction","target":["https:\/\/veritasinfo.org\/?p=2347"]}]},{"@type":"ImageObject","inLanguage":"en-US","@id":"https:\/\/veritasinfo.org\/?p=2347#primaryimage","url":"https:\/\/veritasinfo.org\/wp-content\/uploads\/2025\/07\/Presidentja-Vjosa-Osmani-1.jpg","contentUrl":"https:\/\/veritasinfo.org\/wp-content\/uploads\/2025\/07\/Presidentja-Vjosa-Osmani-1.jpg","width":696,"height":344},{"@type":"BreadcrumbList","@id":"https:\/\/veritasinfo.org\/?p=2347#breadcrumb","itemListElement":[{"@type":"ListItem","position":1,"name":"Home","item":"https:\/\/veritasinfo.org\/"},{"@type":"ListItem","position":2,"name":"Osmani edhe sot vazhdon takimet me partit\u00eb politike"}]},{"@type":"WebSite","@id":"https:\/\/veritasinfo.org\/#website","url":"https:\/\/veritasinfo.org\/","name":"","description":"","potentialAction":[{"@type":"SearchAction","target":{"@type":"EntryPoint","urlTemplate":"https:\/\/veritasinfo.org\/?s={search_term_string}"},"query-input":{"@type":"PropertyValueSpecification","valueRequired":true,"valueName":"search_term_string"}}],"inLanguage":"en-US"},{"@type":"Person","@id":"https:\/\/veritasinfo.org\/#\/schema\/person\/c2b8be262ea994d0995addca692c5e98","name":"US1","image":{"@type":"ImageObject","inLanguage":"en-US","@id":"https:\/\/veritasinfo.org\/#\/schema\/person\/image\/","url":"https:\/\/secure.gravatar.com\/avatar\/4e96a59bd256abf9956eb9963ac891a47461ffb364d47b0e9aab113328fdb75b?s=96&d=mm&r=g","contentUrl":"https:\/\/secure.gravatar.com\/avatar\/4e96a59bd256abf9956eb9963ac891a47461ffb364d47b0e9aab113328fdb75b?s=96&d=mm&r=g","caption":"US1"},"url":"https:\/\/veritasinfo.org\/?author=2"}]}},"featured_image_urls":{"full":["https:\/\/veritasinfo.org\/wp-content\/uploads\/2025\/07\/Presidentja-Vjosa-Osmani-1.jpg",696,344,false],"thumbnail":["https:\/\/veritasinfo.org\/wp-content\/uploads\/2025\/07\/Presidentja-Vjosa-Osmani-1-150x150.jpg",150,150,true],"medium":["https:\/\/veritasinfo.org\/wp-content\/uploads\/2025\/07\/Presidentja-Vjosa-Osmani-1-300x148.jpg",300,148,true],"medium_large":["https:\/\/veritasinfo.org\/wp-content\/uploads\/2025\/07\/Presidentja-Vjosa-Osmani-1.jpg",640,316,false],"large":["https:\/\/veritasinfo.org\/wp-content\/uploads\/2025\/07\/Presidentja-Vjosa-Osmani-1.jpg",640,316,false],"1536x1536":["https:\/\/veritasinfo.org\/wp-content\/uploads\/2025\/07\/Presidentja-Vjosa-Osmani-1.jpg",696,344,false],"2048x2048":["https:\/\/veritasinfo.org\/wp-content\/uploads\/2025\/07\/Presidentja-Vjosa-Osmani-1.jpg",696,344,false],"kreeti-slider-full":["https:\/\/veritasinfo.org\/wp-content\/uploads\/2025\/07\/Presidentja-Vjosa-Osmani-1.jpg",696,344,false],"kreeti-featured":["https:\/\/veritasinfo.org\/wp-content\/uploads\/2025\/07\/Presidentja-Vjosa-Osmani-1.jpg",696,344,false],"kreeti-medium":["https:\/\/veritasinfo.org\/wp-content\/uploads\/2025\/07\/Presidentja-Vjosa-Osmani-1.jpg",696,344,false],"kreeti-medium-square":["https:\/\/veritasinfo.org\/wp-content\/uploads\/2025\/07\/Presidentja-Vjosa-Osmani-1.jpg",350,173,false]},"author_info":{"info":["US1"]},"category_info":"<a href=\"https:\/\/veritasinfo.org\/?cat=58\" rel=\"category\">Politik\u00eb<\/a>","tag_info":"Politik\u00eb","comment_count":"0","_links":{"self":[{"href":"https:\/\/veritasinfo.org\/index.php?rest_route=\/wp\/v2\/posts\/2347","targetHints":{"allow":["GET"]}}],"collection":[{"href":"https:\/\/veritasinfo.org\/index.php?rest_route=\/wp\/v2\/posts"}],"about":[{"href":"https:\/\/veritasinfo.org\/index.php?rest_route=\/wp\/v2\/types\/post"}],"author":[{"embeddable":true,"href":"https:\/\/veritasinfo.org\/index.php?rest_route=\/wp\/v2\/users\/2"}],"replies":[{"embeddable":true,"href":"https:\/\/veritasinfo.org\/index.php?rest_route=%2Fwp%2Fv2%2Fcomments&post=2347"}],"version-history":[{"count":1,"href":"https:\/\/veritasinfo.org\/index.php?rest_route=\/wp\/v2\/posts\/2347\/revisions"}],"predecessor-version":[{"id":2349,"href":"https:\/\/veritasinfo.org\/index.php?rest_route=\/wp\/v2\/posts\/2347\/revisions\/2349"}],"wp:featuredmedia":[{"embeddable":true,"href":"https:\/\/veritasinfo.org\/index.php?rest_route=\/wp\/v2\/media\/2348"}],"wp:attachment":[{"href":"https:\/\/veritasinfo.org\/index.php?rest_route=%2Fwp%2Fv2%2Fmedia&parent=2347"}],"wp:term":[{"taxonomy":"category","embeddable":true,"href":"https:\/\/veritasinfo.org\/index.php?rest_route=%2Fwp%2Fv2%2Fcategories&post=2347"},{"taxonomy":"post_tag","embeddable":true,"href":"https:\/\/veritasinfo.org\/index.php?rest_route=%2Fwp%2Fv2%2Ftags&post=2347"}],"curies":[{"name":"wp","href":"https:\/\/api.w.org\/{rel}","templated":true}]}}