{"id":23409,"date":"2025-12-09T18:06:08","date_gmt":"2025-12-09T17:06:08","guid":{"rendered":"https:\/\/veritasinfo.org\/?p=23409"},"modified":"2025-12-09T18:06:08","modified_gmt":"2025-12-09T17:06:08","slug":"krasniqi-kryetaret-e-komunave-veriore-i-kane-te-vendosur-flamurin-dhe-fotografine-e-presidentes-se-kosoves-ne-zyra","status":"publish","type":"post","link":"https:\/\/veritasinfo.org\/?p=23409","title":{"rendered":"Krasniqi: Kryetar\u00ebt e komunave veriore i kan\u00eb t\u00eb vendosur flamurin dhe fotografin\u00eb e Presidentes s\u00eb Kosov\u00ebs n\u00eb zyra"},"content":{"rendered":"<p>Prishtin\u00eb 9 Dhjetor 2025. 18:05<\/p>\n<p>Kryetar\u00ebt e komunave Mitrovic\u00eb e Veriut, Leposaviq, Zubin Potok dhe Zve\u00e7an kan\u00eb vendosur n\u00eb zyrat e tyre flamurin e Republik\u00ebs s\u00eb Kosov\u00ebs dhe fotografin\u00eb e Presidentes s\u00eb vendit.<\/p>\n<p>K\u00ebt\u00eb e ka b\u00ebr\u00eb t\u00eb ditur ministri n\u00eb detyr\u00eb i Administrimit dhe Pushtetit Lokal, Elbert Krasniqi, n\u00eb nj\u00eb p\u00ebrgjigje p\u00ebr televizionin T\u00ebv\u00eb1.<\/p>\n<p>Krasniqi ka n\u00ebnvizuar se transferimi i pushtetit n\u00eb k\u00ebto komuna \u00ebsht\u00eb realizuar n\u00eb pajtim me Kushtetut\u00ebn e Republik\u00ebs s\u00eb Kosov\u00ebs dhe me legjislacionin n\u00eb fuqi p\u00ebr vet\u00ebqeverisjen lokale.<\/p>\n<p>\u201cMinistria e Administrimit t\u00eb Pushtetit Lokal (MAPL), konform mandatit t\u00eb saj, ka monitoruar mbledhjet inaugurale n\u00eb komunat Mitrovic\u00eb e Veriut, Leposaviq, Zubin Potok dhe Zve\u00e7an. Transferimi i pushtetit n\u00eb k\u00ebto komuna \u00ebsht\u00eb realizuar n\u00eb pajtim me Kushtetut\u00ebn e Republik\u00ebs s\u00eb Kosov\u00ebs dhe me legjislacionin n\u00eb fuqi p\u00ebr vet\u00ebqeverisjen lokale. N\u00eb komunikimin zyrtar dhe jozyrtar q\u00eb MAPL ka zhvilluar, \u00ebsht\u00eb konstatuar se kryetar\u00ebt e komunave Mitrovic\u00eb e Veriut, Leposaviq, Zubin Potok dhe Zve\u00e7an, n\u00eb zyrat e tyre, i kan\u00eb t\u00eb vendosura flamurin e Republik\u00ebs s\u00eb Kosov\u00ebs dhe fotografin\u00eb e Presidentes s\u00eb Republik\u00ebs s\u00eb Kosov\u00ebs\u201d, ka th\u00ebn\u00eb Krasniqi.<\/p>\n<p>Sipas tij, pas inaugurimit dhe marrjes s\u00eb mandatit, kryetar\u00ebt e rinj kan\u00eb filluar ushtrimin e detyrave me t\u00eb gjitha kompetencat q\u00eb u garantohen me Kushtetut\u00eb dhe ligjet n\u00eb fuqi.<\/p>\n<p>Krasniqi ka theksuar se Ministria e Administrimit t\u00eb Pushtetit Lokal \u00ebsht\u00eb e gatshme t\u00eb bashk\u00ebpunoj\u00eb me ta p\u00ebr t\u00eb garantuar ofrim m\u00eb t\u00eb mir\u00eb t\u00eb sh\u00ebrbimeve p\u00ebr qytetar\u00ebt e k\u00ebtyre komunave.<\/p>\n<p>\u201cPas marrjes s\u00eb mandatit, kryetar\u00ebt e k\u00ebtyre komunave kan\u00eb t\u00eb drejt\u00eb t\u00eb ushtrojn\u00eb funksionet e tyre, nd\u00ebrsa MAPL ka shprehur gatishm\u00ebrin\u00eb p\u00ebr bashk\u00ebpunim me ta, me q\u00ebllim t\u00eb ofrimit t\u00eb sh\u00ebrbimeve sa m\u00eb cil\u00ebsore p\u00ebr qytetar\u00ebt e k\u00ebtyre komunave\u201d, ka theksuar ai.<\/p>\n","protected":false},"excerpt":{"rendered":"<p>Prishtin\u00eb 9 Dhjetor 2025. 18:05 Kryetar\u00ebt e komunave Mitrovic\u00eb e Veriut, Leposaviq, Zubin Potok dhe Zve\u00e7an kan\u00eb vendosur n\u00eb zyrat e tyre flamurin e Republik\u00ebs<\/p>\n","protected":false},"author":6,"featured_media":23410,"comment_status":"open","ping_status":"open","sticky":false,"template":"","format":"standard","meta":{"footnotes":""},"categories":[58],"tags":[],"class_list":["post-23409","post","type-post","status-publish","format-standard","has-post-thumbnail","hentry","category-politike-sq"],"yoast_head":"<!-- This site is optimized with the Yoast SEO plugin v25.3.1 - https:\/\/yoast.com\/wordpress\/plugins\/seo\/ -->\n<title>Krasniqi: Kryetar\u00ebt e komunave veriore i kan\u00eb t\u00eb vendosur flamurin dhe fotografin\u00eb e Presidentes s\u00eb Kosov\u00ebs n\u00eb zyra -<\/title>\n<meta name=\"robots\" content=\"index, follow, max-snippet:-1, max-image-preview:large, max-video-preview:-1\" \/>\n<link rel=\"canonical\" href=\"https:\/\/veritasinfo.org\/?p=23409\" \/>\n<meta property=\"og:locale\" content=\"en_US\" \/>\n<meta property=\"og:type\" content=\"article\" \/>\n<meta property=\"og:title\" content=\"Krasniqi: Kryetar\u00ebt e komunave veriore i kan\u00eb t\u00eb vendosur flamurin dhe fotografin\u00eb e Presidentes s\u00eb Kosov\u00ebs n\u00eb zyra -\" \/>\n<meta property=\"og:description\" content=\"Prishtin\u00eb 9 Dhjetor 2025. 18:05 Kryetar\u00ebt e komunave Mitrovic\u00eb e Veriut, Leposaviq, Zubin Potok dhe Zve\u00e7an kan\u00eb vendosur n\u00eb zyrat e tyre flamurin e Republik\u00ebs\" \/>\n<meta property=\"og:url\" content=\"https:\/\/veritasinfo.org\/?p=23409\" \/>\n<meta property=\"article:published_time\" content=\"2025-12-09T17:06:08+00:00\" \/>\n<meta property=\"og:image\" content=\"https:\/\/veritasinfo.org\/wp-content\/uploads\/2025\/12\/IMG-20251209-WA0018.jpg\" \/>\n\t<meta property=\"og:image:width\" content=\"750\" \/>\n\t<meta property=\"og:image:height\" content=\"375\" \/>\n\t<meta property=\"og:image:type\" content=\"image\/jpeg\" \/>\n<meta name=\"author\" content=\"US5\" \/>\n<meta name=\"twitter:card\" content=\"summary_large_image\" \/>\n<meta name=\"twitter:label1\" content=\"Written by\" \/>\n\t<meta name=\"twitter:data1\" content=\"US5\" \/>\n<script type=\"application\/ld+json\" class=\"yoast-schema-graph\">{\"@context\":\"https:\/\/schema.org\",\"@graph\":[{\"@type\":\"WebPage\",\"@id\":\"https:\/\/veritasinfo.org\/?p=23409\",\"url\":\"https:\/\/veritasinfo.org\/?p=23409\",\"name\":\"Krasniqi: Kryetar\u00ebt e komunave veriore i kan\u00eb t\u00eb vendosur flamurin dhe fotografin\u00eb e Presidentes s\u00eb Kosov\u00ebs n\u00eb zyra -\",\"isPartOf\":{\"@id\":\"https:\/\/veritasinfo.org\/#website\"},\"primaryImageOfPage\":{\"@id\":\"https:\/\/veritasinfo.org\/?p=23409#primaryimage\"},\"image\":{\"@id\":\"https:\/\/veritasinfo.org\/?p=23409#primaryimage\"},\"thumbnailUrl\":\"https:\/\/veritasinfo.org\/wp-content\/uploads\/2025\/12\/IMG-20251209-WA0018.jpg\",\"datePublished\":\"2025-12-09T17:06:08+00:00\",\"author\":{\"@id\":\"https:\/\/veritasinfo.org\/#\/schema\/person\/bc442336e35414d04494ab8fb45db4c6\"},\"breadcrumb\":{\"@id\":\"https:\/\/veritasinfo.org\/?p=23409#breadcrumb\"},\"inLanguage\":\"en-US\",\"potentialAction\":[{\"@type\":\"ReadAction\",\"target\":[\"https:\/\/veritasinfo.org\/?p=23409\"]}]},{\"@type\":\"ImageObject\",\"inLanguage\":\"en-US\",\"@id\":\"https:\/\/veritasinfo.org\/?p=23409#primaryimage\",\"url\":\"https:\/\/veritasinfo.org\/wp-content\/uploads\/2025\/12\/IMG-20251209-WA0018.jpg\",\"contentUrl\":\"https:\/\/veritasinfo.org\/wp-content\/uploads\/2025\/12\/IMG-20251209-WA0018.jpg\",\"width\":750,\"height\":375},{\"@type\":\"BreadcrumbList\",\"@id\":\"https:\/\/veritasinfo.org\/?p=23409#breadcrumb\",\"itemListElement\":[{\"@type\":\"ListItem\",\"position\":1,\"name\":\"Home\",\"item\":\"https:\/\/veritasinfo.org\/\"},{\"@type\":\"ListItem\",\"position\":2,\"name\":\"Krasniqi: Kryetar\u00ebt e komunave veriore i kan\u00eb t\u00eb vendosur flamurin dhe fotografin\u00eb e Presidentes s\u00eb Kosov\u00ebs n\u00eb zyra\"}]},{\"@type\":\"WebSite\",\"@id\":\"https:\/\/veritasinfo.org\/#website\",\"url\":\"https:\/\/veritasinfo.org\/\",\"name\":\"\",\"description\":\"\",\"potentialAction\":[{\"@type\":\"SearchAction\",\"target\":{\"@type\":\"EntryPoint\",\"urlTemplate\":\"https:\/\/veritasinfo.org\/?s={search_term_string}\"},\"query-input\":{\"@type\":\"PropertyValueSpecification\",\"valueRequired\":true,\"valueName\":\"search_term_string\"}}],\"inLanguage\":\"en-US\"},{\"@type\":\"Person\",\"@id\":\"https:\/\/veritasinfo.org\/#\/schema\/person\/bc442336e35414d04494ab8fb45db4c6\",\"name\":\"US5\",\"image\":{\"@type\":\"ImageObject\",\"inLanguage\":\"en-US\",\"@id\":\"https:\/\/veritasinfo.org\/#\/schema\/person\/image\/\",\"url\":\"https:\/\/secure.gravatar.com\/avatar\/16a61e7272a0c5d001121ebb9e60e925d5816e4ac1e443ed3e640d9a6ae55d0c?s=96&d=mm&r=g\",\"contentUrl\":\"https:\/\/secure.gravatar.com\/avatar\/16a61e7272a0c5d001121ebb9e60e925d5816e4ac1e443ed3e640d9a6ae55d0c?s=96&d=mm&r=g\",\"caption\":\"US5\"},\"url\":\"https:\/\/veritasinfo.org\/?author=6\"}]}<\/script>\n<!-- \/ Yoast SEO plugin. -->","yoast_head_json":{"title":"Krasniqi: Kryetar\u00ebt e komunave veriore i kan\u00eb t\u00eb vendosur flamurin dhe fotografin\u00eb e Presidentes s\u00eb Kosov\u00ebs n\u00eb zyra -","robots":{"index":"index","follow":"follow","max-snippet":"max-snippet:-1","max-image-preview":"max-image-preview:large","max-video-preview":"max-video-preview:-1"},"canonical":"https:\/\/veritasinfo.org\/?p=23409","og_locale":"en_US","og_type":"article","og_title":"Krasniqi: Kryetar\u00ebt e komunave veriore i kan\u00eb t\u00eb vendosur flamurin dhe fotografin\u00eb e Presidentes s\u00eb Kosov\u00ebs n\u00eb zyra -","og_description":"Prishtin\u00eb 9 Dhjetor 2025. 18:05 Kryetar\u00ebt e komunave Mitrovic\u00eb e Veriut, Leposaviq, Zubin Potok dhe Zve\u00e7an kan\u00eb vendosur n\u00eb zyrat e tyre flamurin e Republik\u00ebs","og_url":"https:\/\/veritasinfo.org\/?p=23409","article_published_time":"2025-12-09T17:06:08+00:00","og_image":[{"width":750,"height":375,"url":"https:\/\/veritasinfo.org\/wp-content\/uploads\/2025\/12\/IMG-20251209-WA0018.jpg","type":"image\/jpeg"}],"author":"US5","twitter_card":"summary_large_image","twitter_misc":{"Written by":"US5"},"schema":{"@context":"https:\/\/schema.org","@graph":[{"@type":"WebPage","@id":"https:\/\/veritasinfo.org\/?p=23409","url":"https:\/\/veritasinfo.org\/?p=23409","name":"Krasniqi: Kryetar\u00ebt e komunave veriore i kan\u00eb t\u00eb vendosur flamurin dhe fotografin\u00eb e Presidentes s\u00eb Kosov\u00ebs n\u00eb zyra -","isPartOf":{"@id":"https:\/\/veritasinfo.org\/#website"},"primaryImageOfPage":{"@id":"https:\/\/veritasinfo.org\/?p=23409#primaryimage"},"image":{"@id":"https:\/\/veritasinfo.org\/?p=23409#primaryimage"},"thumbnailUrl":"https:\/\/veritasinfo.org\/wp-content\/uploads\/2025\/12\/IMG-20251209-WA0018.jpg","datePublished":"2025-12-09T17:06:08+00:00","author":{"@id":"https:\/\/veritasinfo.org\/#\/schema\/person\/bc442336e35414d04494ab8fb45db4c6"},"breadcrumb":{"@id":"https:\/\/veritasinfo.org\/?p=23409#breadcrumb"},"inLanguage":"en-US","potentialAction":[{"@type":"ReadAction","target":["https:\/\/veritasinfo.org\/?p=23409"]}]},{"@type":"ImageObject","inLanguage":"en-US","@id":"https:\/\/veritasinfo.org\/?p=23409#primaryimage","url":"https:\/\/veritasinfo.org\/wp-content\/uploads\/2025\/12\/IMG-20251209-WA0018.jpg","contentUrl":"https:\/\/veritasinfo.org\/wp-content\/uploads\/2025\/12\/IMG-20251209-WA0018.jpg","width":750,"height":375},{"@type":"BreadcrumbList","@id":"https:\/\/veritasinfo.org\/?p=23409#breadcrumb","itemListElement":[{"@type":"ListItem","position":1,"name":"Home","item":"https:\/\/veritasinfo.org\/"},{"@type":"ListItem","position":2,"name":"Krasniqi: Kryetar\u00ebt e komunave veriore i kan\u00eb t\u00eb vendosur flamurin dhe fotografin\u00eb e Presidentes s\u00eb Kosov\u00ebs n\u00eb zyra"}]},{"@type":"WebSite","@id":"https:\/\/veritasinfo.org\/#website","url":"https:\/\/veritasinfo.org\/","name":"","description":"","potentialAction":[{"@type":"SearchAction","target":{"@type":"EntryPoint","urlTemplate":"https:\/\/veritasinfo.org\/?s={search_term_string}"},"query-input":{"@type":"PropertyValueSpecification","valueRequired":true,"valueName":"search_term_string"}}],"inLanguage":"en-US"},{"@type":"Person","@id":"https:\/\/veritasinfo.org\/#\/schema\/person\/bc442336e35414d04494ab8fb45db4c6","name":"US5","image":{"@type":"ImageObject","inLanguage":"en-US","@id":"https:\/\/veritasinfo.org\/#\/schema\/person\/image\/","url":"https:\/\/secure.gravatar.com\/avatar\/16a61e7272a0c5d001121ebb9e60e925d5816e4ac1e443ed3e640d9a6ae55d0c?s=96&d=mm&r=g","contentUrl":"https:\/\/secure.gravatar.com\/avatar\/16a61e7272a0c5d001121ebb9e60e925d5816e4ac1e443ed3e640d9a6ae55d0c?s=96&d=mm&r=g","caption":"US5"},"url":"https:\/\/veritasinfo.org\/?author=6"}]}},"featured_image_urls":{"full":["https:\/\/veritasinfo.org\/wp-content\/uploads\/2025\/12\/IMG-20251209-WA0018.jpg",750,375,false],"thumbnail":["https:\/\/veritasinfo.org\/wp-content\/uploads\/2025\/12\/IMG-20251209-WA0018-150x150.jpg",150,150,true],"medium":["https:\/\/veritasinfo.org\/wp-content\/uploads\/2025\/12\/IMG-20251209-WA0018-300x150.jpg",300,150,true],"medium_large":["https:\/\/veritasinfo.org\/wp-content\/uploads\/2025\/12\/IMG-20251209-WA0018.jpg",640,320,false],"large":["https:\/\/veritasinfo.org\/wp-content\/uploads\/2025\/12\/IMG-20251209-WA0018.jpg",640,320,false],"1536x1536":["https:\/\/veritasinfo.org\/wp-content\/uploads\/2025\/12\/IMG-20251209-WA0018.jpg",750,375,false],"2048x2048":["https:\/\/veritasinfo.org\/wp-content\/uploads\/2025\/12\/IMG-20251209-WA0018.jpg",750,375,false],"kreeti-slider-full":["https:\/\/veritasinfo.org\/wp-content\/uploads\/2025\/12\/IMG-20251209-WA0018.jpg",750,375,false],"kreeti-featured":["https:\/\/veritasinfo.org\/wp-content\/uploads\/2025\/12\/IMG-20251209-WA0018.jpg",750,375,false],"kreeti-medium":["https:\/\/veritasinfo.org\/wp-content\/uploads\/2025\/12\/IMG-20251209-WA0018.jpg",720,360,false],"kreeti-medium-square":["https:\/\/veritasinfo.org\/wp-content\/uploads\/2025\/12\/IMG-20251209-WA0018.jpg",350,175,false]},"author_info":{"info":["US5"]},"category_info":"<a href=\"https:\/\/veritasinfo.org\/?cat=58\" rel=\"category\">Politik\u00eb<\/a>","tag_info":"Politik\u00eb","comment_count":"0","_links":{"self":[{"href":"https:\/\/veritasinfo.org\/index.php?rest_route=\/wp\/v2\/posts\/23409","targetHints":{"allow":["GET"]}}],"collection":[{"href":"https:\/\/veritasinfo.org\/index.php?rest_route=\/wp\/v2\/posts"}],"about":[{"href":"https:\/\/veritasinfo.org\/index.php?rest_route=\/wp\/v2\/types\/post"}],"author":[{"embeddable":true,"href":"https:\/\/veritasinfo.org\/index.php?rest_route=\/wp\/v2\/users\/6"}],"replies":[{"embeddable":true,"href":"https:\/\/veritasinfo.org\/index.php?rest_route=%2Fwp%2Fv2%2Fcomments&post=23409"}],"version-history":[{"count":1,"href":"https:\/\/veritasinfo.org\/index.php?rest_route=\/wp\/v2\/posts\/23409\/revisions"}],"predecessor-version":[{"id":23411,"href":"https:\/\/veritasinfo.org\/index.php?rest_route=\/wp\/v2\/posts\/23409\/revisions\/23411"}],"wp:featuredmedia":[{"embeddable":true,"href":"https:\/\/veritasinfo.org\/index.php?rest_route=\/wp\/v2\/media\/23410"}],"wp:attachment":[{"href":"https:\/\/veritasinfo.org\/index.php?rest_route=%2Fwp%2Fv2%2Fmedia&parent=23409"}],"wp:term":[{"taxonomy":"category","embeddable":true,"href":"https:\/\/veritasinfo.org\/index.php?rest_route=%2Fwp%2Fv2%2Fcategories&post=23409"},{"taxonomy":"post_tag","embeddable":true,"href":"https:\/\/veritasinfo.org\/index.php?rest_route=%2Fwp%2Fv2%2Ftags&post=23409"}],"curies":[{"name":"wp","href":"https:\/\/api.w.org\/{rel}","templated":true}]}}