{"id":23399,"date":"2025-12-09T16:17:58","date_gmt":"2025-12-09T15:17:58","guid":{"rendered":"https:\/\/veritasinfo.org\/?p=23399"},"modified":"2025-12-09T17:07:27","modified_gmt":"2025-12-09T16:07:27","slug":"optuznica-protiv-tri-osobe-za-slucaj-teroristickog-napada-na-kanal-ibar-lepenac","status":"publish","type":"post","link":"https:\/\/veritasinfo.org\/?p=23399&lang=sr","title":{"rendered":"Optu\u017enica protiv tri osobe za slu\u010daj teroristi\u010dkog napada na kanal \u201eIbar Lepenca\u201c \u2013 Optu\u017eeni su postavili eksploziv, a jedan je prikupljao i informacije o Vojsci Srbije."},"content":{"rendered":"<p><strong>Pri\u0161tina, 09. decembar 2025. 16:14<\/strong><\/p>\n<p>Specijalno tu\u017eila\u0161tvo Kosova podiglo je optu\u017enicu protiv tri osobe, nakon istrage sprovedene u saradnji sa Policijom Kosova i me\u0111unarodnim partnerima, povodom napada na kriti\u010dnu infrastrukturu u kanalu \u201eIbar\u2013Lepenac\u201c.<\/p>\n<p>KosovaPress saznaje da je tu\u017eilac koji je podigao optu\u017enicu, Bekim Kodraljiu, sara\u0111ivao sa svim doma\u0107im i me\u0111unarodnim institucijama, uklju\u010duju\u0107i i FBI, sve do rasvetljavanja slu\u010daja i obezbe\u0111ivanja dokaza. Optu\u017eeni su: Jovan Vi\u0107entijevi\u0107, Dragi\u0161a Vi\u0107entijevi\u0107 i Igor Dimivi\u0107.<\/p>\n<p>Prema saop\u0161tenju za medije, optu\u017enica je podignuta za krivi\u010dna dela: \u201eUgro\u017eavanje ustavnog poretka uni\u0161tenjem ili o\u0161te\u0107enjem instalacija i javne opreme\u201c iz \u010dlana 122 u vezi sa krivi\u010dnim delom \u201eIzvr\u0161enje teroristi\u010dkog dela\u201c, zatim \u201eNedozvoljeno dr\u017eanje oru\u017eja\u201c i \u201e\u0160pijuna\u017ea\u201c.<\/p>\n<p>Eksplozija u kanalu Ibar\u2013Lepenac, koju su kosovske institucije ocenile kao teroristi\u010dki akt orkestriran iz Srbije, dogodila se 30. novembra 2024. godine.<\/p>\n<p>Nakon ovog incidenta, saop\u0161teno je da je u istragu uklju\u010den i Federalni istra\u017eni biro (FBI).<\/p>\n<p>\u0160ta ka\u017ee optu\u017enica?<\/p>\n<p>Dana 29.11.2024, u selu Varage, op\u0161tina Zubin Potok, na delu kanala \u201eIbar Lepenac\u201c, okrivljeni J.V. i D.V, zajedno sa drugim za sada neidentifikovanim osobama, nakon prethodnog dogovora, postavili su eksploziv (oko 20 kilograma trinitrotoluena \u2013 TNT) unutar kanala.<\/p>\n<p>\u201eJ.V. i D.V. se terete da su eksploziv aktivirali preko torbe koju su konopcem vezali za betonski stub, usled \u010dega je te\u0161ko o\u0161te\u0107ena betonska struktura kanala \u2018Ibar Lepenac\u2019, do\u0161lo je do prekida snabdevanja pija\u0107om vodom, ugro\u017eena je proizvodnja elektri\u010dne energije, a preduze\u0107u \u2018Ibar Lepenac\u2019 pri\u010dinjena je \u0161teta u iznosu od 376.774,70 evra.\u201c<\/p>\n<p>Ovim radnjama, okrivljeni J.V. i D.V. po\u010dinili su krivi\u010dno delo \u201eUgro\u017eavanje ustavnog poretka uni\u0161tenjem ili o\u0161te\u0107enjem javnih instalacija\u201c iz \u010dlana 122 u vezi sa \u201eIzvr\u0161enjem teroristi\u010dkog dela\u201c. Tako\u0111e, obojica, zajedno sa optu\u017eenim I.D., terete se i za nedozvoljeno dr\u017eanje oru\u017eja.<\/p>\n<p>Okrivljeni J.V. dodatno se tereti i za krivi\u010dno delo \u201e\u0160pijuna\u017ea\u201c.<\/p>\n<p>Prema optu\u017enici, okrivljeni je sve do trenutka hap\u0161enja, u svojstvu regrutovanog pripadnika Vojnoobave\u0161tajne slu\u017ebe Srbije, u \u010dinu pukovnika, delovao i pomagao ovaj slu\u017ebeni organ, prikupljaju\u0107i informacije i poverljiva dokumenta sa ciljem da ih iskoristi tokom svoje protivpravne aktivnosti na teritoriji Kosova.<\/p>\n<p>Nekoliko dana nakon napada, tokom posete vr\u0161ioca du\u017enosti premijera Albina Kurtija i vr\u0161ioca du\u017enosti ministarke ekonomije Artane Rizvanoli ovom preduze\u0107u, ministarka je izjavila da je \u0161teta procenjena na oko 400 hiljada evra. Me\u0111utim, u prilogu koji je KosovaPress pripremio pre nedelju dana, Javno preduze\u0107e \u201eIbar Lepenac\u201c nije odgovorilo na pitanje da li postoji kona\u010dan izve\u0161taj o \u0161teti nastaloj usled ovog teroristi\u010dkog napada.<\/p>\n<p><em>Fotografija sa posete premijera u tehni\u010dkom mandatu Albina Kurtija, nakon eksplozije u Ibar\u2013Lepencu (novembar 2024):<\/em><\/p>\n<p><img fetchpriority=\"high\" decoding=\"async\" class=\"alignnone wp-image-23397\" src=\"https:\/\/veritasinfo.org\/wp-content\/uploads\/2025\/12\/4-1-1024x684-1-300x200.jpg\" alt=\"\" width=\"686\" height=\"457\" srcset=\"https:\/\/veritasinfo.org\/wp-content\/uploads\/2025\/12\/4-1-1024x684-1-300x200.jpg 300w, https:\/\/veritasinfo.org\/wp-content\/uploads\/2025\/12\/4-1-1024x684-1-768x513.jpg 768w, https:\/\/veritasinfo.org\/wp-content\/uploads\/2025\/12\/4-1-1024x684-1.jpg 1024w\" sizes=\"(max-width: 686px) 100vw, 686px\" \/><\/p>\n<p>Kanal Ibar\u2013Lepenac snabdeva vodom, iz jezera Gazivode, vi\u0161e kosovskih gradova i Kosovsku energetsku korporaciju.<\/p>\n<p>Nakon teroristi\u010dkog napada, Javno preduze\u0107e Ibar\u2013Lepenac obustavilo je isporuku vode za nekoliko sati ka termoelektranama.<\/p>\n<p>Prekida u snabdevanju vodom bilo je i u Mitrovici, Skenderaju, Vu\u010ditrnu, Drenasu, Kosovo Polju i Obili\u0107u.<\/p>\n<p>Voda je ponovo stigla do termoelektrana tek nakon mobilizacije i brze intervencije radi saniranja \u0161tete u kanalu Ibar\u2013Lepenac.<\/p>\n<p>&nbsp;<\/p>\n","protected":false},"excerpt":{"rendered":"<p>Pri\u0161tina, 09. decembar 2025. 16:14 Specijalno tu\u017eila\u0161tvo Kosova podiglo je optu\u017enicu protiv tri osobe, nakon istrage sprovedene u saradnji sa Policijom Kosova i me\u0111unarodnim partnerima,<\/p>\n","protected":false},"author":7,"featured_media":23392,"comment_status":"open","ping_status":"open","sticky":false,"template":"","format":"standard","meta":{"footnotes":""},"categories":[103],"tags":[],"class_list":["post-23399","post","type-post","status-publish","format-standard","has-post-thumbnail","hentry","category-hronika"],"yoast_head":"<!-- This site is optimized with the Yoast SEO plugin v25.3.1 - https:\/\/yoast.com\/wordpress\/plugins\/seo\/ -->\n<title>Optu\u017enica protiv tri osobe za slu\u010daj teroristi\u010dkog napada na kanal \u201eIbar Lepenca\u201c \u2013 Optu\u017eeni su postavili eksploziv, a jedan je prikupljao i informacije o Vojsci Srbije. -<\/title>\n<meta name=\"robots\" content=\"index, follow, max-snippet:-1, max-image-preview:large, max-video-preview:-1\" \/>\n<link rel=\"canonical\" href=\"https:\/\/veritasinfo.org\/?p=23399&lang=sr\" \/>\n<meta property=\"og:locale\" content=\"en_US\" \/>\n<meta property=\"og:type\" content=\"article\" \/>\n<meta property=\"og:title\" content=\"Optu\u017enica protiv tri osobe za slu\u010daj teroristi\u010dkog napada na kanal \u201eIbar Lepenca\u201c \u2013 Optu\u017eeni su postavili eksploziv, a jedan je prikupljao i informacije o Vojsci Srbije. -\" \/>\n<meta property=\"og:description\" content=\"Pri\u0161tina, 09. decembar 2025. 16:14 Specijalno tu\u017eila\u0161tvo Kosova podiglo je optu\u017enicu protiv tri osobe, nakon istrage sprovedene u saradnji sa Policijom Kosova i me\u0111unarodnim partnerima,\" \/>\n<meta property=\"og:url\" content=\"https:\/\/veritasinfo.org\/?p=23399&amp;lang=sr\" \/>\n<meta property=\"article:published_time\" content=\"2025-12-09T15:17:58+00:00\" \/>\n<meta property=\"article:modified_time\" content=\"2025-12-09T16:07:27+00:00\" \/>\n<meta property=\"og:image\" content=\"https:\/\/veritasinfo.org\/wp-content\/uploads\/2025\/12\/Screenshot-2025-12-09-160127.jpg\" \/>\n\t<meta property=\"og:image:width\" content=\"837\" \/>\n\t<meta property=\"og:image:height\" content=\"482\" \/>\n\t<meta property=\"og:image:type\" content=\"image\/jpeg\" \/>\n<meta name=\"author\" content=\"US6\" \/>\n<meta name=\"twitter:card\" content=\"summary_large_image\" \/>\n<meta name=\"twitter:label1\" content=\"Written by\" \/>\n\t<meta name=\"twitter:data1\" content=\"US6\" \/>\n\t<meta name=\"twitter:label2\" content=\"Est. reading time\" \/>\n\t<meta name=\"twitter:data2\" content=\"3 minutes\" \/>\n<script type=\"application\/ld+json\" class=\"yoast-schema-graph\">{\"@context\":\"https:\/\/schema.org\",\"@graph\":[{\"@type\":\"WebPage\",\"@id\":\"https:\/\/veritasinfo.org\/?p=23399&lang=sr\",\"url\":\"https:\/\/veritasinfo.org\/?p=23399&lang=sr\",\"name\":\"Optu\u017enica protiv tri osobe za slu\u010daj teroristi\u010dkog napada na kanal \u201eIbar Lepenca\u201c \u2013 Optu\u017eeni su postavili eksploziv, a jedan je prikupljao i informacije o Vojsci Srbije. -\",\"isPartOf\":{\"@id\":\"https:\/\/veritasinfo.org\/#website\"},\"primaryImageOfPage\":{\"@id\":\"https:\/\/veritasinfo.org\/?p=23399&lang=sr#primaryimage\"},\"image\":{\"@id\":\"https:\/\/veritasinfo.org\/?p=23399&lang=sr#primaryimage\"},\"thumbnailUrl\":\"https:\/\/veritasinfo.org\/wp-content\/uploads\/2025\/12\/Screenshot-2025-12-09-160127.jpg\",\"datePublished\":\"2025-12-09T15:17:58+00:00\",\"dateModified\":\"2025-12-09T16:07:27+00:00\",\"author\":{\"@id\":\"https:\/\/veritasinfo.org\/#\/schema\/person\/fe199eede04c3937362892b7444747cc\"},\"breadcrumb\":{\"@id\":\"https:\/\/veritasinfo.org\/?p=23399&lang=sr#breadcrumb\"},\"inLanguage\":\"en-US\",\"potentialAction\":[{\"@type\":\"ReadAction\",\"target\":[\"https:\/\/veritasinfo.org\/?p=23399&lang=sr\"]}]},{\"@type\":\"ImageObject\",\"inLanguage\":\"en-US\",\"@id\":\"https:\/\/veritasinfo.org\/?p=23399&lang=sr#primaryimage\",\"url\":\"https:\/\/veritasinfo.org\/wp-content\/uploads\/2025\/12\/Screenshot-2025-12-09-160127.jpg\",\"contentUrl\":\"https:\/\/veritasinfo.org\/wp-content\/uploads\/2025\/12\/Screenshot-2025-12-09-160127.jpg\",\"width\":837,\"height\":482},{\"@type\":\"BreadcrumbList\",\"@id\":\"https:\/\/veritasinfo.org\/?p=23399&lang=sr#breadcrumb\",\"itemListElement\":[{\"@type\":\"ListItem\",\"position\":1,\"name\":\"Home\",\"item\":\"https:\/\/veritasinfo.org\/\"},{\"@type\":\"ListItem\",\"position\":2,\"name\":\"Optu\u017enica protiv tri osobe za slu\u010daj teroristi\u010dkog napada na kanal \u201eIbar Lepenca\u201c \u2013 Optu\u017eeni su postavili eksploziv, a jedan je prikupljao i informacije o Vojsci Srbije.\"}]},{\"@type\":\"WebSite\",\"@id\":\"https:\/\/veritasinfo.org\/#website\",\"url\":\"https:\/\/veritasinfo.org\/\",\"name\":\"\",\"description\":\"\",\"potentialAction\":[{\"@type\":\"SearchAction\",\"target\":{\"@type\":\"EntryPoint\",\"urlTemplate\":\"https:\/\/veritasinfo.org\/?s={search_term_string}\"},\"query-input\":{\"@type\":\"PropertyValueSpecification\",\"valueRequired\":true,\"valueName\":\"search_term_string\"}}],\"inLanguage\":\"en-US\"},{\"@type\":\"Person\",\"@id\":\"https:\/\/veritasinfo.org\/#\/schema\/person\/fe199eede04c3937362892b7444747cc\",\"name\":\"US6\",\"image\":{\"@type\":\"ImageObject\",\"inLanguage\":\"en-US\",\"@id\":\"https:\/\/veritasinfo.org\/#\/schema\/person\/image\/\",\"url\":\"https:\/\/secure.gravatar.com\/avatar\/cb16c3c31c9d23b9b8c705964598220b3014e42ff51eb540ff23cefa3ae8c15f?s=96&d=mm&r=g\",\"contentUrl\":\"https:\/\/secure.gravatar.com\/avatar\/cb16c3c31c9d23b9b8c705964598220b3014e42ff51eb540ff23cefa3ae8c15f?s=96&d=mm&r=g\",\"caption\":\"US6\"},\"url\":\"https:\/\/veritasinfo.org\/?author=7\"}]}<\/script>\n<!-- \/ Yoast SEO plugin. -->","yoast_head_json":{"title":"Optu\u017enica protiv tri osobe za slu\u010daj teroristi\u010dkog napada na kanal \u201eIbar Lepenca\u201c \u2013 Optu\u017eeni su postavili eksploziv, a jedan je prikupljao i informacije o Vojsci Srbije. -","robots":{"index":"index","follow":"follow","max-snippet":"max-snippet:-1","max-image-preview":"max-image-preview:large","max-video-preview":"max-video-preview:-1"},"canonical":"https:\/\/veritasinfo.org\/?p=23399&lang=sr","og_locale":"en_US","og_type":"article","og_title":"Optu\u017enica protiv tri osobe za slu\u010daj teroristi\u010dkog napada na kanal \u201eIbar Lepenca\u201c \u2013 Optu\u017eeni su postavili eksploziv, a jedan je prikupljao i informacije o Vojsci Srbije. -","og_description":"Pri\u0161tina, 09. decembar 2025. 16:14 Specijalno tu\u017eila\u0161tvo Kosova podiglo je optu\u017enicu protiv tri osobe, nakon istrage sprovedene u saradnji sa Policijom Kosova i me\u0111unarodnim partnerima,","og_url":"https:\/\/veritasinfo.org\/?p=23399&lang=sr","article_published_time":"2025-12-09T15:17:58+00:00","article_modified_time":"2025-12-09T16:07:27+00:00","og_image":[{"width":837,"height":482,"url":"https:\/\/veritasinfo.org\/wp-content\/uploads\/2025\/12\/Screenshot-2025-12-09-160127.jpg","type":"image\/jpeg"}],"author":"US6","twitter_card":"summary_large_image","twitter_misc":{"Written by":"US6","Est. reading time":"3 minutes"},"schema":{"@context":"https:\/\/schema.org","@graph":[{"@type":"WebPage","@id":"https:\/\/veritasinfo.org\/?p=23399&lang=sr","url":"https:\/\/veritasinfo.org\/?p=23399&lang=sr","name":"Optu\u017enica protiv tri osobe za slu\u010daj teroristi\u010dkog napada na kanal \u201eIbar Lepenca\u201c \u2013 Optu\u017eeni su postavili eksploziv, a jedan je prikupljao i informacije o Vojsci Srbije. -","isPartOf":{"@id":"https:\/\/veritasinfo.org\/#website"},"primaryImageOfPage":{"@id":"https:\/\/veritasinfo.org\/?p=23399&lang=sr#primaryimage"},"image":{"@id":"https:\/\/veritasinfo.org\/?p=23399&lang=sr#primaryimage"},"thumbnailUrl":"https:\/\/veritasinfo.org\/wp-content\/uploads\/2025\/12\/Screenshot-2025-12-09-160127.jpg","datePublished":"2025-12-09T15:17:58+00:00","dateModified":"2025-12-09T16:07:27+00:00","author":{"@id":"https:\/\/veritasinfo.org\/#\/schema\/person\/fe199eede04c3937362892b7444747cc"},"breadcrumb":{"@id":"https:\/\/veritasinfo.org\/?p=23399&lang=sr#breadcrumb"},"inLanguage":"en-US","potentialAction":[{"@type":"ReadAction","target":["https:\/\/veritasinfo.org\/?p=23399&lang=sr"]}]},{"@type":"ImageObject","inLanguage":"en-US","@id":"https:\/\/veritasinfo.org\/?p=23399&lang=sr#primaryimage","url":"https:\/\/veritasinfo.org\/wp-content\/uploads\/2025\/12\/Screenshot-2025-12-09-160127.jpg","contentUrl":"https:\/\/veritasinfo.org\/wp-content\/uploads\/2025\/12\/Screenshot-2025-12-09-160127.jpg","width":837,"height":482},{"@type":"BreadcrumbList","@id":"https:\/\/veritasinfo.org\/?p=23399&lang=sr#breadcrumb","itemListElement":[{"@type":"ListItem","position":1,"name":"Home","item":"https:\/\/veritasinfo.org\/"},{"@type":"ListItem","position":2,"name":"Optu\u017enica protiv tri osobe za slu\u010daj teroristi\u010dkog napada na kanal \u201eIbar Lepenca\u201c \u2013 Optu\u017eeni su postavili eksploziv, a jedan je prikupljao i informacije o Vojsci Srbije."}]},{"@type":"WebSite","@id":"https:\/\/veritasinfo.org\/#website","url":"https:\/\/veritasinfo.org\/","name":"","description":"","potentialAction":[{"@type":"SearchAction","target":{"@type":"EntryPoint","urlTemplate":"https:\/\/veritasinfo.org\/?s={search_term_string}"},"query-input":{"@type":"PropertyValueSpecification","valueRequired":true,"valueName":"search_term_string"}}],"inLanguage":"en-US"},{"@type":"Person","@id":"https:\/\/veritasinfo.org\/#\/schema\/person\/fe199eede04c3937362892b7444747cc","name":"US6","image":{"@type":"ImageObject","inLanguage":"en-US","@id":"https:\/\/veritasinfo.org\/#\/schema\/person\/image\/","url":"https:\/\/secure.gravatar.com\/avatar\/cb16c3c31c9d23b9b8c705964598220b3014e42ff51eb540ff23cefa3ae8c15f?s=96&d=mm&r=g","contentUrl":"https:\/\/secure.gravatar.com\/avatar\/cb16c3c31c9d23b9b8c705964598220b3014e42ff51eb540ff23cefa3ae8c15f?s=96&d=mm&r=g","caption":"US6"},"url":"https:\/\/veritasinfo.org\/?author=7"}]}},"featured_image_urls":{"full":["https:\/\/veritasinfo.org\/wp-content\/uploads\/2025\/12\/Screenshot-2025-12-09-160127.jpg",837,482,false],"thumbnail":["https:\/\/veritasinfo.org\/wp-content\/uploads\/2025\/12\/Screenshot-2025-12-09-160127-150x150.jpg",150,150,true],"medium":["https:\/\/veritasinfo.org\/wp-content\/uploads\/2025\/12\/Screenshot-2025-12-09-160127-300x173.jpg",300,173,true],"medium_large":["https:\/\/veritasinfo.org\/wp-content\/uploads\/2025\/12\/Screenshot-2025-12-09-160127-768x442.jpg",640,368,true],"large":["https:\/\/veritasinfo.org\/wp-content\/uploads\/2025\/12\/Screenshot-2025-12-09-160127.jpg",640,369,false],"1536x1536":["https:\/\/veritasinfo.org\/wp-content\/uploads\/2025\/12\/Screenshot-2025-12-09-160127.jpg",837,482,false],"2048x2048":["https:\/\/veritasinfo.org\/wp-content\/uploads\/2025\/12\/Screenshot-2025-12-09-160127.jpg",837,482,false],"kreeti-slider-full":["https:\/\/veritasinfo.org\/wp-content\/uploads\/2025\/12\/Screenshot-2025-12-09-160127.jpg",837,482,false],"kreeti-featured":["https:\/\/veritasinfo.org\/wp-content\/uploads\/2025\/12\/Screenshot-2025-12-09-160127.jpg",837,482,false],"kreeti-medium":["https:\/\/veritasinfo.org\/wp-content\/uploads\/2025\/12\/Screenshot-2025-12-09-160127.jpg",720,415,false],"kreeti-medium-square":["https:\/\/veritasinfo.org\/wp-content\/uploads\/2025\/12\/Screenshot-2025-12-09-160127.jpg",350,202,false]},"author_info":{"info":["US6"]},"category_info":"<a href=\"https:\/\/veritasinfo.org\/?cat=103&#038;lang=sr\" rel=\"category\">Hronika<\/a>","tag_info":"Hronika","comment_count":"0","_links":{"self":[{"href":"https:\/\/veritasinfo.org\/index.php?rest_route=\/wp\/v2\/posts\/23399","targetHints":{"allow":["GET"]}}],"collection":[{"href":"https:\/\/veritasinfo.org\/index.php?rest_route=\/wp\/v2\/posts"}],"about":[{"href":"https:\/\/veritasinfo.org\/index.php?rest_route=\/wp\/v2\/types\/post"}],"author":[{"embeddable":true,"href":"https:\/\/veritasinfo.org\/index.php?rest_route=\/wp\/v2\/users\/7"}],"replies":[{"embeddable":true,"href":"https:\/\/veritasinfo.org\/index.php?rest_route=%2Fwp%2Fv2%2Fcomments&post=23399"}],"version-history":[{"count":2,"href":"https:\/\/veritasinfo.org\/index.php?rest_route=\/wp\/v2\/posts\/23399\/revisions"}],"predecessor-version":[{"id":23402,"href":"https:\/\/veritasinfo.org\/index.php?rest_route=\/wp\/v2\/posts\/23399\/revisions\/23402"}],"wp:featuredmedia":[{"embeddable":true,"href":"https:\/\/veritasinfo.org\/index.php?rest_route=\/wp\/v2\/media\/23392"}],"wp:attachment":[{"href":"https:\/\/veritasinfo.org\/index.php?rest_route=%2Fwp%2Fv2%2Fmedia&parent=23399"}],"wp:term":[{"taxonomy":"category","embeddable":true,"href":"https:\/\/veritasinfo.org\/index.php?rest_route=%2Fwp%2Fv2%2Fcategories&post=23399"},{"taxonomy":"post_tag","embeddable":true,"href":"https:\/\/veritasinfo.org\/index.php?rest_route=%2Fwp%2Fv2%2Ftags&post=23399"}],"curies":[{"name":"wp","href":"https:\/\/api.w.org\/{rel}","templated":true}]}}