{"id":23341,"date":"2025-12-09T12:14:12","date_gmt":"2025-12-09T11:14:12","guid":{"rendered":"https:\/\/veritasinfo.org\/?p=23341"},"modified":"2025-12-09T12:30:26","modified_gmt":"2025-12-09T11:30:26","slug":"osmani-vazhdimi-i-masave-te-be-se-ndaj-kosoves-i-padrejte-e-i-paarsyeshem","status":"publish","type":"post","link":"https:\/\/veritasinfo.org\/?p=23341","title":{"rendered":"Osmani: Vazhdimi i masave t\u00eb BE-s\u00eb ndaj Kosov\u00ebs, i padrejt\u00eb e i paarsyesh\u00ebm"},"content":{"rendered":"<p>Prishtin\u00eb 9 Dhjetor 2025 12:13<\/p>\n<p>Presidentja e Republik\u00ebs s\u00eb Kosov\u00ebs, Vjosa Osmani, priti sot n\u00eb takim raportuesin p\u00ebr Kosov\u00ebn n\u00eb Parlamentin Evropian, Riho Terras.<\/p>\n<p>N\u00eb takim u diskutua p\u00ebr zhvillimet e fundit politike n\u00eb vend, m \u00e7`rast Presidentja Osmani theksoi se zgjedhjet lokale u zhvilluan n\u00eb m\u00ebnyr\u00eb plot\u00ebsisht t\u00eb lir\u00eb, t\u00eb qet\u00eb dhe demokratike dhe se transferimi i pushtetit u b\u00eb n\u00eb m\u00ebnyr\u00eb paq\u00ebsore.<\/p>\n<p>Presidentja Osmani theksoi se, pavar\u00ebsisht bashk\u00ebpunimit konstruktiv, vazhdimi i masave t\u00eb BE-s\u00eb ndaj Kosov\u00ebs mbetet i pashpjeguesh\u00ebm, i padrejt\u00eb dhe i paarsyesh\u00ebm.<\/p>\n<p>N\u00eb k\u00ebt\u00eb kontekst, Presidentja Osmani k\u00ebrkoi mb\u00ebshtetjen e z. Terras p\u00ebr heqjen sa m\u00eb t\u00eb shpejt\u00eb t\u00eb k\u00ebtyre masave, duke rikujtuar se ato d\u00ebmtojn\u00eb qytetar\u00ebt dhe minojn\u00eb besimin n\u00eb procesin e integrimit, teksa Kosova ka p\u00ebrmbushur \u00e7do k\u00ebrkes\u00eb t\u00eb paraqitur nga partner\u00ebt evropian\u00eb.<\/p>\n<p>Sipas Presidentes Osmani, heqja e masave do t\u00eb ishte nj\u00eb sinjal i fuqish\u00ebm p\u00ebr qytetar\u00ebt dhe nj\u00eb mesazh inkurajues p\u00ebr vazhdimin e reformave.<\/p>\n<p>M\u00eb tej, Presidentja Osmani shtroi nevoj\u00ebn q\u00eb k\u00ebrkesa e Kosov\u00ebs p\u00ebr an\u00ebtar\u00ebsim n\u00eb BE t\u00eb procedohet sa m\u00eb par\u00eb dhe q\u00eb an\u00ebtar\u00ebsimi t\u00eb b\u00ebhet n\u00eb baz\u00eb t\u00eb meritave.<\/p>\n<p>Gjat\u00eb takimit, Presidentja prezantoi nj\u00eb s\u00ebr\u00eb t\u00eb dh\u00ebnash t\u00eb institucioneve nd\u00ebrkomb\u00ebtare q\u00eb e pozicionojn\u00eb Kosov\u00ebn n\u00eb majat e performanc\u00ebs n\u00eb shum\u00eb fusha ky\u00e7e.<\/p>\n","protected":false},"excerpt":{"rendered":"<p>Prishtin\u00eb 9 Dhjetor 2025 12:13 Presidentja e Republik\u00ebs s\u00eb Kosov\u00ebs, Vjosa Osmani, priti sot n\u00eb takim raportuesin p\u00ebr Kosov\u00ebn n\u00eb Parlamentin Evropian, Riho Terras. N\u00eb<\/p>\n","protected":false},"author":6,"featured_media":23342,"comment_status":"open","ping_status":"open","sticky":false,"template":"","format":"standard","meta":{"footnotes":""},"categories":[58],"tags":[],"class_list":["post-23341","post","type-post","status-publish","format-standard","has-post-thumbnail","hentry","category-politike-sq"],"yoast_head":"<!-- This site is optimized with the Yoast SEO plugin v25.3.1 - https:\/\/yoast.com\/wordpress\/plugins\/seo\/ -->\n<title>Osmani: Vazhdimi i masave t\u00eb BE-s\u00eb ndaj Kosov\u00ebs, i padrejt\u00eb e i paarsyesh\u00ebm -<\/title>\n<meta name=\"robots\" content=\"index, follow, max-snippet:-1, max-image-preview:large, max-video-preview:-1\" \/>\n<link rel=\"canonical\" href=\"https:\/\/veritasinfo.org\/?p=23341\" \/>\n<meta property=\"og:locale\" content=\"en_US\" \/>\n<meta property=\"og:type\" content=\"article\" \/>\n<meta property=\"og:title\" content=\"Osmani: Vazhdimi i masave t\u00eb BE-s\u00eb ndaj Kosov\u00ebs, i padrejt\u00eb e i paarsyesh\u00ebm -\" \/>\n<meta property=\"og:description\" content=\"Prishtin\u00eb 9 Dhjetor 2025 12:13 Presidentja e Republik\u00ebs s\u00eb Kosov\u00ebs, Vjosa Osmani, priti sot n\u00eb takim raportuesin p\u00ebr Kosov\u00ebn n\u00eb Parlamentin Evropian, Riho Terras. N\u00eb\" \/>\n<meta property=\"og:url\" content=\"https:\/\/veritasinfo.org\/?p=23341\" \/>\n<meta property=\"article:published_time\" content=\"2025-12-09T11:14:12+00:00\" \/>\n<meta property=\"article:modified_time\" content=\"2025-12-09T11:30:26+00:00\" \/>\n<meta property=\"og:image\" content=\"https:\/\/veritasinfo.org\/wp-content\/uploads\/2025\/12\/711569-ViuIGZuc55.jpg\" \/>\n\t<meta property=\"og:image:width\" content=\"780\" \/>\n\t<meta property=\"og:image:height\" content=\"500\" \/>\n\t<meta property=\"og:image:type\" content=\"image\/jpeg\" \/>\n<meta name=\"author\" content=\"US5\" \/>\n<meta name=\"twitter:card\" content=\"summary_large_image\" \/>\n<meta name=\"twitter:label1\" content=\"Written by\" \/>\n\t<meta name=\"twitter:data1\" content=\"US5\" \/>\n\t<meta name=\"twitter:label2\" content=\"Est. reading time\" \/>\n\t<meta name=\"twitter:data2\" content=\"2 minutes\" \/>\n<script type=\"application\/ld+json\" class=\"yoast-schema-graph\">{\"@context\":\"https:\/\/schema.org\",\"@graph\":[{\"@type\":\"WebPage\",\"@id\":\"https:\/\/veritasinfo.org\/?p=23341\",\"url\":\"https:\/\/veritasinfo.org\/?p=23341\",\"name\":\"Osmani: Vazhdimi i masave t\u00eb BE-s\u00eb ndaj Kosov\u00ebs, i padrejt\u00eb e i paarsyesh\u00ebm -\",\"isPartOf\":{\"@id\":\"https:\/\/veritasinfo.org\/#website\"},\"primaryImageOfPage\":{\"@id\":\"https:\/\/veritasinfo.org\/?p=23341#primaryimage\"},\"image\":{\"@id\":\"https:\/\/veritasinfo.org\/?p=23341#primaryimage\"},\"thumbnailUrl\":\"https:\/\/veritasinfo.org\/wp-content\/uploads\/2025\/12\/711569-ViuIGZuc55.jpg\",\"datePublished\":\"2025-12-09T11:14:12+00:00\",\"dateModified\":\"2025-12-09T11:30:26+00:00\",\"author\":{\"@id\":\"https:\/\/veritasinfo.org\/#\/schema\/person\/bc442336e35414d04494ab8fb45db4c6\"},\"breadcrumb\":{\"@id\":\"https:\/\/veritasinfo.org\/?p=23341#breadcrumb\"},\"inLanguage\":\"en-US\",\"potentialAction\":[{\"@type\":\"ReadAction\",\"target\":[\"https:\/\/veritasinfo.org\/?p=23341\"]}]},{\"@type\":\"ImageObject\",\"inLanguage\":\"en-US\",\"@id\":\"https:\/\/veritasinfo.org\/?p=23341#primaryimage\",\"url\":\"https:\/\/veritasinfo.org\/wp-content\/uploads\/2025\/12\/711569-ViuIGZuc55.jpg\",\"contentUrl\":\"https:\/\/veritasinfo.org\/wp-content\/uploads\/2025\/12\/711569-ViuIGZuc55.jpg\",\"width\":780,\"height\":500},{\"@type\":\"BreadcrumbList\",\"@id\":\"https:\/\/veritasinfo.org\/?p=23341#breadcrumb\",\"itemListElement\":[{\"@type\":\"ListItem\",\"position\":1,\"name\":\"Home\",\"item\":\"https:\/\/veritasinfo.org\/\"},{\"@type\":\"ListItem\",\"position\":2,\"name\":\"Osmani: Vazhdimi i masave t\u00eb BE-s\u00eb ndaj Kosov\u00ebs, i padrejt\u00eb e i paarsyesh\u00ebm\"}]},{\"@type\":\"WebSite\",\"@id\":\"https:\/\/veritasinfo.org\/#website\",\"url\":\"https:\/\/veritasinfo.org\/\",\"name\":\"\",\"description\":\"\",\"potentialAction\":[{\"@type\":\"SearchAction\",\"target\":{\"@type\":\"EntryPoint\",\"urlTemplate\":\"https:\/\/veritasinfo.org\/?s={search_term_string}\"},\"query-input\":{\"@type\":\"PropertyValueSpecification\",\"valueRequired\":true,\"valueName\":\"search_term_string\"}}],\"inLanguage\":\"en-US\"},{\"@type\":\"Person\",\"@id\":\"https:\/\/veritasinfo.org\/#\/schema\/person\/bc442336e35414d04494ab8fb45db4c6\",\"name\":\"US5\",\"image\":{\"@type\":\"ImageObject\",\"inLanguage\":\"en-US\",\"@id\":\"https:\/\/veritasinfo.org\/#\/schema\/person\/image\/\",\"url\":\"https:\/\/secure.gravatar.com\/avatar\/16a61e7272a0c5d001121ebb9e60e925d5816e4ac1e443ed3e640d9a6ae55d0c?s=96&d=mm&r=g\",\"contentUrl\":\"https:\/\/secure.gravatar.com\/avatar\/16a61e7272a0c5d001121ebb9e60e925d5816e4ac1e443ed3e640d9a6ae55d0c?s=96&d=mm&r=g\",\"caption\":\"US5\"},\"url\":\"https:\/\/veritasinfo.org\/?author=6\"}]}<\/script>\n<!-- \/ Yoast SEO plugin. -->","yoast_head_json":{"title":"Osmani: Vazhdimi i masave t\u00eb BE-s\u00eb ndaj Kosov\u00ebs, i padrejt\u00eb e i paarsyesh\u00ebm -","robots":{"index":"index","follow":"follow","max-snippet":"max-snippet:-1","max-image-preview":"max-image-preview:large","max-video-preview":"max-video-preview:-1"},"canonical":"https:\/\/veritasinfo.org\/?p=23341","og_locale":"en_US","og_type":"article","og_title":"Osmani: Vazhdimi i masave t\u00eb BE-s\u00eb ndaj Kosov\u00ebs, i padrejt\u00eb e i paarsyesh\u00ebm -","og_description":"Prishtin\u00eb 9 Dhjetor 2025 12:13 Presidentja e Republik\u00ebs s\u00eb Kosov\u00ebs, Vjosa Osmani, priti sot n\u00eb takim raportuesin p\u00ebr Kosov\u00ebn n\u00eb Parlamentin Evropian, Riho Terras. N\u00eb","og_url":"https:\/\/veritasinfo.org\/?p=23341","article_published_time":"2025-12-09T11:14:12+00:00","article_modified_time":"2025-12-09T11:30:26+00:00","og_image":[{"width":780,"height":500,"url":"https:\/\/veritasinfo.org\/wp-content\/uploads\/2025\/12\/711569-ViuIGZuc55.jpg","type":"image\/jpeg"}],"author":"US5","twitter_card":"summary_large_image","twitter_misc":{"Written by":"US5","Est. reading time":"2 minutes"},"schema":{"@context":"https:\/\/schema.org","@graph":[{"@type":"WebPage","@id":"https:\/\/veritasinfo.org\/?p=23341","url":"https:\/\/veritasinfo.org\/?p=23341","name":"Osmani: Vazhdimi i masave t\u00eb BE-s\u00eb ndaj Kosov\u00ebs, i padrejt\u00eb e i paarsyesh\u00ebm -","isPartOf":{"@id":"https:\/\/veritasinfo.org\/#website"},"primaryImageOfPage":{"@id":"https:\/\/veritasinfo.org\/?p=23341#primaryimage"},"image":{"@id":"https:\/\/veritasinfo.org\/?p=23341#primaryimage"},"thumbnailUrl":"https:\/\/veritasinfo.org\/wp-content\/uploads\/2025\/12\/711569-ViuIGZuc55.jpg","datePublished":"2025-12-09T11:14:12+00:00","dateModified":"2025-12-09T11:30:26+00:00","author":{"@id":"https:\/\/veritasinfo.org\/#\/schema\/person\/bc442336e35414d04494ab8fb45db4c6"},"breadcrumb":{"@id":"https:\/\/veritasinfo.org\/?p=23341#breadcrumb"},"inLanguage":"en-US","potentialAction":[{"@type":"ReadAction","target":["https:\/\/veritasinfo.org\/?p=23341"]}]},{"@type":"ImageObject","inLanguage":"en-US","@id":"https:\/\/veritasinfo.org\/?p=23341#primaryimage","url":"https:\/\/veritasinfo.org\/wp-content\/uploads\/2025\/12\/711569-ViuIGZuc55.jpg","contentUrl":"https:\/\/veritasinfo.org\/wp-content\/uploads\/2025\/12\/711569-ViuIGZuc55.jpg","width":780,"height":500},{"@type":"BreadcrumbList","@id":"https:\/\/veritasinfo.org\/?p=23341#breadcrumb","itemListElement":[{"@type":"ListItem","position":1,"name":"Home","item":"https:\/\/veritasinfo.org\/"},{"@type":"ListItem","position":2,"name":"Osmani: Vazhdimi i masave t\u00eb BE-s\u00eb ndaj Kosov\u00ebs, i padrejt\u00eb e i paarsyesh\u00ebm"}]},{"@type":"WebSite","@id":"https:\/\/veritasinfo.org\/#website","url":"https:\/\/veritasinfo.org\/","name":"","description":"","potentialAction":[{"@type":"SearchAction","target":{"@type":"EntryPoint","urlTemplate":"https:\/\/veritasinfo.org\/?s={search_term_string}"},"query-input":{"@type":"PropertyValueSpecification","valueRequired":true,"valueName":"search_term_string"}}],"inLanguage":"en-US"},{"@type":"Person","@id":"https:\/\/veritasinfo.org\/#\/schema\/person\/bc442336e35414d04494ab8fb45db4c6","name":"US5","image":{"@type":"ImageObject","inLanguage":"en-US","@id":"https:\/\/veritasinfo.org\/#\/schema\/person\/image\/","url":"https:\/\/secure.gravatar.com\/avatar\/16a61e7272a0c5d001121ebb9e60e925d5816e4ac1e443ed3e640d9a6ae55d0c?s=96&d=mm&r=g","contentUrl":"https:\/\/secure.gravatar.com\/avatar\/16a61e7272a0c5d001121ebb9e60e925d5816e4ac1e443ed3e640d9a6ae55d0c?s=96&d=mm&r=g","caption":"US5"},"url":"https:\/\/veritasinfo.org\/?author=6"}]}},"featured_image_urls":{"full":["https:\/\/veritasinfo.org\/wp-content\/uploads\/2025\/12\/711569-ViuIGZuc55.jpg",780,500,false],"thumbnail":["https:\/\/veritasinfo.org\/wp-content\/uploads\/2025\/12\/711569-ViuIGZuc55-150x150.jpg",150,150,true],"medium":["https:\/\/veritasinfo.org\/wp-content\/uploads\/2025\/12\/711569-ViuIGZuc55-300x192.jpg",300,192,true],"medium_large":["https:\/\/veritasinfo.org\/wp-content\/uploads\/2025\/12\/711569-ViuIGZuc55-768x492.jpg",640,410,true],"large":["https:\/\/veritasinfo.org\/wp-content\/uploads\/2025\/12\/711569-ViuIGZuc55.jpg",640,410,false],"1536x1536":["https:\/\/veritasinfo.org\/wp-content\/uploads\/2025\/12\/711569-ViuIGZuc55.jpg",780,500,false],"2048x2048":["https:\/\/veritasinfo.org\/wp-content\/uploads\/2025\/12\/711569-ViuIGZuc55.jpg",780,500,false],"kreeti-slider-full":["https:\/\/veritasinfo.org\/wp-content\/uploads\/2025\/12\/711569-ViuIGZuc55.jpg",780,500,false],"kreeti-featured":["https:\/\/veritasinfo.org\/wp-content\/uploads\/2025\/12\/711569-ViuIGZuc55.jpg",780,500,false],"kreeti-medium":["https:\/\/veritasinfo.org\/wp-content\/uploads\/2025\/12\/711569-ViuIGZuc55.jpg",720,462,false],"kreeti-medium-square":["https:\/\/veritasinfo.org\/wp-content\/uploads\/2025\/12\/711569-ViuIGZuc55.jpg",350,224,false]},"author_info":{"info":["US5"]},"category_info":"<a href=\"https:\/\/veritasinfo.org\/?cat=58\" rel=\"category\">Politik\u00eb<\/a>","tag_info":"Politik\u00eb","comment_count":"0","_links":{"self":[{"href":"https:\/\/veritasinfo.org\/index.php?rest_route=\/wp\/v2\/posts\/23341","targetHints":{"allow":["GET"]}}],"collection":[{"href":"https:\/\/veritasinfo.org\/index.php?rest_route=\/wp\/v2\/posts"}],"about":[{"href":"https:\/\/veritasinfo.org\/index.php?rest_route=\/wp\/v2\/types\/post"}],"author":[{"embeddable":true,"href":"https:\/\/veritasinfo.org\/index.php?rest_route=\/wp\/v2\/users\/6"}],"replies":[{"embeddable":true,"href":"https:\/\/veritasinfo.org\/index.php?rest_route=%2Fwp%2Fv2%2Fcomments&post=23341"}],"version-history":[{"count":2,"href":"https:\/\/veritasinfo.org\/index.php?rest_route=\/wp\/v2\/posts\/23341\/revisions"}],"predecessor-version":[{"id":23356,"href":"https:\/\/veritasinfo.org\/index.php?rest_route=\/wp\/v2\/posts\/23341\/revisions\/23356"}],"wp:featuredmedia":[{"embeddable":true,"href":"https:\/\/veritasinfo.org\/index.php?rest_route=\/wp\/v2\/media\/23342"}],"wp:attachment":[{"href":"https:\/\/veritasinfo.org\/index.php?rest_route=%2Fwp%2Fv2%2Fmedia&parent=23341"}],"wp:term":[{"taxonomy":"category","embeddable":true,"href":"https:\/\/veritasinfo.org\/index.php?rest_route=%2Fwp%2Fv2%2Fcategories&post=23341"},{"taxonomy":"post_tag","embeddable":true,"href":"https:\/\/veritasinfo.org\/index.php?rest_route=%2Fwp%2Fv2%2Ftags&post=23341"}],"curies":[{"name":"wp","href":"https:\/\/api.w.org\/{rel}","templated":true}]}}