{"id":23321,"date":"2025-12-09T11:29:40","date_gmt":"2025-12-09T10:29:40","guid":{"rendered":"https:\/\/veritasinfo.org\/?p=23321"},"modified":"2025-12-09T11:29:40","modified_gmt":"2025-12-09T10:29:40","slug":"serbia-ra-ne-vleresimin-e-lirive-civile-ne-raportin-nderkombetar-nga-e-penguar-ne-nen-shtypje","status":"publish","type":"post","link":"https:\/\/veritasinfo.org\/?p=23321","title":{"rendered":"Serbia ra n\u00eb vler\u00ebsimin e lirive civile n\u00eb raportin nd\u00ebrkomb\u00ebtar &#8211; nga &#8220;e penguar&#8221; n\u00eb &#8220;n\u00ebn shtypje&#8221;"},"content":{"rendered":"<p>Bruksel, 09 dhjetor 2025 11:30<\/p>\n<p>Serbia ra n\u00eb vler\u00ebsimin e lirive civile &#8211; nga kategoria &#8220;e penguar&#8221; n\u00eb kategorin\u00eb &#8220;n\u00ebn shtypje&#8221;, njoftoi t\u00eb Marten platforma nd\u00ebrkomb\u00ebtare e k\u00ebrkimit &#8220;Civicus Monitor&#8221;, e cila monitoron gjendjen e lirive civile n\u00eb 198 vende dhe territore n\u00eb bot\u00eb. &#8220;Kjo kategori, e dyta m\u00eb e ul\u00ebt e mundshme, p\u00ebrshkruan vendet ku lirit\u00eb e shprehjes, tubimit dhe shoq\u00ebrimit jan\u00eb t\u00eb kufizuara r\u00ebnd\u00eb, dhe kund\u00ebrshtimi ndaj autoriteteve mund t\u00eb \u00e7oj\u00eb n\u00eb pasoja t\u00eb r\u00ebnda, t\u00eb tilla si dhuna, ndjekja penale ose burgosja&#8221;, tha organizata. Sipas raportit, n\u00eb vitin 2025, Serbia ishte midis 50 vendeve me at\u00eb vler\u00ebsim, s\u00eb bashku me Gjeorgjin\u00eb, Zimbabven\u00eb, Pakistanin dhe El Salvadorin.<br \/>\n&#8220;Civicus Monitor&#8221; citon si arsyen kryesore p\u00ebr uljen e nivelit t\u00eb rangut shtypjen n\u00eb rritje me t\u00eb cil\u00ebn autoritetet n\u00eb Serbi i p\u00ebrgjigjen protestave t\u00eb vazhdueshme studentore q\u00eb shp\u00ebrthyen pas r\u00ebnies s\u00eb tend\u00ebs s\u00eb stacionit hekurudhor n\u00eb Novi Sad, kur vdiq\u00ebn 16 persona.<br \/>\n&#8220;Lirit\u00eb themelore jan\u00eb n\u00eb kriz\u00eb t\u00eb thell\u00eb, nd\u00ebrsa shteti p\u00ebrpiqet t\u00eb shtyp\u00eb \u00e7do lloj mospajtimi. Demonstruesit p\u00ebrballen me dhun\u00eb policore, sulme nga grupe t\u00eb af\u00ebrta me partin\u00eb n\u00eb pushtet, arrestime masive, mbik\u00ebqyrje dhe hakmarrje, nd\u00ebrsa ata q\u00eb jan\u00eb p\u00ebrgjegj\u00ebs p\u00ebr dhun\u00ebn kund\u00ebr tyre g\u00ebzojn\u00eb pand\u00ebshkueshm\u00ebri.<br \/>\nL\u00ebvizjet q\u00eb rrisin m\u00eb tej tensionet jan\u00eb faljet e individ\u00ebve t\u00eb akuzuar p\u00ebr sulme ndaj demonstruesve dhe kampet kund\u00ebr protestave t\u00eb organizuara nga autoritetet rreth institucioneve kryesore n\u00eb Beograd&#8221;, thuhet n\u00eb raport.<br \/>\nAta u b\u00ebn\u00eb thirrje autoriteteve n\u00eb Serbi q\u00eb t\u00eb ndalojn\u00eb menj\u00ebher\u00eb dhun\u00ebn dhe ndjekjet penale t\u00eb motivuara politikisht, t\u00eb t\u00ebrheqin ndryshimet q\u00eb do t\u00eb kriminalizonin tubimet paq\u00ebsore dhe t\u00eb nisin hetime t\u00eb pavarura p\u00ebr abuzimet e pushteteve policore dhe mbik\u00ebqyrjen e paligjshme.<\/p>\n","protected":false},"excerpt":{"rendered":"<p>Bruksel, 09 dhjetor 2025 11:30 Serbia ra n\u00eb vler\u00ebsimin e lirive civile &#8211; nga kategoria &#8220;e penguar&#8221; n\u00eb kategorin\u00eb &#8220;n\u00ebn shtypje&#8221;, njoftoi t\u00eb Marten platforma<\/p>\n","protected":false},"author":6,"featured_media":23322,"comment_status":"open","ping_status":"open","sticky":false,"template":"","format":"standard","meta":{"footnotes":""},"categories":[58],"tags":[],"class_list":["post-23321","post","type-post","status-publish","format-standard","has-post-thumbnail","hentry","category-politike-sq"],"yoast_head":"<!-- This site is optimized with the Yoast SEO plugin v25.3.1 - https:\/\/yoast.com\/wordpress\/plugins\/seo\/ -->\n<title>Serbia ra n\u00eb vler\u00ebsimin e lirive civile n\u00eb raportin nd\u00ebrkomb\u00ebtar - nga &quot;e penguar&quot; n\u00eb &quot;n\u00ebn shtypje&quot; -<\/title>\n<meta name=\"robots\" content=\"index, follow, max-snippet:-1, max-image-preview:large, max-video-preview:-1\" \/>\n<link rel=\"canonical\" href=\"https:\/\/veritasinfo.org\/?p=23321\" \/>\n<meta property=\"og:locale\" content=\"en_US\" \/>\n<meta property=\"og:type\" content=\"article\" \/>\n<meta property=\"og:title\" content=\"Serbia ra n\u00eb vler\u00ebsimin e lirive civile n\u00eb raportin nd\u00ebrkomb\u00ebtar - nga &quot;e penguar&quot; n\u00eb &quot;n\u00ebn shtypje&quot; -\" \/>\n<meta property=\"og:description\" content=\"Bruksel, 09 dhjetor 2025 11:30 Serbia ra n\u00eb vler\u00ebsimin e lirive civile &#8211; nga kategoria &#8220;e penguar&#8221; n\u00eb kategorin\u00eb &#8220;n\u00ebn shtypje&#8221;, njoftoi t\u00eb Marten platforma\" \/>\n<meta property=\"og:url\" content=\"https:\/\/veritasinfo.org\/?p=23321\" \/>\n<meta property=\"article:published_time\" content=\"2025-12-09T10:29:40+00:00\" \/>\n<meta property=\"og:image\" content=\"https:\/\/veritasinfo.org\/wp-content\/uploads\/2025\/12\/IMG-20251209-WA0004.jpg\" \/>\n\t<meta property=\"og:image:width\" content=\"1284\" \/>\n\t<meta property=\"og:image:height\" content=\"895\" \/>\n\t<meta property=\"og:image:type\" content=\"image\/jpeg\" \/>\n<meta name=\"author\" content=\"US5\" \/>\n<meta name=\"twitter:card\" content=\"summary_large_image\" \/>\n<meta name=\"twitter:label1\" content=\"Written by\" \/>\n\t<meta name=\"twitter:data1\" content=\"US5\" \/>\n\t<meta name=\"twitter:label2\" content=\"Est. reading time\" \/>\n\t<meta name=\"twitter:data2\" content=\"1 minute\" \/>\n<script type=\"application\/ld+json\" class=\"yoast-schema-graph\">{\"@context\":\"https:\/\/schema.org\",\"@graph\":[{\"@type\":\"WebPage\",\"@id\":\"https:\/\/veritasinfo.org\/?p=23321\",\"url\":\"https:\/\/veritasinfo.org\/?p=23321\",\"name\":\"Serbia ra n\u00eb vler\u00ebsimin e lirive civile n\u00eb raportin nd\u00ebrkomb\u00ebtar - nga \\\"e penguar\\\" n\u00eb \\\"n\u00ebn shtypje\\\" -\",\"isPartOf\":{\"@id\":\"https:\/\/veritasinfo.org\/#website\"},\"primaryImageOfPage\":{\"@id\":\"https:\/\/veritasinfo.org\/?p=23321#primaryimage\"},\"image\":{\"@id\":\"https:\/\/veritasinfo.org\/?p=23321#primaryimage\"},\"thumbnailUrl\":\"https:\/\/veritasinfo.org\/wp-content\/uploads\/2025\/12\/IMG-20251209-WA0004.jpg\",\"datePublished\":\"2025-12-09T10:29:40+00:00\",\"author\":{\"@id\":\"https:\/\/veritasinfo.org\/#\/schema\/person\/bc442336e35414d04494ab8fb45db4c6\"},\"breadcrumb\":{\"@id\":\"https:\/\/veritasinfo.org\/?p=23321#breadcrumb\"},\"inLanguage\":\"en-US\",\"potentialAction\":[{\"@type\":\"ReadAction\",\"target\":[\"https:\/\/veritasinfo.org\/?p=23321\"]}]},{\"@type\":\"ImageObject\",\"inLanguage\":\"en-US\",\"@id\":\"https:\/\/veritasinfo.org\/?p=23321#primaryimage\",\"url\":\"https:\/\/veritasinfo.org\/wp-content\/uploads\/2025\/12\/IMG-20251209-WA0004.jpg\",\"contentUrl\":\"https:\/\/veritasinfo.org\/wp-content\/uploads\/2025\/12\/IMG-20251209-WA0004.jpg\",\"width\":1284,\"height\":895},{\"@type\":\"BreadcrumbList\",\"@id\":\"https:\/\/veritasinfo.org\/?p=23321#breadcrumb\",\"itemListElement\":[{\"@type\":\"ListItem\",\"position\":1,\"name\":\"Home\",\"item\":\"https:\/\/veritasinfo.org\/\"},{\"@type\":\"ListItem\",\"position\":2,\"name\":\"Serbia ra n\u00eb vler\u00ebsimin e lirive civile n\u00eb raportin nd\u00ebrkomb\u00ebtar &#8211; nga &#8220;e penguar&#8221; n\u00eb &#8220;n\u00ebn shtypje&#8221;\"}]},{\"@type\":\"WebSite\",\"@id\":\"https:\/\/veritasinfo.org\/#website\",\"url\":\"https:\/\/veritasinfo.org\/\",\"name\":\"\",\"description\":\"\",\"potentialAction\":[{\"@type\":\"SearchAction\",\"target\":{\"@type\":\"EntryPoint\",\"urlTemplate\":\"https:\/\/veritasinfo.org\/?s={search_term_string}\"},\"query-input\":{\"@type\":\"PropertyValueSpecification\",\"valueRequired\":true,\"valueName\":\"search_term_string\"}}],\"inLanguage\":\"en-US\"},{\"@type\":\"Person\",\"@id\":\"https:\/\/veritasinfo.org\/#\/schema\/person\/bc442336e35414d04494ab8fb45db4c6\",\"name\":\"US5\",\"image\":{\"@type\":\"ImageObject\",\"inLanguage\":\"en-US\",\"@id\":\"https:\/\/veritasinfo.org\/#\/schema\/person\/image\/\",\"url\":\"https:\/\/secure.gravatar.com\/avatar\/16a61e7272a0c5d001121ebb9e60e925d5816e4ac1e443ed3e640d9a6ae55d0c?s=96&d=mm&r=g\",\"contentUrl\":\"https:\/\/secure.gravatar.com\/avatar\/16a61e7272a0c5d001121ebb9e60e925d5816e4ac1e443ed3e640d9a6ae55d0c?s=96&d=mm&r=g\",\"caption\":\"US5\"},\"url\":\"https:\/\/veritasinfo.org\/?author=6\"}]}<\/script>\n<!-- \/ Yoast SEO plugin. -->","yoast_head_json":{"title":"Serbia ra n\u00eb vler\u00ebsimin e lirive civile n\u00eb raportin nd\u00ebrkomb\u00ebtar - nga \"e penguar\" n\u00eb \"n\u00ebn shtypje\" -","robots":{"index":"index","follow":"follow","max-snippet":"max-snippet:-1","max-image-preview":"max-image-preview:large","max-video-preview":"max-video-preview:-1"},"canonical":"https:\/\/veritasinfo.org\/?p=23321","og_locale":"en_US","og_type":"article","og_title":"Serbia ra n\u00eb vler\u00ebsimin e lirive civile n\u00eb raportin nd\u00ebrkomb\u00ebtar - nga \"e penguar\" n\u00eb \"n\u00ebn shtypje\" -","og_description":"Bruksel, 09 dhjetor 2025 11:30 Serbia ra n\u00eb vler\u00ebsimin e lirive civile &#8211; nga kategoria &#8220;e penguar&#8221; n\u00eb kategorin\u00eb &#8220;n\u00ebn shtypje&#8221;, njoftoi t\u00eb Marten platforma","og_url":"https:\/\/veritasinfo.org\/?p=23321","article_published_time":"2025-12-09T10:29:40+00:00","og_image":[{"width":1284,"height":895,"url":"https:\/\/veritasinfo.org\/wp-content\/uploads\/2025\/12\/IMG-20251209-WA0004.jpg","type":"image\/jpeg"}],"author":"US5","twitter_card":"summary_large_image","twitter_misc":{"Written by":"US5","Est. reading time":"1 minute"},"schema":{"@context":"https:\/\/schema.org","@graph":[{"@type":"WebPage","@id":"https:\/\/veritasinfo.org\/?p=23321","url":"https:\/\/veritasinfo.org\/?p=23321","name":"Serbia ra n\u00eb vler\u00ebsimin e lirive civile n\u00eb raportin nd\u00ebrkomb\u00ebtar - nga \"e penguar\" n\u00eb \"n\u00ebn shtypje\" -","isPartOf":{"@id":"https:\/\/veritasinfo.org\/#website"},"primaryImageOfPage":{"@id":"https:\/\/veritasinfo.org\/?p=23321#primaryimage"},"image":{"@id":"https:\/\/veritasinfo.org\/?p=23321#primaryimage"},"thumbnailUrl":"https:\/\/veritasinfo.org\/wp-content\/uploads\/2025\/12\/IMG-20251209-WA0004.jpg","datePublished":"2025-12-09T10:29:40+00:00","author":{"@id":"https:\/\/veritasinfo.org\/#\/schema\/person\/bc442336e35414d04494ab8fb45db4c6"},"breadcrumb":{"@id":"https:\/\/veritasinfo.org\/?p=23321#breadcrumb"},"inLanguage":"en-US","potentialAction":[{"@type":"ReadAction","target":["https:\/\/veritasinfo.org\/?p=23321"]}]},{"@type":"ImageObject","inLanguage":"en-US","@id":"https:\/\/veritasinfo.org\/?p=23321#primaryimage","url":"https:\/\/veritasinfo.org\/wp-content\/uploads\/2025\/12\/IMG-20251209-WA0004.jpg","contentUrl":"https:\/\/veritasinfo.org\/wp-content\/uploads\/2025\/12\/IMG-20251209-WA0004.jpg","width":1284,"height":895},{"@type":"BreadcrumbList","@id":"https:\/\/veritasinfo.org\/?p=23321#breadcrumb","itemListElement":[{"@type":"ListItem","position":1,"name":"Home","item":"https:\/\/veritasinfo.org\/"},{"@type":"ListItem","position":2,"name":"Serbia ra n\u00eb vler\u00ebsimin e lirive civile n\u00eb raportin nd\u00ebrkomb\u00ebtar &#8211; nga &#8220;e penguar&#8221; n\u00eb &#8220;n\u00ebn shtypje&#8221;"}]},{"@type":"WebSite","@id":"https:\/\/veritasinfo.org\/#website","url":"https:\/\/veritasinfo.org\/","name":"","description":"","potentialAction":[{"@type":"SearchAction","target":{"@type":"EntryPoint","urlTemplate":"https:\/\/veritasinfo.org\/?s={search_term_string}"},"query-input":{"@type":"PropertyValueSpecification","valueRequired":true,"valueName":"search_term_string"}}],"inLanguage":"en-US"},{"@type":"Person","@id":"https:\/\/veritasinfo.org\/#\/schema\/person\/bc442336e35414d04494ab8fb45db4c6","name":"US5","image":{"@type":"ImageObject","inLanguage":"en-US","@id":"https:\/\/veritasinfo.org\/#\/schema\/person\/image\/","url":"https:\/\/secure.gravatar.com\/avatar\/16a61e7272a0c5d001121ebb9e60e925d5816e4ac1e443ed3e640d9a6ae55d0c?s=96&d=mm&r=g","contentUrl":"https:\/\/secure.gravatar.com\/avatar\/16a61e7272a0c5d001121ebb9e60e925d5816e4ac1e443ed3e640d9a6ae55d0c?s=96&d=mm&r=g","caption":"US5"},"url":"https:\/\/veritasinfo.org\/?author=6"}]}},"featured_image_urls":{"full":["https:\/\/veritasinfo.org\/wp-content\/uploads\/2025\/12\/IMG-20251209-WA0004.jpg",1284,895,false],"thumbnail":["https:\/\/veritasinfo.org\/wp-content\/uploads\/2025\/12\/IMG-20251209-WA0004-150x150.jpg",150,150,true],"medium":["https:\/\/veritasinfo.org\/wp-content\/uploads\/2025\/12\/IMG-20251209-WA0004-300x209.jpg",300,209,true],"medium_large":["https:\/\/veritasinfo.org\/wp-content\/uploads\/2025\/12\/IMG-20251209-WA0004-768x535.jpg",640,446,true],"large":["https:\/\/veritasinfo.org\/wp-content\/uploads\/2025\/12\/IMG-20251209-WA0004-1024x714.jpg",640,446,true],"1536x1536":["https:\/\/veritasinfo.org\/wp-content\/uploads\/2025\/12\/IMG-20251209-WA0004.jpg",1284,895,false],"2048x2048":["https:\/\/veritasinfo.org\/wp-content\/uploads\/2025\/12\/IMG-20251209-WA0004.jpg",1284,895,false],"kreeti-slider-full":["https:\/\/veritasinfo.org\/wp-content\/uploads\/2025\/12\/IMG-20251209-WA0004.jpg",1033,720,false],"kreeti-featured":["https:\/\/veritasinfo.org\/wp-content\/uploads\/2025\/12\/IMG-20251209-WA0004.jpg",1024,714,false],"kreeti-medium":["https:\/\/veritasinfo.org\/wp-content\/uploads\/2025\/12\/IMG-20251209-WA0004.jpg",720,502,false],"kreeti-medium-square":["https:\/\/veritasinfo.org\/wp-content\/uploads\/2025\/12\/IMG-20251209-WA0004.jpg",350,244,false]},"author_info":{"info":["US5"]},"category_info":"<a href=\"https:\/\/veritasinfo.org\/?cat=58\" rel=\"category\">Politik\u00eb<\/a>","tag_info":"Politik\u00eb","comment_count":"0","_links":{"self":[{"href":"https:\/\/veritasinfo.org\/index.php?rest_route=\/wp\/v2\/posts\/23321","targetHints":{"allow":["GET"]}}],"collection":[{"href":"https:\/\/veritasinfo.org\/index.php?rest_route=\/wp\/v2\/posts"}],"about":[{"href":"https:\/\/veritasinfo.org\/index.php?rest_route=\/wp\/v2\/types\/post"}],"author":[{"embeddable":true,"href":"https:\/\/veritasinfo.org\/index.php?rest_route=\/wp\/v2\/users\/6"}],"replies":[{"embeddable":true,"href":"https:\/\/veritasinfo.org\/index.php?rest_route=%2Fwp%2Fv2%2Fcomments&post=23321"}],"version-history":[{"count":1,"href":"https:\/\/veritasinfo.org\/index.php?rest_route=\/wp\/v2\/posts\/23321\/revisions"}],"predecessor-version":[{"id":23323,"href":"https:\/\/veritasinfo.org\/index.php?rest_route=\/wp\/v2\/posts\/23321\/revisions\/23323"}],"wp:featuredmedia":[{"embeddable":true,"href":"https:\/\/veritasinfo.org\/index.php?rest_route=\/wp\/v2\/media\/23322"}],"wp:attachment":[{"href":"https:\/\/veritasinfo.org\/index.php?rest_route=%2Fwp%2Fv2%2Fmedia&parent=23321"}],"wp:term":[{"taxonomy":"category","embeddable":true,"href":"https:\/\/veritasinfo.org\/index.php?rest_route=%2Fwp%2Fv2%2Fcategories&post=23321"},{"taxonomy":"post_tag","embeddable":true,"href":"https:\/\/veritasinfo.org\/index.php?rest_route=%2Fwp%2Fv2%2Ftags&post=23321"}],"curies":[{"name":"wp","href":"https:\/\/api.w.org\/{rel}","templated":true}]}}