{"id":2332,"date":"2025-07-03T07:55:00","date_gmt":"2025-07-03T05:55:00","guid":{"rendered":"https:\/\/veritasinfo.org\/?p=2332"},"modified":"2025-07-03T07:55:00","modified_gmt":"2025-07-03T05:55:00","slug":"serish-bllokohen-rruget-ne-serbi-qytetaret-nuk-e-durojne-me-vuciqin","status":"publish","type":"post","link":"https:\/\/veritasinfo.org\/?p=2332","title":{"rendered":"S\u00ebrish bllokohen rrug\u00ebt n\u00eb Serbi \u2013 qytetar\u00ebt nuk e durojn\u00eb m\u00eb Vu\u00e7iqin"},"content":{"rendered":"<p>Beograd, 03 Korrik 2025<\/p>\n<p><strong>Qytetar\u00ebt n\u00eb Serbi po vazhdojn\u00eb p\u00ebr dit\u00ebn e kat\u00ebrt me radh\u00eb me bllokimin e rrug\u00ebve kryesore n\u00eb shum\u00eb qytete, duke shprehur pak\u00ebnaq\u00ebsit\u00eb e tyre ndaj presidentit serb, Aleksandar Vu\u00e7iqit.<\/strong><\/p>\n<p>K\u00ebto protesta po marrin p\u00ebrmasa t\u00eb m\u00ebdha dhe kan\u00eb shkaktuar nd\u00ebrprerje t\u00eb trafikut, duke ndikuar n\u00eb jet\u00ebn e p\u00ebrditshme t\u00eb qytetar\u00ebve, raporton nova.rs.<\/p>\n<div class=\"code-block code-block-45 code-block-futureads-para-paragrafi1\">\n<div id=\"futureads_1748d37fc0ef4e6394a41c4536009fcd_zone_103963_sect_47407_site_31670\" data-sender=\"futureads\">Student\u00ebt, t\u00eb cil\u00ebt kan\u00eb marr\u00eb rolin kryesor n\u00eb organizimin dhe drejtimin e k\u00ebtyre protestave, kan\u00eb bllokuar fakultetet dhe kan\u00eb b\u00ebr\u00eb thirrje p\u00ebr mobilizim m\u00eb t\u00eb gjer\u00eb t\u00eb qytetar\u00ebve n\u00ebp\u00ebrmjet mosbindjes civile dhe bllokadave t\u00eb rrug\u00ebve.<\/div>\n<div data-sender=\"futureads\">Ata po inkurajojn\u00eb t\u00eb gjith\u00eb ata q\u00eb ndihen t\u00eb prekur nga situata t\u00eb bashkohen n\u00eb k\u00ebt\u00eb l\u00ebvizje, duke k\u00ebrkuar ndryshime t\u00eb thella n\u00eb sistemin politik.<\/div>\n<\/div>\n<div data-sender=\"futureads\"><\/div>\n<div data-sender=\"futureads\">K\u00ebrkesat kryesore t\u00eb protestuesve p\u00ebrfshijn\u00eb lirimin e menj\u00ebhersh\u00ebm t\u00eb t\u00eb gjith\u00eb personave t\u00eb arrestuar gjat\u00eb protestave q\u00eb u mbajt\u00ebn m\u00eb 28 qershor, si dhe shpalljen e zgjedhjeve t\u00eb jasht\u00ebzakonshme parlamentare, n\u00eb m\u00ebnyr\u00eb q\u00eb t\u00eb hapet rruga p\u00ebr nj\u00eb qeverisje m\u00eb transparente dhe demokratike.<\/div>\n<div data-sender=\"futureads\"><\/div>\n<div data-sender=\"futureads\">\n<p>Protestat vazhdojn\u00eb t\u00eb jen\u00eb paq\u00ebsore, por energjia dhe vendosm\u00ebria e pjes\u00ebmarr\u00ebsve tregojn\u00eb se ata jan\u00eb t\u00eb gatsh\u00ebm t\u00eb q\u00ebndrojn\u00eb deri n\u00eb plot\u00ebsimin e k\u00ebrkesave t\u00eb tyre.<\/p>\n<p>Situata mbetet e tensionuar, nd\u00ebrsa autoritetet ende nuk kan\u00eb dh\u00ebn\u00eb nj\u00eb p\u00ebrgjigje t\u00eb qart\u00eb ndaj k\u00ebrkesave t\u00eb protestuesve, duke l\u00ebn\u00eb hap\u00ebsir\u00eb p\u00ebr p\u00ebrshkall\u00ebzim t\u00eb mundsh\u00ebm t\u00eb protestave n\u00eb dit\u00ebt n\u00eb vijim.<\/p>\n<\/div>\n<p>&nbsp;<\/p>\n","protected":false},"excerpt":{"rendered":"<p>Beograd, 03 Korrik 2025 Qytetar\u00ebt n\u00eb Serbi po vazhdojn\u00eb p\u00ebr dit\u00ebn e kat\u00ebrt me radh\u00eb me bllokimin e rrug\u00ebve kryesore n\u00eb shum\u00eb qytete, duke shprehur<\/p>\n","protected":false},"author":1,"featured_media":2330,"comment_status":"open","ping_status":"open","sticky":false,"template":"","format":"standard","meta":{"footnotes":""},"categories":[72],"tags":[],"class_list":["post-2332","post","type-post","status-publish","format-standard","has-post-thumbnail","hentry","category-bota"],"yoast_head":"<!-- This site is optimized with the Yoast SEO plugin v25.3.1 - https:\/\/yoast.com\/wordpress\/plugins\/seo\/ -->\n<title>S\u00ebrish bllokohen rrug\u00ebt n\u00eb Serbi \u2013 qytetar\u00ebt nuk e durojn\u00eb m\u00eb Vu\u00e7iqin -<\/title>\n<meta name=\"robots\" content=\"index, follow, max-snippet:-1, max-image-preview:large, max-video-preview:-1\" \/>\n<link rel=\"canonical\" href=\"https:\/\/veritasinfo.org\/?p=2332\" \/>\n<meta property=\"og:locale\" content=\"en_US\" \/>\n<meta property=\"og:type\" content=\"article\" \/>\n<meta property=\"og:title\" content=\"S\u00ebrish bllokohen rrug\u00ebt n\u00eb Serbi \u2013 qytetar\u00ebt nuk e durojn\u00eb m\u00eb Vu\u00e7iqin -\" \/>\n<meta property=\"og:description\" content=\"Beograd, 03 Korrik 2025 Qytetar\u00ebt n\u00eb Serbi po vazhdojn\u00eb p\u00ebr dit\u00ebn e kat\u00ebrt me radh\u00eb me bllokimin e rrug\u00ebve kryesore n\u00eb shum\u00eb qytete, duke shprehur\" \/>\n<meta property=\"og:url\" content=\"https:\/\/veritasinfo.org\/?p=2332\" \/>\n<meta property=\"article:published_time\" content=\"2025-07-03T05:55:00+00:00\" \/>\n<meta property=\"og:image\" content=\"https:\/\/veritasinfo.org\/wp-content\/uploads\/2025\/07\/IMG_1685.jpeg\" \/>\n\t<meta property=\"og:image:width\" content=\"780\" \/>\n\t<meta property=\"og:image:height\" content=\"439\" \/>\n\t<meta property=\"og:image:type\" content=\"image\/jpeg\" \/>\n<meta name=\"author\" content=\"admin\" \/>\n<meta name=\"twitter:card\" content=\"summary_large_image\" \/>\n<meta name=\"twitter:label1\" content=\"Written by\" \/>\n\t<meta name=\"twitter:data1\" content=\"admin\" \/>\n\t<meta name=\"twitter:label2\" content=\"Est. reading time\" \/>\n\t<meta name=\"twitter:data2\" content=\"2 minutes\" \/>\n<script type=\"application\/ld+json\" class=\"yoast-schema-graph\">{\"@context\":\"https:\/\/schema.org\",\"@graph\":[{\"@type\":\"WebPage\",\"@id\":\"https:\/\/veritasinfo.org\/?p=2332\",\"url\":\"https:\/\/veritasinfo.org\/?p=2332\",\"name\":\"S\u00ebrish bllokohen rrug\u00ebt n\u00eb Serbi \u2013 qytetar\u00ebt nuk e durojn\u00eb m\u00eb Vu\u00e7iqin -\",\"isPartOf\":{\"@id\":\"https:\/\/veritasinfo.org\/#website\"},\"primaryImageOfPage\":{\"@id\":\"https:\/\/veritasinfo.org\/?p=2332#primaryimage\"},\"image\":{\"@id\":\"https:\/\/veritasinfo.org\/?p=2332#primaryimage\"},\"thumbnailUrl\":\"https:\/\/veritasinfo.org\/wp-content\/uploads\/2025\/07\/IMG_1685.jpeg\",\"datePublished\":\"2025-07-03T05:55:00+00:00\",\"author\":{\"@id\":\"https:\/\/veritasinfo.org\/#\/schema\/person\/7701f8c088bece422266b100a712374f\"},\"breadcrumb\":{\"@id\":\"https:\/\/veritasinfo.org\/?p=2332#breadcrumb\"},\"inLanguage\":\"en-US\",\"potentialAction\":[{\"@type\":\"ReadAction\",\"target\":[\"https:\/\/veritasinfo.org\/?p=2332\"]}]},{\"@type\":\"ImageObject\",\"inLanguage\":\"en-US\",\"@id\":\"https:\/\/veritasinfo.org\/?p=2332#primaryimage\",\"url\":\"https:\/\/veritasinfo.org\/wp-content\/uploads\/2025\/07\/IMG_1685.jpeg\",\"contentUrl\":\"https:\/\/veritasinfo.org\/wp-content\/uploads\/2025\/07\/IMG_1685.jpeg\",\"width\":780,\"height\":439},{\"@type\":\"BreadcrumbList\",\"@id\":\"https:\/\/veritasinfo.org\/?p=2332#breadcrumb\",\"itemListElement\":[{\"@type\":\"ListItem\",\"position\":1,\"name\":\"Home\",\"item\":\"https:\/\/veritasinfo.org\/\"},{\"@type\":\"ListItem\",\"position\":2,\"name\":\"S\u00ebrish bllokohen rrug\u00ebt n\u00eb Serbi \u2013 qytetar\u00ebt nuk e durojn\u00eb m\u00eb Vu\u00e7iqin\"}]},{\"@type\":\"WebSite\",\"@id\":\"https:\/\/veritasinfo.org\/#website\",\"url\":\"https:\/\/veritasinfo.org\/\",\"name\":\"\",\"description\":\"\",\"potentialAction\":[{\"@type\":\"SearchAction\",\"target\":{\"@type\":\"EntryPoint\",\"urlTemplate\":\"https:\/\/veritasinfo.org\/?s={search_term_string}\"},\"query-input\":{\"@type\":\"PropertyValueSpecification\",\"valueRequired\":true,\"valueName\":\"search_term_string\"}}],\"inLanguage\":\"en-US\"},{\"@type\":\"Person\",\"@id\":\"https:\/\/veritasinfo.org\/#\/schema\/person\/7701f8c088bece422266b100a712374f\",\"name\":\"admin\",\"image\":{\"@type\":\"ImageObject\",\"inLanguage\":\"en-US\",\"@id\":\"https:\/\/veritasinfo.org\/#\/schema\/person\/image\/\",\"url\":\"https:\/\/secure.gravatar.com\/avatar\/ea53aa3bf6c9a12d5fde8ce4deff43fef3885ae33cf60184161a50d6987cfd2f?s=96&d=mm&r=g\",\"contentUrl\":\"https:\/\/secure.gravatar.com\/avatar\/ea53aa3bf6c9a12d5fde8ce4deff43fef3885ae33cf60184161a50d6987cfd2f?s=96&d=mm&r=g\",\"caption\":\"admin\"},\"sameAs\":[\"https:\/\/veritasinfo.org\"],\"url\":\"https:\/\/veritasinfo.org\/?author=1\"}]}<\/script>\n<!-- \/ Yoast SEO plugin. -->","yoast_head_json":{"title":"S\u00ebrish bllokohen rrug\u00ebt n\u00eb Serbi \u2013 qytetar\u00ebt nuk e durojn\u00eb m\u00eb Vu\u00e7iqin -","robots":{"index":"index","follow":"follow","max-snippet":"max-snippet:-1","max-image-preview":"max-image-preview:large","max-video-preview":"max-video-preview:-1"},"canonical":"https:\/\/veritasinfo.org\/?p=2332","og_locale":"en_US","og_type":"article","og_title":"S\u00ebrish bllokohen rrug\u00ebt n\u00eb Serbi \u2013 qytetar\u00ebt nuk e durojn\u00eb m\u00eb Vu\u00e7iqin -","og_description":"Beograd, 03 Korrik 2025 Qytetar\u00ebt n\u00eb Serbi po vazhdojn\u00eb p\u00ebr dit\u00ebn e kat\u00ebrt me radh\u00eb me bllokimin e rrug\u00ebve kryesore n\u00eb shum\u00eb qytete, duke shprehur","og_url":"https:\/\/veritasinfo.org\/?p=2332","article_published_time":"2025-07-03T05:55:00+00:00","og_image":[{"width":780,"height":439,"url":"https:\/\/veritasinfo.org\/wp-content\/uploads\/2025\/07\/IMG_1685.jpeg","type":"image\/jpeg"}],"author":"admin","twitter_card":"summary_large_image","twitter_misc":{"Written by":"admin","Est. reading time":"2 minutes"},"schema":{"@context":"https:\/\/schema.org","@graph":[{"@type":"WebPage","@id":"https:\/\/veritasinfo.org\/?p=2332","url":"https:\/\/veritasinfo.org\/?p=2332","name":"S\u00ebrish bllokohen rrug\u00ebt n\u00eb Serbi \u2013 qytetar\u00ebt nuk e durojn\u00eb m\u00eb Vu\u00e7iqin -","isPartOf":{"@id":"https:\/\/veritasinfo.org\/#website"},"primaryImageOfPage":{"@id":"https:\/\/veritasinfo.org\/?p=2332#primaryimage"},"image":{"@id":"https:\/\/veritasinfo.org\/?p=2332#primaryimage"},"thumbnailUrl":"https:\/\/veritasinfo.org\/wp-content\/uploads\/2025\/07\/IMG_1685.jpeg","datePublished":"2025-07-03T05:55:00+00:00","author":{"@id":"https:\/\/veritasinfo.org\/#\/schema\/person\/7701f8c088bece422266b100a712374f"},"breadcrumb":{"@id":"https:\/\/veritasinfo.org\/?p=2332#breadcrumb"},"inLanguage":"en-US","potentialAction":[{"@type":"ReadAction","target":["https:\/\/veritasinfo.org\/?p=2332"]}]},{"@type":"ImageObject","inLanguage":"en-US","@id":"https:\/\/veritasinfo.org\/?p=2332#primaryimage","url":"https:\/\/veritasinfo.org\/wp-content\/uploads\/2025\/07\/IMG_1685.jpeg","contentUrl":"https:\/\/veritasinfo.org\/wp-content\/uploads\/2025\/07\/IMG_1685.jpeg","width":780,"height":439},{"@type":"BreadcrumbList","@id":"https:\/\/veritasinfo.org\/?p=2332#breadcrumb","itemListElement":[{"@type":"ListItem","position":1,"name":"Home","item":"https:\/\/veritasinfo.org\/"},{"@type":"ListItem","position":2,"name":"S\u00ebrish bllokohen rrug\u00ebt n\u00eb Serbi \u2013 qytetar\u00ebt nuk e durojn\u00eb m\u00eb Vu\u00e7iqin"}]},{"@type":"WebSite","@id":"https:\/\/veritasinfo.org\/#website","url":"https:\/\/veritasinfo.org\/","name":"","description":"","potentialAction":[{"@type":"SearchAction","target":{"@type":"EntryPoint","urlTemplate":"https:\/\/veritasinfo.org\/?s={search_term_string}"},"query-input":{"@type":"PropertyValueSpecification","valueRequired":true,"valueName":"search_term_string"}}],"inLanguage":"en-US"},{"@type":"Person","@id":"https:\/\/veritasinfo.org\/#\/schema\/person\/7701f8c088bece422266b100a712374f","name":"admin","image":{"@type":"ImageObject","inLanguage":"en-US","@id":"https:\/\/veritasinfo.org\/#\/schema\/person\/image\/","url":"https:\/\/secure.gravatar.com\/avatar\/ea53aa3bf6c9a12d5fde8ce4deff43fef3885ae33cf60184161a50d6987cfd2f?s=96&d=mm&r=g","contentUrl":"https:\/\/secure.gravatar.com\/avatar\/ea53aa3bf6c9a12d5fde8ce4deff43fef3885ae33cf60184161a50d6987cfd2f?s=96&d=mm&r=g","caption":"admin"},"sameAs":["https:\/\/veritasinfo.org"],"url":"https:\/\/veritasinfo.org\/?author=1"}]}},"featured_image_urls":{"full":["https:\/\/veritasinfo.org\/wp-content\/uploads\/2025\/07\/IMG_1685.jpeg",780,439,false],"thumbnail":["https:\/\/veritasinfo.org\/wp-content\/uploads\/2025\/07\/IMG_1685-150x150.jpeg",150,150,true],"medium":["https:\/\/veritasinfo.org\/wp-content\/uploads\/2025\/07\/IMG_1685-300x169.jpeg",300,169,true],"medium_large":["https:\/\/veritasinfo.org\/wp-content\/uploads\/2025\/07\/IMG_1685-768x432.jpeg",640,360,true],"large":["https:\/\/veritasinfo.org\/wp-content\/uploads\/2025\/07\/IMG_1685.jpeg",640,360,false],"1536x1536":["https:\/\/veritasinfo.org\/wp-content\/uploads\/2025\/07\/IMG_1685.jpeg",780,439,false],"2048x2048":["https:\/\/veritasinfo.org\/wp-content\/uploads\/2025\/07\/IMG_1685.jpeg",780,439,false],"kreeti-slider-full":["https:\/\/veritasinfo.org\/wp-content\/uploads\/2025\/07\/IMG_1685.jpeg",780,439,false],"kreeti-featured":["https:\/\/veritasinfo.org\/wp-content\/uploads\/2025\/07\/IMG_1685.jpeg",780,439,false],"kreeti-medium":["https:\/\/veritasinfo.org\/wp-content\/uploads\/2025\/07\/IMG_1685.jpeg",720,405,false],"kreeti-medium-square":["https:\/\/veritasinfo.org\/wp-content\/uploads\/2025\/07\/IMG_1685.jpeg",350,197,false]},"author_info":{"info":["admin"]},"category_info":"<a href=\"https:\/\/veritasinfo.org\/?cat=72\" rel=\"category\">Bota<\/a>","tag_info":"Bota","comment_count":"0","_links":{"self":[{"href":"https:\/\/veritasinfo.org\/index.php?rest_route=\/wp\/v2\/posts\/2332","targetHints":{"allow":["GET"]}}],"collection":[{"href":"https:\/\/veritasinfo.org\/index.php?rest_route=\/wp\/v2\/posts"}],"about":[{"href":"https:\/\/veritasinfo.org\/index.php?rest_route=\/wp\/v2\/types\/post"}],"author":[{"embeddable":true,"href":"https:\/\/veritasinfo.org\/index.php?rest_route=\/wp\/v2\/users\/1"}],"replies":[{"embeddable":true,"href":"https:\/\/veritasinfo.org\/index.php?rest_route=%2Fwp%2Fv2%2Fcomments&post=2332"}],"version-history":[{"count":1,"href":"https:\/\/veritasinfo.org\/index.php?rest_route=\/wp\/v2\/posts\/2332\/revisions"}],"predecessor-version":[{"id":2333,"href":"https:\/\/veritasinfo.org\/index.php?rest_route=\/wp\/v2\/posts\/2332\/revisions\/2333"}],"wp:featuredmedia":[{"embeddable":true,"href":"https:\/\/veritasinfo.org\/index.php?rest_route=\/wp\/v2\/media\/2330"}],"wp:attachment":[{"href":"https:\/\/veritasinfo.org\/index.php?rest_route=%2Fwp%2Fv2%2Fmedia&parent=2332"}],"wp:term":[{"taxonomy":"category","embeddable":true,"href":"https:\/\/veritasinfo.org\/index.php?rest_route=%2Fwp%2Fv2%2Fcategories&post=2332"},{"taxonomy":"post_tag","embeddable":true,"href":"https:\/\/veritasinfo.org\/index.php?rest_route=%2Fwp%2Fv2%2Ftags&post=2332"}],"curies":[{"name":"wp","href":"https:\/\/api.w.org\/{rel}","templated":true}]}}