{"id":23302,"date":"2025-12-09T09:25:29","date_gmt":"2025-12-09T08:25:29","guid":{"rendered":"https:\/\/veritasinfo.org\/?p=23302"},"modified":"2025-12-09T12:34:19","modified_gmt":"2025-12-09T11:34:19","slug":"hill-per-deshmine-ne-hage-sma-kerkoi-askush-e-ndjeja-se-ishte-e-padrejte-qe-thaci-po-mbahej-aty","status":"publish","type":"post","link":"https:\/\/veritasinfo.org\/?p=23302","title":{"rendered":"Hill p\u00ebr d\u00ebshmin\u00eb n\u00eb Hag\u00eb: S\u2019ma k\u00ebrkoi askush, e ndjeja se ishte e padrejt\u00eb q\u00eb Tha\u00e7i po mbahej aty"},"content":{"rendered":"<p>Prishtin\u00eb 9 Dhjetor 2025 09:24<\/p>\n<p>Ambasadori Christopher Hill, nj\u00eb prej diplomat\u00ebve m\u00eb t\u00eb shquar amerikan, e ish-negociatori n\u00eb Rambuje, ka komentuar d\u00ebshmin\u00eb e tij q\u00eb e dha n\u00eb Gjykat\u00ebn Speciale t\u00eb Hag\u00ebs.<\/p>\n<p>Hill tha se vendimi p\u00ebr t\u00eb d\u00ebshmuar nuk ishte n\u00ebn presion politik apo profesional, por nj\u00eb p\u00ebrgjegj\u00ebsi morale, nd\u00ebsa theksoi se gjat\u00eb q\u00ebndrimit t\u00eb tij n\u00eb Kosov\u00eb dhe vizitave n\u00eb fshatra ku ndodh\u00ebn krime lufte, nuk pa asnj\u00eb prov\u00eb q\u00eb Tha\u00e7i t\u00eb kishte urdh\u00ebruar apo kryer krime.<\/p>\n<p>\u201cAi nuk m\u00eb k\u00ebrkoi p\u00ebr mb\u00ebshtetje, un\u00eb fola me disa njer\u00ebz sepse mendoja se ishte nj\u00eb p\u00ebrgjegj\u00ebsi morale dhe v\u00ebrtet mendoj se \u00ebsht\u00eb nj\u00eb p\u00ebrgjegj\u00ebsi morale. Isha aty, n\u00eb vende t\u00eb ndryshme n\u00eb Kosov\u00eb, nuk q\u00ebndrova vet\u00ebm n\u00eb Prishtin\u00eb, kam qen\u00eb n\u00eb gjith\u00eb k\u00ebto fshatra ku ka pasur krime lufte. Pa dyshim q\u00eb ishin krime lufte, ka pasur krime ku autor\u00eb kan\u00eb qen\u00eb serb\u00ebt kundrejt shqiptar\u00ebve, por m\u00eb falni, ka pasur edhe krime t\u00eb tjera. Un\u00eb ama n\u00eb at\u00eb koh\u00eb nuk di asnj\u00eb lloj krimi p\u00ebr t\u00eb cilin mund t\u00eb thosha se u shkaktua nga z. Tha\u00e7i dhe ai tani ka diku rreth 5 vjet q\u00eb \u00ebsht\u00eb n\u00eb burg, n\u00eb paraburgim, dhe un\u00eb ndjeva se ishte p\u00ebrgjegj\u00ebsi morale q\u00eb t\u00eb shkoja n\u00eb Hag\u00eb, si\u00e7 b\u00ebra, dhe kalova 3 dit\u00eb duke d\u00ebshmuar dhe ndonj\u00ebher\u00eb \u00ebsht\u00eb e v\u00ebshtir\u00eb sepse prokurori ishte mjaft i ashp\u00ebr p\u00ebr k\u00ebt\u00eb \u00e7\u00ebshtje, por un\u00eb ndjeja se ishte di\u00e7ka e padrejt\u00eb p\u00ebr ta mbajtur at\u00eb aty. Shqet\u00ebsimi im ishte se aty gjat\u00eb luft\u00ebs, un\u00eb pash\u00eb shum\u00eb gj\u00ebra gjat\u00eb luft\u00ebs, por asnj\u00ebher\u00eb nuk pash\u00eb Hashim Tha\u00e7in t\u00eb vriste njer\u00ebz apo t\u00eb jepte urdhra q\u00eb t\u00eb vriteshin njer\u00ebz, nuk pash di\u00e7ka t\u00eb till\u00eb. Dhe kur mu k\u00ebrkua q\u00eb t\u00eb d\u00ebshmoja, pranova\u201d, tha ai p\u00ebr Euronews-in.<\/p>\n<p>Ambasadori shprehu gjithashtu r\u00ebnd\u00ebsin\u00eb e sqarimit t\u00eb rolit t\u00eb U\u00c7K-s\u00eb, duke theksuar se nuk ishte nj\u00eb nj\u00ebsi plot\u00ebsisht e komanduar nga Tha\u00e7i, por me aktor\u00eb t\u00eb pavarur.<\/p>\n<p>\u201cMendoj se pjes\u00eb e k\u00ebsaj ideje \u00ebsht\u00eb se ajo q\u00eb po p\u00ebrpiqeshin t\u00eb thoshin prokuror\u00ebt \u00ebsht\u00eb se U\u00c7K-ja ishte nj\u00eb nj\u00ebsi shum\u00eb e organizuar dhe se urdhri jepej nga kreu dhe ekzekutohej nga personi q\u00eb ishte n\u00eb fund. Kjo ishte nj\u00eb ekzagjerim i shkall\u00ebs s\u00eb organizimit vertikal t\u00eb U\u00c7K-s\u00eb. Pra un\u00eb nuk mendoj se ka prova nga ajo koh\u00eb, ka pasur edhe aktor\u00eb t\u00eb pavarur dhe e kam p\u00ebrmendur edhe tek libri im di\u00e7ka t\u00eb till\u00eb. Ndonj\u00ebher\u00eb kur z. Tha\u00e7i binte dakord p\u00ebr di\u00e7ka n\u00eb Rambuje dhe m\u00eb pas shkonte n\u00eb sht\u00ebpi dhe k\u00ebrkohej nj\u00eb leje, un\u00eb u habita q\u00eb ishte p\u00ebrgjegj\u00ebs, por ndjeja se ishte e r\u00ebnd\u00ebsishme p\u00ebr prokurorin dhe tre gjyqtar\u00ebt n\u00eb Hag\u00eb q\u00eb t\u00eb kuptonin k\u00ebndv\u00ebshtrimin tim. Un\u00eb asnj\u00ebher\u00eb nuk e pranova iden\u00eb se kishte nj\u00eb U\u00c7K q\u00eb kishte nj\u00eb person n\u00eb krye, Tha\u00e7in, q\u00eb ishte duke dh\u00ebn\u00eb k\u00ebta urdhra. Jo, ajo q\u00eb doja t\u00eb thoja \u00ebsht\u00eb q\u00eb nuk pash\u00eb prova p\u00ebr di\u00e7ka t\u00eb till\u00eb. Dhe duhet t\u00eb jet\u00eb nj\u00eb gjykim q\u00eb duhet t\u00eb mb\u00ebshtetet mbi prova, pra ndjeva p\u00ebrgjegj\u00ebsi morale q\u00eb ta tregoja historin\u00eb si\u00e7 e ndjeva un\u00eb. Un\u00eb nuk pretendoj t\u2019i di t\u00eb gjitha por kur m\u00eb pyet\u00ebn, un\u00eb ose do thoja \u201cnuk e di\u201d ose do thoja at\u00eb q\u00eb un\u00eb dija.\u201d, u shpreh m\u00eb tutje ai.<\/p>\n","protected":false},"excerpt":{"rendered":"<p>Prishtin\u00eb 9 Dhjetor 2025 09:24 Ambasadori Christopher Hill, nj\u00eb prej diplomat\u00ebve m\u00eb t\u00eb shquar amerikan, e ish-negociatori n\u00eb Rambuje, ka komentuar d\u00ebshmin\u00eb e tij q\u00eb<\/p>\n","protected":false},"author":6,"featured_media":23303,"comment_status":"open","ping_status":"open","sticky":false,"template":"","format":"standard","meta":{"footnotes":""},"categories":[58],"tags":[],"class_list":["post-23302","post","type-post","status-publish","format-standard","has-post-thumbnail","hentry","category-politike-sq"],"yoast_head":"<!-- This site is optimized with the Yoast SEO plugin v25.3.1 - https:\/\/yoast.com\/wordpress\/plugins\/seo\/ -->\n<title>Hill p\u00ebr d\u00ebshmin\u00eb n\u00eb Hag\u00eb: S\u2019ma k\u00ebrkoi askush, e ndjeja se ishte e padrejt\u00eb q\u00eb Tha\u00e7i po mbahej aty -<\/title>\n<meta name=\"robots\" content=\"index, follow, max-snippet:-1, max-image-preview:large, max-video-preview:-1\" \/>\n<link rel=\"canonical\" href=\"https:\/\/veritasinfo.org\/?p=23302\" \/>\n<meta property=\"og:locale\" content=\"en_US\" \/>\n<meta property=\"og:type\" content=\"article\" \/>\n<meta property=\"og:title\" content=\"Hill p\u00ebr d\u00ebshmin\u00eb n\u00eb Hag\u00eb: S\u2019ma k\u00ebrkoi askush, e ndjeja se ishte e padrejt\u00eb q\u00eb Tha\u00e7i po mbahej aty -\" \/>\n<meta property=\"og:description\" content=\"Prishtin\u00eb 9 Dhjetor 2025 09:24 Ambasadori Christopher Hill, nj\u00eb prej diplomat\u00ebve m\u00eb t\u00eb shquar amerikan, e ish-negociatori n\u00eb Rambuje, ka komentuar d\u00ebshmin\u00eb e tij q\u00eb\" \/>\n<meta property=\"og:url\" content=\"https:\/\/veritasinfo.org\/?p=23302\" \/>\n<meta property=\"article:published_time\" content=\"2025-12-09T08:25:29+00:00\" \/>\n<meta property=\"article:modified_time\" content=\"2025-12-09T11:34:19+00:00\" \/>\n<meta property=\"og:image\" content=\"https:\/\/veritasinfo.org\/wp-content\/uploads\/2025\/12\/hilll.jpg\" \/>\n\t<meta property=\"og:image:width\" content=\"850\" \/>\n\t<meta property=\"og:image:height\" content=\"547\" \/>\n\t<meta property=\"og:image:type\" content=\"image\/jpeg\" \/>\n<meta name=\"author\" content=\"US5\" \/>\n<meta name=\"twitter:card\" content=\"summary_large_image\" \/>\n<meta name=\"twitter:label1\" content=\"Written by\" \/>\n\t<meta name=\"twitter:data1\" content=\"US5\" \/>\n\t<meta name=\"twitter:label2\" content=\"Est. reading time\" \/>\n\t<meta name=\"twitter:data2\" content=\"3 minutes\" \/>\n<script type=\"application\/ld+json\" class=\"yoast-schema-graph\">{\"@context\":\"https:\/\/schema.org\",\"@graph\":[{\"@type\":\"WebPage\",\"@id\":\"https:\/\/veritasinfo.org\/?p=23302\",\"url\":\"https:\/\/veritasinfo.org\/?p=23302\",\"name\":\"Hill p\u00ebr d\u00ebshmin\u00eb n\u00eb Hag\u00eb: S\u2019ma k\u00ebrkoi askush, e ndjeja se ishte e padrejt\u00eb q\u00eb Tha\u00e7i po mbahej aty -\",\"isPartOf\":{\"@id\":\"https:\/\/veritasinfo.org\/#website\"},\"primaryImageOfPage\":{\"@id\":\"https:\/\/veritasinfo.org\/?p=23302#primaryimage\"},\"image\":{\"@id\":\"https:\/\/veritasinfo.org\/?p=23302#primaryimage\"},\"thumbnailUrl\":\"https:\/\/veritasinfo.org\/wp-content\/uploads\/2025\/12\/hilll.jpg\",\"datePublished\":\"2025-12-09T08:25:29+00:00\",\"dateModified\":\"2025-12-09T11:34:19+00:00\",\"author\":{\"@id\":\"https:\/\/veritasinfo.org\/#\/schema\/person\/bc442336e35414d04494ab8fb45db4c6\"},\"breadcrumb\":{\"@id\":\"https:\/\/veritasinfo.org\/?p=23302#breadcrumb\"},\"inLanguage\":\"en-US\",\"potentialAction\":[{\"@type\":\"ReadAction\",\"target\":[\"https:\/\/veritasinfo.org\/?p=23302\"]}]},{\"@type\":\"ImageObject\",\"inLanguage\":\"en-US\",\"@id\":\"https:\/\/veritasinfo.org\/?p=23302#primaryimage\",\"url\":\"https:\/\/veritasinfo.org\/wp-content\/uploads\/2025\/12\/hilll.jpg\",\"contentUrl\":\"https:\/\/veritasinfo.org\/wp-content\/uploads\/2025\/12\/hilll.jpg\",\"width\":850,\"height\":547},{\"@type\":\"BreadcrumbList\",\"@id\":\"https:\/\/veritasinfo.org\/?p=23302#breadcrumb\",\"itemListElement\":[{\"@type\":\"ListItem\",\"position\":1,\"name\":\"Home\",\"item\":\"https:\/\/veritasinfo.org\/\"},{\"@type\":\"ListItem\",\"position\":2,\"name\":\"Hill p\u00ebr d\u00ebshmin\u00eb n\u00eb Hag\u00eb: S\u2019ma k\u00ebrkoi askush, e ndjeja se ishte e padrejt\u00eb q\u00eb Tha\u00e7i po mbahej aty\"}]},{\"@type\":\"WebSite\",\"@id\":\"https:\/\/veritasinfo.org\/#website\",\"url\":\"https:\/\/veritasinfo.org\/\",\"name\":\"\",\"description\":\"\",\"potentialAction\":[{\"@type\":\"SearchAction\",\"target\":{\"@type\":\"EntryPoint\",\"urlTemplate\":\"https:\/\/veritasinfo.org\/?s={search_term_string}\"},\"query-input\":{\"@type\":\"PropertyValueSpecification\",\"valueRequired\":true,\"valueName\":\"search_term_string\"}}],\"inLanguage\":\"en-US\"},{\"@type\":\"Person\",\"@id\":\"https:\/\/veritasinfo.org\/#\/schema\/person\/bc442336e35414d04494ab8fb45db4c6\",\"name\":\"US5\",\"image\":{\"@type\":\"ImageObject\",\"inLanguage\":\"en-US\",\"@id\":\"https:\/\/veritasinfo.org\/#\/schema\/person\/image\/\",\"url\":\"https:\/\/secure.gravatar.com\/avatar\/16a61e7272a0c5d001121ebb9e60e925d5816e4ac1e443ed3e640d9a6ae55d0c?s=96&d=mm&r=g\",\"contentUrl\":\"https:\/\/secure.gravatar.com\/avatar\/16a61e7272a0c5d001121ebb9e60e925d5816e4ac1e443ed3e640d9a6ae55d0c?s=96&d=mm&r=g\",\"caption\":\"US5\"},\"url\":\"https:\/\/veritasinfo.org\/?author=6\"}]}<\/script>\n<!-- \/ Yoast SEO plugin. -->","yoast_head_json":{"title":"Hill p\u00ebr d\u00ebshmin\u00eb n\u00eb Hag\u00eb: S\u2019ma k\u00ebrkoi askush, e ndjeja se ishte e padrejt\u00eb q\u00eb Tha\u00e7i po mbahej aty -","robots":{"index":"index","follow":"follow","max-snippet":"max-snippet:-1","max-image-preview":"max-image-preview:large","max-video-preview":"max-video-preview:-1"},"canonical":"https:\/\/veritasinfo.org\/?p=23302","og_locale":"en_US","og_type":"article","og_title":"Hill p\u00ebr d\u00ebshmin\u00eb n\u00eb Hag\u00eb: S\u2019ma k\u00ebrkoi askush, e ndjeja se ishte e padrejt\u00eb q\u00eb Tha\u00e7i po mbahej aty -","og_description":"Prishtin\u00eb 9 Dhjetor 2025 09:24 Ambasadori Christopher Hill, nj\u00eb prej diplomat\u00ebve m\u00eb t\u00eb shquar amerikan, e ish-negociatori n\u00eb Rambuje, ka komentuar d\u00ebshmin\u00eb e tij q\u00eb","og_url":"https:\/\/veritasinfo.org\/?p=23302","article_published_time":"2025-12-09T08:25:29+00:00","article_modified_time":"2025-12-09T11:34:19+00:00","og_image":[{"width":850,"height":547,"url":"https:\/\/veritasinfo.org\/wp-content\/uploads\/2025\/12\/hilll.jpg","type":"image\/jpeg"}],"author":"US5","twitter_card":"summary_large_image","twitter_misc":{"Written by":"US5","Est. reading time":"3 minutes"},"schema":{"@context":"https:\/\/schema.org","@graph":[{"@type":"WebPage","@id":"https:\/\/veritasinfo.org\/?p=23302","url":"https:\/\/veritasinfo.org\/?p=23302","name":"Hill p\u00ebr d\u00ebshmin\u00eb n\u00eb Hag\u00eb: S\u2019ma k\u00ebrkoi askush, e ndjeja se ishte e padrejt\u00eb q\u00eb Tha\u00e7i po mbahej aty -","isPartOf":{"@id":"https:\/\/veritasinfo.org\/#website"},"primaryImageOfPage":{"@id":"https:\/\/veritasinfo.org\/?p=23302#primaryimage"},"image":{"@id":"https:\/\/veritasinfo.org\/?p=23302#primaryimage"},"thumbnailUrl":"https:\/\/veritasinfo.org\/wp-content\/uploads\/2025\/12\/hilll.jpg","datePublished":"2025-12-09T08:25:29+00:00","dateModified":"2025-12-09T11:34:19+00:00","author":{"@id":"https:\/\/veritasinfo.org\/#\/schema\/person\/bc442336e35414d04494ab8fb45db4c6"},"breadcrumb":{"@id":"https:\/\/veritasinfo.org\/?p=23302#breadcrumb"},"inLanguage":"en-US","potentialAction":[{"@type":"ReadAction","target":["https:\/\/veritasinfo.org\/?p=23302"]}]},{"@type":"ImageObject","inLanguage":"en-US","@id":"https:\/\/veritasinfo.org\/?p=23302#primaryimage","url":"https:\/\/veritasinfo.org\/wp-content\/uploads\/2025\/12\/hilll.jpg","contentUrl":"https:\/\/veritasinfo.org\/wp-content\/uploads\/2025\/12\/hilll.jpg","width":850,"height":547},{"@type":"BreadcrumbList","@id":"https:\/\/veritasinfo.org\/?p=23302#breadcrumb","itemListElement":[{"@type":"ListItem","position":1,"name":"Home","item":"https:\/\/veritasinfo.org\/"},{"@type":"ListItem","position":2,"name":"Hill p\u00ebr d\u00ebshmin\u00eb n\u00eb Hag\u00eb: S\u2019ma k\u00ebrkoi askush, e ndjeja se ishte e padrejt\u00eb q\u00eb Tha\u00e7i po mbahej aty"}]},{"@type":"WebSite","@id":"https:\/\/veritasinfo.org\/#website","url":"https:\/\/veritasinfo.org\/","name":"","description":"","potentialAction":[{"@type":"SearchAction","target":{"@type":"EntryPoint","urlTemplate":"https:\/\/veritasinfo.org\/?s={search_term_string}"},"query-input":{"@type":"PropertyValueSpecification","valueRequired":true,"valueName":"search_term_string"}}],"inLanguage":"en-US"},{"@type":"Person","@id":"https:\/\/veritasinfo.org\/#\/schema\/person\/bc442336e35414d04494ab8fb45db4c6","name":"US5","image":{"@type":"ImageObject","inLanguage":"en-US","@id":"https:\/\/veritasinfo.org\/#\/schema\/person\/image\/","url":"https:\/\/secure.gravatar.com\/avatar\/16a61e7272a0c5d001121ebb9e60e925d5816e4ac1e443ed3e640d9a6ae55d0c?s=96&d=mm&r=g","contentUrl":"https:\/\/secure.gravatar.com\/avatar\/16a61e7272a0c5d001121ebb9e60e925d5816e4ac1e443ed3e640d9a6ae55d0c?s=96&d=mm&r=g","caption":"US5"},"url":"https:\/\/veritasinfo.org\/?author=6"}]}},"featured_image_urls":{"full":["https:\/\/veritasinfo.org\/wp-content\/uploads\/2025\/12\/hilll.jpg",850,547,false],"thumbnail":["https:\/\/veritasinfo.org\/wp-content\/uploads\/2025\/12\/hilll-150x150.jpg",150,150,true],"medium":["https:\/\/veritasinfo.org\/wp-content\/uploads\/2025\/12\/hilll-300x193.jpg",300,193,true],"medium_large":["https:\/\/veritasinfo.org\/wp-content\/uploads\/2025\/12\/hilll-768x494.jpg",640,412,true],"large":["https:\/\/veritasinfo.org\/wp-content\/uploads\/2025\/12\/hilll.jpg",640,412,false],"1536x1536":["https:\/\/veritasinfo.org\/wp-content\/uploads\/2025\/12\/hilll.jpg",850,547,false],"2048x2048":["https:\/\/veritasinfo.org\/wp-content\/uploads\/2025\/12\/hilll.jpg",850,547,false],"kreeti-slider-full":["https:\/\/veritasinfo.org\/wp-content\/uploads\/2025\/12\/hilll.jpg",850,547,false],"kreeti-featured":["https:\/\/veritasinfo.org\/wp-content\/uploads\/2025\/12\/hilll.jpg",850,547,false],"kreeti-medium":["https:\/\/veritasinfo.org\/wp-content\/uploads\/2025\/12\/hilll.jpg",720,463,false],"kreeti-medium-square":["https:\/\/veritasinfo.org\/wp-content\/uploads\/2025\/12\/hilll.jpg",350,225,false]},"author_info":{"info":["US5"]},"category_info":"<a href=\"https:\/\/veritasinfo.org\/?cat=58\" rel=\"category\">Politik\u00eb<\/a>","tag_info":"Politik\u00eb","comment_count":"0","_links":{"self":[{"href":"https:\/\/veritasinfo.org\/index.php?rest_route=\/wp\/v2\/posts\/23302","targetHints":{"allow":["GET"]}}],"collection":[{"href":"https:\/\/veritasinfo.org\/index.php?rest_route=\/wp\/v2\/posts"}],"about":[{"href":"https:\/\/veritasinfo.org\/index.php?rest_route=\/wp\/v2\/types\/post"}],"author":[{"embeddable":true,"href":"https:\/\/veritasinfo.org\/index.php?rest_route=\/wp\/v2\/users\/6"}],"replies":[{"embeddable":true,"href":"https:\/\/veritasinfo.org\/index.php?rest_route=%2Fwp%2Fv2%2Fcomments&post=23302"}],"version-history":[{"count":2,"href":"https:\/\/veritasinfo.org\/index.php?rest_route=\/wp\/v2\/posts\/23302\/revisions"}],"predecessor-version":[{"id":23362,"href":"https:\/\/veritasinfo.org\/index.php?rest_route=\/wp\/v2\/posts\/23302\/revisions\/23362"}],"wp:featuredmedia":[{"embeddable":true,"href":"https:\/\/veritasinfo.org\/index.php?rest_route=\/wp\/v2\/media\/23303"}],"wp:attachment":[{"href":"https:\/\/veritasinfo.org\/index.php?rest_route=%2Fwp%2Fv2%2Fmedia&parent=23302"}],"wp:term":[{"taxonomy":"category","embeddable":true,"href":"https:\/\/veritasinfo.org\/index.php?rest_route=%2Fwp%2Fv2%2Fcategories&post=23302"},{"taxonomy":"post_tag","embeddable":true,"href":"https:\/\/veritasinfo.org\/index.php?rest_route=%2Fwp%2Fv2%2Ftags&post=23302"}],"curies":[{"name":"wp","href":"https:\/\/api.w.org\/{rel}","templated":true}]}}