{"id":23297,"date":"2025-12-09T08:54:29","date_gmt":"2025-12-09T07:54:29","guid":{"rendered":"https:\/\/veritasinfo.org\/?p=23297"},"modified":"2025-12-09T08:54:29","modified_gmt":"2025-12-09T07:54:29","slug":"presidenca-reagon-pas-fotos-se-manipuluar-te-osmanit-me-brnabiqin","status":"publish","type":"post","link":"https:\/\/veritasinfo.org\/?p=23297","title":{"rendered":"Presidenca reagon pas fotos s\u00eb manipuluar t\u00eb Osmanit me Brnabiqin"},"content":{"rendered":"<p>Prishtin\u00eb 8 Dhjetor 2025 08:54<\/p>\n<p>Presidenca e Kosov\u00ebs ka reaguar ashp\u00ebr pasi nj\u00eb fotografi e manipuluar, e krijuar p\u00ebrmes mjeteve t\u00eb inteligjenc\u00ebs artificiale, ka nisur t\u00eb qarkulloj\u00eb n\u00eb rrjetet sociale, duke paraqitur n\u00eb m\u00ebnyr\u00eb t\u00eb rreme Presidenten Vjosa Osmani dhe kryeparlamentaren serbe Ana Brnabiq.<\/p>\n<p>N\u00eb reagimin zyrtar thuhet se imazhi \u00ebsht\u00eb plot\u00ebsisht i rrem\u00eb, nj\u00eb montazh me q\u00ebllim t\u00eb qart\u00eb p\u00ebr t\u00eb d\u00ebmtuar figur\u00ebn e Presidentes dhe p\u00ebr t\u00eb ushqyer narrativat e fabrikuara q\u00eb i sh\u00ebrbejn\u00eb agjendave t\u00eb huaja.<\/p>\n<p>\u201cPamja \u00ebsht\u00eb FAKE, nj\u00eb montazh i krijuar p\u00ebr t\u00eb shkaktuar konfuzion dhe p\u00ebr ta goditur Presidenten Osmani, e cila \u00e7do dit\u00eb, me seriozitet dhe integritet institucional, mbron interesat e Kosov\u00ebs dhe p\u00ebrfaq\u00ebson shtetin me dinjitet n\u00eb aren\u00ebn nd\u00ebrkomb\u00ebtare,\u201d thuhet n\u00eb reagim.<\/p>\n<p>Presidenca e cil\u00ebson k\u00ebt\u00eb veprim si t\u00eb ul\u00ebt, t\u00eb rreziksh\u00ebm dhe pjes\u00eb t\u00eb nj\u00eb fushate t\u00eb organizuar dezinformuese q\u00eb synon t\u00eb d\u00ebmtoj\u00eb udh\u00ebheqjen e vendit dhe t\u00eb minoj\u00eb stabilitetin institucional.<\/p>\n<p>\u201cPresidentja Osmani ka qen\u00eb dhe mbetet nj\u00eb z\u00eb i fuqish\u00ebm i shtet\u00ebsis\u00eb dhe dinjitetit t\u00eb Kosov\u00ebs. Asnj\u00eb foto e rreme nuk mund ta zbeh\u00eb k\u00ebt\u00eb,\u201d theksohet m\u00eb tej.<\/p>\n<p>Presidenca u b\u00ebn thirrje Policis\u00eb s\u00eb Kosov\u00ebs dhe institucioneve kompetente q\u00eb t\u00eb nd\u00ebrmarrin masa ndaj p\u00ebrhap\u00ebsve t\u00eb k\u00ebsaj dezinformate, duke paralajm\u00ebruar se veprime t\u00eb tilla cenojn\u00eb sigurin\u00eb publike dhe p\u00ebrb\u00ebjn\u00eb rrezik t\u00eb drejtp\u00ebrdrejt\u00eb p\u00ebr institucionet e vendit. <\/p>\n","protected":false},"excerpt":{"rendered":"<p>Prishtin\u00eb 8 Dhjetor 2025 08:54 Presidenca e Kosov\u00ebs ka reaguar ashp\u00ebr pasi nj\u00eb fotografi e manipuluar, e krijuar p\u00ebrmes mjeteve t\u00eb inteligjenc\u00ebs artificiale, ka nisur<\/p>\n","protected":false},"author":6,"featured_media":23298,"comment_status":"open","ping_status":"open","sticky":false,"template":"","format":"standard","meta":{"footnotes":""},"categories":[58],"tags":[],"class_list":["post-23297","post","type-post","status-publish","format-standard","has-post-thumbnail","hentry","category-politike-sq"],"yoast_head":"<!-- This site is optimized with the Yoast SEO plugin v25.3.1 - https:\/\/yoast.com\/wordpress\/plugins\/seo\/ -->\n<title>Presidenca reagon pas fotos s\u00eb manipuluar t\u00eb Osmanit me Brnabiqin -<\/title>\n<meta name=\"robots\" content=\"index, follow, max-snippet:-1, max-image-preview:large, max-video-preview:-1\" \/>\n<link rel=\"canonical\" href=\"https:\/\/veritasinfo.org\/?p=23297\" \/>\n<meta property=\"og:locale\" content=\"en_US\" \/>\n<meta property=\"og:type\" content=\"article\" \/>\n<meta property=\"og:title\" content=\"Presidenca reagon pas fotos s\u00eb manipuluar t\u00eb Osmanit me Brnabiqin -\" \/>\n<meta property=\"og:description\" content=\"Prishtin\u00eb 8 Dhjetor 2025 08:54 Presidenca e Kosov\u00ebs ka reaguar ashp\u00ebr pasi nj\u00eb fotografi e manipuluar, e krijuar p\u00ebrmes mjeteve t\u00eb inteligjenc\u00ebs artificiale, ka nisur\" \/>\n<meta property=\"og:url\" content=\"https:\/\/veritasinfo.org\/?p=23297\" \/>\n<meta property=\"article:published_time\" content=\"2025-12-09T07:54:29+00:00\" \/>\n<meta property=\"og:image\" content=\"https:\/\/veritasinfo.org\/wp-content\/uploads\/2025\/12\/image-1-1.webp\" \/>\n\t<meta property=\"og:image:width\" content=\"1245\" \/>\n\t<meta property=\"og:image:height\" content=\"700\" \/>\n\t<meta property=\"og:image:type\" content=\"image\/webp\" \/>\n<meta name=\"author\" content=\"US5\" \/>\n<meta name=\"twitter:card\" content=\"summary_large_image\" \/>\n<meta name=\"twitter:label1\" content=\"Written by\" \/>\n\t<meta name=\"twitter:data1\" content=\"US5\" \/>\n<script type=\"application\/ld+json\" class=\"yoast-schema-graph\">{\"@context\":\"https:\/\/schema.org\",\"@graph\":[{\"@type\":\"WebPage\",\"@id\":\"https:\/\/veritasinfo.org\/?p=23297\",\"url\":\"https:\/\/veritasinfo.org\/?p=23297\",\"name\":\"Presidenca reagon pas fotos s\u00eb manipuluar t\u00eb Osmanit me Brnabiqin -\",\"isPartOf\":{\"@id\":\"https:\/\/veritasinfo.org\/#website\"},\"primaryImageOfPage\":{\"@id\":\"https:\/\/veritasinfo.org\/?p=23297#primaryimage\"},\"image\":{\"@id\":\"https:\/\/veritasinfo.org\/?p=23297#primaryimage\"},\"thumbnailUrl\":\"https:\/\/veritasinfo.org\/wp-content\/uploads\/2025\/12\/image-1-1.webp\",\"datePublished\":\"2025-12-09T07:54:29+00:00\",\"author\":{\"@id\":\"https:\/\/veritasinfo.org\/#\/schema\/person\/bc442336e35414d04494ab8fb45db4c6\"},\"breadcrumb\":{\"@id\":\"https:\/\/veritasinfo.org\/?p=23297#breadcrumb\"},\"inLanguage\":\"en-US\",\"potentialAction\":[{\"@type\":\"ReadAction\",\"target\":[\"https:\/\/veritasinfo.org\/?p=23297\"]}]},{\"@type\":\"ImageObject\",\"inLanguage\":\"en-US\",\"@id\":\"https:\/\/veritasinfo.org\/?p=23297#primaryimage\",\"url\":\"https:\/\/veritasinfo.org\/wp-content\/uploads\/2025\/12\/image-1-1.webp\",\"contentUrl\":\"https:\/\/veritasinfo.org\/wp-content\/uploads\/2025\/12\/image-1-1.webp\",\"width\":1245,\"height\":700},{\"@type\":\"BreadcrumbList\",\"@id\":\"https:\/\/veritasinfo.org\/?p=23297#breadcrumb\",\"itemListElement\":[{\"@type\":\"ListItem\",\"position\":1,\"name\":\"Home\",\"item\":\"https:\/\/veritasinfo.org\/\"},{\"@type\":\"ListItem\",\"position\":2,\"name\":\"Presidenca reagon pas fotos s\u00eb manipuluar t\u00eb Osmanit me Brnabiqin\"}]},{\"@type\":\"WebSite\",\"@id\":\"https:\/\/veritasinfo.org\/#website\",\"url\":\"https:\/\/veritasinfo.org\/\",\"name\":\"\",\"description\":\"\",\"potentialAction\":[{\"@type\":\"SearchAction\",\"target\":{\"@type\":\"EntryPoint\",\"urlTemplate\":\"https:\/\/veritasinfo.org\/?s={search_term_string}\"},\"query-input\":{\"@type\":\"PropertyValueSpecification\",\"valueRequired\":true,\"valueName\":\"search_term_string\"}}],\"inLanguage\":\"en-US\"},{\"@type\":\"Person\",\"@id\":\"https:\/\/veritasinfo.org\/#\/schema\/person\/bc442336e35414d04494ab8fb45db4c6\",\"name\":\"US5\",\"image\":{\"@type\":\"ImageObject\",\"inLanguage\":\"en-US\",\"@id\":\"https:\/\/veritasinfo.org\/#\/schema\/person\/image\/\",\"url\":\"https:\/\/secure.gravatar.com\/avatar\/16a61e7272a0c5d001121ebb9e60e925d5816e4ac1e443ed3e640d9a6ae55d0c?s=96&d=mm&r=g\",\"contentUrl\":\"https:\/\/secure.gravatar.com\/avatar\/16a61e7272a0c5d001121ebb9e60e925d5816e4ac1e443ed3e640d9a6ae55d0c?s=96&d=mm&r=g\",\"caption\":\"US5\"},\"url\":\"https:\/\/veritasinfo.org\/?author=6\"}]}<\/script>\n<!-- \/ Yoast SEO plugin. -->","yoast_head_json":{"title":"Presidenca reagon pas fotos s\u00eb manipuluar t\u00eb Osmanit me Brnabiqin -","robots":{"index":"index","follow":"follow","max-snippet":"max-snippet:-1","max-image-preview":"max-image-preview:large","max-video-preview":"max-video-preview:-1"},"canonical":"https:\/\/veritasinfo.org\/?p=23297","og_locale":"en_US","og_type":"article","og_title":"Presidenca reagon pas fotos s\u00eb manipuluar t\u00eb Osmanit me Brnabiqin -","og_description":"Prishtin\u00eb 8 Dhjetor 2025 08:54 Presidenca e Kosov\u00ebs ka reaguar ashp\u00ebr pasi nj\u00eb fotografi e manipuluar, e krijuar p\u00ebrmes mjeteve t\u00eb inteligjenc\u00ebs artificiale, ka nisur","og_url":"https:\/\/veritasinfo.org\/?p=23297","article_published_time":"2025-12-09T07:54:29+00:00","og_image":[{"width":1245,"height":700,"url":"https:\/\/veritasinfo.org\/wp-content\/uploads\/2025\/12\/image-1-1.webp","type":"image\/webp"}],"author":"US5","twitter_card":"summary_large_image","twitter_misc":{"Written by":"US5"},"schema":{"@context":"https:\/\/schema.org","@graph":[{"@type":"WebPage","@id":"https:\/\/veritasinfo.org\/?p=23297","url":"https:\/\/veritasinfo.org\/?p=23297","name":"Presidenca reagon pas fotos s\u00eb manipuluar t\u00eb Osmanit me Brnabiqin -","isPartOf":{"@id":"https:\/\/veritasinfo.org\/#website"},"primaryImageOfPage":{"@id":"https:\/\/veritasinfo.org\/?p=23297#primaryimage"},"image":{"@id":"https:\/\/veritasinfo.org\/?p=23297#primaryimage"},"thumbnailUrl":"https:\/\/veritasinfo.org\/wp-content\/uploads\/2025\/12\/image-1-1.webp","datePublished":"2025-12-09T07:54:29+00:00","author":{"@id":"https:\/\/veritasinfo.org\/#\/schema\/person\/bc442336e35414d04494ab8fb45db4c6"},"breadcrumb":{"@id":"https:\/\/veritasinfo.org\/?p=23297#breadcrumb"},"inLanguage":"en-US","potentialAction":[{"@type":"ReadAction","target":["https:\/\/veritasinfo.org\/?p=23297"]}]},{"@type":"ImageObject","inLanguage":"en-US","@id":"https:\/\/veritasinfo.org\/?p=23297#primaryimage","url":"https:\/\/veritasinfo.org\/wp-content\/uploads\/2025\/12\/image-1-1.webp","contentUrl":"https:\/\/veritasinfo.org\/wp-content\/uploads\/2025\/12\/image-1-1.webp","width":1245,"height":700},{"@type":"BreadcrumbList","@id":"https:\/\/veritasinfo.org\/?p=23297#breadcrumb","itemListElement":[{"@type":"ListItem","position":1,"name":"Home","item":"https:\/\/veritasinfo.org\/"},{"@type":"ListItem","position":2,"name":"Presidenca reagon pas fotos s\u00eb manipuluar t\u00eb Osmanit me Brnabiqin"}]},{"@type":"WebSite","@id":"https:\/\/veritasinfo.org\/#website","url":"https:\/\/veritasinfo.org\/","name":"","description":"","potentialAction":[{"@type":"SearchAction","target":{"@type":"EntryPoint","urlTemplate":"https:\/\/veritasinfo.org\/?s={search_term_string}"},"query-input":{"@type":"PropertyValueSpecification","valueRequired":true,"valueName":"search_term_string"}}],"inLanguage":"en-US"},{"@type":"Person","@id":"https:\/\/veritasinfo.org\/#\/schema\/person\/bc442336e35414d04494ab8fb45db4c6","name":"US5","image":{"@type":"ImageObject","inLanguage":"en-US","@id":"https:\/\/veritasinfo.org\/#\/schema\/person\/image\/","url":"https:\/\/secure.gravatar.com\/avatar\/16a61e7272a0c5d001121ebb9e60e925d5816e4ac1e443ed3e640d9a6ae55d0c?s=96&d=mm&r=g","contentUrl":"https:\/\/secure.gravatar.com\/avatar\/16a61e7272a0c5d001121ebb9e60e925d5816e4ac1e443ed3e640d9a6ae55d0c?s=96&d=mm&r=g","caption":"US5"},"url":"https:\/\/veritasinfo.org\/?author=6"}]}},"featured_image_urls":{"full":["https:\/\/veritasinfo.org\/wp-content\/uploads\/2025\/12\/image-1-1.webp",1245,700,false],"thumbnail":["https:\/\/veritasinfo.org\/wp-content\/uploads\/2025\/12\/image-1-1-150x150.webp",150,150,true],"medium":["https:\/\/veritasinfo.org\/wp-content\/uploads\/2025\/12\/image-1-1-300x169.webp",300,169,true],"medium_large":["https:\/\/veritasinfo.org\/wp-content\/uploads\/2025\/12\/image-1-1-768x432.webp",640,360,true],"large":["https:\/\/veritasinfo.org\/wp-content\/uploads\/2025\/12\/image-1-1-1024x576.webp",640,360,true],"1536x1536":["https:\/\/veritasinfo.org\/wp-content\/uploads\/2025\/12\/image-1-1.webp",1245,700,false],"2048x2048":["https:\/\/veritasinfo.org\/wp-content\/uploads\/2025\/12\/image-1-1.webp",1245,700,false],"kreeti-slider-full":["https:\/\/veritasinfo.org\/wp-content\/uploads\/2025\/12\/image-1-1.webp",1245,700,false],"kreeti-featured":["https:\/\/veritasinfo.org\/wp-content\/uploads\/2025\/12\/image-1-1.webp",1024,576,false],"kreeti-medium":["https:\/\/veritasinfo.org\/wp-content\/uploads\/2025\/12\/image-1-1.webp",720,405,false],"kreeti-medium-square":["https:\/\/veritasinfo.org\/wp-content\/uploads\/2025\/12\/image-1-1.webp",350,197,false]},"author_info":{"info":["US5"]},"category_info":"<a href=\"https:\/\/veritasinfo.org\/?cat=58\" rel=\"category\">Politik\u00eb<\/a>","tag_info":"Politik\u00eb","comment_count":"0","_links":{"self":[{"href":"https:\/\/veritasinfo.org\/index.php?rest_route=\/wp\/v2\/posts\/23297","targetHints":{"allow":["GET"]}}],"collection":[{"href":"https:\/\/veritasinfo.org\/index.php?rest_route=\/wp\/v2\/posts"}],"about":[{"href":"https:\/\/veritasinfo.org\/index.php?rest_route=\/wp\/v2\/types\/post"}],"author":[{"embeddable":true,"href":"https:\/\/veritasinfo.org\/index.php?rest_route=\/wp\/v2\/users\/6"}],"replies":[{"embeddable":true,"href":"https:\/\/veritasinfo.org\/index.php?rest_route=%2Fwp%2Fv2%2Fcomments&post=23297"}],"version-history":[{"count":1,"href":"https:\/\/veritasinfo.org\/index.php?rest_route=\/wp\/v2\/posts\/23297\/revisions"}],"predecessor-version":[{"id":23299,"href":"https:\/\/veritasinfo.org\/index.php?rest_route=\/wp\/v2\/posts\/23297\/revisions\/23299"}],"wp:featuredmedia":[{"embeddable":true,"href":"https:\/\/veritasinfo.org\/index.php?rest_route=\/wp\/v2\/media\/23298"}],"wp:attachment":[{"href":"https:\/\/veritasinfo.org\/index.php?rest_route=%2Fwp%2Fv2%2Fmedia&parent=23297"}],"wp:term":[{"taxonomy":"category","embeddable":true,"href":"https:\/\/veritasinfo.org\/index.php?rest_route=%2Fwp%2Fv2%2Fcategories&post=23297"},{"taxonomy":"post_tag","embeddable":true,"href":"https:\/\/veritasinfo.org\/index.php?rest_route=%2Fwp%2Fv2%2Ftags&post=23297"}],"curies":[{"name":"wp","href":"https:\/\/api.w.org\/{rel}","templated":true}]}}