{"id":23287,"date":"2025-12-09T08:16:16","date_gmt":"2025-12-09T07:16:16","guid":{"rendered":"https:\/\/veritasinfo.org\/?p=23287"},"modified":"2025-12-09T08:16:16","modified_gmt":"2025-12-09T07:16:16","slug":"lista-serbe-publikon-kandidatet-per-deputete-riafirmon-nacionalizmin-e-saj","status":"publish","type":"post","link":"https:\/\/veritasinfo.org\/?p=23287","title":{"rendered":"Lista Serbe publikon kandidat\u00ebt p\u00ebr deputet\u00eb, riafirmon nacionalizmin e saj"},"content":{"rendered":"<p>Prishtin\u00eb, 09 dhjetor 2025 08:14<\/p>\n<p>Pas p\u00ebrfundimit t\u00eb afatit p\u00ebr dor\u00ebzimin e listave t\u00eb partive politike, t\u00eb gjitha subjektet q\u00eb garojn\u00eb n\u00eb zgjedhjet e 28 dhjetorit kan\u00eb dor\u00ebzuar kandidat\u00ebt e tyre n\u00eb Komisionin Qendror t\u00eb Zgjedhjeve. Nd\u00ebrkaq, Lista Serbe e ka b\u00ebr\u00eb publik lajmin p\u00ebrmes llogaris\u00eb s\u00eb saj n\u00eb Instagram, duke njoftuar dor\u00ebzimin e list\u00ebs me 33 kandidat\u00eb p\u00ebr deputet\u00eb n\u00eb Kuvendin e Republik\u00ebs s\u00eb Kosov\u00ebs.<\/p>\n<p>Kryesues i list\u00ebs \u00ebsht\u00eb presidenti i partis\u00eb, Zlatan Elek, nd\u00ebrsa n\u00eb prezantimin zyrtar Lista Serbe e p\u00ebrshkruan k\u00ebt\u00eb grup si njer\u00ebz \u201ct\u00eb suksessh\u00ebm n\u00eb planin familjar dhe profesional, me reputacion dhe njohuri, q\u00eb g\u00ebzojn\u00eb respektin e popullit serb n\u00eb Kosov\u00eb dhe Metohi\u201d. P\u00ebrdorimi i shprehjes \u201cKosova e Metohi\u201d rikthen nj\u00eb retorik\u00eb nacionaliste q\u00eb \u00ebsht\u00eb e ndaluar dhe e kontestuar, duke evidentuar nj\u00eb q\u00ebndrim politik q\u00eb sfidon shtetin e Kosov\u00ebs dhe integritetin e tij territorial.<\/p>\n<p>Shprehja e till\u00eb q\u00eb \u00ebsht\u00eb vazhdim\u00ebsi e saj, v\u00eb n\u00eb dukje se Lista Serbe, edhe p\u00ebrmes p\u00ebrzgjedhjes s\u00eb kandidat\u00ebve, vazhdon t\u00eb promovoj\u00eb agjend\u00ebn e nacionalizmit serb, duke u p\u00ebrpjekur t\u00eb riafirmoj\u00eb lidhjen e serb\u00ebve lokal\u00eb me Beogradin dhe duke marginalizuar shtet\u00ebsin\u00eb e Kosov\u00ebs. Ky zhvillim ngre pyetje p\u00ebr q\u00ebndrimin e List\u00ebs Serbe ndaj institucioneve t\u00eb Kosov\u00ebs dhe mund\u00ebsin\u00eb e ndikimit t\u00eb politik\u00ebs nacionaliste n\u00eb proceset demokratike.<\/p>\n<p>Zgjedhjet e 28 dhjetorit pritet t\u00eb jen\u00eb nj\u00eb test i r\u00ebnd\u00ebsish\u00ebm p\u00ebr nivelin e p\u00ebrfaq\u00ebsimit t\u00eb komuniteteve dhe p\u00ebrballimin e retorik\u00ebs nacionaliste q\u00eb Lista Serbe vazhdon ta p\u00ebrdor\u00eb si mjet politik.<\/p>\n","protected":false},"excerpt":{"rendered":"<p>Prishtin\u00eb, 09 dhjetor 2025 08:14 Pas p\u00ebrfundimit t\u00eb afatit p\u00ebr dor\u00ebzimin e listave t\u00eb partive politike, t\u00eb gjitha subjektet q\u00eb garojn\u00eb n\u00eb zgjedhjet e 28<\/p>\n","protected":false},"author":7,"featured_media":23293,"comment_status":"open","ping_status":"open","sticky":false,"template":"","format":"standard","meta":{"footnotes":""},"categories":[58],"tags":[],"class_list":["post-23287","post","type-post","status-publish","format-standard","has-post-thumbnail","hentry","category-politike-sq"],"yoast_head":"<!-- This site is optimized with the Yoast SEO plugin v25.3.1 - https:\/\/yoast.com\/wordpress\/plugins\/seo\/ -->\n<title>Lista Serbe publikon kandidat\u00ebt p\u00ebr deputet\u00eb, riafirmon nacionalizmin e saj -<\/title>\n<meta name=\"robots\" content=\"index, follow, max-snippet:-1, max-image-preview:large, max-video-preview:-1\" \/>\n<link rel=\"canonical\" href=\"https:\/\/veritasinfo.org\/?p=23287\" \/>\n<meta property=\"og:locale\" content=\"en_US\" \/>\n<meta property=\"og:type\" content=\"article\" \/>\n<meta property=\"og:title\" content=\"Lista Serbe publikon kandidat\u00ebt p\u00ebr deputet\u00eb, riafirmon nacionalizmin e saj -\" \/>\n<meta property=\"og:description\" content=\"Prishtin\u00eb, 09 dhjetor 2025 08:14 Pas p\u00ebrfundimit t\u00eb afatit p\u00ebr dor\u00ebzimin e listave t\u00eb partive politike, t\u00eb gjitha subjektet q\u00eb garojn\u00eb n\u00eb zgjedhjet e 28\" \/>\n<meta property=\"og:url\" content=\"https:\/\/veritasinfo.org\/?p=23287\" \/>\n<meta property=\"article:published_time\" content=\"2025-12-09T07:16:16+00:00\" \/>\n<meta property=\"og:image\" content=\"https:\/\/veritasinfo.org\/wp-content\/uploads\/2025\/12\/WhatsApp-Image-2025-12-08-at-18.44.39.jpeg\" \/>\n\t<meta property=\"og:image:width\" content=\"662\" \/>\n\t<meta property=\"og:image:height\" content=\"686\" \/>\n\t<meta property=\"og:image:type\" content=\"image\/jpeg\" \/>\n<meta name=\"author\" content=\"US6\" \/>\n<meta name=\"twitter:card\" content=\"summary_large_image\" \/>\n<meta name=\"twitter:label1\" content=\"Written by\" \/>\n\t<meta name=\"twitter:data1\" content=\"US6\" \/>\n\t<meta name=\"twitter:label2\" content=\"Est. reading time\" \/>\n\t<meta name=\"twitter:data2\" content=\"2 minutes\" \/>\n<script type=\"application\/ld+json\" class=\"yoast-schema-graph\">{\"@context\":\"https:\/\/schema.org\",\"@graph\":[{\"@type\":\"WebPage\",\"@id\":\"https:\/\/veritasinfo.org\/?p=23287\",\"url\":\"https:\/\/veritasinfo.org\/?p=23287\",\"name\":\"Lista Serbe publikon kandidat\u00ebt p\u00ebr deputet\u00eb, riafirmon nacionalizmin e saj -\",\"isPartOf\":{\"@id\":\"https:\/\/veritasinfo.org\/#website\"},\"primaryImageOfPage\":{\"@id\":\"https:\/\/veritasinfo.org\/?p=23287#primaryimage\"},\"image\":{\"@id\":\"https:\/\/veritasinfo.org\/?p=23287#primaryimage\"},\"thumbnailUrl\":\"https:\/\/veritasinfo.org\/wp-content\/uploads\/2025\/12\/WhatsApp-Image-2025-12-08-at-18.44.39.jpeg\",\"datePublished\":\"2025-12-09T07:16:16+00:00\",\"author\":{\"@id\":\"https:\/\/veritasinfo.org\/#\/schema\/person\/fe199eede04c3937362892b7444747cc\"},\"breadcrumb\":{\"@id\":\"https:\/\/veritasinfo.org\/?p=23287#breadcrumb\"},\"inLanguage\":\"en-US\",\"potentialAction\":[{\"@type\":\"ReadAction\",\"target\":[\"https:\/\/veritasinfo.org\/?p=23287\"]}]},{\"@type\":\"ImageObject\",\"inLanguage\":\"en-US\",\"@id\":\"https:\/\/veritasinfo.org\/?p=23287#primaryimage\",\"url\":\"https:\/\/veritasinfo.org\/wp-content\/uploads\/2025\/12\/WhatsApp-Image-2025-12-08-at-18.44.39.jpeg\",\"contentUrl\":\"https:\/\/veritasinfo.org\/wp-content\/uploads\/2025\/12\/WhatsApp-Image-2025-12-08-at-18.44.39.jpeg\",\"width\":662,\"height\":686},{\"@type\":\"BreadcrumbList\",\"@id\":\"https:\/\/veritasinfo.org\/?p=23287#breadcrumb\",\"itemListElement\":[{\"@type\":\"ListItem\",\"position\":1,\"name\":\"Home\",\"item\":\"https:\/\/veritasinfo.org\/\"},{\"@type\":\"ListItem\",\"position\":2,\"name\":\"Lista Serbe publikon kandidat\u00ebt p\u00ebr deputet\u00eb, riafirmon nacionalizmin e saj\"}]},{\"@type\":\"WebSite\",\"@id\":\"https:\/\/veritasinfo.org\/#website\",\"url\":\"https:\/\/veritasinfo.org\/\",\"name\":\"\",\"description\":\"\",\"potentialAction\":[{\"@type\":\"SearchAction\",\"target\":{\"@type\":\"EntryPoint\",\"urlTemplate\":\"https:\/\/veritasinfo.org\/?s={search_term_string}\"},\"query-input\":{\"@type\":\"PropertyValueSpecification\",\"valueRequired\":true,\"valueName\":\"search_term_string\"}}],\"inLanguage\":\"en-US\"},{\"@type\":\"Person\",\"@id\":\"https:\/\/veritasinfo.org\/#\/schema\/person\/fe199eede04c3937362892b7444747cc\",\"name\":\"US6\",\"image\":{\"@type\":\"ImageObject\",\"inLanguage\":\"en-US\",\"@id\":\"https:\/\/veritasinfo.org\/#\/schema\/person\/image\/\",\"url\":\"https:\/\/secure.gravatar.com\/avatar\/cb16c3c31c9d23b9b8c705964598220b3014e42ff51eb540ff23cefa3ae8c15f?s=96&d=mm&r=g\",\"contentUrl\":\"https:\/\/secure.gravatar.com\/avatar\/cb16c3c31c9d23b9b8c705964598220b3014e42ff51eb540ff23cefa3ae8c15f?s=96&d=mm&r=g\",\"caption\":\"US6\"},\"url\":\"https:\/\/veritasinfo.org\/?author=7\"}]}<\/script>\n<!-- \/ Yoast SEO plugin. -->","yoast_head_json":{"title":"Lista Serbe publikon kandidat\u00ebt p\u00ebr deputet\u00eb, riafirmon nacionalizmin e saj -","robots":{"index":"index","follow":"follow","max-snippet":"max-snippet:-1","max-image-preview":"max-image-preview:large","max-video-preview":"max-video-preview:-1"},"canonical":"https:\/\/veritasinfo.org\/?p=23287","og_locale":"en_US","og_type":"article","og_title":"Lista Serbe publikon kandidat\u00ebt p\u00ebr deputet\u00eb, riafirmon nacionalizmin e saj -","og_description":"Prishtin\u00eb, 09 dhjetor 2025 08:14 Pas p\u00ebrfundimit t\u00eb afatit p\u00ebr dor\u00ebzimin e listave t\u00eb partive politike, t\u00eb gjitha subjektet q\u00eb garojn\u00eb n\u00eb zgjedhjet e 28","og_url":"https:\/\/veritasinfo.org\/?p=23287","article_published_time":"2025-12-09T07:16:16+00:00","og_image":[{"width":662,"height":686,"url":"https:\/\/veritasinfo.org\/wp-content\/uploads\/2025\/12\/WhatsApp-Image-2025-12-08-at-18.44.39.jpeg","type":"image\/jpeg"}],"author":"US6","twitter_card":"summary_large_image","twitter_misc":{"Written by":"US6","Est. reading time":"2 minutes"},"schema":{"@context":"https:\/\/schema.org","@graph":[{"@type":"WebPage","@id":"https:\/\/veritasinfo.org\/?p=23287","url":"https:\/\/veritasinfo.org\/?p=23287","name":"Lista Serbe publikon kandidat\u00ebt p\u00ebr deputet\u00eb, riafirmon nacionalizmin e saj -","isPartOf":{"@id":"https:\/\/veritasinfo.org\/#website"},"primaryImageOfPage":{"@id":"https:\/\/veritasinfo.org\/?p=23287#primaryimage"},"image":{"@id":"https:\/\/veritasinfo.org\/?p=23287#primaryimage"},"thumbnailUrl":"https:\/\/veritasinfo.org\/wp-content\/uploads\/2025\/12\/WhatsApp-Image-2025-12-08-at-18.44.39.jpeg","datePublished":"2025-12-09T07:16:16+00:00","author":{"@id":"https:\/\/veritasinfo.org\/#\/schema\/person\/fe199eede04c3937362892b7444747cc"},"breadcrumb":{"@id":"https:\/\/veritasinfo.org\/?p=23287#breadcrumb"},"inLanguage":"en-US","potentialAction":[{"@type":"ReadAction","target":["https:\/\/veritasinfo.org\/?p=23287"]}]},{"@type":"ImageObject","inLanguage":"en-US","@id":"https:\/\/veritasinfo.org\/?p=23287#primaryimage","url":"https:\/\/veritasinfo.org\/wp-content\/uploads\/2025\/12\/WhatsApp-Image-2025-12-08-at-18.44.39.jpeg","contentUrl":"https:\/\/veritasinfo.org\/wp-content\/uploads\/2025\/12\/WhatsApp-Image-2025-12-08-at-18.44.39.jpeg","width":662,"height":686},{"@type":"BreadcrumbList","@id":"https:\/\/veritasinfo.org\/?p=23287#breadcrumb","itemListElement":[{"@type":"ListItem","position":1,"name":"Home","item":"https:\/\/veritasinfo.org\/"},{"@type":"ListItem","position":2,"name":"Lista Serbe publikon kandidat\u00ebt p\u00ebr deputet\u00eb, riafirmon nacionalizmin e saj"}]},{"@type":"WebSite","@id":"https:\/\/veritasinfo.org\/#website","url":"https:\/\/veritasinfo.org\/","name":"","description":"","potentialAction":[{"@type":"SearchAction","target":{"@type":"EntryPoint","urlTemplate":"https:\/\/veritasinfo.org\/?s={search_term_string}"},"query-input":{"@type":"PropertyValueSpecification","valueRequired":true,"valueName":"search_term_string"}}],"inLanguage":"en-US"},{"@type":"Person","@id":"https:\/\/veritasinfo.org\/#\/schema\/person\/fe199eede04c3937362892b7444747cc","name":"US6","image":{"@type":"ImageObject","inLanguage":"en-US","@id":"https:\/\/veritasinfo.org\/#\/schema\/person\/image\/","url":"https:\/\/secure.gravatar.com\/avatar\/cb16c3c31c9d23b9b8c705964598220b3014e42ff51eb540ff23cefa3ae8c15f?s=96&d=mm&r=g","contentUrl":"https:\/\/secure.gravatar.com\/avatar\/cb16c3c31c9d23b9b8c705964598220b3014e42ff51eb540ff23cefa3ae8c15f?s=96&d=mm&r=g","caption":"US6"},"url":"https:\/\/veritasinfo.org\/?author=7"}]}},"featured_image_urls":{"full":["https:\/\/veritasinfo.org\/wp-content\/uploads\/2025\/12\/WhatsApp-Image-2025-12-08-at-18.44.39.jpeg",662,686,false],"thumbnail":["https:\/\/veritasinfo.org\/wp-content\/uploads\/2025\/12\/WhatsApp-Image-2025-12-08-at-18.44.39-150x150.jpeg",150,150,true],"medium":["https:\/\/veritasinfo.org\/wp-content\/uploads\/2025\/12\/WhatsApp-Image-2025-12-08-at-18.44.39-290x300.jpeg",290,300,true],"medium_large":["https:\/\/veritasinfo.org\/wp-content\/uploads\/2025\/12\/WhatsApp-Image-2025-12-08-at-18.44.39.jpeg",640,663,false],"large":["https:\/\/veritasinfo.org\/wp-content\/uploads\/2025\/12\/WhatsApp-Image-2025-12-08-at-18.44.39.jpeg",640,663,false],"1536x1536":["https:\/\/veritasinfo.org\/wp-content\/uploads\/2025\/12\/WhatsApp-Image-2025-12-08-at-18.44.39.jpeg",662,686,false],"2048x2048":["https:\/\/veritasinfo.org\/wp-content\/uploads\/2025\/12\/WhatsApp-Image-2025-12-08-at-18.44.39.jpeg",662,686,false],"kreeti-slider-full":["https:\/\/veritasinfo.org\/wp-content\/uploads\/2025\/12\/WhatsApp-Image-2025-12-08-at-18.44.39.jpeg",662,686,false],"kreeti-featured":["https:\/\/veritasinfo.org\/wp-content\/uploads\/2025\/12\/WhatsApp-Image-2025-12-08-at-18.44.39.jpeg",662,686,false],"kreeti-medium":["https:\/\/veritasinfo.org\/wp-content\/uploads\/2025\/12\/WhatsApp-Image-2025-12-08-at-18.44.39.jpeg",511,530,false],"kreeti-medium-square":["https:\/\/veritasinfo.org\/wp-content\/uploads\/2025\/12\/WhatsApp-Image-2025-12-08-at-18.44.39.jpeg",338,350,false]},"author_info":{"info":["US6"]},"category_info":"<a href=\"https:\/\/veritasinfo.org\/?cat=58\" rel=\"category\">Politik\u00eb<\/a>","tag_info":"Politik\u00eb","comment_count":"0","_links":{"self":[{"href":"https:\/\/veritasinfo.org\/index.php?rest_route=\/wp\/v2\/posts\/23287","targetHints":{"allow":["GET"]}}],"collection":[{"href":"https:\/\/veritasinfo.org\/index.php?rest_route=\/wp\/v2\/posts"}],"about":[{"href":"https:\/\/veritasinfo.org\/index.php?rest_route=\/wp\/v2\/types\/post"}],"author":[{"embeddable":true,"href":"https:\/\/veritasinfo.org\/index.php?rest_route=\/wp\/v2\/users\/7"}],"replies":[{"embeddable":true,"href":"https:\/\/veritasinfo.org\/index.php?rest_route=%2Fwp%2Fv2%2Fcomments&post=23287"}],"version-history":[{"count":1,"href":"https:\/\/veritasinfo.org\/index.php?rest_route=\/wp\/v2\/posts\/23287\/revisions"}],"predecessor-version":[{"id":23294,"href":"https:\/\/veritasinfo.org\/index.php?rest_route=\/wp\/v2\/posts\/23287\/revisions\/23294"}],"wp:featuredmedia":[{"embeddable":true,"href":"https:\/\/veritasinfo.org\/index.php?rest_route=\/wp\/v2\/media\/23293"}],"wp:attachment":[{"href":"https:\/\/veritasinfo.org\/index.php?rest_route=%2Fwp%2Fv2%2Fmedia&parent=23287"}],"wp:term":[{"taxonomy":"category","embeddable":true,"href":"https:\/\/veritasinfo.org\/index.php?rest_route=%2Fwp%2Fv2%2Fcategories&post=23287"},{"taxonomy":"post_tag","embeddable":true,"href":"https:\/\/veritasinfo.org\/index.php?rest_route=%2Fwp%2Fv2%2Ftags&post=23287"}],"curies":[{"name":"wp","href":"https:\/\/api.w.org\/{rel}","templated":true}]}}