{"id":23236,"date":"2025-12-08T15:49:47","date_gmt":"2025-12-08T14:49:47","guid":{"rendered":"https:\/\/veritasinfo.org\/?p=23236"},"modified":"2025-12-08T15:49:47","modified_gmt":"2025-12-08T14:49:47","slug":"rexhepi-be-konfirmon-shkeljet-e-te-drejtave-te-shqiptareve-ne-serbi","status":"publish","type":"post","link":"https:\/\/veritasinfo.org\/?p=23236","title":{"rendered":"Rexhepi: BE konfirmon shkeljet e t\u00eb drejtave t\u00eb shqiptar\u00ebve n\u00eb Serbi"},"content":{"rendered":"<p>Prishtin\u00eb 8 Dhjetor 2025 15:48<\/p>\n<p>Kryetari i K\u00ebshillit Komb\u00ebtar Shqiptar n\u00eb Lugin\u00ebn e Preshev\u00ebs, Enkel Rexhepi, ka reaguar t\u00eb h\u00ebn\u00ebn pas publikimit t\u00eb raportit t\u00eb Komitetit t\u00eb Ekspert\u00ebve t\u00eb Kart\u00ebs Evropiane p\u00ebr Gjuh\u00ebt Rajonale ose t\u00eb Pakicave, duke th\u00ebn\u00eb se ky dokument nd\u00ebrkomb\u00ebtar vulos t\u00eb gjitha v\u00ebrejtjet q\u00eb K\u00ebshilli Komb\u00ebtar Shqiptar ka ngritur prej vitesh p\u00ebr moszbatimin e t\u00eb drejtave gjuh\u00ebsore t\u00eb shqiptar\u00ebve n\u00eb Serbi.<\/p>\n<p>Sipas Rexhepit, raporti konstaton qart\u00eb se gjuha shqipe, edhe pse me status zyrtar n\u00eb komunat me popullsi shqiptare, vazhdon t\u00eb mos funksionoj\u00eb n\u00eb praktik\u00eb.<\/p>\n<p>Institucionet shtet\u00ebrore serbe, thuhet n\u00eb dokumentin evropian, \u201cnuk ofrojn\u00eb dokumente, formular\u00eb, platforma digjitale, tabela informuese apo komunikim zyrtar n\u00eb gjuh\u00ebn shqipe, nd\u00ebrsa mungesa e stafit dygjuh\u00ebsh vet\u00ebm sa thellon diskriminimin\u201d.<\/p>\n<p>Ai kujtoi se rekomandimet e Kart\u00ebs Evropiane nuk jan\u00eb zbatuar q\u00eb prej vitit 2008, \u00e7ka, sipas tij, e b\u00ebn edhe m\u00eb t\u00eb r\u00ebnd\u00ebsishme vler\u00ebsimin e ekspert\u00ebve nd\u00ebrkomb\u00ebtar\u00eb q\u00eb rikonfirmojn\u00eb sakt\u00ebsin\u00eb e evidencave t\u00eb paraqitura nga K\u00ebshilli Komb\u00ebtar Shqiptar nd\u00ebr vite.<\/p>\n<p>Rexhepi rikujtoi se n\u00eb shkurt t\u00eb k\u00ebtij viti, gjat\u00eb Tryez\u00ebs s\u00eb Implementimit t\u00eb Kart\u00ebs, n\u00eb nj\u00eb takim trepal\u00ebsh mes Komitetit t\u00eb ekspert\u00ebve, K\u00ebshillit Komb\u00ebtar Shqiptar (t\u00eb p\u00ebrfaq\u00ebsuar nga Alban Alili), organizat\u00ebs \u201cThe Future\u201d dhe pal\u00ebs serbe, jan\u00eb prezantuar rekomandime t\u00eb qarta p\u00ebr p\u00ebrmir\u00ebsimin e situat\u00ebs.<\/p>\n<p>\u201cPala serbe at\u00ebher\u00eb kishte pranuar detyrimet, p\u00ebrfshir\u00eb themelimin e ekipit t\u00eb p\u00ebrkthyesve administrativ\u00eb, p\u00ebrkthimin e dokumenteve zyrtare dhe funksionalizimin e platformave n\u00eb gjuh\u00ebn shqipe. Megjithat\u00eb, raporti i fundit v\u00eb n\u00eb dukje se asnj\u00eb nga k\u00ebto hapa nuk \u00ebsht\u00eb nd\u00ebrmarr\u00eb. Asnj\u00eb takim pasues nuk \u00ebsht\u00eb thirrur dhe asnj\u00eb mas\u00eb e dakorduar nuk ka hyr\u00eb n\u00eb zbatim\u201d, konsideron Rexhepi.<\/p>\n","protected":false},"excerpt":{"rendered":"<p>Prishtin\u00eb 8 Dhjetor 2025 15:48 Kryetari i K\u00ebshillit Komb\u00ebtar Shqiptar n\u00eb Lugin\u00ebn e Preshev\u00ebs, Enkel Rexhepi, ka reaguar t\u00eb h\u00ebn\u00ebn pas publikimit t\u00eb raportit t\u00eb<\/p>\n","protected":false},"author":6,"featured_media":23237,"comment_status":"open","ping_status":"open","sticky":false,"template":"","format":"standard","meta":{"footnotes":""},"categories":[58],"tags":[],"class_list":["post-23236","post","type-post","status-publish","format-standard","has-post-thumbnail","hentry","category-politike-sq"],"yoast_head":"<!-- This site is optimized with the Yoast SEO plugin v25.3.1 - https:\/\/yoast.com\/wordpress\/plugins\/seo\/ -->\n<title>Rexhepi: BE konfirmon shkeljet e t\u00eb drejtave t\u00eb shqiptar\u00ebve n\u00eb Serbi -<\/title>\n<meta name=\"robots\" content=\"index, follow, max-snippet:-1, max-image-preview:large, max-video-preview:-1\" \/>\n<link rel=\"canonical\" href=\"https:\/\/veritasinfo.org\/?p=23236\" \/>\n<meta property=\"og:locale\" content=\"en_US\" \/>\n<meta property=\"og:type\" content=\"article\" \/>\n<meta property=\"og:title\" content=\"Rexhepi: BE konfirmon shkeljet e t\u00eb drejtave t\u00eb shqiptar\u00ebve n\u00eb Serbi -\" \/>\n<meta property=\"og:description\" content=\"Prishtin\u00eb 8 Dhjetor 2025 15:48 Kryetari i K\u00ebshillit Komb\u00ebtar Shqiptar n\u00eb Lugin\u00ebn e Preshev\u00ebs, Enkel Rexhepi, ka reaguar t\u00eb h\u00ebn\u00ebn pas publikimit t\u00eb raportit t\u00eb\" \/>\n<meta property=\"og:url\" content=\"https:\/\/veritasinfo.org\/?p=23236\" \/>\n<meta property=\"article:published_time\" content=\"2025-12-08T14:49:47+00:00\" \/>\n<meta property=\"og:image\" content=\"https:\/\/veritasinfo.org\/wp-content\/uploads\/2025\/12\/176520453326455602369800858989.webp\" \/>\n\t<meta property=\"og:image:width\" content=\"596\" \/>\n\t<meta property=\"og:image:height\" content=\"335\" \/>\n\t<meta property=\"og:image:type\" content=\"image\/webp\" \/>\n<meta name=\"author\" content=\"US5\" \/>\n<meta name=\"twitter:card\" content=\"summary_large_image\" \/>\n<meta name=\"twitter:label1\" content=\"Written by\" \/>\n\t<meta name=\"twitter:data1\" content=\"US5\" \/>\n<script type=\"application\/ld+json\" class=\"yoast-schema-graph\">{\"@context\":\"https:\/\/schema.org\",\"@graph\":[{\"@type\":\"WebPage\",\"@id\":\"https:\/\/veritasinfo.org\/?p=23236\",\"url\":\"https:\/\/veritasinfo.org\/?p=23236\",\"name\":\"Rexhepi: BE konfirmon shkeljet e t\u00eb drejtave t\u00eb shqiptar\u00ebve n\u00eb Serbi -\",\"isPartOf\":{\"@id\":\"https:\/\/veritasinfo.org\/#website\"},\"primaryImageOfPage\":{\"@id\":\"https:\/\/veritasinfo.org\/?p=23236#primaryimage\"},\"image\":{\"@id\":\"https:\/\/veritasinfo.org\/?p=23236#primaryimage\"},\"thumbnailUrl\":\"https:\/\/veritasinfo.org\/wp-content\/uploads\/2025\/12\/176520453326455602369800858989.webp\",\"datePublished\":\"2025-12-08T14:49:47+00:00\",\"author\":{\"@id\":\"https:\/\/veritasinfo.org\/#\/schema\/person\/bc442336e35414d04494ab8fb45db4c6\"},\"breadcrumb\":{\"@id\":\"https:\/\/veritasinfo.org\/?p=23236#breadcrumb\"},\"inLanguage\":\"en-US\",\"potentialAction\":[{\"@type\":\"ReadAction\",\"target\":[\"https:\/\/veritasinfo.org\/?p=23236\"]}]},{\"@type\":\"ImageObject\",\"inLanguage\":\"en-US\",\"@id\":\"https:\/\/veritasinfo.org\/?p=23236#primaryimage\",\"url\":\"https:\/\/veritasinfo.org\/wp-content\/uploads\/2025\/12\/176520453326455602369800858989.webp\",\"contentUrl\":\"https:\/\/veritasinfo.org\/wp-content\/uploads\/2025\/12\/176520453326455602369800858989.webp\",\"width\":596,\"height\":335},{\"@type\":\"BreadcrumbList\",\"@id\":\"https:\/\/veritasinfo.org\/?p=23236#breadcrumb\",\"itemListElement\":[{\"@type\":\"ListItem\",\"position\":1,\"name\":\"Home\",\"item\":\"https:\/\/veritasinfo.org\/\"},{\"@type\":\"ListItem\",\"position\":2,\"name\":\"Rexhepi: BE konfirmon shkeljet e t\u00eb drejtave t\u00eb shqiptar\u00ebve n\u00eb Serbi\"}]},{\"@type\":\"WebSite\",\"@id\":\"https:\/\/veritasinfo.org\/#website\",\"url\":\"https:\/\/veritasinfo.org\/\",\"name\":\"\",\"description\":\"\",\"potentialAction\":[{\"@type\":\"SearchAction\",\"target\":{\"@type\":\"EntryPoint\",\"urlTemplate\":\"https:\/\/veritasinfo.org\/?s={search_term_string}\"},\"query-input\":{\"@type\":\"PropertyValueSpecification\",\"valueRequired\":true,\"valueName\":\"search_term_string\"}}],\"inLanguage\":\"en-US\"},{\"@type\":\"Person\",\"@id\":\"https:\/\/veritasinfo.org\/#\/schema\/person\/bc442336e35414d04494ab8fb45db4c6\",\"name\":\"US5\",\"image\":{\"@type\":\"ImageObject\",\"inLanguage\":\"en-US\",\"@id\":\"https:\/\/veritasinfo.org\/#\/schema\/person\/image\/\",\"url\":\"https:\/\/secure.gravatar.com\/avatar\/16a61e7272a0c5d001121ebb9e60e925d5816e4ac1e443ed3e640d9a6ae55d0c?s=96&d=mm&r=g\",\"contentUrl\":\"https:\/\/secure.gravatar.com\/avatar\/16a61e7272a0c5d001121ebb9e60e925d5816e4ac1e443ed3e640d9a6ae55d0c?s=96&d=mm&r=g\",\"caption\":\"US5\"},\"url\":\"https:\/\/veritasinfo.org\/?author=6\"}]}<\/script>\n<!-- \/ Yoast SEO plugin. -->","yoast_head_json":{"title":"Rexhepi: BE konfirmon shkeljet e t\u00eb drejtave t\u00eb shqiptar\u00ebve n\u00eb Serbi -","robots":{"index":"index","follow":"follow","max-snippet":"max-snippet:-1","max-image-preview":"max-image-preview:large","max-video-preview":"max-video-preview:-1"},"canonical":"https:\/\/veritasinfo.org\/?p=23236","og_locale":"en_US","og_type":"article","og_title":"Rexhepi: BE konfirmon shkeljet e t\u00eb drejtave t\u00eb shqiptar\u00ebve n\u00eb Serbi -","og_description":"Prishtin\u00eb 8 Dhjetor 2025 15:48 Kryetari i K\u00ebshillit Komb\u00ebtar Shqiptar n\u00eb Lugin\u00ebn e Preshev\u00ebs, Enkel Rexhepi, ka reaguar t\u00eb h\u00ebn\u00ebn pas publikimit t\u00eb raportit t\u00eb","og_url":"https:\/\/veritasinfo.org\/?p=23236","article_published_time":"2025-12-08T14:49:47+00:00","og_image":[{"width":596,"height":335,"url":"https:\/\/veritasinfo.org\/wp-content\/uploads\/2025\/12\/176520453326455602369800858989.webp","type":"image\/webp"}],"author":"US5","twitter_card":"summary_large_image","twitter_misc":{"Written by":"US5"},"schema":{"@context":"https:\/\/schema.org","@graph":[{"@type":"WebPage","@id":"https:\/\/veritasinfo.org\/?p=23236","url":"https:\/\/veritasinfo.org\/?p=23236","name":"Rexhepi: BE konfirmon shkeljet e t\u00eb drejtave t\u00eb shqiptar\u00ebve n\u00eb Serbi -","isPartOf":{"@id":"https:\/\/veritasinfo.org\/#website"},"primaryImageOfPage":{"@id":"https:\/\/veritasinfo.org\/?p=23236#primaryimage"},"image":{"@id":"https:\/\/veritasinfo.org\/?p=23236#primaryimage"},"thumbnailUrl":"https:\/\/veritasinfo.org\/wp-content\/uploads\/2025\/12\/176520453326455602369800858989.webp","datePublished":"2025-12-08T14:49:47+00:00","author":{"@id":"https:\/\/veritasinfo.org\/#\/schema\/person\/bc442336e35414d04494ab8fb45db4c6"},"breadcrumb":{"@id":"https:\/\/veritasinfo.org\/?p=23236#breadcrumb"},"inLanguage":"en-US","potentialAction":[{"@type":"ReadAction","target":["https:\/\/veritasinfo.org\/?p=23236"]}]},{"@type":"ImageObject","inLanguage":"en-US","@id":"https:\/\/veritasinfo.org\/?p=23236#primaryimage","url":"https:\/\/veritasinfo.org\/wp-content\/uploads\/2025\/12\/176520453326455602369800858989.webp","contentUrl":"https:\/\/veritasinfo.org\/wp-content\/uploads\/2025\/12\/176520453326455602369800858989.webp","width":596,"height":335},{"@type":"BreadcrumbList","@id":"https:\/\/veritasinfo.org\/?p=23236#breadcrumb","itemListElement":[{"@type":"ListItem","position":1,"name":"Home","item":"https:\/\/veritasinfo.org\/"},{"@type":"ListItem","position":2,"name":"Rexhepi: BE konfirmon shkeljet e t\u00eb drejtave t\u00eb shqiptar\u00ebve n\u00eb Serbi"}]},{"@type":"WebSite","@id":"https:\/\/veritasinfo.org\/#website","url":"https:\/\/veritasinfo.org\/","name":"","description":"","potentialAction":[{"@type":"SearchAction","target":{"@type":"EntryPoint","urlTemplate":"https:\/\/veritasinfo.org\/?s={search_term_string}"},"query-input":{"@type":"PropertyValueSpecification","valueRequired":true,"valueName":"search_term_string"}}],"inLanguage":"en-US"},{"@type":"Person","@id":"https:\/\/veritasinfo.org\/#\/schema\/person\/bc442336e35414d04494ab8fb45db4c6","name":"US5","image":{"@type":"ImageObject","inLanguage":"en-US","@id":"https:\/\/veritasinfo.org\/#\/schema\/person\/image\/","url":"https:\/\/secure.gravatar.com\/avatar\/16a61e7272a0c5d001121ebb9e60e925d5816e4ac1e443ed3e640d9a6ae55d0c?s=96&d=mm&r=g","contentUrl":"https:\/\/secure.gravatar.com\/avatar\/16a61e7272a0c5d001121ebb9e60e925d5816e4ac1e443ed3e640d9a6ae55d0c?s=96&d=mm&r=g","caption":"US5"},"url":"https:\/\/veritasinfo.org\/?author=6"}]}},"featured_image_urls":{"full":["https:\/\/veritasinfo.org\/wp-content\/uploads\/2025\/12\/176520453326455602369800858989.webp",596,335,false],"thumbnail":["https:\/\/veritasinfo.org\/wp-content\/uploads\/2025\/12\/176520453326455602369800858989-150x150.webp",150,150,true],"medium":["https:\/\/veritasinfo.org\/wp-content\/uploads\/2025\/12\/176520453326455602369800858989-300x169.webp",300,169,true],"medium_large":["https:\/\/veritasinfo.org\/wp-content\/uploads\/2025\/12\/176520453326455602369800858989.webp",596,335,false],"large":["https:\/\/veritasinfo.org\/wp-content\/uploads\/2025\/12\/176520453326455602369800858989.webp",596,335,false],"1536x1536":["https:\/\/veritasinfo.org\/wp-content\/uploads\/2025\/12\/176520453326455602369800858989.webp",596,335,false],"2048x2048":["https:\/\/veritasinfo.org\/wp-content\/uploads\/2025\/12\/176520453326455602369800858989.webp",596,335,false],"kreeti-slider-full":["https:\/\/veritasinfo.org\/wp-content\/uploads\/2025\/12\/176520453326455602369800858989.webp",596,335,false],"kreeti-featured":["https:\/\/veritasinfo.org\/wp-content\/uploads\/2025\/12\/176520453326455602369800858989.webp",596,335,false],"kreeti-medium":["https:\/\/veritasinfo.org\/wp-content\/uploads\/2025\/12\/176520453326455602369800858989.webp",596,335,false],"kreeti-medium-square":["https:\/\/veritasinfo.org\/wp-content\/uploads\/2025\/12\/176520453326455602369800858989.webp",350,197,false]},"author_info":{"info":["US5"]},"category_info":"<a href=\"https:\/\/veritasinfo.org\/?cat=58\" rel=\"category\">Politik\u00eb<\/a>","tag_info":"Politik\u00eb","comment_count":"0","_links":{"self":[{"href":"https:\/\/veritasinfo.org\/index.php?rest_route=\/wp\/v2\/posts\/23236","targetHints":{"allow":["GET"]}}],"collection":[{"href":"https:\/\/veritasinfo.org\/index.php?rest_route=\/wp\/v2\/posts"}],"about":[{"href":"https:\/\/veritasinfo.org\/index.php?rest_route=\/wp\/v2\/types\/post"}],"author":[{"embeddable":true,"href":"https:\/\/veritasinfo.org\/index.php?rest_route=\/wp\/v2\/users\/6"}],"replies":[{"embeddable":true,"href":"https:\/\/veritasinfo.org\/index.php?rest_route=%2Fwp%2Fv2%2Fcomments&post=23236"}],"version-history":[{"count":1,"href":"https:\/\/veritasinfo.org\/index.php?rest_route=\/wp\/v2\/posts\/23236\/revisions"}],"predecessor-version":[{"id":23238,"href":"https:\/\/veritasinfo.org\/index.php?rest_route=\/wp\/v2\/posts\/23236\/revisions\/23238"}],"wp:featuredmedia":[{"embeddable":true,"href":"https:\/\/veritasinfo.org\/index.php?rest_route=\/wp\/v2\/media\/23237"}],"wp:attachment":[{"href":"https:\/\/veritasinfo.org\/index.php?rest_route=%2Fwp%2Fv2%2Fmedia&parent=23236"}],"wp:term":[{"taxonomy":"category","embeddable":true,"href":"https:\/\/veritasinfo.org\/index.php?rest_route=%2Fwp%2Fv2%2Fcategories&post=23236"},{"taxonomy":"post_tag","embeddable":true,"href":"https:\/\/veritasinfo.org\/index.php?rest_route=%2Fwp%2Fv2%2Ftags&post=23236"}],"curies":[{"name":"wp","href":"https:\/\/api.w.org\/{rel}","templated":true}]}}