{"id":2321,"date":"2025-07-03T07:37:17","date_gmt":"2025-07-03T05:37:17","guid":{"rendered":"https:\/\/veritasinfo.org\/?p=2321"},"modified":"2025-07-03T07:44:13","modified_gmt":"2025-07-03T05:44:13","slug":"franca-dhe-zvicra-mbyllin-centralet-berthamore-per-shkak-te-vales-se-te-nxehtit","status":"publish","type":"post","link":"https:\/\/veritasinfo.org\/?p=2321","title":{"rendered":"Franca dhe Zvicra mbyllin centralet b\u00ebrthamore p\u00ebr shkak t\u00eb val\u00ebs s\u00eb t\u00eb nxehtit"},"content":{"rendered":"<p>Paris\/Bern, 03 Korrik 2025<\/p>\n<p>P\u00ebr shkak t\u00eb nj\u00eb vale t\u00eb t\u00eb nxehtit q\u00eb \u00ebsht\u00eb p\u00ebrhapur n\u00eb t\u00eb gjith\u00eb Evrop\u00ebn dit\u00ebt e fundit, nj\u00eb num\u00ebr termocentralesh b\u00ebrthamore n\u00eb Zvic\u00ebr dhe Franc\u00eb jan\u00eb detyruar ose t\u00eb zvog\u00eblojn\u00eb aktivitetin ose t\u00eb mbyllen plot\u00ebsisht, pasi temperaturat ekstreme i kan\u00eb penguar vendet t\u00eb mb\u00ebshteten n\u00eb ujin nga lumenjt\u00eb lokal\u00eb.<\/p>\n<div class=\"code-block code-block-5\">\n<div id=\"beacon_31e75f9ff9\"><img decoding=\"async\" src=\"https:\/\/ads2.indeksonline.net\/www\/delivery\/lg.php?bannerid=0&amp;campaignid=0&amp;zoneid=217&amp;loc=https%3A%2F%2Findeksonline.net%2Ffranca-dhe-zvicra-mbyllin-centralet-berthamore-per-shkak-te-vales-se-te-nxehtit%2F&amp;cb=31e75f9ff9\" alt=\"\" width=\"0\" height=\"0\" \/>P\u00ebr t\u2019u ftohur, termocentralet b\u00ebrthamore pompojn\u00eb uj\u00eb nga lumenjt\u00eb lokal\u00eb ose deti, t\u00eb cilin m\u00eb pas e l\u00ebshojn\u00eb p\u00ebrs\u00ebri n\u00eb lumenj ose deti me nj\u00eb temperatur\u00eb m\u00eb t\u00eb lart\u00eb.<\/div>\n<\/div>\n<p>Megjithat\u00eb, vala e vazhdueshme e nxeht\u00ebsis\u00eb n\u00eb Evrop\u00eb do t\u00eb thot\u00eb q\u00eb uji i pompuar nga termocentralet b\u00ebrthamore \u00ebsht\u00eb tashm\u00eb shum\u00eb i nxeht\u00eb, duke ndikuar n\u00eb aft\u00ebsin\u00eb e termocentraleve b\u00ebrthamore p\u00ebr ta p\u00ebrdorur at\u00eb p\u00ebr t\u2019u ftohur. P\u00ebr m\u00eb tep\u00ebr, termocentralet b\u00ebrthamore mund t\u00eb paraqesin nj\u00eb k\u00ebrc\u00ebnim t\u00eb rreziksh\u00ebm p\u00ebr biodiversitetin lokal, duke l\u00ebshuar uj\u00eb shum\u00eb t\u00eb nxeht\u00eb n\u00eb lumenj dhe dete.<\/p>\n<p>\u201cAxpo\u201d \u2013 e cila operon centralin b\u00ebrthamor Beznau n\u00eb Zvic\u00ebr \u2013 tha se kishte mbyllur nj\u00eb nga reaktor\u00ebt e saj t\u00eb mart\u00ebn, duke shtuar se nj\u00eb reaktor i dyt\u00eb po funksiononte me kapacitet t\u00eb kufizuar.<\/p>\n<div class=\"code-block code-block-7\">\n<p>\u201cP\u00ebr shkak t\u00eb temperaturave t\u00eb larta t\u00eb ujit t\u00eb lumit, \u201cAxpo\u201d ka ulur gjithnj\u00eb e m\u00eb shum\u00eb prodhimin e dy nj\u00ebsive t\u00eb reaktorit n\u00eb termocentralin b\u00ebrthamor \u201cBeznau\u201d p\u00ebr dit\u00eb t\u00eb t\u00ebra dhe e uli at\u00eb n\u00eb 50 p\u00ebr qind t\u00eb diel\u00ebn\u201d, tha operatori.<\/p>\n<\/div>\n<p>Reaktor\u00ebt e termocentralit b\u00ebrthamor \u201cBeznau\u201d ndodhen direkt n\u00eb lumin Aare, ku temperaturat kan\u00eb arritur 25 grad\u00eb Celsius n\u00eb dit\u00ebt e fundit, duke e detyruar Axpo t\u00eb kufizoj\u00eb aktivitetet e saj p\u00ebr t\u00eb parandaluar \u201cngrohjen e tep\u00ebrt t\u00eb ujiti cili \u00ebsht\u00eb tashm\u00eb i ngroht\u00eb\u201d, kjo mund t\u00eb d\u00ebmtoj\u00eb biodiversitetin lokal.<\/p>\n<p>Edhe pse Zvicra ka vendosur t\u00eb heq\u00eb gradualisht energjin\u00eb b\u00ebrthamore deri n\u00eb vitin 2033, termocentralet ekzistuese jan\u00eb n\u00eb gjendje t\u00eb vazhdojn\u00eb t\u00eb funksionojn\u00eb p\u00ebr sa koh\u00eb q\u00eb jan\u00eb t\u00eb sigurta.<\/p>\n<p>Nd\u00ebrkoh\u00eb, t\u00eb h\u00ebn\u00ebn, kompania franceze e energjis\u00eb elektrike EDF mbylli termocentralin b\u00ebrthamor \u201cGolfech\u201d, t\u00eb vendosur n\u00eb departamentin jugor t\u00eb Tarn-et-Garonne, mes paralajm\u00ebrimeve p\u00ebr nxeht\u00ebsi ekstreme n\u00eb rajon dhe shqet\u00ebsimeve se lumi lokal mund t\u00eb nxehet deri n\u00eb 28 grad\u00eb.<\/p>\n<p>Franca ka gjithsej 57 reaktor\u00eb b\u00ebrthamor\u00eb aktiv\u00eb n\u00eb 18 termocentrale. Sipas EDF, vendi merr rreth 65% t\u00eb energjis\u00eb elektrike nga energjia b\u00ebrthamore, t\u00eb cil\u00ebn qeveria e konsideron si miq\u00ebsore me mjedisin.<\/p>\n<p>Prodhimi \u00ebsht\u00eb zvog\u00ebluar edhe n\u00eb vende t\u00eb tjera, duke p\u00ebrfshir\u00eb termocentralin b\u00ebrthamor \u201cBlayais\u201d n\u00eb Franc\u00ebn per\u00ebndimore, si dhe termocentralin b\u00ebrthamor \u201cBugey\u201d n\u00eb Franc\u00ebn jugore, i cili gjithashtu mund t\u00eb mbyllet, duke marr\u00eb ujin e tyre ftoh\u00ebs nga lumenjt\u00eb Gironde dhe Rh\u00f4ne.<\/p>\n<p>Edhe pse prodhimi i energjis\u00eb b\u00ebrthamore \u00ebsht\u00eb dashur t\u00eb kufizohet p\u00ebr shkak t\u00eb nxeht\u00ebsis\u00eb ekstreme, ndikimi n\u00eb rrjetin energjetik t\u00eb Franc\u00ebs mbetet i kufizuar, pavar\u00ebsisht faktit se po p\u00ebrdoret m\u00eb shum\u00eb energji elektrike p\u00ebr t\u00eb ftohur nd\u00ebrtesat dhe p\u00ebr t\u00eb drejtuar sistemet e ajrit t\u00eb kondicionuar.<\/p>\n<p>Duke folur p\u00ebr transmetuesin FranceInfo, operatori francez i rrjetit RTE siguroi q\u00eb \u201ct\u00eb gjitha vendet e energjis\u00eb b\u00ebrthamore q\u00eb jan\u00eb n\u00eb funksion jan\u00eb n\u00eb gjendje t\u00eb mbulojn\u00eb nevojat e popullsis\u00eb franceze. Franca prodhon m\u00eb shum\u00eb energji elektrike sesa konsumon, pasi aktualisht eksporton energji elektrike n\u00eb vendet fqinje\u201d.<\/p>\n<p>Megjithat\u00eb, ekspert\u00ebt parashikojn\u00eb se kulmet e konsumit t\u00eb energjis\u00eb gjat\u00eb val\u00ebve t\u00eb t\u00eb nxehtit do t\u00eb b\u00ebhen vet\u00ebm m\u00eb t\u00eb shpeshta, nd\u00ebrsa temperaturat globale vazhdojn\u00eb t\u00eb rriten,<\/p>\n<p>&nbsp;<\/p>\n","protected":false},"excerpt":{"rendered":"<p>Paris\/Bern, 03 Korrik 2025 P\u00ebr shkak t\u00eb nj\u00eb vale t\u00eb t\u00eb nxehtit q\u00eb \u00ebsht\u00eb p\u00ebrhapur n\u00eb t\u00eb gjith\u00eb Evrop\u00ebn dit\u00ebt e fundit, nj\u00eb num\u00ebr termocentralesh<\/p>\n","protected":false},"author":1,"featured_media":2322,"comment_status":"open","ping_status":"open","sticky":false,"template":"","format":"standard","meta":{"footnotes":""},"categories":[72],"tags":[],"class_list":["post-2321","post","type-post","status-publish","format-standard","has-post-thumbnail","hentry","category-bota"],"yoast_head":"<!-- This site is optimized with the Yoast SEO plugin v25.3.1 - https:\/\/yoast.com\/wordpress\/plugins\/seo\/ -->\n<title>Franca dhe Zvicra mbyllin centralet b\u00ebrthamore p\u00ebr shkak t\u00eb val\u00ebs s\u00eb t\u00eb nxehtit -<\/title>\n<meta name=\"robots\" content=\"index, follow, max-snippet:-1, max-image-preview:large, max-video-preview:-1\" \/>\n<link rel=\"canonical\" href=\"https:\/\/veritasinfo.org\/?p=2321\" \/>\n<meta property=\"og:locale\" content=\"en_US\" \/>\n<meta property=\"og:type\" content=\"article\" \/>\n<meta property=\"og:title\" content=\"Franca dhe Zvicra mbyllin centralet b\u00ebrthamore p\u00ebr shkak t\u00eb val\u00ebs s\u00eb t\u00eb nxehtit -\" \/>\n<meta property=\"og:description\" content=\"Paris\/Bern, 03 Korrik 2025 P\u00ebr shkak t\u00eb nj\u00eb vale t\u00eb t\u00eb nxehtit q\u00eb \u00ebsht\u00eb p\u00ebrhapur n\u00eb t\u00eb gjith\u00eb Evrop\u00ebn dit\u00ebt e fundit, nj\u00eb num\u00ebr termocentralesh\" \/>\n<meta property=\"og:url\" content=\"https:\/\/veritasinfo.org\/?p=2321\" \/>\n<meta property=\"article:published_time\" content=\"2025-07-03T05:37:17+00:00\" \/>\n<meta property=\"article:modified_time\" content=\"2025-07-03T05:44:13+00:00\" \/>\n<meta property=\"og:image\" content=\"https:\/\/veritasinfo.org\/wp-content\/uploads\/2025\/07\/IMG_1683.jpeg\" \/>\n\t<meta property=\"og:image:width\" content=\"843\" \/>\n\t<meta property=\"og:image:height\" content=\"441\" \/>\n\t<meta property=\"og:image:type\" content=\"image\/jpeg\" \/>\n<meta name=\"author\" content=\"admin\" \/>\n<meta name=\"twitter:card\" content=\"summary_large_image\" \/>\n<meta name=\"twitter:label1\" content=\"Written by\" \/>\n\t<meta name=\"twitter:data1\" content=\"admin\" \/>\n\t<meta name=\"twitter:label2\" content=\"Est. reading time\" \/>\n\t<meta name=\"twitter:data2\" content=\"3 minutes\" \/>\n<script type=\"application\/ld+json\" class=\"yoast-schema-graph\">{\"@context\":\"https:\/\/schema.org\",\"@graph\":[{\"@type\":\"WebPage\",\"@id\":\"https:\/\/veritasinfo.org\/?p=2321\",\"url\":\"https:\/\/veritasinfo.org\/?p=2321\",\"name\":\"Franca dhe Zvicra mbyllin centralet b\u00ebrthamore p\u00ebr shkak t\u00eb val\u00ebs s\u00eb t\u00eb nxehtit -\",\"isPartOf\":{\"@id\":\"https:\/\/veritasinfo.org\/#website\"},\"primaryImageOfPage\":{\"@id\":\"https:\/\/veritasinfo.org\/?p=2321#primaryimage\"},\"image\":{\"@id\":\"https:\/\/veritasinfo.org\/?p=2321#primaryimage\"},\"thumbnailUrl\":\"https:\/\/veritasinfo.org\/wp-content\/uploads\/2025\/07\/IMG_1683.jpeg\",\"datePublished\":\"2025-07-03T05:37:17+00:00\",\"dateModified\":\"2025-07-03T05:44:13+00:00\",\"author\":{\"@id\":\"https:\/\/veritasinfo.org\/#\/schema\/person\/7701f8c088bece422266b100a712374f\"},\"breadcrumb\":{\"@id\":\"https:\/\/veritasinfo.org\/?p=2321#breadcrumb\"},\"inLanguage\":\"en-US\",\"potentialAction\":[{\"@type\":\"ReadAction\",\"target\":[\"https:\/\/veritasinfo.org\/?p=2321\"]}]},{\"@type\":\"ImageObject\",\"inLanguage\":\"en-US\",\"@id\":\"https:\/\/veritasinfo.org\/?p=2321#primaryimage\",\"url\":\"https:\/\/veritasinfo.org\/wp-content\/uploads\/2025\/07\/IMG_1683.jpeg\",\"contentUrl\":\"https:\/\/veritasinfo.org\/wp-content\/uploads\/2025\/07\/IMG_1683.jpeg\",\"width\":843,\"height\":441},{\"@type\":\"BreadcrumbList\",\"@id\":\"https:\/\/veritasinfo.org\/?p=2321#breadcrumb\",\"itemListElement\":[{\"@type\":\"ListItem\",\"position\":1,\"name\":\"Home\",\"item\":\"https:\/\/veritasinfo.org\/\"},{\"@type\":\"ListItem\",\"position\":2,\"name\":\"Franca dhe Zvicra mbyllin centralet b\u00ebrthamore p\u00ebr shkak t\u00eb val\u00ebs s\u00eb t\u00eb nxehtit\"}]},{\"@type\":\"WebSite\",\"@id\":\"https:\/\/veritasinfo.org\/#website\",\"url\":\"https:\/\/veritasinfo.org\/\",\"name\":\"\",\"description\":\"\",\"potentialAction\":[{\"@type\":\"SearchAction\",\"target\":{\"@type\":\"EntryPoint\",\"urlTemplate\":\"https:\/\/veritasinfo.org\/?s={search_term_string}\"},\"query-input\":{\"@type\":\"PropertyValueSpecification\",\"valueRequired\":true,\"valueName\":\"search_term_string\"}}],\"inLanguage\":\"en-US\"},{\"@type\":\"Person\",\"@id\":\"https:\/\/veritasinfo.org\/#\/schema\/person\/7701f8c088bece422266b100a712374f\",\"name\":\"admin\",\"image\":{\"@type\":\"ImageObject\",\"inLanguage\":\"en-US\",\"@id\":\"https:\/\/veritasinfo.org\/#\/schema\/person\/image\/\",\"url\":\"https:\/\/secure.gravatar.com\/avatar\/ea53aa3bf6c9a12d5fde8ce4deff43fef3885ae33cf60184161a50d6987cfd2f?s=96&d=mm&r=g\",\"contentUrl\":\"https:\/\/secure.gravatar.com\/avatar\/ea53aa3bf6c9a12d5fde8ce4deff43fef3885ae33cf60184161a50d6987cfd2f?s=96&d=mm&r=g\",\"caption\":\"admin\"},\"sameAs\":[\"https:\/\/veritasinfo.org\"],\"url\":\"https:\/\/veritasinfo.org\/?author=1\"}]}<\/script>\n<!-- \/ Yoast SEO plugin. -->","yoast_head_json":{"title":"Franca dhe Zvicra mbyllin centralet b\u00ebrthamore p\u00ebr shkak t\u00eb val\u00ebs s\u00eb t\u00eb nxehtit -","robots":{"index":"index","follow":"follow","max-snippet":"max-snippet:-1","max-image-preview":"max-image-preview:large","max-video-preview":"max-video-preview:-1"},"canonical":"https:\/\/veritasinfo.org\/?p=2321","og_locale":"en_US","og_type":"article","og_title":"Franca dhe Zvicra mbyllin centralet b\u00ebrthamore p\u00ebr shkak t\u00eb val\u00ebs s\u00eb t\u00eb nxehtit -","og_description":"Paris\/Bern, 03 Korrik 2025 P\u00ebr shkak t\u00eb nj\u00eb vale t\u00eb t\u00eb nxehtit q\u00eb \u00ebsht\u00eb p\u00ebrhapur n\u00eb t\u00eb gjith\u00eb Evrop\u00ebn dit\u00ebt e fundit, nj\u00eb num\u00ebr termocentralesh","og_url":"https:\/\/veritasinfo.org\/?p=2321","article_published_time":"2025-07-03T05:37:17+00:00","article_modified_time":"2025-07-03T05:44:13+00:00","og_image":[{"width":843,"height":441,"url":"https:\/\/veritasinfo.org\/wp-content\/uploads\/2025\/07\/IMG_1683.jpeg","type":"image\/jpeg"}],"author":"admin","twitter_card":"summary_large_image","twitter_misc":{"Written by":"admin","Est. reading time":"3 minutes"},"schema":{"@context":"https:\/\/schema.org","@graph":[{"@type":"WebPage","@id":"https:\/\/veritasinfo.org\/?p=2321","url":"https:\/\/veritasinfo.org\/?p=2321","name":"Franca dhe Zvicra mbyllin centralet b\u00ebrthamore p\u00ebr shkak t\u00eb val\u00ebs s\u00eb t\u00eb nxehtit -","isPartOf":{"@id":"https:\/\/veritasinfo.org\/#website"},"primaryImageOfPage":{"@id":"https:\/\/veritasinfo.org\/?p=2321#primaryimage"},"image":{"@id":"https:\/\/veritasinfo.org\/?p=2321#primaryimage"},"thumbnailUrl":"https:\/\/veritasinfo.org\/wp-content\/uploads\/2025\/07\/IMG_1683.jpeg","datePublished":"2025-07-03T05:37:17+00:00","dateModified":"2025-07-03T05:44:13+00:00","author":{"@id":"https:\/\/veritasinfo.org\/#\/schema\/person\/7701f8c088bece422266b100a712374f"},"breadcrumb":{"@id":"https:\/\/veritasinfo.org\/?p=2321#breadcrumb"},"inLanguage":"en-US","potentialAction":[{"@type":"ReadAction","target":["https:\/\/veritasinfo.org\/?p=2321"]}]},{"@type":"ImageObject","inLanguage":"en-US","@id":"https:\/\/veritasinfo.org\/?p=2321#primaryimage","url":"https:\/\/veritasinfo.org\/wp-content\/uploads\/2025\/07\/IMG_1683.jpeg","contentUrl":"https:\/\/veritasinfo.org\/wp-content\/uploads\/2025\/07\/IMG_1683.jpeg","width":843,"height":441},{"@type":"BreadcrumbList","@id":"https:\/\/veritasinfo.org\/?p=2321#breadcrumb","itemListElement":[{"@type":"ListItem","position":1,"name":"Home","item":"https:\/\/veritasinfo.org\/"},{"@type":"ListItem","position":2,"name":"Franca dhe Zvicra mbyllin centralet b\u00ebrthamore p\u00ebr shkak t\u00eb val\u00ebs s\u00eb t\u00eb nxehtit"}]},{"@type":"WebSite","@id":"https:\/\/veritasinfo.org\/#website","url":"https:\/\/veritasinfo.org\/","name":"","description":"","potentialAction":[{"@type":"SearchAction","target":{"@type":"EntryPoint","urlTemplate":"https:\/\/veritasinfo.org\/?s={search_term_string}"},"query-input":{"@type":"PropertyValueSpecification","valueRequired":true,"valueName":"search_term_string"}}],"inLanguage":"en-US"},{"@type":"Person","@id":"https:\/\/veritasinfo.org\/#\/schema\/person\/7701f8c088bece422266b100a712374f","name":"admin","image":{"@type":"ImageObject","inLanguage":"en-US","@id":"https:\/\/veritasinfo.org\/#\/schema\/person\/image\/","url":"https:\/\/secure.gravatar.com\/avatar\/ea53aa3bf6c9a12d5fde8ce4deff43fef3885ae33cf60184161a50d6987cfd2f?s=96&d=mm&r=g","contentUrl":"https:\/\/secure.gravatar.com\/avatar\/ea53aa3bf6c9a12d5fde8ce4deff43fef3885ae33cf60184161a50d6987cfd2f?s=96&d=mm&r=g","caption":"admin"},"sameAs":["https:\/\/veritasinfo.org"],"url":"https:\/\/veritasinfo.org\/?author=1"}]}},"featured_image_urls":{"full":["https:\/\/veritasinfo.org\/wp-content\/uploads\/2025\/07\/IMG_1683.jpeg",843,441,false],"thumbnail":["https:\/\/veritasinfo.org\/wp-content\/uploads\/2025\/07\/IMG_1683-150x150.jpeg",150,150,true],"medium":["https:\/\/veritasinfo.org\/wp-content\/uploads\/2025\/07\/IMG_1683-300x157.jpeg",300,157,true],"medium_large":["https:\/\/veritasinfo.org\/wp-content\/uploads\/2025\/07\/IMG_1683-768x402.jpeg",640,335,true],"large":["https:\/\/veritasinfo.org\/wp-content\/uploads\/2025\/07\/IMG_1683.jpeg",640,335,false],"1536x1536":["https:\/\/veritasinfo.org\/wp-content\/uploads\/2025\/07\/IMG_1683.jpeg",843,441,false],"2048x2048":["https:\/\/veritasinfo.org\/wp-content\/uploads\/2025\/07\/IMG_1683.jpeg",843,441,false],"kreeti-slider-full":["https:\/\/veritasinfo.org\/wp-content\/uploads\/2025\/07\/IMG_1683.jpeg",843,441,false],"kreeti-featured":["https:\/\/veritasinfo.org\/wp-content\/uploads\/2025\/07\/IMG_1683.jpeg",843,441,false],"kreeti-medium":["https:\/\/veritasinfo.org\/wp-content\/uploads\/2025\/07\/IMG_1683.jpeg",720,377,false],"kreeti-medium-square":["https:\/\/veritasinfo.org\/wp-content\/uploads\/2025\/07\/IMG_1683.jpeg",350,183,false]},"author_info":{"info":["admin"]},"category_info":"<a href=\"https:\/\/veritasinfo.org\/?cat=72\" rel=\"category\">Bota<\/a>","tag_info":"Bota","comment_count":"0","_links":{"self":[{"href":"https:\/\/veritasinfo.org\/index.php?rest_route=\/wp\/v2\/posts\/2321","targetHints":{"allow":["GET"]}}],"collection":[{"href":"https:\/\/veritasinfo.org\/index.php?rest_route=\/wp\/v2\/posts"}],"about":[{"href":"https:\/\/veritasinfo.org\/index.php?rest_route=\/wp\/v2\/types\/post"}],"author":[{"embeddable":true,"href":"https:\/\/veritasinfo.org\/index.php?rest_route=\/wp\/v2\/users\/1"}],"replies":[{"embeddable":true,"href":"https:\/\/veritasinfo.org\/index.php?rest_route=%2Fwp%2Fv2%2Fcomments&post=2321"}],"version-history":[{"count":3,"href":"https:\/\/veritasinfo.org\/index.php?rest_route=\/wp\/v2\/posts\/2321\/revisions"}],"predecessor-version":[{"id":2327,"href":"https:\/\/veritasinfo.org\/index.php?rest_route=\/wp\/v2\/posts\/2321\/revisions\/2327"}],"wp:featuredmedia":[{"embeddable":true,"href":"https:\/\/veritasinfo.org\/index.php?rest_route=\/wp\/v2\/media\/2322"}],"wp:attachment":[{"href":"https:\/\/veritasinfo.org\/index.php?rest_route=%2Fwp%2Fv2%2Fmedia&parent=2321"}],"wp:term":[{"taxonomy":"category","embeddable":true,"href":"https:\/\/veritasinfo.org\/index.php?rest_route=%2Fwp%2Fv2%2Fcategories&post=2321"},{"taxonomy":"post_tag","embeddable":true,"href":"https:\/\/veritasinfo.org\/index.php?rest_route=%2Fwp%2Fv2%2Ftags&post=2321"}],"curies":[{"name":"wp","href":"https:\/\/api.w.org\/{rel}","templated":true}]}}