{"id":23203,"date":"2025-12-08T13:38:13","date_gmt":"2025-12-08T12:38:13","guid":{"rendered":"https:\/\/veritasinfo.org\/?p=23203"},"modified":"2025-12-08T13:38:13","modified_gmt":"2025-12-08T12:38:13","slug":"pas-me-se-nje-muaji-i-lejohet-vizita-nenes-se-vukashinoviqit","status":"publish","type":"post","link":"https:\/\/veritasinfo.org\/?p=23203","title":{"rendered":"Pas m\u00eb se nj\u00eb muaji i lejohet vizita n\u00ebn\u00ebs s\u00eb Vukashinoviqit"},"content":{"rendered":"<p>Prishtin\u00eb 8 Dhjetor 2025 13:38<\/p>\n<p>Milan Vukashinoviqi, i cili u plagos dhe u rr\u00ebmbye nga Jellakca e Leposaviqit duke u d\u00ebrguar n\u00eb territorin e Serbis\u00eb, po vazhdon t\u00eb trajtohet n\u00eb Beograd. Familjar\u00ebt e tij p\u00ebr m\u00eb shum\u00eb se nj\u00eb muaj nuk jan\u00eb lejuar ta vizitojn\u00eb at\u00eb. Prokuroria e Lart\u00eb n\u00eb Prokuple po e heton at\u00eb si t\u00eb dyshuar, kurse Prokuroria e Lart\u00eb n\u00eb Krushevc e ka n\u00eb dor\u00eb kall\u00ebzimin penal t\u00eb avokatit p\u00ebr tentim vrasjen e tij.<br \/>\nPas m\u00eb shum\u00eb se nj\u00eb muaji rezistence, institucionet serbe m\u00eb n\u00eb fund kan\u00eb lejuar q\u00eb n\u00ebna e Millan Vukashinoviqit jav\u00ebn e ardhshme ta vizitoj\u00eb djalin e saj n\u00eb spitalin e Burgut t\u00eb Qarkut t\u00eb Beogradit.<\/p>\n<p>Shtetasi i Kosov\u00ebs q\u00eb u plagos dhe u rr\u00ebmbye nga persona t\u00eb panjohur m\u00eb 1 n\u00ebntor 2025 nga Jellakca e Leposaviqit dhe u d\u00ebrgua n\u00eb territorin e Serbis\u00eb, \u00ebsht\u00eb duke u trajtuar n\u00eb Beograd.<\/p>\n<p>Deri m\u00eb tani Milan Vukashoviqin, si\u00e7 ka b\u00ebr\u00eb t\u00eb ditur avokati i tij, Ivan Niniq, nuk ka mundur ta vizitoj\u00eb asnj\u00eb familjar, por vizita i \u00ebsht\u00eb mund\u00ebsuar n\u00ebn\u00ebs me lejen e Gjykat\u00ebs n\u00eb Prokuple.<\/p>\n<p>\u201cN\u00ebna e Milan Vukashinoviqit ka marr\u00eb leje p\u00ebr vizit\u00eb n\u00eb spitalin e burgut n\u00eb Beograd, dhe t\u00eb mart\u00ebn do t\u00eb jet\u00eb vizita dhe kontakti i par\u00eb me Milanin. Gjithashtu, n\u00ebse gjendja sh\u00ebndet\u00ebsore e Milanit \u00ebsht\u00eb e q\u00ebndrueshme, ai parashihet t\u00eb deklarohet p\u00ebr her\u00eb t\u00eb par\u00eb para prokurorit n\u00eb spital m\u00eb 12 dhjetor, kur do t\u00eb m\u00ebsoj\u00eb se p\u00ebr \u00e7far\u00eb dyshohet dhe kur do t\u00eb paraqes\u00eb mbrojtjen e tij. Paraburgimi ndaj tij \u00ebsht\u00eb zgjatur p\u00ebr nj\u00eb muaj tjet\u00ebr, dhe un\u00eb kam paraqitur ankes\u00eb kund\u00ebr k\u00ebtij vendimi\u201d, tha avokati i Vukashinoviqit, Ivan Niniq.<\/p>\n<p>N\u00eb Kosov\u00eb, Prokuroria Themelore n\u00eb Mitrovic\u00eb po e heton rastin Vukashinoviq si tentim vrasje.<\/p>\n<p>N\u00eb Serbi, p\u00ebr Vukashinoviqin, si\u00e7 thot\u00eb avokati Ivan Niniq, ekzistojn\u00eb dy raste q\u00eb lidhen me t\u00eb, ku i pari ka t\u00eb b\u00ebj\u00eb me kall\u00ebzimin penal p\u00ebr tentim vrasjen ndaj tij, nd\u00ebrsa rasti tjet\u00ebr ai \u00ebsht\u00eb si i dyshuar nga autoritet serbe.<\/p>\n<p>Niniq tha se nuk e di se cilat jan\u00eb dyshimet e prokuroris\u00eb s\u00eb Lart\u00eb n\u00eb Prokuple p\u00ebr rastin ku Vukashonoviqi \u00ebsht\u00eb i dyshuar.<\/p>\n<p>Ky institucion i pyetur n\u00ebse ka hetim lidhur me plagosjen me arm\u00eb zjarri t\u00eb Vukashinoviqit, ka th\u00ebn\u00eb p\u00ebr Koh\u00ebn se ky rast \u00ebsht\u00eb n\u00eb Prokurorin\u00eb e Lart\u00eb t\u00eb Krushevcit.<\/p>\n<p>K\u00ebt\u00eb informacion e konfirmoi edhe avokati Niniq, porse Prokuroria n\u00eb Krushevc nuk u p\u00ebrgjigj lidhur me at\u00eb se a \u00ebsht\u00eb duke e hetuar rastin, a ka identifikuar ndonj\u00eb t\u00eb dyshuar dhe lidhur me cilat vepra penale po zhvillohet hetim.Avokati Niniq ka th\u00ebn\u00eb se mjek\u00ebt n\u00eb spitalin e burgut n\u00eb Beograd refuzojn\u00eb \u00e7do komunikim me familjen n\u00eb lidhje me informacionin p\u00ebr sh\u00ebndetin e tij, andaj i \u00ebsht\u00eb dashur t\u2019i drejtohet gjykat\u00ebs.<\/p>\n<p>E nj\u00eb k\u00ebrkes\u00eb p\u00ebr vizit\u00eb i ka shkuar edhe mbrojt\u00ebsit t\u00eb qytetar\u00ebve n\u00eb Serbi.<\/p>\n<p>\u201cEdhe motra e Milanit ka parashtruar k\u00ebrkes\u00eb tek Ombudspersoni n\u00eb Beograd n\u00eb em\u00ebr t\u00eb familjes, por nuk kemi informacion n\u00ebse ai do ta vizitoj\u00eb Milanin n\u00eb spital\u201d, tha Niniq.<\/p>\n<p>Tabloidet serbe, p\u00ebrfshir\u00eb edhe \u201cVe\u010dernje Novosti\u201d e kan\u00eb demonizuar Vukashoniviqin, duke vendosur edhe lajme n\u00eb ballinat e tyre q\u00eb pretendonin se ai e ka spiunuar ushtrin\u00eb serbe.<\/p>\n<p>Por, avokati Niniq n\u00eb postimet e tij n\u00eb rrjetin X, i ka quajtur k\u00ebto shkrime inskenime t\u00eb dob\u00ebta, q\u00eb sipas tij e largojn\u00eb v\u00ebmendjen nga tentim vrasja e Vukashinoviqit.<\/p>\n<p>Niniq ka parashtruar kall\u00ebzim penal ndaj personave t\u00eb panjohur t\u00eb Ushtris\u00eb, pjes\u00ebtar\u00ebve t\u00eb Ministris\u00eb s\u00eb Pun\u00ebve t\u00eb Brendshme t\u00eb Serbis\u00eb (MUP) dhe grupit t\u00eb Milan Radoi\u00e7iqit.<\/p>\n<p>Institucionet e Kosov\u00ebs besojn\u00eb se motivi i sulmit ndaj Vukashinoviqit ishte sepse ai nuk i \u00ebsht\u00eb bindur List\u00ebs Serbe, duke mos e braktisur pun\u00ebn n\u00eb Byron\u00eb Kosovare t\u00eb Sigurimeve, pavar\u00ebsisht se n\u00eb vitin 2022 dhe 2020 i \u00ebsht\u00eb b\u00ebr\u00eb presion p\u00ebr k\u00ebt\u00eb.<\/p>\n<p>Zyra e BE-s\u00eb ne Serbi nuk \u00ebsht\u00eb p\u00ebrgjigjur n\u00eb pyetjet e Koh\u00ebs n\u00ebse kan\u00eb mbledhur informata p\u00ebr rastin dhe a u kan\u00eb k\u00ebrkuar autoriteteve serbe ta hetojn\u00eb plagosjen e Vukashinoviqit.<\/p>\n","protected":false},"excerpt":{"rendered":"<p>Prishtin\u00eb 8 Dhjetor 2025 13:38 Milan Vukashinoviqi, i cili u plagos dhe u rr\u00ebmbye nga Jellakca e Leposaviqit duke u d\u00ebrguar n\u00eb territorin e Serbis\u00eb,<\/p>\n","protected":false},"author":6,"featured_media":23204,"comment_status":"open","ping_status":"open","sticky":false,"template":"","format":"standard","meta":{"footnotes":""},"categories":[58],"tags":[],"class_list":["post-23203","post","type-post","status-publish","format-standard","has-post-thumbnail","hentry","category-politike-sq"],"yoast_head":"<!-- This site is optimized with the Yoast SEO plugin v25.3.1 - https:\/\/yoast.com\/wordpress\/plugins\/seo\/ -->\n<title>Pas m\u00eb se nj\u00eb muaji i lejohet vizita n\u00ebn\u00ebs s\u00eb Vukashinoviqit -<\/title>\n<meta name=\"robots\" content=\"index, follow, max-snippet:-1, max-image-preview:large, max-video-preview:-1\" \/>\n<link rel=\"canonical\" href=\"https:\/\/veritasinfo.org\/?p=23203\" \/>\n<meta property=\"og:locale\" content=\"en_US\" \/>\n<meta property=\"og:type\" content=\"article\" \/>\n<meta property=\"og:title\" content=\"Pas m\u00eb se nj\u00eb muaji i lejohet vizita n\u00ebn\u00ebs s\u00eb Vukashinoviqit -\" \/>\n<meta property=\"og:description\" content=\"Prishtin\u00eb 8 Dhjetor 2025 13:38 Milan Vukashinoviqi, i cili u plagos dhe u rr\u00ebmbye nga Jellakca e Leposaviqit duke u d\u00ebrguar n\u00eb territorin e Serbis\u00eb,\" \/>\n<meta property=\"og:url\" content=\"https:\/\/veritasinfo.org\/?p=23203\" \/>\n<meta property=\"article:published_time\" content=\"2025-12-08T12:38:13+00:00\" \/>\n<meta property=\"og:image\" content=\"https:\/\/veritasinfo.org\/wp-content\/uploads\/2025\/12\/IMG_20251208_133626.jpg\" \/>\n\t<meta property=\"og:image:width\" content=\"158\" \/>\n\t<meta property=\"og:image:height\" content=\"200\" \/>\n\t<meta property=\"og:image:type\" content=\"image\/jpeg\" \/>\n<meta name=\"author\" content=\"US5\" \/>\n<meta name=\"twitter:card\" content=\"summary_large_image\" \/>\n<meta name=\"twitter:label1\" content=\"Written by\" \/>\n\t<meta name=\"twitter:data1\" content=\"US5\" \/>\n\t<meta name=\"twitter:label2\" content=\"Est. reading time\" \/>\n\t<meta name=\"twitter:data2\" content=\"1 minute\" \/>\n<script type=\"application\/ld+json\" class=\"yoast-schema-graph\">{\"@context\":\"https:\/\/schema.org\",\"@graph\":[{\"@type\":\"WebPage\",\"@id\":\"https:\/\/veritasinfo.org\/?p=23203\",\"url\":\"https:\/\/veritasinfo.org\/?p=23203\",\"name\":\"Pas m\u00eb se nj\u00eb muaji i lejohet vizita n\u00ebn\u00ebs s\u00eb Vukashinoviqit -\",\"isPartOf\":{\"@id\":\"https:\/\/veritasinfo.org\/#website\"},\"primaryImageOfPage\":{\"@id\":\"https:\/\/veritasinfo.org\/?p=23203#primaryimage\"},\"image\":{\"@id\":\"https:\/\/veritasinfo.org\/?p=23203#primaryimage\"},\"thumbnailUrl\":\"https:\/\/veritasinfo.org\/wp-content\/uploads\/2025\/12\/IMG_20251208_133626.jpg\",\"datePublished\":\"2025-12-08T12:38:13+00:00\",\"author\":{\"@id\":\"https:\/\/veritasinfo.org\/#\/schema\/person\/bc442336e35414d04494ab8fb45db4c6\"},\"breadcrumb\":{\"@id\":\"https:\/\/veritasinfo.org\/?p=23203#breadcrumb\"},\"inLanguage\":\"en-US\",\"potentialAction\":[{\"@type\":\"ReadAction\",\"target\":[\"https:\/\/veritasinfo.org\/?p=23203\"]}]},{\"@type\":\"ImageObject\",\"inLanguage\":\"en-US\",\"@id\":\"https:\/\/veritasinfo.org\/?p=23203#primaryimage\",\"url\":\"https:\/\/veritasinfo.org\/wp-content\/uploads\/2025\/12\/IMG_20251208_133626.jpg\",\"contentUrl\":\"https:\/\/veritasinfo.org\/wp-content\/uploads\/2025\/12\/IMG_20251208_133626.jpg\",\"width\":158,\"height\":200},{\"@type\":\"BreadcrumbList\",\"@id\":\"https:\/\/veritasinfo.org\/?p=23203#breadcrumb\",\"itemListElement\":[{\"@type\":\"ListItem\",\"position\":1,\"name\":\"Home\",\"item\":\"https:\/\/veritasinfo.org\/\"},{\"@type\":\"ListItem\",\"position\":2,\"name\":\"Pas m\u00eb se nj\u00eb muaji i lejohet vizita n\u00ebn\u00ebs s\u00eb Vukashinoviqit\"}]},{\"@type\":\"WebSite\",\"@id\":\"https:\/\/veritasinfo.org\/#website\",\"url\":\"https:\/\/veritasinfo.org\/\",\"name\":\"\",\"description\":\"\",\"potentialAction\":[{\"@type\":\"SearchAction\",\"target\":{\"@type\":\"EntryPoint\",\"urlTemplate\":\"https:\/\/veritasinfo.org\/?s={search_term_string}\"},\"query-input\":{\"@type\":\"PropertyValueSpecification\",\"valueRequired\":true,\"valueName\":\"search_term_string\"}}],\"inLanguage\":\"en-US\"},{\"@type\":\"Person\",\"@id\":\"https:\/\/veritasinfo.org\/#\/schema\/person\/bc442336e35414d04494ab8fb45db4c6\",\"name\":\"US5\",\"image\":{\"@type\":\"ImageObject\",\"inLanguage\":\"en-US\",\"@id\":\"https:\/\/veritasinfo.org\/#\/schema\/person\/image\/\",\"url\":\"https:\/\/secure.gravatar.com\/avatar\/16a61e7272a0c5d001121ebb9e60e925d5816e4ac1e443ed3e640d9a6ae55d0c?s=96&d=mm&r=g\",\"contentUrl\":\"https:\/\/secure.gravatar.com\/avatar\/16a61e7272a0c5d001121ebb9e60e925d5816e4ac1e443ed3e640d9a6ae55d0c?s=96&d=mm&r=g\",\"caption\":\"US5\"},\"url\":\"https:\/\/veritasinfo.org\/?author=6\"}]}<\/script>\n<!-- \/ Yoast SEO plugin. -->","yoast_head_json":{"title":"Pas m\u00eb se nj\u00eb muaji i lejohet vizita n\u00ebn\u00ebs s\u00eb Vukashinoviqit -","robots":{"index":"index","follow":"follow","max-snippet":"max-snippet:-1","max-image-preview":"max-image-preview:large","max-video-preview":"max-video-preview:-1"},"canonical":"https:\/\/veritasinfo.org\/?p=23203","og_locale":"en_US","og_type":"article","og_title":"Pas m\u00eb se nj\u00eb muaji i lejohet vizita n\u00ebn\u00ebs s\u00eb Vukashinoviqit -","og_description":"Prishtin\u00eb 8 Dhjetor 2025 13:38 Milan Vukashinoviqi, i cili u plagos dhe u rr\u00ebmbye nga Jellakca e Leposaviqit duke u d\u00ebrguar n\u00eb territorin e Serbis\u00eb,","og_url":"https:\/\/veritasinfo.org\/?p=23203","article_published_time":"2025-12-08T12:38:13+00:00","og_image":[{"width":158,"height":200,"url":"https:\/\/veritasinfo.org\/wp-content\/uploads\/2025\/12\/IMG_20251208_133626.jpg","type":"image\/jpeg"}],"author":"US5","twitter_card":"summary_large_image","twitter_misc":{"Written by":"US5","Est. reading time":"1 minute"},"schema":{"@context":"https:\/\/schema.org","@graph":[{"@type":"WebPage","@id":"https:\/\/veritasinfo.org\/?p=23203","url":"https:\/\/veritasinfo.org\/?p=23203","name":"Pas m\u00eb se nj\u00eb muaji i lejohet vizita n\u00ebn\u00ebs s\u00eb Vukashinoviqit -","isPartOf":{"@id":"https:\/\/veritasinfo.org\/#website"},"primaryImageOfPage":{"@id":"https:\/\/veritasinfo.org\/?p=23203#primaryimage"},"image":{"@id":"https:\/\/veritasinfo.org\/?p=23203#primaryimage"},"thumbnailUrl":"https:\/\/veritasinfo.org\/wp-content\/uploads\/2025\/12\/IMG_20251208_133626.jpg","datePublished":"2025-12-08T12:38:13+00:00","author":{"@id":"https:\/\/veritasinfo.org\/#\/schema\/person\/bc442336e35414d04494ab8fb45db4c6"},"breadcrumb":{"@id":"https:\/\/veritasinfo.org\/?p=23203#breadcrumb"},"inLanguage":"en-US","potentialAction":[{"@type":"ReadAction","target":["https:\/\/veritasinfo.org\/?p=23203"]}]},{"@type":"ImageObject","inLanguage":"en-US","@id":"https:\/\/veritasinfo.org\/?p=23203#primaryimage","url":"https:\/\/veritasinfo.org\/wp-content\/uploads\/2025\/12\/IMG_20251208_133626.jpg","contentUrl":"https:\/\/veritasinfo.org\/wp-content\/uploads\/2025\/12\/IMG_20251208_133626.jpg","width":158,"height":200},{"@type":"BreadcrumbList","@id":"https:\/\/veritasinfo.org\/?p=23203#breadcrumb","itemListElement":[{"@type":"ListItem","position":1,"name":"Home","item":"https:\/\/veritasinfo.org\/"},{"@type":"ListItem","position":2,"name":"Pas m\u00eb se nj\u00eb muaji i lejohet vizita n\u00ebn\u00ebs s\u00eb Vukashinoviqit"}]},{"@type":"WebSite","@id":"https:\/\/veritasinfo.org\/#website","url":"https:\/\/veritasinfo.org\/","name":"","description":"","potentialAction":[{"@type":"SearchAction","target":{"@type":"EntryPoint","urlTemplate":"https:\/\/veritasinfo.org\/?s={search_term_string}"},"query-input":{"@type":"PropertyValueSpecification","valueRequired":true,"valueName":"search_term_string"}}],"inLanguage":"en-US"},{"@type":"Person","@id":"https:\/\/veritasinfo.org\/#\/schema\/person\/bc442336e35414d04494ab8fb45db4c6","name":"US5","image":{"@type":"ImageObject","inLanguage":"en-US","@id":"https:\/\/veritasinfo.org\/#\/schema\/person\/image\/","url":"https:\/\/secure.gravatar.com\/avatar\/16a61e7272a0c5d001121ebb9e60e925d5816e4ac1e443ed3e640d9a6ae55d0c?s=96&d=mm&r=g","contentUrl":"https:\/\/secure.gravatar.com\/avatar\/16a61e7272a0c5d001121ebb9e60e925d5816e4ac1e443ed3e640d9a6ae55d0c?s=96&d=mm&r=g","caption":"US5"},"url":"https:\/\/veritasinfo.org\/?author=6"}]}},"featured_image_urls":{"full":["https:\/\/veritasinfo.org\/wp-content\/uploads\/2025\/12\/IMG_20251208_133626.jpg",158,200,false],"thumbnail":["https:\/\/veritasinfo.org\/wp-content\/uploads\/2025\/12\/IMG_20251208_133626-150x150.jpg",150,150,true],"medium":["https:\/\/veritasinfo.org\/wp-content\/uploads\/2025\/12\/IMG_20251208_133626.jpg",158,200,false],"medium_large":["https:\/\/veritasinfo.org\/wp-content\/uploads\/2025\/12\/IMG_20251208_133626.jpg",158,200,false],"large":["https:\/\/veritasinfo.org\/wp-content\/uploads\/2025\/12\/IMG_20251208_133626.jpg",158,200,false],"1536x1536":["https:\/\/veritasinfo.org\/wp-content\/uploads\/2025\/12\/IMG_20251208_133626.jpg",158,200,false],"2048x2048":["https:\/\/veritasinfo.org\/wp-content\/uploads\/2025\/12\/IMG_20251208_133626.jpg",158,200,false],"kreeti-slider-full":["https:\/\/veritasinfo.org\/wp-content\/uploads\/2025\/12\/IMG_20251208_133626.jpg",158,200,false],"kreeti-featured":["https:\/\/veritasinfo.org\/wp-content\/uploads\/2025\/12\/IMG_20251208_133626.jpg",158,200,false],"kreeti-medium":["https:\/\/veritasinfo.org\/wp-content\/uploads\/2025\/12\/IMG_20251208_133626.jpg",158,200,false],"kreeti-medium-square":["https:\/\/veritasinfo.org\/wp-content\/uploads\/2025\/12\/IMG_20251208_133626.jpg",158,200,false]},"author_info":{"info":["US5"]},"category_info":"<a href=\"https:\/\/veritasinfo.org\/?cat=58\" rel=\"category\">Politik\u00eb<\/a>","tag_info":"Politik\u00eb","comment_count":"0","_links":{"self":[{"href":"https:\/\/veritasinfo.org\/index.php?rest_route=\/wp\/v2\/posts\/23203","targetHints":{"allow":["GET"]}}],"collection":[{"href":"https:\/\/veritasinfo.org\/index.php?rest_route=\/wp\/v2\/posts"}],"about":[{"href":"https:\/\/veritasinfo.org\/index.php?rest_route=\/wp\/v2\/types\/post"}],"author":[{"embeddable":true,"href":"https:\/\/veritasinfo.org\/index.php?rest_route=\/wp\/v2\/users\/6"}],"replies":[{"embeddable":true,"href":"https:\/\/veritasinfo.org\/index.php?rest_route=%2Fwp%2Fv2%2Fcomments&post=23203"}],"version-history":[{"count":1,"href":"https:\/\/veritasinfo.org\/index.php?rest_route=\/wp\/v2\/posts\/23203\/revisions"}],"predecessor-version":[{"id":23205,"href":"https:\/\/veritasinfo.org\/index.php?rest_route=\/wp\/v2\/posts\/23203\/revisions\/23205"}],"wp:featuredmedia":[{"embeddable":true,"href":"https:\/\/veritasinfo.org\/index.php?rest_route=\/wp\/v2\/media\/23204"}],"wp:attachment":[{"href":"https:\/\/veritasinfo.org\/index.php?rest_route=%2Fwp%2Fv2%2Fmedia&parent=23203"}],"wp:term":[{"taxonomy":"category","embeddable":true,"href":"https:\/\/veritasinfo.org\/index.php?rest_route=%2Fwp%2Fv2%2Fcategories&post=23203"},{"taxonomy":"post_tag","embeddable":true,"href":"https:\/\/veritasinfo.org\/index.php?rest_route=%2Fwp%2Fv2%2Ftags&post=23203"}],"curies":[{"name":"wp","href":"https:\/\/api.w.org\/{rel}","templated":true}]}}