{"id":23175,"date":"2025-12-08T10:29:05","date_gmt":"2025-12-08T09:29:05","guid":{"rendered":"https:\/\/veritasinfo.org\/?p=23175"},"modified":"2025-12-08T10:29:05","modified_gmt":"2025-12-08T09:29:05","slug":"konkursi-i-ministrise-se-shendetesise-nga-vucic-nderhyrje-politike-ne-kosove-para-zgjedhjeve","status":"publish","type":"post","link":"https:\/\/veritasinfo.org\/?p=23175","title":{"rendered":"Konkursi i Ministris\u00eb s\u00eb Sh\u00ebndet\u00ebsis\u00eb nga Vu\u00e7i\u00e7 \u2013 Nd\u00ebrhyrje politike n\u00eb Kosov\u00eb para zgjedhjeve"},"content":{"rendered":"<p><strong>Prishtin\u00eb, 08 dhjetor 2025 10:27<\/strong><\/p>\n<p>N\u00eb kulmin e zgjedhjeve lokale n\u00eb Kosov\u00eb, n\u00eb tetor t\u00eb vitit 2025, Beogradi zyrtar publikoi at\u00eb q\u00eb e quajti konkurs p\u00ebr 400 vende pune n\u00eb institucionet sh\u00ebndet\u00ebsore n\u00eb territorin e Kosov\u00ebs \u2014 nj\u00eb l\u00ebvizje e cila q\u00eb nga dita e par\u00eb u pa gjer\u00ebsisht si p\u00ebrpjekje e hapur p\u00ebr ndikim politik mbi komunitetin serb n\u00eb vend.<\/p>\n<p>Njoftimi i konkursit nuk u publikua fillimisht n\u00eb asnj\u00eb kanal zyrtar. Ai u shpall publikisht vet\u00ebm pasi Presidenti serb, Aleksandar Vu\u00e7i\u00e7, e p\u00ebrmendi gjat\u00eb nj\u00eb paraqitjeje televizive, duke ngritur menj\u00ebher\u00eb dyshimet se q\u00ebllimi ishte m\u00eb shum\u00eb politik sesa profesional. Vet\u00eb fakti se nj\u00eb konkurs \u201cshtet\u00ebror\u201d p\u00ebr pun\u00ebsime n\u00eb Kosov\u00eb lajm\u00ebrohet nga tribuna politike, e jo nga Ministria e Sh\u00ebndet\u00ebsis\u00eb, u pa nga shum\u00eb analist\u00eb si konfirmim i instrumentalizimit t\u00eb procesit.<\/p>\n<p>Dyshime p\u00ebr manipulim, afate t\u00eb paqarta dhe munges\u00eb transparence<\/p>\n<p>Reagimet nuk vonuan: nj\u00eb pjes\u00eb e serb\u00ebve t\u00eb papun\u00eb pan\u00eb n\u00eb k\u00ebt\u00eb konkurs nj\u00eb shans t\u00eb ri pun\u00ebsimi, por nga ana tjet\u00ebr, institucionet e Kosov\u00ebs, opozita serbe n\u00eb vend dhe pjes\u00eb t\u00eb komunitetit nd\u00ebrkomb\u00ebtar e denoncuan procesin si manov\u00ebr tipike zgjedhore.<\/p>\n<p>Konkursi u shoq\u00ebrua me afate t\u00eb shkurtra aplikimi, t\u00eb cilat m\u00eb pas u shtyn\u00eb disa her\u00eb \u2014 nj\u00eb praktik\u00eb q\u00eb shtoi bindjen se selektimi i kandidat\u00ebve po zhvillohej p\u00ebrmes kanaleve t\u00eb mbyllura dhe jo sipas kritereve profesionale. Deri n\u00eb fund t\u00eb tetorit, numri i t\u00eb interesuarve kaloi mbi 2,000 aplikime, nd\u00ebrsa qindra t\u00eb tjer\u00eb nuk arrit\u00ebn t\u00eb konkurrojn\u00eb p\u00ebr shkak t\u00eb afateve t\u00eb pamundura p\u00ebr kompletimin e dokumenteve.<\/p>\n<p>Megjith\u00ebse procesi u shty zyrtarisht deri m\u00eb 15 janar, aplikimet e reja nuk pranohen. Nj\u00eb tjet\u00ebr detaj q\u00eb ngre pik\u00ebpyetje \u00ebsht\u00eb se kontratat e pun\u00ebs, sipas dokumentacionit, parashiheshin t\u00eb zgjasin vet\u00ebm deri n\u00eb shkurt t\u00eb vitit 2026 \u2014 pra rreth tre muaj. Nj\u00eb periudh\u00eb aq e shkurt\u00ebr, q\u00eb p\u00ebr ekspert\u00ebt e administrat\u00ebs publike nuk justifikohet as teknikisht e as financiarisht, por n\u00eb kontekst elektoral merr nj\u00eb kuptim krejt tjet\u00ebr.<\/p>\n<p>Brenda konkursit: \u201cN\u00eb intervist\u00eb nuk t\u00eb pyesin asgj\u00eb p\u00ebr pun\u00ebn\u201d<\/p>\n<p>Portali \u201cVeritasinfo\u201d bisedoi me nj\u00eb nga kandidat\u00ebt e paraqitur, i cili pranoi t\u00eb fliste vet\u00ebm n\u00ebse ruhej anonimati i tij. Ai p\u00ebrshkruan nj\u00eb proces q\u00eb, sipas tij, imiton nj\u00eb konkurs publik vet\u00ebm n\u00eb let\u00ebr.<\/p>\n<p>\u201cAs nuk kam dashur t\u00eb paraqitem, sepse e di q\u00eb n\u00ebse nuk ke lidhje, nuk ke gjasa t\u00eb pun\u00ebsohesh. M\u00eb thirr\u00ebn n\u00eb intervist\u00eb, por aty nuk t\u00eb pyesin asnj\u00eb gj\u00eb q\u00eb lidhet me pun\u00ebn. N\u00eb komision ishin Eleku, Miloviqi dhe nj\u00eb grua q\u00eb nuk e kam par\u00eb kurr\u00eb. Para tyre nuk kishte dokumente, vet\u00ebm nj\u00eb list\u00eb me emra dhe numra telefoni. T\u00eb gjith\u00eb m\u00eb thon\u00eb se pa Milan Radoi\u00e7iqin ose Igor Simiqin nuk b\u00ebn. M\u00eb s\u00eb miri me Milanin. Nuk pres asgj\u00eb.\u201d<\/p>\n<p>D\u00ebshmia e tij ngre alarmin mbi kapjen politike t\u00eb procesit dhe futurimin e ndikimit t\u00eb strukturave t\u00eb njohura p\u00ebr kontrollin e jet\u00ebs politike e institucionale t\u00eb serb\u00ebve n\u00eb Kosov\u00eb. Sipas tij, konkursi funksionon m\u00eb shum\u00eb si mekaniz\u00ebm lojaliteti sesa si proces pun\u00ebsimi.<\/p>\n<p>\u00c7far\u00eb ligjshm\u00ebrie dhe financimi q\u00ebndron pas pun\u00ebsimeve?<\/p>\n<p>Nj\u00eb nd\u00ebr pyetjet ky\u00e7e lidhet me baz\u00ebn juridike: n\u00ebn cilin korniz\u00eb ligjore Serbia pun\u00ebson pun\u00ebtor\u00eb \u201cn\u00eb Kosov\u00eb\u201d, kur institucionet sh\u00ebndet\u00ebsore q\u00eb ajo financon trajtohen nga Prishtina si struktura paralele, t\u00eb jasht\u00ebligjshme?<\/p>\n<p>Po ashtu mbetet i paqart\u00eb mekanizmi i integrimit t\u00eb stafit t\u00eb ri n\u00eb terren, si dhe burimi i financimit t\u00eb pagave. Asnj\u00eb dokument publik nuk sqaron se si do t\u00eb funksionoj\u00eb ky sistem i dyfisht\u00eb, i cili n\u00eb praktik\u00eb ka sjell\u00eb konfuzion institucional dhe tensione t\u00eb vazhdueshme.<\/p>\n<p>Nj\u00eb konkurs q\u00eb rrezikon t\u00eb kthehet n\u00eb instrument elektoral<\/p>\n<p>Duke qen\u00eb se kriteret e p\u00ebrzgjedhjes nuk jan\u00eb b\u00ebr\u00eb publike, komisionet nuk jan\u00eb sqaruar dhe nuk ekziston asnj\u00eb garanci se vendimet do t\u00eb jen\u00eb profesionale, hapet rruga p\u00ebr keqp\u00ebrdorime t\u00eb shumta, nga patronazhi politik te nepotizmi.<\/p>\n<p>N\u00eb k\u00ebt\u00eb form\u00eb, konkursi i Ministris\u00eb s\u00eb Sh\u00ebndet\u00ebsis\u00eb s\u00eb Serbis\u00eb rrezikon t\u00eb kthehet n\u00eb nj\u00eb nga instrumentet m\u00eb t\u00eb qarta t\u00eb nd\u00ebrhyrjes s\u00eb Beogradit n\u00eb proceset zgjedhore t\u00eb Kosov\u00ebs \u2014 p\u00ebrmes joshjes s\u00eb votuesve serb\u00eb me premtime p\u00ebr vende pune, qoft\u00eb edhe afatshkurtra, qoft\u00eb edhe t\u00eb kontrolluara nga struktura politike e parapolitike.<\/p>\n<p>Kostoja, si zakonisht, pritet t\u00eb bjer\u00eb mbi qytetar\u00ebt: pacient\u00ebt q\u00eb do t\u00eb vazhdojn\u00eb t\u00eb p\u00ebrballen me nj\u00eb sistem t\u00eb politizuar, dhe komunitetin serb, i cili edhe nj\u00eb her\u00eb p\u00ebrfshihet n\u00eb nj\u00eb loj\u00eb politike t\u00eb Beogradit, ku pun\u00ebsimi p\u00ebrdoret si mjet presioni dhe var\u00ebsie.<\/p>\n<p>N\u00eb munges\u00eb t\u00eb transparenc\u00ebs dhe llogaridh\u00ebnies, konkursi nuk po shihet si hap\u00ebsir\u00eb e re pun\u00ebsimi, por si nj\u00eb shembull i qart\u00eb i instrumentalizimit politik nga ana e Serbis\u00eb n\u00eb prag t\u00eb zgjedhjeve t\u00eb Kosov\u00ebs.<\/p>\n<p>&nbsp;<\/p>\n","protected":false},"excerpt":{"rendered":"<p>Prishtin\u00eb, 08 dhjetor 2025 10:27 N\u00eb kulmin e zgjedhjeve lokale n\u00eb Kosov\u00eb, n\u00eb tetor t\u00eb vitit 2025, Beogradi zyrtar publikoi at\u00eb q\u00eb e quajti konkurs<\/p>\n","protected":false},"author":7,"featured_media":23181,"comment_status":"open","ping_status":"open","sticky":false,"template":"","format":"standard","meta":{"footnotes":""},"categories":[8],"tags":[],"class_list":["post-23175","post","type-post","status-publish","format-standard","has-post-thumbnail","hentry","category-blog-sq"],"yoast_head":"<!-- This site is optimized with the Yoast SEO plugin v25.3.1 - https:\/\/yoast.com\/wordpress\/plugins\/seo\/ -->\n<title>Konkursi i Ministris\u00eb s\u00eb Sh\u00ebndet\u00ebsis\u00eb nga Vu\u00e7i\u00e7 \u2013 Nd\u00ebrhyrje politike n\u00eb Kosov\u00eb para zgjedhjeve -<\/title>\n<meta name=\"robots\" content=\"index, follow, max-snippet:-1, max-image-preview:large, max-video-preview:-1\" \/>\n<link rel=\"canonical\" href=\"https:\/\/veritasinfo.org\/?p=23175\" \/>\n<meta property=\"og:locale\" content=\"en_US\" \/>\n<meta property=\"og:type\" content=\"article\" \/>\n<meta property=\"og:title\" content=\"Konkursi i Ministris\u00eb s\u00eb Sh\u00ebndet\u00ebsis\u00eb nga Vu\u00e7i\u00e7 \u2013 Nd\u00ebrhyrje politike n\u00eb Kosov\u00eb para zgjedhjeve -\" \/>\n<meta property=\"og:description\" content=\"Prishtin\u00eb, 08 dhjetor 2025 10:27 N\u00eb kulmin e zgjedhjeve lokale n\u00eb Kosov\u00eb, n\u00eb tetor t\u00eb vitit 2025, Beogradi zyrtar publikoi at\u00eb q\u00eb e quajti konkurs\" \/>\n<meta property=\"og:url\" content=\"https:\/\/veritasinfo.org\/?p=23175\" \/>\n<meta property=\"article:published_time\" content=\"2025-12-08T09:29:05+00:00\" \/>\n<meta property=\"og:image\" content=\"https:\/\/veritasinfo.org\/wp-content\/uploads\/2025\/12\/zgjedhjet.jpg\" \/>\n\t<meta property=\"og:image:width\" content=\"800\" \/>\n\t<meta property=\"og:image:height\" content=\"491\" \/>\n\t<meta property=\"og:image:type\" content=\"image\/jpeg\" \/>\n<meta name=\"author\" content=\"US6\" \/>\n<meta name=\"twitter:card\" content=\"summary_large_image\" \/>\n<meta name=\"twitter:label1\" content=\"Written by\" \/>\n\t<meta name=\"twitter:data1\" content=\"US6\" \/>\n\t<meta name=\"twitter:label2\" content=\"Est. reading time\" \/>\n\t<meta name=\"twitter:data2\" content=\"4 minutes\" \/>\n<script type=\"application\/ld+json\" class=\"yoast-schema-graph\">{\"@context\":\"https:\/\/schema.org\",\"@graph\":[{\"@type\":\"WebPage\",\"@id\":\"https:\/\/veritasinfo.org\/?p=23175\",\"url\":\"https:\/\/veritasinfo.org\/?p=23175\",\"name\":\"Konkursi i Ministris\u00eb s\u00eb Sh\u00ebndet\u00ebsis\u00eb nga Vu\u00e7i\u00e7 \u2013 Nd\u00ebrhyrje politike n\u00eb Kosov\u00eb para zgjedhjeve -\",\"isPartOf\":{\"@id\":\"https:\/\/veritasinfo.org\/#website\"},\"primaryImageOfPage\":{\"@id\":\"https:\/\/veritasinfo.org\/?p=23175#primaryimage\"},\"image\":{\"@id\":\"https:\/\/veritasinfo.org\/?p=23175#primaryimage\"},\"thumbnailUrl\":\"https:\/\/veritasinfo.org\/wp-content\/uploads\/2025\/12\/zgjedhjet.jpg\",\"datePublished\":\"2025-12-08T09:29:05+00:00\",\"author\":{\"@id\":\"https:\/\/veritasinfo.org\/#\/schema\/person\/fe199eede04c3937362892b7444747cc\"},\"breadcrumb\":{\"@id\":\"https:\/\/veritasinfo.org\/?p=23175#breadcrumb\"},\"inLanguage\":\"en-US\",\"potentialAction\":[{\"@type\":\"ReadAction\",\"target\":[\"https:\/\/veritasinfo.org\/?p=23175\"]}]},{\"@type\":\"ImageObject\",\"inLanguage\":\"en-US\",\"@id\":\"https:\/\/veritasinfo.org\/?p=23175#primaryimage\",\"url\":\"https:\/\/veritasinfo.org\/wp-content\/uploads\/2025\/12\/zgjedhjet.jpg\",\"contentUrl\":\"https:\/\/veritasinfo.org\/wp-content\/uploads\/2025\/12\/zgjedhjet.jpg\",\"width\":800,\"height\":491,\"caption\":\"????????????????????????????????????\"},{\"@type\":\"BreadcrumbList\",\"@id\":\"https:\/\/veritasinfo.org\/?p=23175#breadcrumb\",\"itemListElement\":[{\"@type\":\"ListItem\",\"position\":1,\"name\":\"Home\",\"item\":\"https:\/\/veritasinfo.org\/\"},{\"@type\":\"ListItem\",\"position\":2,\"name\":\"Konkursi i Ministris\u00eb s\u00eb Sh\u00ebndet\u00ebsis\u00eb nga Vu\u00e7i\u00e7 \u2013 Nd\u00ebrhyrje politike n\u00eb Kosov\u00eb para zgjedhjeve\"}]},{\"@type\":\"WebSite\",\"@id\":\"https:\/\/veritasinfo.org\/#website\",\"url\":\"https:\/\/veritasinfo.org\/\",\"name\":\"\",\"description\":\"\",\"potentialAction\":[{\"@type\":\"SearchAction\",\"target\":{\"@type\":\"EntryPoint\",\"urlTemplate\":\"https:\/\/veritasinfo.org\/?s={search_term_string}\"},\"query-input\":{\"@type\":\"PropertyValueSpecification\",\"valueRequired\":true,\"valueName\":\"search_term_string\"}}],\"inLanguage\":\"en-US\"},{\"@type\":\"Person\",\"@id\":\"https:\/\/veritasinfo.org\/#\/schema\/person\/fe199eede04c3937362892b7444747cc\",\"name\":\"US6\",\"image\":{\"@type\":\"ImageObject\",\"inLanguage\":\"en-US\",\"@id\":\"https:\/\/veritasinfo.org\/#\/schema\/person\/image\/\",\"url\":\"https:\/\/secure.gravatar.com\/avatar\/cb16c3c31c9d23b9b8c705964598220b3014e42ff51eb540ff23cefa3ae8c15f?s=96&d=mm&r=g\",\"contentUrl\":\"https:\/\/secure.gravatar.com\/avatar\/cb16c3c31c9d23b9b8c705964598220b3014e42ff51eb540ff23cefa3ae8c15f?s=96&d=mm&r=g\",\"caption\":\"US6\"},\"url\":\"https:\/\/veritasinfo.org\/?author=7\"}]}<\/script>\n<!-- \/ Yoast SEO plugin. -->","yoast_head_json":{"title":"Konkursi i Ministris\u00eb s\u00eb Sh\u00ebndet\u00ebsis\u00eb nga Vu\u00e7i\u00e7 \u2013 Nd\u00ebrhyrje politike n\u00eb Kosov\u00eb para zgjedhjeve -","robots":{"index":"index","follow":"follow","max-snippet":"max-snippet:-1","max-image-preview":"max-image-preview:large","max-video-preview":"max-video-preview:-1"},"canonical":"https:\/\/veritasinfo.org\/?p=23175","og_locale":"en_US","og_type":"article","og_title":"Konkursi i Ministris\u00eb s\u00eb Sh\u00ebndet\u00ebsis\u00eb nga Vu\u00e7i\u00e7 \u2013 Nd\u00ebrhyrje politike n\u00eb Kosov\u00eb para zgjedhjeve -","og_description":"Prishtin\u00eb, 08 dhjetor 2025 10:27 N\u00eb kulmin e zgjedhjeve lokale n\u00eb Kosov\u00eb, n\u00eb tetor t\u00eb vitit 2025, Beogradi zyrtar publikoi at\u00eb q\u00eb e quajti konkurs","og_url":"https:\/\/veritasinfo.org\/?p=23175","article_published_time":"2025-12-08T09:29:05+00:00","og_image":[{"width":800,"height":491,"url":"https:\/\/veritasinfo.org\/wp-content\/uploads\/2025\/12\/zgjedhjet.jpg","type":"image\/jpeg"}],"author":"US6","twitter_card":"summary_large_image","twitter_misc":{"Written by":"US6","Est. reading time":"4 minutes"},"schema":{"@context":"https:\/\/schema.org","@graph":[{"@type":"WebPage","@id":"https:\/\/veritasinfo.org\/?p=23175","url":"https:\/\/veritasinfo.org\/?p=23175","name":"Konkursi i Ministris\u00eb s\u00eb Sh\u00ebndet\u00ebsis\u00eb nga Vu\u00e7i\u00e7 \u2013 Nd\u00ebrhyrje politike n\u00eb Kosov\u00eb para zgjedhjeve -","isPartOf":{"@id":"https:\/\/veritasinfo.org\/#website"},"primaryImageOfPage":{"@id":"https:\/\/veritasinfo.org\/?p=23175#primaryimage"},"image":{"@id":"https:\/\/veritasinfo.org\/?p=23175#primaryimage"},"thumbnailUrl":"https:\/\/veritasinfo.org\/wp-content\/uploads\/2025\/12\/zgjedhjet.jpg","datePublished":"2025-12-08T09:29:05+00:00","author":{"@id":"https:\/\/veritasinfo.org\/#\/schema\/person\/fe199eede04c3937362892b7444747cc"},"breadcrumb":{"@id":"https:\/\/veritasinfo.org\/?p=23175#breadcrumb"},"inLanguage":"en-US","potentialAction":[{"@type":"ReadAction","target":["https:\/\/veritasinfo.org\/?p=23175"]}]},{"@type":"ImageObject","inLanguage":"en-US","@id":"https:\/\/veritasinfo.org\/?p=23175#primaryimage","url":"https:\/\/veritasinfo.org\/wp-content\/uploads\/2025\/12\/zgjedhjet.jpg","contentUrl":"https:\/\/veritasinfo.org\/wp-content\/uploads\/2025\/12\/zgjedhjet.jpg","width":800,"height":491,"caption":"????????????????????????????????????"},{"@type":"BreadcrumbList","@id":"https:\/\/veritasinfo.org\/?p=23175#breadcrumb","itemListElement":[{"@type":"ListItem","position":1,"name":"Home","item":"https:\/\/veritasinfo.org\/"},{"@type":"ListItem","position":2,"name":"Konkursi i Ministris\u00eb s\u00eb Sh\u00ebndet\u00ebsis\u00eb nga Vu\u00e7i\u00e7 \u2013 Nd\u00ebrhyrje politike n\u00eb Kosov\u00eb para zgjedhjeve"}]},{"@type":"WebSite","@id":"https:\/\/veritasinfo.org\/#website","url":"https:\/\/veritasinfo.org\/","name":"","description":"","potentialAction":[{"@type":"SearchAction","target":{"@type":"EntryPoint","urlTemplate":"https:\/\/veritasinfo.org\/?s={search_term_string}"},"query-input":{"@type":"PropertyValueSpecification","valueRequired":true,"valueName":"search_term_string"}}],"inLanguage":"en-US"},{"@type":"Person","@id":"https:\/\/veritasinfo.org\/#\/schema\/person\/fe199eede04c3937362892b7444747cc","name":"US6","image":{"@type":"ImageObject","inLanguage":"en-US","@id":"https:\/\/veritasinfo.org\/#\/schema\/person\/image\/","url":"https:\/\/secure.gravatar.com\/avatar\/cb16c3c31c9d23b9b8c705964598220b3014e42ff51eb540ff23cefa3ae8c15f?s=96&d=mm&r=g","contentUrl":"https:\/\/secure.gravatar.com\/avatar\/cb16c3c31c9d23b9b8c705964598220b3014e42ff51eb540ff23cefa3ae8c15f?s=96&d=mm&r=g","caption":"US6"},"url":"https:\/\/veritasinfo.org\/?author=7"}]}},"featured_image_urls":{"full":["https:\/\/veritasinfo.org\/wp-content\/uploads\/2025\/12\/zgjedhjet.jpg",800,491,false],"thumbnail":["https:\/\/veritasinfo.org\/wp-content\/uploads\/2025\/12\/zgjedhjet-150x150.jpg",150,150,true],"medium":["https:\/\/veritasinfo.org\/wp-content\/uploads\/2025\/12\/zgjedhjet-300x184.jpg",300,184,true],"medium_large":["https:\/\/veritasinfo.org\/wp-content\/uploads\/2025\/12\/zgjedhjet-768x471.jpg",640,393,true],"large":["https:\/\/veritasinfo.org\/wp-content\/uploads\/2025\/12\/zgjedhjet.jpg",640,393,false],"1536x1536":["https:\/\/veritasinfo.org\/wp-content\/uploads\/2025\/12\/zgjedhjet.jpg",800,491,false],"2048x2048":["https:\/\/veritasinfo.org\/wp-content\/uploads\/2025\/12\/zgjedhjet.jpg",800,491,false],"kreeti-slider-full":["https:\/\/veritasinfo.org\/wp-content\/uploads\/2025\/12\/zgjedhjet.jpg",800,491,false],"kreeti-featured":["https:\/\/veritasinfo.org\/wp-content\/uploads\/2025\/12\/zgjedhjet.jpg",800,491,false],"kreeti-medium":["https:\/\/veritasinfo.org\/wp-content\/uploads\/2025\/12\/zgjedhjet.jpg",720,442,false],"kreeti-medium-square":["https:\/\/veritasinfo.org\/wp-content\/uploads\/2025\/12\/zgjedhjet.jpg",350,215,false]},"author_info":{"info":["US6"]},"category_info":"<a href=\"https:\/\/veritasinfo.org\/?cat=8\" rel=\"category\">Zgjedhjet parlamentare 2025<\/a>","tag_info":"Zgjedhjet parlamentare 2025","comment_count":"0","_links":{"self":[{"href":"https:\/\/veritasinfo.org\/index.php?rest_route=\/wp\/v2\/posts\/23175","targetHints":{"allow":["GET"]}}],"collection":[{"href":"https:\/\/veritasinfo.org\/index.php?rest_route=\/wp\/v2\/posts"}],"about":[{"href":"https:\/\/veritasinfo.org\/index.php?rest_route=\/wp\/v2\/types\/post"}],"author":[{"embeddable":true,"href":"https:\/\/veritasinfo.org\/index.php?rest_route=\/wp\/v2\/users\/7"}],"replies":[{"embeddable":true,"href":"https:\/\/veritasinfo.org\/index.php?rest_route=%2Fwp%2Fv2%2Fcomments&post=23175"}],"version-history":[{"count":1,"href":"https:\/\/veritasinfo.org\/index.php?rest_route=\/wp\/v2\/posts\/23175\/revisions"}],"predecessor-version":[{"id":23182,"href":"https:\/\/veritasinfo.org\/index.php?rest_route=\/wp\/v2\/posts\/23175\/revisions\/23182"}],"wp:featuredmedia":[{"embeddable":true,"href":"https:\/\/veritasinfo.org\/index.php?rest_route=\/wp\/v2\/media\/23181"}],"wp:attachment":[{"href":"https:\/\/veritasinfo.org\/index.php?rest_route=%2Fwp%2Fv2%2Fmedia&parent=23175"}],"wp:term":[{"taxonomy":"category","embeddable":true,"href":"https:\/\/veritasinfo.org\/index.php?rest_route=%2Fwp%2Fv2%2Fcategories&post=23175"},{"taxonomy":"post_tag","embeddable":true,"href":"https:\/\/veritasinfo.org\/index.php?rest_route=%2Fwp%2Fv2%2Ftags&post=23175"}],"curies":[{"name":"wp","href":"https:\/\/api.w.org\/{rel}","templated":true}]}}