{"id":23154,"date":"2025-12-08T08:24:04","date_gmt":"2025-12-08T07:24:04","guid":{"rendered":"https:\/\/veritasinfo.org\/?p=23154"},"modified":"2025-12-08T08:24:04","modified_gmt":"2025-12-08T07:24:04","slug":"pasivizimi-i-adresave-te-shqiptareve-ne-serbi-alarm-serioz","status":"publish","type":"post","link":"https:\/\/veritasinfo.org\/?p=23154","title":{"rendered":"Pasivizimi i adresave t\u00eb shqiptar\u00ebve n\u00eb Serbi, alarm serioz"},"content":{"rendered":"<p>Prishtin\u00eb 08 Dhjetor 2025 08:24<\/p>\n<p>Kryetari i Bujanocit, Arb\u00ebr Pajaziti, ka reaguar pas diskutimeve n\u00eb Komitetin p\u00ebr Politik\u00eb t\u00eb Jashtme t\u00eb Dhom\u00ebs s\u00eb P\u00ebrfaq\u00ebsuesve n\u00eb ShBA, ku u trajtua edhe \u00e7\u00ebshtja e pasivizimit t\u00eb adresave t\u00eb shqiptar\u00ebve n\u00eb Lugin\u00ebn e Preshev\u00ebs.<\/p>\n<p>Ai e cil\u00ebsoi si lajm t\u00eb mir\u00eb faktin q\u00eb ky problem po adresohet n\u00eb nivel t\u00eb lart\u00eb amerikan, ndon\u00ebse sipas tij reagimi ka ardhur shum\u00eb von\u00eb.<\/p>\n<p>N\u00eb nj\u00eb intervist\u00eb p\u00ebr \u201cInfo Magazine\u201d t\u00eb diel\u00ebn, Pajaziti tha se deri m\u00eb tani jan\u00eb pasivizuar rreth 8 mij\u00eb adresa t\u00eb shqiptar\u00ebve, duke theksuar se kjo paraqet alarm serioz p\u00ebr t\u00eb ardhmen e tyre.<\/p>\n<p>\u201cDhe \u00e7ka do t\u00eb ndodh\u00eb n\u00eb t\u00eb ardhmen p\u00ebr k\u00ebta shqiptar\u00eb? N\u00ebse nuk kthehet gjendja para vitit 2010, edhe n\u00ebse ndalet pasivizimi, nuk mund t\u00eb jemi t\u00eb k\u00ebnaqur. Edhe ashtu nj\u00eb dit\u00eb pasivizimi do t\u00eb ndalet, pasi populli shqiptar nuk pasivizohet\u201d, u shpreh ai.<\/p>\n<p>Pajaziti ka n\u00ebnvizuar se mungesa e veprimit t\u00eb institucioneve vendore dhe refuzimi i k\u00ebsaj \u00e7\u00ebshtjeje nga BE dhe Serbia e ka v\u00ebshtir\u00ebsuar situat\u00ebn. Sipas tij, shpresa e vetme p\u00ebr p\u00ebrmir\u00ebsim mbetet faktori nd\u00ebrkomb\u00ebtar.<\/p>\n<p>\u201cShqiptar\u00ebt kan\u00eb pasur shpresa se qeveria aktuale, por edhe ajo e m\u00ebparshme, do t\u00eb k\u00ebrkonte reciprocitet. Kemi qen\u00eb t\u00eb bindur se kjo do t\u00eb ndodhte, por nuk e kemi par\u00eb deri tani. Nuk u pranua \u00e7\u00ebshtja e Lugin\u00ebs as nga BE e as nga Serbia. Jemi von\u00eb n\u00eb disa aspekte, por nuk humbim shpres\u00ebn. Po punojm\u00eb \u00e7do dit\u00eb me faktorin nd\u00ebrkomb\u00ebtar. Shum\u00eb e r\u00ebnd\u00ebsishme \u00ebsht\u00eb ndihma e Kosov\u00ebs dhe Shqip\u00ebris\u00eb n\u00eb forume nd\u00ebrkomb\u00ebtare. Vet\u00ebm presioni nd\u00ebrkomb\u00ebtar mund t\u00eb sjell\u00eb rezultate konkrete sa i p\u00ebrket t\u00eb drejtave t\u00eb shqiptar\u00ebve n\u00eb Lugin\u00eb\u201d, deklaroi Pajaziti.<\/p>\n<p>\u00c7\u00ebshtja e pasivizimit t\u00eb adresave ka qen\u00eb tem\u00eb e vazhdueshme e kritikave nga p\u00ebrfaq\u00ebsuesit politik\u00eb shqiptar\u00eb n\u00eb Lugin\u00eb, t\u00eb cil\u00ebt e konsiderojn\u00eb at\u00eb si proces t\u00eb organizuar p\u00ebr ndryshimin e struktur\u00ebs etnike n\u00eb rajon.<\/p>\n","protected":false},"excerpt":{"rendered":"<p>Prishtin\u00eb 08 Dhjetor 2025 08:24 Kryetari i Bujanocit, Arb\u00ebr Pajaziti, ka reaguar pas diskutimeve n\u00eb Komitetin p\u00ebr Politik\u00eb t\u00eb Jashtme t\u00eb Dhom\u00ebs s\u00eb P\u00ebrfaq\u00ebsuesve n\u00eb<\/p>\n","protected":false},"author":6,"featured_media":23155,"comment_status":"open","ping_status":"open","sticky":false,"template":"","format":"standard","meta":{"footnotes":""},"categories":[58],"tags":[],"class_list":["post-23154","post","type-post","status-publish","format-standard","has-post-thumbnail","hentry","category-politike-sq"],"yoast_head":"<!-- This site is optimized with the Yoast SEO plugin v25.3.1 - https:\/\/yoast.com\/wordpress\/plugins\/seo\/ -->\n<title>Pasivizimi i adresave t\u00eb shqiptar\u00ebve n\u00eb Serbi, alarm serioz -<\/title>\n<meta name=\"robots\" content=\"index, follow, max-snippet:-1, max-image-preview:large, max-video-preview:-1\" \/>\n<link rel=\"canonical\" href=\"https:\/\/veritasinfo.org\/?p=23154\" \/>\n<meta property=\"og:locale\" content=\"en_US\" \/>\n<meta property=\"og:type\" content=\"article\" \/>\n<meta property=\"og:title\" content=\"Pasivizimi i adresave t\u00eb shqiptar\u00ebve n\u00eb Serbi, alarm serioz -\" \/>\n<meta property=\"og:description\" content=\"Prishtin\u00eb 08 Dhjetor 2025 08:24 Kryetari i Bujanocit, Arb\u00ebr Pajaziti, ka reaguar pas diskutimeve n\u00eb Komitetin p\u00ebr Politik\u00eb t\u00eb Jashtme t\u00eb Dhom\u00ebs s\u00eb P\u00ebrfaq\u00ebsuesve n\u00eb\" \/>\n<meta property=\"og:url\" content=\"https:\/\/veritasinfo.org\/?p=23154\" \/>\n<meta property=\"article:published_time\" content=\"2025-12-08T07:24:04+00:00\" \/>\n<meta property=\"og:image\" content=\"https:\/\/veritasinfo.org\/wp-content\/uploads\/2025\/12\/lugina-e-presheves-kosova-lindore-ap.jpg\" \/>\n\t<meta property=\"og:image:width\" content=\"1024\" \/>\n\t<meta property=\"og:image:height\" content=\"602\" \/>\n\t<meta property=\"og:image:type\" content=\"image\/jpeg\" \/>\n<meta name=\"author\" content=\"US5\" \/>\n<meta name=\"twitter:card\" content=\"summary_large_image\" \/>\n<meta name=\"twitter:label1\" content=\"Written by\" \/>\n\t<meta name=\"twitter:data1\" content=\"US5\" \/>\n\t<meta name=\"twitter:label2\" content=\"Est. reading time\" \/>\n\t<meta name=\"twitter:data2\" content=\"1 minute\" \/>\n<script type=\"application\/ld+json\" class=\"yoast-schema-graph\">{\"@context\":\"https:\/\/schema.org\",\"@graph\":[{\"@type\":\"WebPage\",\"@id\":\"https:\/\/veritasinfo.org\/?p=23154\",\"url\":\"https:\/\/veritasinfo.org\/?p=23154\",\"name\":\"Pasivizimi i adresave t\u00eb shqiptar\u00ebve n\u00eb Serbi, alarm serioz -\",\"isPartOf\":{\"@id\":\"https:\/\/veritasinfo.org\/#website\"},\"primaryImageOfPage\":{\"@id\":\"https:\/\/veritasinfo.org\/?p=23154#primaryimage\"},\"image\":{\"@id\":\"https:\/\/veritasinfo.org\/?p=23154#primaryimage\"},\"thumbnailUrl\":\"https:\/\/veritasinfo.org\/wp-content\/uploads\/2025\/12\/lugina-e-presheves-kosova-lindore-ap.jpg\",\"datePublished\":\"2025-12-08T07:24:04+00:00\",\"author\":{\"@id\":\"https:\/\/veritasinfo.org\/#\/schema\/person\/bc442336e35414d04494ab8fb45db4c6\"},\"breadcrumb\":{\"@id\":\"https:\/\/veritasinfo.org\/?p=23154#breadcrumb\"},\"inLanguage\":\"en-US\",\"potentialAction\":[{\"@type\":\"ReadAction\",\"target\":[\"https:\/\/veritasinfo.org\/?p=23154\"]}]},{\"@type\":\"ImageObject\",\"inLanguage\":\"en-US\",\"@id\":\"https:\/\/veritasinfo.org\/?p=23154#primaryimage\",\"url\":\"https:\/\/veritasinfo.org\/wp-content\/uploads\/2025\/12\/lugina-e-presheves-kosova-lindore-ap.jpg\",\"contentUrl\":\"https:\/\/veritasinfo.org\/wp-content\/uploads\/2025\/12\/lugina-e-presheves-kosova-lindore-ap.jpg\",\"width\":1024,\"height\":602,\"caption\":\"A general view of town Presevo, Serbia, Thursday, Sept. 6, 2018. In an ethnic Albanian-dominated region in southern Serbia that borders Kosovo and that has been widely assumed a potential bargaining chip in any land-swap deal between Serbia and its breakaway former province. (AP Photo\/Zenel Zhinipotoku)\"},{\"@type\":\"BreadcrumbList\",\"@id\":\"https:\/\/veritasinfo.org\/?p=23154#breadcrumb\",\"itemListElement\":[{\"@type\":\"ListItem\",\"position\":1,\"name\":\"Home\",\"item\":\"https:\/\/veritasinfo.org\/\"},{\"@type\":\"ListItem\",\"position\":2,\"name\":\"Pasivizimi i adresave t\u00eb shqiptar\u00ebve n\u00eb Serbi, alarm serioz\"}]},{\"@type\":\"WebSite\",\"@id\":\"https:\/\/veritasinfo.org\/#website\",\"url\":\"https:\/\/veritasinfo.org\/\",\"name\":\"\",\"description\":\"\",\"potentialAction\":[{\"@type\":\"SearchAction\",\"target\":{\"@type\":\"EntryPoint\",\"urlTemplate\":\"https:\/\/veritasinfo.org\/?s={search_term_string}\"},\"query-input\":{\"@type\":\"PropertyValueSpecification\",\"valueRequired\":true,\"valueName\":\"search_term_string\"}}],\"inLanguage\":\"en-US\"},{\"@type\":\"Person\",\"@id\":\"https:\/\/veritasinfo.org\/#\/schema\/person\/bc442336e35414d04494ab8fb45db4c6\",\"name\":\"US5\",\"image\":{\"@type\":\"ImageObject\",\"inLanguage\":\"en-US\",\"@id\":\"https:\/\/veritasinfo.org\/#\/schema\/person\/image\/\",\"url\":\"https:\/\/secure.gravatar.com\/avatar\/16a61e7272a0c5d001121ebb9e60e925d5816e4ac1e443ed3e640d9a6ae55d0c?s=96&d=mm&r=g\",\"contentUrl\":\"https:\/\/secure.gravatar.com\/avatar\/16a61e7272a0c5d001121ebb9e60e925d5816e4ac1e443ed3e640d9a6ae55d0c?s=96&d=mm&r=g\",\"caption\":\"US5\"},\"url\":\"https:\/\/veritasinfo.org\/?author=6\"}]}<\/script>\n<!-- \/ Yoast SEO plugin. -->","yoast_head_json":{"title":"Pasivizimi i adresave t\u00eb shqiptar\u00ebve n\u00eb Serbi, alarm serioz -","robots":{"index":"index","follow":"follow","max-snippet":"max-snippet:-1","max-image-preview":"max-image-preview:large","max-video-preview":"max-video-preview:-1"},"canonical":"https:\/\/veritasinfo.org\/?p=23154","og_locale":"en_US","og_type":"article","og_title":"Pasivizimi i adresave t\u00eb shqiptar\u00ebve n\u00eb Serbi, alarm serioz -","og_description":"Prishtin\u00eb 08 Dhjetor 2025 08:24 Kryetari i Bujanocit, Arb\u00ebr Pajaziti, ka reaguar pas diskutimeve n\u00eb Komitetin p\u00ebr Politik\u00eb t\u00eb Jashtme t\u00eb Dhom\u00ebs s\u00eb P\u00ebrfaq\u00ebsuesve n\u00eb","og_url":"https:\/\/veritasinfo.org\/?p=23154","article_published_time":"2025-12-08T07:24:04+00:00","og_image":[{"width":1024,"height":602,"url":"https:\/\/veritasinfo.org\/wp-content\/uploads\/2025\/12\/lugina-e-presheves-kosova-lindore-ap.jpg","type":"image\/jpeg"}],"author":"US5","twitter_card":"summary_large_image","twitter_misc":{"Written by":"US5","Est. reading time":"1 minute"},"schema":{"@context":"https:\/\/schema.org","@graph":[{"@type":"WebPage","@id":"https:\/\/veritasinfo.org\/?p=23154","url":"https:\/\/veritasinfo.org\/?p=23154","name":"Pasivizimi i adresave t\u00eb shqiptar\u00ebve n\u00eb Serbi, alarm serioz -","isPartOf":{"@id":"https:\/\/veritasinfo.org\/#website"},"primaryImageOfPage":{"@id":"https:\/\/veritasinfo.org\/?p=23154#primaryimage"},"image":{"@id":"https:\/\/veritasinfo.org\/?p=23154#primaryimage"},"thumbnailUrl":"https:\/\/veritasinfo.org\/wp-content\/uploads\/2025\/12\/lugina-e-presheves-kosova-lindore-ap.jpg","datePublished":"2025-12-08T07:24:04+00:00","author":{"@id":"https:\/\/veritasinfo.org\/#\/schema\/person\/bc442336e35414d04494ab8fb45db4c6"},"breadcrumb":{"@id":"https:\/\/veritasinfo.org\/?p=23154#breadcrumb"},"inLanguage":"en-US","potentialAction":[{"@type":"ReadAction","target":["https:\/\/veritasinfo.org\/?p=23154"]}]},{"@type":"ImageObject","inLanguage":"en-US","@id":"https:\/\/veritasinfo.org\/?p=23154#primaryimage","url":"https:\/\/veritasinfo.org\/wp-content\/uploads\/2025\/12\/lugina-e-presheves-kosova-lindore-ap.jpg","contentUrl":"https:\/\/veritasinfo.org\/wp-content\/uploads\/2025\/12\/lugina-e-presheves-kosova-lindore-ap.jpg","width":1024,"height":602,"caption":"A general view of town Presevo, Serbia, Thursday, Sept. 6, 2018. In an ethnic Albanian-dominated region in southern Serbia that borders Kosovo and that has been widely assumed a potential bargaining chip in any land-swap deal between Serbia and its breakaway former province. (AP Photo\/Zenel Zhinipotoku)"},{"@type":"BreadcrumbList","@id":"https:\/\/veritasinfo.org\/?p=23154#breadcrumb","itemListElement":[{"@type":"ListItem","position":1,"name":"Home","item":"https:\/\/veritasinfo.org\/"},{"@type":"ListItem","position":2,"name":"Pasivizimi i adresave t\u00eb shqiptar\u00ebve n\u00eb Serbi, alarm serioz"}]},{"@type":"WebSite","@id":"https:\/\/veritasinfo.org\/#website","url":"https:\/\/veritasinfo.org\/","name":"","description":"","potentialAction":[{"@type":"SearchAction","target":{"@type":"EntryPoint","urlTemplate":"https:\/\/veritasinfo.org\/?s={search_term_string}"},"query-input":{"@type":"PropertyValueSpecification","valueRequired":true,"valueName":"search_term_string"}}],"inLanguage":"en-US"},{"@type":"Person","@id":"https:\/\/veritasinfo.org\/#\/schema\/person\/bc442336e35414d04494ab8fb45db4c6","name":"US5","image":{"@type":"ImageObject","inLanguage":"en-US","@id":"https:\/\/veritasinfo.org\/#\/schema\/person\/image\/","url":"https:\/\/secure.gravatar.com\/avatar\/16a61e7272a0c5d001121ebb9e60e925d5816e4ac1e443ed3e640d9a6ae55d0c?s=96&d=mm&r=g","contentUrl":"https:\/\/secure.gravatar.com\/avatar\/16a61e7272a0c5d001121ebb9e60e925d5816e4ac1e443ed3e640d9a6ae55d0c?s=96&d=mm&r=g","caption":"US5"},"url":"https:\/\/veritasinfo.org\/?author=6"}]}},"featured_image_urls":{"full":["https:\/\/veritasinfo.org\/wp-content\/uploads\/2025\/12\/lugina-e-presheves-kosova-lindore-ap.jpg",1024,602,false],"thumbnail":["https:\/\/veritasinfo.org\/wp-content\/uploads\/2025\/12\/lugina-e-presheves-kosova-lindore-ap-150x150.jpg",150,150,true],"medium":["https:\/\/veritasinfo.org\/wp-content\/uploads\/2025\/12\/lugina-e-presheves-kosova-lindore-ap-300x176.jpg",300,176,true],"medium_large":["https:\/\/veritasinfo.org\/wp-content\/uploads\/2025\/12\/lugina-e-presheves-kosova-lindore-ap-768x452.jpg",640,377,true],"large":["https:\/\/veritasinfo.org\/wp-content\/uploads\/2025\/12\/lugina-e-presheves-kosova-lindore-ap.jpg",640,376,false],"1536x1536":["https:\/\/veritasinfo.org\/wp-content\/uploads\/2025\/12\/lugina-e-presheves-kosova-lindore-ap.jpg",1024,602,false],"2048x2048":["https:\/\/veritasinfo.org\/wp-content\/uploads\/2025\/12\/lugina-e-presheves-kosova-lindore-ap.jpg",1024,602,false],"kreeti-slider-full":["https:\/\/veritasinfo.org\/wp-content\/uploads\/2025\/12\/lugina-e-presheves-kosova-lindore-ap.jpg",1024,602,false],"kreeti-featured":["https:\/\/veritasinfo.org\/wp-content\/uploads\/2025\/12\/lugina-e-presheves-kosova-lindore-ap.jpg",1024,602,false],"kreeti-medium":["https:\/\/veritasinfo.org\/wp-content\/uploads\/2025\/12\/lugina-e-presheves-kosova-lindore-ap.jpg",720,423,false],"kreeti-medium-square":["https:\/\/veritasinfo.org\/wp-content\/uploads\/2025\/12\/lugina-e-presheves-kosova-lindore-ap.jpg",350,206,false]},"author_info":{"info":["US5"]},"category_info":"<a href=\"https:\/\/veritasinfo.org\/?cat=58\" rel=\"category\">Politik\u00eb<\/a>","tag_info":"Politik\u00eb","comment_count":"0","_links":{"self":[{"href":"https:\/\/veritasinfo.org\/index.php?rest_route=\/wp\/v2\/posts\/23154","targetHints":{"allow":["GET"]}}],"collection":[{"href":"https:\/\/veritasinfo.org\/index.php?rest_route=\/wp\/v2\/posts"}],"about":[{"href":"https:\/\/veritasinfo.org\/index.php?rest_route=\/wp\/v2\/types\/post"}],"author":[{"embeddable":true,"href":"https:\/\/veritasinfo.org\/index.php?rest_route=\/wp\/v2\/users\/6"}],"replies":[{"embeddable":true,"href":"https:\/\/veritasinfo.org\/index.php?rest_route=%2Fwp%2Fv2%2Fcomments&post=23154"}],"version-history":[{"count":1,"href":"https:\/\/veritasinfo.org\/index.php?rest_route=\/wp\/v2\/posts\/23154\/revisions"}],"predecessor-version":[{"id":23156,"href":"https:\/\/veritasinfo.org\/index.php?rest_route=\/wp\/v2\/posts\/23154\/revisions\/23156"}],"wp:featuredmedia":[{"embeddable":true,"href":"https:\/\/veritasinfo.org\/index.php?rest_route=\/wp\/v2\/media\/23155"}],"wp:attachment":[{"href":"https:\/\/veritasinfo.org\/index.php?rest_route=%2Fwp%2Fv2%2Fmedia&parent=23154"}],"wp:term":[{"taxonomy":"category","embeddable":true,"href":"https:\/\/veritasinfo.org\/index.php?rest_route=%2Fwp%2Fv2%2Fcategories&post=23154"},{"taxonomy":"post_tag","embeddable":true,"href":"https:\/\/veritasinfo.org\/index.php?rest_route=%2Fwp%2Fv2%2Ftags&post=23154"}],"curies":[{"name":"wp","href":"https:\/\/api.w.org\/{rel}","templated":true}]}}