{"id":2313,"date":"2025-07-02T19:43:24","date_gmt":"2025-07-02T17:43:24","guid":{"rendered":"https:\/\/veritasinfo.org\/?p=2313"},"modified":"2025-07-02T19:43:24","modified_gmt":"2025-07-02T17:43:24","slug":"prokuroria-kerkon-denimin-e-te-akuzuarve-per-sulmin-terrorist-ndaj-kkz-se-ne-veri","status":"publish","type":"post","link":"https:\/\/veritasinfo.org\/?p=2313","title":{"rendered":"Prokuroria k\u00ebrkon d\u00ebnimin e t\u00eb akuzuarve p\u00ebr sulmin terrorist ndaj KKZ-s\u00eb n\u00eb veri"},"content":{"rendered":"<p>Prishtin\u00eb 02 Korrik 2025<\/p>\n<h2>Prokuroria Speciale ka k\u00ebrkuar q\u00eb t\u00eb d\u00ebnohen kat\u00ebr t\u00eb akuzuarit p\u00ebr sulmin terrorist n\u00eb zyr\u00ebn e Komisionit Komunal Zgjedhor n\u00eb Mitrovic\u00eb t\u00eb Veriut, pasi q\u00eb \u00ebsht\u00eb v\u00ebrtetuar, si me prova ashtu edhe komunikime, se t\u00eb pandehurit e kan\u00eb kryer sulmin q\u00eb e pat\u00ebn planifikuar. I akuzuari, Milun Milenkoviq, ka pretenduan se ai as nuk ka qen\u00eb n\u00eb vendngjarje dhe as nuk i njeh t\u00eb akuzuarit e tjer\u00eb<\/h2>\n<div class=\"instream-video\">\n<div data-id=\"2kQm8Ze4251g\">\n<div class=\"orp-player-wrapper orp-aspectRateFixed orp-tiny-size orp-player-ipm orp-force-hide-player\"><\/div>\n<\/div>\n<\/div>\n<p>Prokuroria Speciale ka k\u00ebrkuar d\u00ebnim p\u00ebr Milun Milenkoviq \u2013 i njohur si Llune, Dejan Pantiq, Miomir Vakiq dhe Aleksandar Vlajiq, t\u00eb cil\u00ebt akuzohen p\u00ebr sulmin terrorist n\u00eb zyrat e Komisionit Komunal Zgjedhor n\u00eb Mitrovic\u00eb t\u00eb Veriut n\u00eb dhjetor t\u00eb 2022-s.<\/p>\n<p>Prokurorja speciale, Fikrije Fejzullahu, ka th\u00ebn\u00eb t\u00eb m\u00ebrkur\u00ebn, n\u00eb seanc\u00ebn e fjal\u00ebs p\u00ebrfundimtare p\u00ebr rastin, se provat materiale dhe d\u00ebshmit\u00eb e paraqitura e kan\u00eb v\u00ebrtetuar faj\u00ebsin\u00eb e t\u00eb akuzuarve, teksa e ka theksuar r\u00ebnd\u00ebsin\u00eb e d\u00ebnimit meritor p\u00ebr t\u2019i parandaluar sulmet e ngjashme.<\/p>\n<p>Fejzullahu ka p\u00ebrmendur dy mesazhe, nj\u00eb t\u00eb d\u00ebrguar nga i akuzuari Aleksandar Vllajiq dhe nj\u00eb tjet\u00ebr nga ai Milun Milenkoviq, si d\u00ebshmi q\u00eb tregojn\u00eb se ata e kan\u00eb planifikuar sulmin.<\/p>\n<div id=\"__ads-300x250in-4\" class=\"__ads-300x250-inarticle\" data-google-query-id=\"CNPSxbncno4DFWZD9ggdoRUa3Q\">\n<div id=\"futureads_async_1452929932\" data-zone=\"dcd202be-eaca-4f3c-a133-263b2e0d91e3\" data-sender=\"futureads\" data-parent-id=\"google_ads_iframe_\/21895329656\/300x250-in-article_0__container__\">\n<div class=\"resize-sensor\" dir=\"ltr\">\n<div class=\"resize-sensor-expand\">\n<div><\/div>\n<\/div>\n<div class=\"resize-sensor-shrink\">\n<div><\/div>\n<\/div>\n<\/div>\n<\/div>\n<\/div>\n<p>\u201cN\u00eb m\u00ebngjes do t\u00eb vijn\u00eb zot\u00ebrinjt\u00eb nga KQZ-ja e jo sonte. Kam d\u00ebgjuar p\u00ebr n\u00eb m\u00ebngjes, dyshoj p\u00ebr pasdite, mjaft e rrezikshme. Epo edhe un\u00eb k\u00ebshtu mendoj. Do t\u00eb v\u00ebzhgojm\u00eb. Nes\u00ebr do t\u00eb jet\u00eb pak uauau. Ata po e ndiejn\u00eb pulsin. Si\u00e7 na thon\u00eb nga lart, ashtu do t\u00eb b\u00ebjm\u00eb. Un\u00eb do t\u00eb njoftoj p\u00ebr at\u00eb q\u00eb d\u00ebgjoj&#8230; Do ta kisha potencuar edhe nj\u00eb komunikim nga Miliun Milenkoviq. P\u00ebr shembull, d\u00ebgjohet duke u th\u00ebn\u00eb personave t\u00eb tjer\u00eb t\u00eb maskuar: shpejt, shpejt dhe mos i harroni ato. E po ashtu komunikimi kur deklarohet se \u2018prej sot zyrtarisht jam z\u00ebvend\u00ebskomandant i Brigad\u00ebs s\u00eb Veriut\u2019 si dhe t\u00eb ket\u00eb th\u00ebn\u00eb se \u2018nuk ka tani m\u00eb Mbrojtje Civile, ka Brigad\u00eb t\u00eb Veriut\u2019\u201d, ka theksuar prokurorja.<\/p>\n<p>N\u00eb seanc\u00ebn e s\u00eb m\u00ebrkur\u00ebs, e cila \u00ebsht\u00eb nd\u00ebrprer\u00eb shkaku i vap\u00ebs n\u00eb objektin e Pallatit t\u00eb Drejt\u00ebsis\u00eb,<br \/>\nfjal\u00ebn p\u00ebrfundimtare e ka paraqitur vet\u00ebm i akuzuari Milun Milenkoviq, me mbrojt\u00ebsin e tij.<br \/>\nAi ka th\u00ebn\u00eb se \u00ebsht\u00eb njeri familjar dhe trajner i mir\u00eb i boksit q\u00eb asnj\u00ebher\u00eb nuk \u00ebsht\u00eb p\u00ebrfshir\u00eb n\u00eb vepra penale.<\/p>\n<p>\u201cDua t\u00eb them, t\u00eb nderuar, q\u00eb nuk jam kurrfar\u00eb krimineli, si\u00e7 m\u00eb \u00ebsht\u00eb shkruar, dhe q\u00eb jeta ime mund t\u00eb p\u00ebrshkruhet me tri fjal\u00eb. Se jam njeri familjar, baba i dy f\u00ebmij\u00ebve, sportist dhe njeri q\u00eb merret me pun\u00eb t\u00eb ndershme p\u00ebr ta ushqyer familjen&#8230; N\u00eb 30 vjet\u00ebt e fundit jam marr\u00eb me sport dhe kam marr\u00eb mir\u00ebnjohje vendore dhe nd\u00ebrkomb\u00ebtare. N\u00eb 15 vjet\u00ebt e fundit kam qen\u00eb trajner\u201d, \u00ebsht\u00eb shprehur ai.<\/p>\n<p>E avokati i tij, Predrag Milkoviq, ka shprehur kund\u00ebrshtime n\u00eb shum\u00eb rrafshe, teksa ka th\u00ebn\u00eb q\u00eb kall\u00ebzimi penal nuk mund t\u00eb sh\u00ebrbej\u00eb si prov\u00eb n\u00eb procedur\u00eb penale, pasi q\u00eb ka pretenduar se votimet e nd\u00ebrprera nga sulmet jan\u00eb mbajtur kat\u00ebr muaj m\u00eb von\u00eb.<\/p>\n<p>Milkoviq ka theksuar po ashtu q\u00eb n\u00eb shqyrtim gjyq\u00ebsor as nuk \u00ebsht\u00eb v\u00ebrtetuar bashk\u00ebkryerja, as koha e sakt\u00eb e kryerjes s\u00eb vepr\u00ebs penale dhe as veprimet konkrete t\u00eb secilit t\u00eb akuzuar.<\/p>\n<p>\u201cT\u00eb nderuar gjyqtar\u00eb, po t\u00eb mos ishin takuar k\u00ebtu n\u00eb k\u00ebt\u00eb gjykatore, nuk do t\u00eb takoheshin as n\u00eb rrug\u00eb&#8230; Prokuroria thot\u00eb se k\u00ebta t\u00eb pandehur dhe persona t\u00eb tjer\u00eb t\u00eb paidentifikuar kryen sulm terrorist me hedhjen e dy granatave t\u00eb dor\u00ebs dhe dy shokbombave dhe p\u00ebrshkrimi i m\u00ebnyr\u00ebs \u00ebsht\u00eb aq i varf\u00ebr saq\u00eb me asnj\u00eb lloj logjike nuk merret vesh se \u00e7far\u00eb ka dashur t\u00eb thot\u00eb autori. A do t\u00eb thot\u00eb kjo q\u00eb t\u00eb gjith\u00eb t\u00eb pandehurit n\u00eb t\u00eb nj\u00ebjt\u00ebn koh\u00eb i mbajn\u00eb kat\u00ebr bomba dhe i gjuajn\u00eb n\u00eb objektin e KQZ-s\u00eb, apo q\u00eb dikush i ka dy granata e tjetri dy shokbomba apo q\u00eb dy t\u00eb pandehur mbajn\u00eb dy bomba dhe personat e paidentifikuar dy shokbomba? Mund\u00ebsit\u00eb e kombinimeve t\u00eb k\u00ebtyre p\u00ebrshkrimeve jan\u00eb matematikisht A n\u00eb katror (a\u00b2)\u201d, ka theksuar avokati i t\u00eb akuzuarit Llune.<\/p>\n<p>Vazhdimi i fjal\u00ebs p\u00ebrfundimtare \u00ebsht\u00eb caktuar q\u00eb t\u00eb mbahet m\u00eb 25 korrik.<br \/>\nBazuar n\u00eb aktakuz\u00ebn e Prokuroris\u00eb Speciale, m\u00eb 6 dhjetor t\u00eb 2022-t\u00ebs \u00ebsht\u00eb realizuar sulm terrorist ndaj KKZ-s\u00eb n\u00eb Mitrovic\u00eb t\u00eb Veriut dhe nj\u00eb autoambulanc\u00eb \u00ebsht\u00eb p\u00ebrdorur p\u00ebr bartjen e granatave t\u00eb dor\u00ebs. K\u00ebto granata t\u00eb dor\u00ebs, sipas aktakuz\u00ebs, i ka marr\u00eb i akuzuari Milun Milenkoviq \u2013 Llune.<\/p>\n<p>Krahas tij, Aleksandar Vllajiq, Dejan Pantiq dhe Miomir Vakiq jan\u00eb duke u p\u00ebrballur me akuzat e prokuroris\u00eb se kan\u00eb hedhur granata dore dhe shokbomba me q\u00ebllim t\u00eb detyrimit t\u00eb organeve publike t\u00eb Kosov\u00ebs p\u00ebr t\u2019u t\u00ebrhequr nga organizimi i zgjedhjeve n\u00eb veri.<\/p>\n<p>&nbsp;<\/p>\n","protected":false},"excerpt":{"rendered":"<p>Prishtin\u00eb 02 Korrik 2025 Prokuroria Speciale ka k\u00ebrkuar q\u00eb t\u00eb d\u00ebnohen kat\u00ebr t\u00eb akuzuarit p\u00ebr sulmin terrorist n\u00eb zyr\u00ebn e Komisionit Komunal Zgjedhor n\u00eb Mitrovic\u00eb<\/p>\n","protected":false},"author":1,"featured_media":2314,"comment_status":"open","ping_status":"open","sticky":false,"template":"","format":"standard","meta":{"footnotes":""},"categories":[60],"tags":[],"class_list":["post-2313","post","type-post","status-publish","format-standard","has-post-thumbnail","hentry","category-shoqerore-sq"],"yoast_head":"<!-- This site is optimized with the Yoast SEO plugin v25.3.1 - https:\/\/yoast.com\/wordpress\/plugins\/seo\/ -->\n<title>Prokuroria k\u00ebrkon d\u00ebnimin e t\u00eb akuzuarve p\u00ebr sulmin terrorist ndaj KKZ-s\u00eb n\u00eb veri -<\/title>\n<meta name=\"robots\" content=\"index, follow, max-snippet:-1, max-image-preview:large, max-video-preview:-1\" \/>\n<link rel=\"canonical\" href=\"https:\/\/veritasinfo.org\/?p=2313\" \/>\n<meta property=\"og:locale\" content=\"en_US\" \/>\n<meta property=\"og:type\" content=\"article\" \/>\n<meta property=\"og:title\" content=\"Prokuroria k\u00ebrkon d\u00ebnimin e t\u00eb akuzuarve p\u00ebr sulmin terrorist ndaj KKZ-s\u00eb n\u00eb veri -\" \/>\n<meta property=\"og:description\" content=\"Prishtin\u00eb 02 Korrik 2025 Prokuroria Speciale ka k\u00ebrkuar q\u00eb t\u00eb d\u00ebnohen kat\u00ebr t\u00eb akuzuarit p\u00ebr sulmin terrorist n\u00eb zyr\u00ebn e Komisionit Komunal Zgjedhor n\u00eb Mitrovic\u00eb\" \/>\n<meta property=\"og:url\" content=\"https:\/\/veritasinfo.org\/?p=2313\" \/>\n<meta property=\"article:published_time\" content=\"2025-07-02T17:43:24+00:00\" \/>\n<meta property=\"og:image\" content=\"https:\/\/veritasinfo.org\/wp-content\/uploads\/2025\/07\/IMG_1681.jpeg\" \/>\n\t<meta property=\"og:image:width\" content=\"1536\" \/>\n\t<meta property=\"og:image:height\" content=\"1152\" \/>\n\t<meta property=\"og:image:type\" content=\"image\/jpeg\" \/>\n<meta name=\"author\" content=\"admin\" \/>\n<meta name=\"twitter:card\" content=\"summary_large_image\" \/>\n<meta name=\"twitter:label1\" content=\"Written by\" \/>\n\t<meta name=\"twitter:data1\" content=\"admin\" \/>\n\t<meta name=\"twitter:label2\" content=\"Est. reading time\" \/>\n\t<meta name=\"twitter:data2\" content=\"4 minutes\" \/>\n<script type=\"application\/ld+json\" class=\"yoast-schema-graph\">{\"@context\":\"https:\/\/schema.org\",\"@graph\":[{\"@type\":\"WebPage\",\"@id\":\"https:\/\/veritasinfo.org\/?p=2313\",\"url\":\"https:\/\/veritasinfo.org\/?p=2313\",\"name\":\"Prokuroria k\u00ebrkon d\u00ebnimin e t\u00eb akuzuarve p\u00ebr sulmin terrorist ndaj KKZ-s\u00eb n\u00eb veri -\",\"isPartOf\":{\"@id\":\"https:\/\/veritasinfo.org\/#website\"},\"primaryImageOfPage\":{\"@id\":\"https:\/\/veritasinfo.org\/?p=2313#primaryimage\"},\"image\":{\"@id\":\"https:\/\/veritasinfo.org\/?p=2313#primaryimage\"},\"thumbnailUrl\":\"https:\/\/veritasinfo.org\/wp-content\/uploads\/2025\/07\/IMG_1681.jpeg\",\"datePublished\":\"2025-07-02T17:43:24+00:00\",\"author\":{\"@id\":\"https:\/\/veritasinfo.org\/#\/schema\/person\/7701f8c088bece422266b100a712374f\"},\"breadcrumb\":{\"@id\":\"https:\/\/veritasinfo.org\/?p=2313#breadcrumb\"},\"inLanguage\":\"en-US\",\"potentialAction\":[{\"@type\":\"ReadAction\",\"target\":[\"https:\/\/veritasinfo.org\/?p=2313\"]}]},{\"@type\":\"ImageObject\",\"inLanguage\":\"en-US\",\"@id\":\"https:\/\/veritasinfo.org\/?p=2313#primaryimage\",\"url\":\"https:\/\/veritasinfo.org\/wp-content\/uploads\/2025\/07\/IMG_1681.jpeg\",\"contentUrl\":\"https:\/\/veritasinfo.org\/wp-content\/uploads\/2025\/07\/IMG_1681.jpeg\",\"width\":1536,\"height\":1152},{\"@type\":\"BreadcrumbList\",\"@id\":\"https:\/\/veritasinfo.org\/?p=2313#breadcrumb\",\"itemListElement\":[{\"@type\":\"ListItem\",\"position\":1,\"name\":\"Home\",\"item\":\"https:\/\/veritasinfo.org\/\"},{\"@type\":\"ListItem\",\"position\":2,\"name\":\"Prokuroria k\u00ebrkon d\u00ebnimin e t\u00eb akuzuarve p\u00ebr sulmin terrorist ndaj KKZ-s\u00eb n\u00eb veri\"}]},{\"@type\":\"WebSite\",\"@id\":\"https:\/\/veritasinfo.org\/#website\",\"url\":\"https:\/\/veritasinfo.org\/\",\"name\":\"\",\"description\":\"\",\"potentialAction\":[{\"@type\":\"SearchAction\",\"target\":{\"@type\":\"EntryPoint\",\"urlTemplate\":\"https:\/\/veritasinfo.org\/?s={search_term_string}\"},\"query-input\":{\"@type\":\"PropertyValueSpecification\",\"valueRequired\":true,\"valueName\":\"search_term_string\"}}],\"inLanguage\":\"en-US\"},{\"@type\":\"Person\",\"@id\":\"https:\/\/veritasinfo.org\/#\/schema\/person\/7701f8c088bece422266b100a712374f\",\"name\":\"admin\",\"image\":{\"@type\":\"ImageObject\",\"inLanguage\":\"en-US\",\"@id\":\"https:\/\/veritasinfo.org\/#\/schema\/person\/image\/\",\"url\":\"https:\/\/secure.gravatar.com\/avatar\/ea53aa3bf6c9a12d5fde8ce4deff43fef3885ae33cf60184161a50d6987cfd2f?s=96&d=mm&r=g\",\"contentUrl\":\"https:\/\/secure.gravatar.com\/avatar\/ea53aa3bf6c9a12d5fde8ce4deff43fef3885ae33cf60184161a50d6987cfd2f?s=96&d=mm&r=g\",\"caption\":\"admin\"},\"sameAs\":[\"https:\/\/veritasinfo.org\"],\"url\":\"https:\/\/veritasinfo.org\/?author=1\"}]}<\/script>\n<!-- \/ Yoast SEO plugin. -->","yoast_head_json":{"title":"Prokuroria k\u00ebrkon d\u00ebnimin e t\u00eb akuzuarve p\u00ebr sulmin terrorist ndaj KKZ-s\u00eb n\u00eb veri -","robots":{"index":"index","follow":"follow","max-snippet":"max-snippet:-1","max-image-preview":"max-image-preview:large","max-video-preview":"max-video-preview:-1"},"canonical":"https:\/\/veritasinfo.org\/?p=2313","og_locale":"en_US","og_type":"article","og_title":"Prokuroria k\u00ebrkon d\u00ebnimin e t\u00eb akuzuarve p\u00ebr sulmin terrorist ndaj KKZ-s\u00eb n\u00eb veri -","og_description":"Prishtin\u00eb 02 Korrik 2025 Prokuroria Speciale ka k\u00ebrkuar q\u00eb t\u00eb d\u00ebnohen kat\u00ebr t\u00eb akuzuarit p\u00ebr sulmin terrorist n\u00eb zyr\u00ebn e Komisionit Komunal Zgjedhor n\u00eb Mitrovic\u00eb","og_url":"https:\/\/veritasinfo.org\/?p=2313","article_published_time":"2025-07-02T17:43:24+00:00","og_image":[{"width":1536,"height":1152,"url":"https:\/\/veritasinfo.org\/wp-content\/uploads\/2025\/07\/IMG_1681.jpeg","type":"image\/jpeg"}],"author":"admin","twitter_card":"summary_large_image","twitter_misc":{"Written by":"admin","Est. reading time":"4 minutes"},"schema":{"@context":"https:\/\/schema.org","@graph":[{"@type":"WebPage","@id":"https:\/\/veritasinfo.org\/?p=2313","url":"https:\/\/veritasinfo.org\/?p=2313","name":"Prokuroria k\u00ebrkon d\u00ebnimin e t\u00eb akuzuarve p\u00ebr sulmin terrorist ndaj KKZ-s\u00eb n\u00eb veri -","isPartOf":{"@id":"https:\/\/veritasinfo.org\/#website"},"primaryImageOfPage":{"@id":"https:\/\/veritasinfo.org\/?p=2313#primaryimage"},"image":{"@id":"https:\/\/veritasinfo.org\/?p=2313#primaryimage"},"thumbnailUrl":"https:\/\/veritasinfo.org\/wp-content\/uploads\/2025\/07\/IMG_1681.jpeg","datePublished":"2025-07-02T17:43:24+00:00","author":{"@id":"https:\/\/veritasinfo.org\/#\/schema\/person\/7701f8c088bece422266b100a712374f"},"breadcrumb":{"@id":"https:\/\/veritasinfo.org\/?p=2313#breadcrumb"},"inLanguage":"en-US","potentialAction":[{"@type":"ReadAction","target":["https:\/\/veritasinfo.org\/?p=2313"]}]},{"@type":"ImageObject","inLanguage":"en-US","@id":"https:\/\/veritasinfo.org\/?p=2313#primaryimage","url":"https:\/\/veritasinfo.org\/wp-content\/uploads\/2025\/07\/IMG_1681.jpeg","contentUrl":"https:\/\/veritasinfo.org\/wp-content\/uploads\/2025\/07\/IMG_1681.jpeg","width":1536,"height":1152},{"@type":"BreadcrumbList","@id":"https:\/\/veritasinfo.org\/?p=2313#breadcrumb","itemListElement":[{"@type":"ListItem","position":1,"name":"Home","item":"https:\/\/veritasinfo.org\/"},{"@type":"ListItem","position":2,"name":"Prokuroria k\u00ebrkon d\u00ebnimin e t\u00eb akuzuarve p\u00ebr sulmin terrorist ndaj KKZ-s\u00eb n\u00eb veri"}]},{"@type":"WebSite","@id":"https:\/\/veritasinfo.org\/#website","url":"https:\/\/veritasinfo.org\/","name":"","description":"","potentialAction":[{"@type":"SearchAction","target":{"@type":"EntryPoint","urlTemplate":"https:\/\/veritasinfo.org\/?s={search_term_string}"},"query-input":{"@type":"PropertyValueSpecification","valueRequired":true,"valueName":"search_term_string"}}],"inLanguage":"en-US"},{"@type":"Person","@id":"https:\/\/veritasinfo.org\/#\/schema\/person\/7701f8c088bece422266b100a712374f","name":"admin","image":{"@type":"ImageObject","inLanguage":"en-US","@id":"https:\/\/veritasinfo.org\/#\/schema\/person\/image\/","url":"https:\/\/secure.gravatar.com\/avatar\/ea53aa3bf6c9a12d5fde8ce4deff43fef3885ae33cf60184161a50d6987cfd2f?s=96&d=mm&r=g","contentUrl":"https:\/\/secure.gravatar.com\/avatar\/ea53aa3bf6c9a12d5fde8ce4deff43fef3885ae33cf60184161a50d6987cfd2f?s=96&d=mm&r=g","caption":"admin"},"sameAs":["https:\/\/veritasinfo.org"],"url":"https:\/\/veritasinfo.org\/?author=1"}]}},"featured_image_urls":{"full":["https:\/\/veritasinfo.org\/wp-content\/uploads\/2025\/07\/IMG_1681.jpeg",1536,1152,false],"thumbnail":["https:\/\/veritasinfo.org\/wp-content\/uploads\/2025\/07\/IMG_1681-150x150.jpeg",150,150,true],"medium":["https:\/\/veritasinfo.org\/wp-content\/uploads\/2025\/07\/IMG_1681-300x225.jpeg",300,225,true],"medium_large":["https:\/\/veritasinfo.org\/wp-content\/uploads\/2025\/07\/IMG_1681-768x576.jpeg",640,480,true],"large":["https:\/\/veritasinfo.org\/wp-content\/uploads\/2025\/07\/IMG_1681-1024x768.jpeg",640,480,true],"1536x1536":["https:\/\/veritasinfo.org\/wp-content\/uploads\/2025\/07\/IMG_1681.jpeg",1536,1152,false],"2048x2048":["https:\/\/veritasinfo.org\/wp-content\/uploads\/2025\/07\/IMG_1681.jpeg",1536,1152,false],"kreeti-slider-full":["https:\/\/veritasinfo.org\/wp-content\/uploads\/2025\/07\/IMG_1681.jpeg",960,720,false],"kreeti-featured":["https:\/\/veritasinfo.org\/wp-content\/uploads\/2025\/07\/IMG_1681.jpeg",1024,768,false],"kreeti-medium":["https:\/\/veritasinfo.org\/wp-content\/uploads\/2025\/07\/IMG_1681.jpeg",707,530,false],"kreeti-medium-square":["https:\/\/veritasinfo.org\/wp-content\/uploads\/2025\/07\/IMG_1681.jpeg",350,263,false]},"author_info":{"info":["admin"]},"category_info":"<a href=\"https:\/\/veritasinfo.org\/?cat=60\" rel=\"category\">Shoq\u00ebrore<\/a>","tag_info":"Shoq\u00ebrore","comment_count":"0","_links":{"self":[{"href":"https:\/\/veritasinfo.org\/index.php?rest_route=\/wp\/v2\/posts\/2313","targetHints":{"allow":["GET"]}}],"collection":[{"href":"https:\/\/veritasinfo.org\/index.php?rest_route=\/wp\/v2\/posts"}],"about":[{"href":"https:\/\/veritasinfo.org\/index.php?rest_route=\/wp\/v2\/types\/post"}],"author":[{"embeddable":true,"href":"https:\/\/veritasinfo.org\/index.php?rest_route=\/wp\/v2\/users\/1"}],"replies":[{"embeddable":true,"href":"https:\/\/veritasinfo.org\/index.php?rest_route=%2Fwp%2Fv2%2Fcomments&post=2313"}],"version-history":[{"count":1,"href":"https:\/\/veritasinfo.org\/index.php?rest_route=\/wp\/v2\/posts\/2313\/revisions"}],"predecessor-version":[{"id":2315,"href":"https:\/\/veritasinfo.org\/index.php?rest_route=\/wp\/v2\/posts\/2313\/revisions\/2315"}],"wp:featuredmedia":[{"embeddable":true,"href":"https:\/\/veritasinfo.org\/index.php?rest_route=\/wp\/v2\/media\/2314"}],"wp:attachment":[{"href":"https:\/\/veritasinfo.org\/index.php?rest_route=%2Fwp%2Fv2%2Fmedia&parent=2313"}],"wp:term":[{"taxonomy":"category","embeddable":true,"href":"https:\/\/veritasinfo.org\/index.php?rest_route=%2Fwp%2Fv2%2Fcategories&post=2313"},{"taxonomy":"post_tag","embeddable":true,"href":"https:\/\/veritasinfo.org\/index.php?rest_route=%2Fwp%2Fv2%2Ftags&post=2313"}],"curies":[{"name":"wp","href":"https:\/\/api.w.org\/{rel}","templated":true}]}}