{"id":23095,"date":"2025-12-07T11:02:00","date_gmt":"2025-12-07T10:02:00","guid":{"rendered":"https:\/\/veritasinfo.org\/?p=23095"},"modified":"2025-12-07T11:02:00","modified_gmt":"2025-12-07T10:02:00","slug":"perfundon-regjistrimi-i-diaspores-mbi-70-mije-te-regjistruar","status":"publish","type":"post","link":"https:\/\/veritasinfo.org\/?p=23095","title":{"rendered":"P\u00ebrfundon regjistrimi i diaspor\u00ebs, mbi 70 mij\u00eb t\u00eb regjistruar"},"content":{"rendered":"<p><strong>Prishtin\u00eb, 07 dhjetor 2025 11:01<\/strong><\/p>\n<p>T\u00eb shtun\u00ebn n\u00eb mesnat\u00eb \u00ebsht\u00eb p\u00ebrmbyllur procesi i regjistrimit t\u00eb votuesve jasht\u00eb Kosov\u00ebs, p\u00ebr t\u00eb votuar n\u00eb zgjedhjet e parakohshme p\u00ebr Kuvendin e Kosov\u00ebs.<\/p>\n<p>Lajmi \u00ebsht\u00eb njoftuar t\u00eb diel\u00ebn paradite nga Z\u00ebdh\u00ebn\u00ebsi i KQZ-s\u00eb, Valmir Elezi, i cili ka treguar t\u00eb dh\u00ebnat nga procesi i regjistrimit, derisa vler\u00ebsimi i t\u00eb gjitha aplikimeve pritet t\u00eb p\u00ebrfundoj\u00eb gjat\u00eb dit\u00ebs.<\/p>\n<p>\u201c\u00cbsht\u00eb p\u00ebrmbyllur periudha p\u00ebr regjistrimin e votuesve jasht\u00eb Kosov\u00ebs p\u00ebr zgjedhjet e parakohshme p\u00ebr Kuvendin e Kosov\u00ebs. Sipas t\u00eb dh\u00ebnave preliminare, gjat\u00eb periudh\u00ebs 11-ditore (26 n\u00ebntor \u2013 6 dhjetor) p\u00ebmes platform\u00ebs elektronike t\u00eb KQZ-s\u00eb https:\/\/diaspora.kqz-ks.org jan\u00eb pranuar mbi 84,700 aplikime p\u00ebr regjistrim p\u00ebr votim jasht\u00eb Kosov\u00ebs, prej t\u00eb cilave jan\u00eb aprovuar rreth 71,900, nd\u00ebrkaq jan\u00eb refuzuar rreth 6,700. N\u00eb vler\u00ebsim e sip\u00ebr jan\u00eb rreth 5,900 aplikime\u201d, njoftoi Elezi.<\/p>\n<p>Ai tregoi se pjesa m\u00eb e madhe e votuesve t\u00eb regjistruar kan\u00eb p\u00ebrzgjedhur t\u00eb votojn\u00eb p\u00ebrmes post\u00ebs dhe vet\u00ebm nj\u00eb pjes\u00eb p\u00ebr t\u00eb votuar fizikisht n\u00eb p\u00ebrfaq\u00ebsit\u00eb diplomatike t\u00eb Repulik\u00ebs s\u00eb Kosov\u00ebs.<\/p>\n<p>\u201cNga numri i p\u00ebrgjithsh\u00ebm i aplikuesve t\u00eb aprovuar, pjesa m\u00eb e madhe jan\u00eb regjistruar p\u00ebr t\u00eb votuar p\u00ebrmes post\u00ebs, mbi 51,000 prej tyre p\u00ebr t\u00eb d\u00ebrguar pakon me flet\u00ebvotim n\u00eb ndonj\u00ebr\u00ebn nga adresat e kutive postare jasht\u00eb Kosov\u00ebs dhe rreth 2,500 t\u00eb tjer\u00eb p\u00ebr t\u00eb d\u00ebrguar pakon me flet\u00ebvotim n\u00eb kutin\u00eb postare t\u00eb KQZ-s\u00eb n\u00eb Kosov\u00eb. Nd\u00ebrkaq, rreth 18,000 shtetas jan\u00eb regjistruar p\u00ebr t\u00eb votuar fizikisht n\u00eb ndonj\u00ebr\u00ebn nga p\u00ebrfaq\u00ebsit\u00eb diplomatike\u201d, tregoi Elezi.<\/p>\n<p>&nbsp;<\/p>\n","protected":false},"excerpt":{"rendered":"<p>Prishtin\u00eb, 07 dhjetor 2025 11:01 T\u00eb shtun\u00ebn n\u00eb mesnat\u00eb \u00ebsht\u00eb p\u00ebrmbyllur procesi i regjistrimit t\u00eb votuesve jasht\u00eb Kosov\u00ebs, p\u00ebr t\u00eb votuar n\u00eb zgjedhjet e parakohshme<\/p>\n","protected":false},"author":7,"featured_media":23096,"comment_status":"open","ping_status":"open","sticky":false,"template":"","format":"standard","meta":{"footnotes":""},"categories":[8],"tags":[],"class_list":["post-23095","post","type-post","status-publish","format-standard","has-post-thumbnail","hentry","category-blog-sq"],"yoast_head":"<!-- This site is optimized with the Yoast SEO plugin v25.3.1 - https:\/\/yoast.com\/wordpress\/plugins\/seo\/ -->\n<title>P\u00ebrfundon regjistrimi i diaspor\u00ebs, mbi 70 mij\u00eb t\u00eb regjistruar -<\/title>\n<meta name=\"robots\" content=\"index, follow, max-snippet:-1, max-image-preview:large, max-video-preview:-1\" \/>\n<link rel=\"canonical\" href=\"https:\/\/veritasinfo.org\/?p=23095\" \/>\n<meta property=\"og:locale\" content=\"en_US\" \/>\n<meta property=\"og:type\" content=\"article\" \/>\n<meta property=\"og:title\" content=\"P\u00ebrfundon regjistrimi i diaspor\u00ebs, mbi 70 mij\u00eb t\u00eb regjistruar -\" \/>\n<meta property=\"og:description\" content=\"Prishtin\u00eb, 07 dhjetor 2025 11:01 T\u00eb shtun\u00ebn n\u00eb mesnat\u00eb \u00ebsht\u00eb p\u00ebrmbyllur procesi i regjistrimit t\u00eb votuesve jasht\u00eb Kosov\u00ebs, p\u00ebr t\u00eb votuar n\u00eb zgjedhjet e parakohshme\" \/>\n<meta property=\"og:url\" content=\"https:\/\/veritasinfo.org\/?p=23095\" \/>\n<meta property=\"article:published_time\" content=\"2025-12-07T10:02:00+00:00\" \/>\n<meta property=\"og:image\" content=\"https:\/\/veritasinfo.org\/wp-content\/uploads\/2025\/12\/votimi.png\" \/>\n\t<meta property=\"og:image:width\" content=\"901\" \/>\n\t<meta property=\"og:image:height\" content=\"612\" \/>\n\t<meta property=\"og:image:type\" content=\"image\/png\" \/>\n<meta name=\"author\" content=\"US6\" \/>\n<meta name=\"twitter:card\" content=\"summary_large_image\" \/>\n<meta name=\"twitter:label1\" content=\"Written by\" \/>\n\t<meta name=\"twitter:data1\" content=\"US6\" \/>\n\t<meta name=\"twitter:label2\" content=\"Est. reading time\" \/>\n\t<meta name=\"twitter:data2\" content=\"2 minutes\" \/>\n<script type=\"application\/ld+json\" class=\"yoast-schema-graph\">{\"@context\":\"https:\/\/schema.org\",\"@graph\":[{\"@type\":\"WebPage\",\"@id\":\"https:\/\/veritasinfo.org\/?p=23095\",\"url\":\"https:\/\/veritasinfo.org\/?p=23095\",\"name\":\"P\u00ebrfundon regjistrimi i diaspor\u00ebs, mbi 70 mij\u00eb t\u00eb regjistruar -\",\"isPartOf\":{\"@id\":\"https:\/\/veritasinfo.org\/#website\"},\"primaryImageOfPage\":{\"@id\":\"https:\/\/veritasinfo.org\/?p=23095#primaryimage\"},\"image\":{\"@id\":\"https:\/\/veritasinfo.org\/?p=23095#primaryimage\"},\"thumbnailUrl\":\"https:\/\/veritasinfo.org\/wp-content\/uploads\/2025\/12\/votimi.png\",\"datePublished\":\"2025-12-07T10:02:00+00:00\",\"author\":{\"@id\":\"https:\/\/veritasinfo.org\/#\/schema\/person\/fe199eede04c3937362892b7444747cc\"},\"breadcrumb\":{\"@id\":\"https:\/\/veritasinfo.org\/?p=23095#breadcrumb\"},\"inLanguage\":\"en-US\",\"potentialAction\":[{\"@type\":\"ReadAction\",\"target\":[\"https:\/\/veritasinfo.org\/?p=23095\"]}]},{\"@type\":\"ImageObject\",\"inLanguage\":\"en-US\",\"@id\":\"https:\/\/veritasinfo.org\/?p=23095#primaryimage\",\"url\":\"https:\/\/veritasinfo.org\/wp-content\/uploads\/2025\/12\/votimi.png\",\"contentUrl\":\"https:\/\/veritasinfo.org\/wp-content\/uploads\/2025\/12\/votimi.png\",\"width\":901,\"height\":612},{\"@type\":\"BreadcrumbList\",\"@id\":\"https:\/\/veritasinfo.org\/?p=23095#breadcrumb\",\"itemListElement\":[{\"@type\":\"ListItem\",\"position\":1,\"name\":\"Home\",\"item\":\"https:\/\/veritasinfo.org\/\"},{\"@type\":\"ListItem\",\"position\":2,\"name\":\"P\u00ebrfundon regjistrimi i diaspor\u00ebs, mbi 70 mij\u00eb t\u00eb regjistruar\"}]},{\"@type\":\"WebSite\",\"@id\":\"https:\/\/veritasinfo.org\/#website\",\"url\":\"https:\/\/veritasinfo.org\/\",\"name\":\"\",\"description\":\"\",\"potentialAction\":[{\"@type\":\"SearchAction\",\"target\":{\"@type\":\"EntryPoint\",\"urlTemplate\":\"https:\/\/veritasinfo.org\/?s={search_term_string}\"},\"query-input\":{\"@type\":\"PropertyValueSpecification\",\"valueRequired\":true,\"valueName\":\"search_term_string\"}}],\"inLanguage\":\"en-US\"},{\"@type\":\"Person\",\"@id\":\"https:\/\/veritasinfo.org\/#\/schema\/person\/fe199eede04c3937362892b7444747cc\",\"name\":\"US6\",\"image\":{\"@type\":\"ImageObject\",\"inLanguage\":\"en-US\",\"@id\":\"https:\/\/veritasinfo.org\/#\/schema\/person\/image\/\",\"url\":\"https:\/\/secure.gravatar.com\/avatar\/cb16c3c31c9d23b9b8c705964598220b3014e42ff51eb540ff23cefa3ae8c15f?s=96&d=mm&r=g\",\"contentUrl\":\"https:\/\/secure.gravatar.com\/avatar\/cb16c3c31c9d23b9b8c705964598220b3014e42ff51eb540ff23cefa3ae8c15f?s=96&d=mm&r=g\",\"caption\":\"US6\"},\"url\":\"https:\/\/veritasinfo.org\/?author=7\"}]}<\/script>\n<!-- \/ Yoast SEO plugin. -->","yoast_head_json":{"title":"P\u00ebrfundon regjistrimi i diaspor\u00ebs, mbi 70 mij\u00eb t\u00eb regjistruar -","robots":{"index":"index","follow":"follow","max-snippet":"max-snippet:-1","max-image-preview":"max-image-preview:large","max-video-preview":"max-video-preview:-1"},"canonical":"https:\/\/veritasinfo.org\/?p=23095","og_locale":"en_US","og_type":"article","og_title":"P\u00ebrfundon regjistrimi i diaspor\u00ebs, mbi 70 mij\u00eb t\u00eb regjistruar -","og_description":"Prishtin\u00eb, 07 dhjetor 2025 11:01 T\u00eb shtun\u00ebn n\u00eb mesnat\u00eb \u00ebsht\u00eb p\u00ebrmbyllur procesi i regjistrimit t\u00eb votuesve jasht\u00eb Kosov\u00ebs, p\u00ebr t\u00eb votuar n\u00eb zgjedhjet e parakohshme","og_url":"https:\/\/veritasinfo.org\/?p=23095","article_published_time":"2025-12-07T10:02:00+00:00","og_image":[{"width":901,"height":612,"url":"https:\/\/veritasinfo.org\/wp-content\/uploads\/2025\/12\/votimi.png","type":"image\/png"}],"author":"US6","twitter_card":"summary_large_image","twitter_misc":{"Written by":"US6","Est. reading time":"2 minutes"},"schema":{"@context":"https:\/\/schema.org","@graph":[{"@type":"WebPage","@id":"https:\/\/veritasinfo.org\/?p=23095","url":"https:\/\/veritasinfo.org\/?p=23095","name":"P\u00ebrfundon regjistrimi i diaspor\u00ebs, mbi 70 mij\u00eb t\u00eb regjistruar -","isPartOf":{"@id":"https:\/\/veritasinfo.org\/#website"},"primaryImageOfPage":{"@id":"https:\/\/veritasinfo.org\/?p=23095#primaryimage"},"image":{"@id":"https:\/\/veritasinfo.org\/?p=23095#primaryimage"},"thumbnailUrl":"https:\/\/veritasinfo.org\/wp-content\/uploads\/2025\/12\/votimi.png","datePublished":"2025-12-07T10:02:00+00:00","author":{"@id":"https:\/\/veritasinfo.org\/#\/schema\/person\/fe199eede04c3937362892b7444747cc"},"breadcrumb":{"@id":"https:\/\/veritasinfo.org\/?p=23095#breadcrumb"},"inLanguage":"en-US","potentialAction":[{"@type":"ReadAction","target":["https:\/\/veritasinfo.org\/?p=23095"]}]},{"@type":"ImageObject","inLanguage":"en-US","@id":"https:\/\/veritasinfo.org\/?p=23095#primaryimage","url":"https:\/\/veritasinfo.org\/wp-content\/uploads\/2025\/12\/votimi.png","contentUrl":"https:\/\/veritasinfo.org\/wp-content\/uploads\/2025\/12\/votimi.png","width":901,"height":612},{"@type":"BreadcrumbList","@id":"https:\/\/veritasinfo.org\/?p=23095#breadcrumb","itemListElement":[{"@type":"ListItem","position":1,"name":"Home","item":"https:\/\/veritasinfo.org\/"},{"@type":"ListItem","position":2,"name":"P\u00ebrfundon regjistrimi i diaspor\u00ebs, mbi 70 mij\u00eb t\u00eb regjistruar"}]},{"@type":"WebSite","@id":"https:\/\/veritasinfo.org\/#website","url":"https:\/\/veritasinfo.org\/","name":"","description":"","potentialAction":[{"@type":"SearchAction","target":{"@type":"EntryPoint","urlTemplate":"https:\/\/veritasinfo.org\/?s={search_term_string}"},"query-input":{"@type":"PropertyValueSpecification","valueRequired":true,"valueName":"search_term_string"}}],"inLanguage":"en-US"},{"@type":"Person","@id":"https:\/\/veritasinfo.org\/#\/schema\/person\/fe199eede04c3937362892b7444747cc","name":"US6","image":{"@type":"ImageObject","inLanguage":"en-US","@id":"https:\/\/veritasinfo.org\/#\/schema\/person\/image\/","url":"https:\/\/secure.gravatar.com\/avatar\/cb16c3c31c9d23b9b8c705964598220b3014e42ff51eb540ff23cefa3ae8c15f?s=96&d=mm&r=g","contentUrl":"https:\/\/secure.gravatar.com\/avatar\/cb16c3c31c9d23b9b8c705964598220b3014e42ff51eb540ff23cefa3ae8c15f?s=96&d=mm&r=g","caption":"US6"},"url":"https:\/\/veritasinfo.org\/?author=7"}]}},"featured_image_urls":{"full":["https:\/\/veritasinfo.org\/wp-content\/uploads\/2025\/12\/votimi.png",901,612,false],"thumbnail":["https:\/\/veritasinfo.org\/wp-content\/uploads\/2025\/12\/votimi-150x150.png",150,150,true],"medium":["https:\/\/veritasinfo.org\/wp-content\/uploads\/2025\/12\/votimi-300x204.png",300,204,true],"medium_large":["https:\/\/veritasinfo.org\/wp-content\/uploads\/2025\/12\/votimi-768x522.png",640,435,true],"large":["https:\/\/veritasinfo.org\/wp-content\/uploads\/2025\/12\/votimi.png",640,435,false],"1536x1536":["https:\/\/veritasinfo.org\/wp-content\/uploads\/2025\/12\/votimi.png",901,612,false],"2048x2048":["https:\/\/veritasinfo.org\/wp-content\/uploads\/2025\/12\/votimi.png",901,612,false],"kreeti-slider-full":["https:\/\/veritasinfo.org\/wp-content\/uploads\/2025\/12\/votimi.png",901,612,false],"kreeti-featured":["https:\/\/veritasinfo.org\/wp-content\/uploads\/2025\/12\/votimi.png",901,612,false],"kreeti-medium":["https:\/\/veritasinfo.org\/wp-content\/uploads\/2025\/12\/votimi.png",720,489,false],"kreeti-medium-square":["https:\/\/veritasinfo.org\/wp-content\/uploads\/2025\/12\/votimi.png",350,238,false]},"author_info":{"info":["US6"]},"category_info":"<a href=\"https:\/\/veritasinfo.org\/?cat=8\" rel=\"category\">Zgjedhjet parlamentare 2025<\/a>","tag_info":"Zgjedhjet parlamentare 2025","comment_count":"0","_links":{"self":[{"href":"https:\/\/veritasinfo.org\/index.php?rest_route=\/wp\/v2\/posts\/23095","targetHints":{"allow":["GET"]}}],"collection":[{"href":"https:\/\/veritasinfo.org\/index.php?rest_route=\/wp\/v2\/posts"}],"about":[{"href":"https:\/\/veritasinfo.org\/index.php?rest_route=\/wp\/v2\/types\/post"}],"author":[{"embeddable":true,"href":"https:\/\/veritasinfo.org\/index.php?rest_route=\/wp\/v2\/users\/7"}],"replies":[{"embeddable":true,"href":"https:\/\/veritasinfo.org\/index.php?rest_route=%2Fwp%2Fv2%2Fcomments&post=23095"}],"version-history":[{"count":1,"href":"https:\/\/veritasinfo.org\/index.php?rest_route=\/wp\/v2\/posts\/23095\/revisions"}],"predecessor-version":[{"id":23097,"href":"https:\/\/veritasinfo.org\/index.php?rest_route=\/wp\/v2\/posts\/23095\/revisions\/23097"}],"wp:featuredmedia":[{"embeddable":true,"href":"https:\/\/veritasinfo.org\/index.php?rest_route=\/wp\/v2\/media\/23096"}],"wp:attachment":[{"href":"https:\/\/veritasinfo.org\/index.php?rest_route=%2Fwp%2Fv2%2Fmedia&parent=23095"}],"wp:term":[{"taxonomy":"category","embeddable":true,"href":"https:\/\/veritasinfo.org\/index.php?rest_route=%2Fwp%2Fv2%2Fcategories&post=23095"},{"taxonomy":"post_tag","embeddable":true,"href":"https:\/\/veritasinfo.org\/index.php?rest_route=%2Fwp%2Fv2%2Ftags&post=23095"}],"curies":[{"name":"wp","href":"https:\/\/api.w.org\/{rel}","templated":true}]}}