{"id":23089,"date":"2025-12-07T09:36:11","date_gmt":"2025-12-07T08:36:11","guid":{"rendered":"https:\/\/veritasinfo.org\/?p=23089"},"modified":"2025-12-07T09:36:11","modified_gmt":"2025-12-07T08:36:11","slug":"vulaj-ne-senat-e-kane-fajesuar-serbine-per-destabilizim-te-ballkanit","status":"publish","type":"post","link":"https:\/\/veritasinfo.org\/?p=23089","title":{"rendered":"Vulaj: N\u00eb Senat e kan\u00eb faj\u00ebsuar Serbin\u00eb p\u00ebr destabilizim t\u00eb Ballkanit"},"content":{"rendered":"<p><strong>Prishtin\u00eb, 07 dhjejtor 2025 09:35<\/strong><\/p>\n<p>Martin Vulaj, p\u00ebrfaq\u00ebsues i Shoqat\u00ebs p\u00ebr Marr\u00ebdh\u00ebnie Shqiptaro-Amerikane, ka folur p\u00ebr v\u00ebmendjen q\u00eb i \u00ebsht\u00eb kushtuar situat\u00ebs n\u00eb Kosov\u00eb n\u00eb Senatin amerikan, duke theksuar se ka pasur shqet\u00ebsime dhe kritika nga an\u00ebtar\u00ebt e Senatit p\u00ebr qeverin\u00eb amerikane se jan\u00eb tolerues ndaj Serbis\u00eb.<\/p>\n<p>N\u00eb \u201cInfo Magazin\u00eb\u201d n\u00eb Klan Kosova, Vulaj tha se n\u00eb senat e kan\u00eb faj\u00ebsuar Serbin\u00eb, si elementin kryesor p\u00ebr destabilizim t\u00eb Ballkanit.<\/p>\n<p>\u201cN\u00eb k\u00ebt\u00eb aspekt ka pasur edhe kritika p\u00ebr qeverin\u00eb amerikane q\u00eb kan\u00eb q\u00ebn\u00eb tep\u00ebr toleruese ndaj Serbis\u00eb, dhe e kan\u00eb faj\u00ebsuar Serbin\u00eb si elementin p\u00ebr destabilizim kryesor n\u00eb rajon t\u00eb Ballkanit. \u00cbsht\u00eb koha p\u00ebr nj\u00eb qasje tjet\u00ebr ndaj Serbis\u00eb, me pjek\u00eb pyetjen a je me ne, apo me ata. Kjo administrat\u00eb \u00ebsht\u00eb m\u00eb shum\u00eb bardh\u00eb e zi\u201d, tha ai.<\/p>\n<p>Derisa shtoi se, sipas tij, ShBA dhe Evropa i kan\u00eb interesat e ndrysh\u00ebm.<\/p>\n<p>\u201cBE i ka interesat ndryshe nga ShBA, normal q\u00eb jemi aleat\u00eb kryesor n\u00eb tregti dhe siguri, por e shohin qasjen e Ukrain\u00ebs ndryshe. ShBA duan nj\u00eb zon\u00eb stabile, kurse BE \u00ebsht\u00eb m\u00eb agresive\u201d, tha Vulaj.<\/p>\n<p>Nd\u00ebr tjerash, Vulaj tha se nevoja e qeveris\u00eb n\u00eb Kosov\u00eb \u00ebsht\u00eb e padiskutueshme.<\/p>\n<p>&nbsp;<\/p>\n","protected":false},"excerpt":{"rendered":"<p>Prishtin\u00eb, 07 dhjejtor 2025 09:35 Martin Vulaj, p\u00ebrfaq\u00ebsues i Shoqat\u00ebs p\u00ebr Marr\u00ebdh\u00ebnie Shqiptaro-Amerikane, ka folur p\u00ebr v\u00ebmendjen q\u00eb i \u00ebsht\u00eb kushtuar situat\u00ebs n\u00eb Kosov\u00eb n\u00eb<\/p>\n","protected":false},"author":7,"featured_media":23090,"comment_status":"open","ping_status":"open","sticky":false,"template":"","format":"standard","meta":{"footnotes":""},"categories":[58],"tags":[],"class_list":["post-23089","post","type-post","status-publish","format-standard","has-post-thumbnail","hentry","category-politike-sq"],"yoast_head":"<!-- This site is optimized with the Yoast SEO plugin v25.3.1 - https:\/\/yoast.com\/wordpress\/plugins\/seo\/ -->\n<title>Vulaj: N\u00eb Senat e kan\u00eb faj\u00ebsuar Serbin\u00eb p\u00ebr destabilizim t\u00eb Ballkanit -<\/title>\n<meta name=\"robots\" content=\"index, follow, max-snippet:-1, max-image-preview:large, max-video-preview:-1\" \/>\n<link rel=\"canonical\" href=\"https:\/\/veritasinfo.org\/?p=23089\" \/>\n<meta property=\"og:locale\" content=\"en_US\" \/>\n<meta property=\"og:type\" content=\"article\" \/>\n<meta property=\"og:title\" content=\"Vulaj: N\u00eb Senat e kan\u00eb faj\u00ebsuar Serbin\u00eb p\u00ebr destabilizim t\u00eb Ballkanit -\" \/>\n<meta property=\"og:description\" content=\"Prishtin\u00eb, 07 dhjejtor 2025 09:35 Martin Vulaj, p\u00ebrfaq\u00ebsues i Shoqat\u00ebs p\u00ebr Marr\u00ebdh\u00ebnie Shqiptaro-Amerikane, ka folur p\u00ebr v\u00ebmendjen q\u00eb i \u00ebsht\u00eb kushtuar situat\u00ebs n\u00eb Kosov\u00eb n\u00eb\" \/>\n<meta property=\"og:url\" content=\"https:\/\/veritasinfo.org\/?p=23089\" \/>\n<meta property=\"article:published_time\" content=\"2025-12-07T08:36:11+00:00\" \/>\n<meta property=\"og:image\" content=\"https:\/\/veritasinfo.org\/wp-content\/uploads\/2025\/12\/auto_Screenshot_2025-08-02_1741341754149299.jpg\" \/>\n\t<meta property=\"og:image:width\" content=\"850\" \/>\n\t<meta property=\"og:image:height\" content=\"522\" \/>\n\t<meta property=\"og:image:type\" content=\"image\/jpeg\" \/>\n<meta name=\"author\" content=\"US6\" \/>\n<meta name=\"twitter:card\" content=\"summary_large_image\" \/>\n<meta name=\"twitter:label1\" content=\"Written by\" \/>\n\t<meta name=\"twitter:data1\" content=\"US6\" \/>\n\t<meta name=\"twitter:label2\" content=\"Est. reading time\" \/>\n\t<meta name=\"twitter:data2\" content=\"1 minute\" \/>\n<script type=\"application\/ld+json\" class=\"yoast-schema-graph\">{\"@context\":\"https:\/\/schema.org\",\"@graph\":[{\"@type\":\"WebPage\",\"@id\":\"https:\/\/veritasinfo.org\/?p=23089\",\"url\":\"https:\/\/veritasinfo.org\/?p=23089\",\"name\":\"Vulaj: N\u00eb Senat e kan\u00eb faj\u00ebsuar Serbin\u00eb p\u00ebr destabilizim t\u00eb Ballkanit -\",\"isPartOf\":{\"@id\":\"https:\/\/veritasinfo.org\/#website\"},\"primaryImageOfPage\":{\"@id\":\"https:\/\/veritasinfo.org\/?p=23089#primaryimage\"},\"image\":{\"@id\":\"https:\/\/veritasinfo.org\/?p=23089#primaryimage\"},\"thumbnailUrl\":\"https:\/\/veritasinfo.org\/wp-content\/uploads\/2025\/12\/auto_Screenshot_2025-08-02_1741341754149299.jpg\",\"datePublished\":\"2025-12-07T08:36:11+00:00\",\"author\":{\"@id\":\"https:\/\/veritasinfo.org\/#\/schema\/person\/fe199eede04c3937362892b7444747cc\"},\"breadcrumb\":{\"@id\":\"https:\/\/veritasinfo.org\/?p=23089#breadcrumb\"},\"inLanguage\":\"en-US\",\"potentialAction\":[{\"@type\":\"ReadAction\",\"target\":[\"https:\/\/veritasinfo.org\/?p=23089\"]}]},{\"@type\":\"ImageObject\",\"inLanguage\":\"en-US\",\"@id\":\"https:\/\/veritasinfo.org\/?p=23089#primaryimage\",\"url\":\"https:\/\/veritasinfo.org\/wp-content\/uploads\/2025\/12\/auto_Screenshot_2025-08-02_1741341754149299.jpg\",\"contentUrl\":\"https:\/\/veritasinfo.org\/wp-content\/uploads\/2025\/12\/auto_Screenshot_2025-08-02_1741341754149299.jpg\",\"width\":850,\"height\":522},{\"@type\":\"BreadcrumbList\",\"@id\":\"https:\/\/veritasinfo.org\/?p=23089#breadcrumb\",\"itemListElement\":[{\"@type\":\"ListItem\",\"position\":1,\"name\":\"Home\",\"item\":\"https:\/\/veritasinfo.org\/\"},{\"@type\":\"ListItem\",\"position\":2,\"name\":\"Vulaj: N\u00eb Senat e kan\u00eb faj\u00ebsuar Serbin\u00eb p\u00ebr destabilizim t\u00eb Ballkanit\"}]},{\"@type\":\"WebSite\",\"@id\":\"https:\/\/veritasinfo.org\/#website\",\"url\":\"https:\/\/veritasinfo.org\/\",\"name\":\"\",\"description\":\"\",\"potentialAction\":[{\"@type\":\"SearchAction\",\"target\":{\"@type\":\"EntryPoint\",\"urlTemplate\":\"https:\/\/veritasinfo.org\/?s={search_term_string}\"},\"query-input\":{\"@type\":\"PropertyValueSpecification\",\"valueRequired\":true,\"valueName\":\"search_term_string\"}}],\"inLanguage\":\"en-US\"},{\"@type\":\"Person\",\"@id\":\"https:\/\/veritasinfo.org\/#\/schema\/person\/fe199eede04c3937362892b7444747cc\",\"name\":\"US6\",\"image\":{\"@type\":\"ImageObject\",\"inLanguage\":\"en-US\",\"@id\":\"https:\/\/veritasinfo.org\/#\/schema\/person\/image\/\",\"url\":\"https:\/\/secure.gravatar.com\/avatar\/cb16c3c31c9d23b9b8c705964598220b3014e42ff51eb540ff23cefa3ae8c15f?s=96&d=mm&r=g\",\"contentUrl\":\"https:\/\/secure.gravatar.com\/avatar\/cb16c3c31c9d23b9b8c705964598220b3014e42ff51eb540ff23cefa3ae8c15f?s=96&d=mm&r=g\",\"caption\":\"US6\"},\"url\":\"https:\/\/veritasinfo.org\/?author=7\"}]}<\/script>\n<!-- \/ Yoast SEO plugin. -->","yoast_head_json":{"title":"Vulaj: N\u00eb Senat e kan\u00eb faj\u00ebsuar Serbin\u00eb p\u00ebr destabilizim t\u00eb Ballkanit -","robots":{"index":"index","follow":"follow","max-snippet":"max-snippet:-1","max-image-preview":"max-image-preview:large","max-video-preview":"max-video-preview:-1"},"canonical":"https:\/\/veritasinfo.org\/?p=23089","og_locale":"en_US","og_type":"article","og_title":"Vulaj: N\u00eb Senat e kan\u00eb faj\u00ebsuar Serbin\u00eb p\u00ebr destabilizim t\u00eb Ballkanit -","og_description":"Prishtin\u00eb, 07 dhjejtor 2025 09:35 Martin Vulaj, p\u00ebrfaq\u00ebsues i Shoqat\u00ebs p\u00ebr Marr\u00ebdh\u00ebnie Shqiptaro-Amerikane, ka folur p\u00ebr v\u00ebmendjen q\u00eb i \u00ebsht\u00eb kushtuar situat\u00ebs n\u00eb Kosov\u00eb n\u00eb","og_url":"https:\/\/veritasinfo.org\/?p=23089","article_published_time":"2025-12-07T08:36:11+00:00","og_image":[{"width":850,"height":522,"url":"https:\/\/veritasinfo.org\/wp-content\/uploads\/2025\/12\/auto_Screenshot_2025-08-02_1741341754149299.jpg","type":"image\/jpeg"}],"author":"US6","twitter_card":"summary_large_image","twitter_misc":{"Written by":"US6","Est. reading time":"1 minute"},"schema":{"@context":"https:\/\/schema.org","@graph":[{"@type":"WebPage","@id":"https:\/\/veritasinfo.org\/?p=23089","url":"https:\/\/veritasinfo.org\/?p=23089","name":"Vulaj: N\u00eb Senat e kan\u00eb faj\u00ebsuar Serbin\u00eb p\u00ebr destabilizim t\u00eb Ballkanit -","isPartOf":{"@id":"https:\/\/veritasinfo.org\/#website"},"primaryImageOfPage":{"@id":"https:\/\/veritasinfo.org\/?p=23089#primaryimage"},"image":{"@id":"https:\/\/veritasinfo.org\/?p=23089#primaryimage"},"thumbnailUrl":"https:\/\/veritasinfo.org\/wp-content\/uploads\/2025\/12\/auto_Screenshot_2025-08-02_1741341754149299.jpg","datePublished":"2025-12-07T08:36:11+00:00","author":{"@id":"https:\/\/veritasinfo.org\/#\/schema\/person\/fe199eede04c3937362892b7444747cc"},"breadcrumb":{"@id":"https:\/\/veritasinfo.org\/?p=23089#breadcrumb"},"inLanguage":"en-US","potentialAction":[{"@type":"ReadAction","target":["https:\/\/veritasinfo.org\/?p=23089"]}]},{"@type":"ImageObject","inLanguage":"en-US","@id":"https:\/\/veritasinfo.org\/?p=23089#primaryimage","url":"https:\/\/veritasinfo.org\/wp-content\/uploads\/2025\/12\/auto_Screenshot_2025-08-02_1741341754149299.jpg","contentUrl":"https:\/\/veritasinfo.org\/wp-content\/uploads\/2025\/12\/auto_Screenshot_2025-08-02_1741341754149299.jpg","width":850,"height":522},{"@type":"BreadcrumbList","@id":"https:\/\/veritasinfo.org\/?p=23089#breadcrumb","itemListElement":[{"@type":"ListItem","position":1,"name":"Home","item":"https:\/\/veritasinfo.org\/"},{"@type":"ListItem","position":2,"name":"Vulaj: N\u00eb Senat e kan\u00eb faj\u00ebsuar Serbin\u00eb p\u00ebr destabilizim t\u00eb Ballkanit"}]},{"@type":"WebSite","@id":"https:\/\/veritasinfo.org\/#website","url":"https:\/\/veritasinfo.org\/","name":"","description":"","potentialAction":[{"@type":"SearchAction","target":{"@type":"EntryPoint","urlTemplate":"https:\/\/veritasinfo.org\/?s={search_term_string}"},"query-input":{"@type":"PropertyValueSpecification","valueRequired":true,"valueName":"search_term_string"}}],"inLanguage":"en-US"},{"@type":"Person","@id":"https:\/\/veritasinfo.org\/#\/schema\/person\/fe199eede04c3937362892b7444747cc","name":"US6","image":{"@type":"ImageObject","inLanguage":"en-US","@id":"https:\/\/veritasinfo.org\/#\/schema\/person\/image\/","url":"https:\/\/secure.gravatar.com\/avatar\/cb16c3c31c9d23b9b8c705964598220b3014e42ff51eb540ff23cefa3ae8c15f?s=96&d=mm&r=g","contentUrl":"https:\/\/secure.gravatar.com\/avatar\/cb16c3c31c9d23b9b8c705964598220b3014e42ff51eb540ff23cefa3ae8c15f?s=96&d=mm&r=g","caption":"US6"},"url":"https:\/\/veritasinfo.org\/?author=7"}]}},"featured_image_urls":{"full":["https:\/\/veritasinfo.org\/wp-content\/uploads\/2025\/12\/auto_Screenshot_2025-08-02_1741341754149299.jpg",850,522,false],"thumbnail":["https:\/\/veritasinfo.org\/wp-content\/uploads\/2025\/12\/auto_Screenshot_2025-08-02_1741341754149299-150x150.jpg",150,150,true],"medium":["https:\/\/veritasinfo.org\/wp-content\/uploads\/2025\/12\/auto_Screenshot_2025-08-02_1741341754149299-300x184.jpg",300,184,true],"medium_large":["https:\/\/veritasinfo.org\/wp-content\/uploads\/2025\/12\/auto_Screenshot_2025-08-02_1741341754149299-768x472.jpg",640,393,true],"large":["https:\/\/veritasinfo.org\/wp-content\/uploads\/2025\/12\/auto_Screenshot_2025-08-02_1741341754149299.jpg",640,393,false],"1536x1536":["https:\/\/veritasinfo.org\/wp-content\/uploads\/2025\/12\/auto_Screenshot_2025-08-02_1741341754149299.jpg",850,522,false],"2048x2048":["https:\/\/veritasinfo.org\/wp-content\/uploads\/2025\/12\/auto_Screenshot_2025-08-02_1741341754149299.jpg",850,522,false],"kreeti-slider-full":["https:\/\/veritasinfo.org\/wp-content\/uploads\/2025\/12\/auto_Screenshot_2025-08-02_1741341754149299.jpg",850,522,false],"kreeti-featured":["https:\/\/veritasinfo.org\/wp-content\/uploads\/2025\/12\/auto_Screenshot_2025-08-02_1741341754149299.jpg",850,522,false],"kreeti-medium":["https:\/\/veritasinfo.org\/wp-content\/uploads\/2025\/12\/auto_Screenshot_2025-08-02_1741341754149299.jpg",720,442,false],"kreeti-medium-square":["https:\/\/veritasinfo.org\/wp-content\/uploads\/2025\/12\/auto_Screenshot_2025-08-02_1741341754149299.jpg",350,215,false]},"author_info":{"info":["US6"]},"category_info":"<a href=\"https:\/\/veritasinfo.org\/?cat=58\" rel=\"category\">Politik\u00eb<\/a>","tag_info":"Politik\u00eb","comment_count":"0","_links":{"self":[{"href":"https:\/\/veritasinfo.org\/index.php?rest_route=\/wp\/v2\/posts\/23089","targetHints":{"allow":["GET"]}}],"collection":[{"href":"https:\/\/veritasinfo.org\/index.php?rest_route=\/wp\/v2\/posts"}],"about":[{"href":"https:\/\/veritasinfo.org\/index.php?rest_route=\/wp\/v2\/types\/post"}],"author":[{"embeddable":true,"href":"https:\/\/veritasinfo.org\/index.php?rest_route=\/wp\/v2\/users\/7"}],"replies":[{"embeddable":true,"href":"https:\/\/veritasinfo.org\/index.php?rest_route=%2Fwp%2Fv2%2Fcomments&post=23089"}],"version-history":[{"count":1,"href":"https:\/\/veritasinfo.org\/index.php?rest_route=\/wp\/v2\/posts\/23089\/revisions"}],"predecessor-version":[{"id":23091,"href":"https:\/\/veritasinfo.org\/index.php?rest_route=\/wp\/v2\/posts\/23089\/revisions\/23091"}],"wp:featuredmedia":[{"embeddable":true,"href":"https:\/\/veritasinfo.org\/index.php?rest_route=\/wp\/v2\/media\/23090"}],"wp:attachment":[{"href":"https:\/\/veritasinfo.org\/index.php?rest_route=%2Fwp%2Fv2%2Fmedia&parent=23089"}],"wp:term":[{"taxonomy":"category","embeddable":true,"href":"https:\/\/veritasinfo.org\/index.php?rest_route=%2Fwp%2Fv2%2Fcategories&post=23089"},{"taxonomy":"post_tag","embeddable":true,"href":"https:\/\/veritasinfo.org\/index.php?rest_route=%2Fwp%2Fv2%2Ftags&post=23089"}],"curies":[{"name":"wp","href":"https:\/\/api.w.org\/{rel}","templated":true}]}}