{"id":23073,"date":"2025-12-06T18:48:03","date_gmt":"2025-12-06T17:48:03","guid":{"rendered":"https:\/\/veritasinfo.org\/?p=23073"},"modified":"2025-12-06T18:48:03","modified_gmt":"2025-12-06T17:48:03","slug":"kosova-pret-kampionatin-evropian-u-21-ne-taekwondo-38-shtete-marrin-pjese-perfshire-edhe-rusine","status":"publish","type":"post","link":"https:\/\/veritasinfo.org\/?p=23073","title":{"rendered":"Kosova pret Kampionatin Evropian U-21 n\u00eb Taekwondo: 38 shtete marrin pjes\u00eb, p\u00ebrfshir\u00eb edhe Rusin\u00eb"},"content":{"rendered":"<p>Prishtin\u00eb 6 Dhjetor 2025 18:47<\/p>\n<p>Kampionati Evropian U-21 n\u00eb Taekwondo po afron, dhe Kosova po p\u00ebrgatitet t\u00eb mir\u00ebpres\u00eb n\u00eb Prishtin\u00eb nj\u00eb prej ngjarjeve m\u00eb t\u00eb r\u00ebnd\u00ebsishme sportive t\u00eb vitit. Drejtuesit e Federat\u00ebs s\u00eb Taekwondos, n\u00eb nj\u00eb prononcim p\u00ebr KosovaPress, shpalos\u00ebn p\u00ebrmasat e k\u00ebtij eventi, pritjet sportive dhe r\u00ebnd\u00ebsin\u00eb e tij diplomatike, pasi n\u00eb gar\u00eb do t\u00eb marrin pjes\u00eb edhe shtete q\u00eb ende nuk e njohin Kosov\u00ebn \u2013 p\u00ebrfshir\u00eb edhe Rusin\u00eb.<\/p>\n<p>Kryetari i Federat\u00ebs s\u00eb Taekwondos, Arsim Agushi, u shpreh se p\u00ebrgatitjet organizative po zhvillohen sipas planit dhe se gara do t\u00eb ket\u00eb pjes\u00ebmarrje rekord.<\/p>\n<p>\u201cSa i p\u00ebrket Kampionatit Evropian U-21, i cili do t\u00eb mbahet prej dat\u00ebs 11\u201314 dhjetor n\u00eb Prishtin\u00eb, n\u00eb palestr\u00ebn \u20181 Tetori\u2019, ne si federat\u00eb jemi t\u00eb organizuar deri tani. Pritet pjes\u00ebmarrja e mbi 700 pjes\u00ebmarr\u00ebsve me 509 atlet\u00eb, duke p\u00ebrfshir\u00eb delegacionet dhe ekipet referuese\u2026 P\u00ebr k\u00ebt\u00eb event kemi caktuar palestr\u00ebn \u20181 Tetori\u2019, e cila i plot\u00ebson kushtet\u201d, tha Agushi.<\/p>\n<p>Ai theksoi pritjet sportive dhe synimet e Kosov\u00ebs si nikoqir, duke n\u00ebnvizuar motivimin e sportist\u00ebve vendas p\u00ebr rezultate t\u00eb larta.<\/p>\n<p>\u201cNe si nikoqir\u00eb e kemi ekipin ton\u00eb, sportist\u00ebt tan\u00eb t\u00eb cil\u00ebt pretendojn\u00eb p\u00ebr medalje. Q\u00ebllimi yn\u00eb \u00ebsht\u00eb ai. E kemi nj\u00eb p\u00ebrpar\u00ebsi q\u00eb jemi nikoqir\u00eb dhe vendas \u2013 kjo \u00ebsht\u00eb nj\u00eb plus p\u00ebr ne. Kemi nj\u00eb medalje evropiane t\u00eb vendit t\u00eb dyt\u00eb nga Kampionati Evropian U-21, e Bleron Ademit, i cili ka ndikuar shum\u00eb. Edhe sportist\u00ebt tjer\u00eb, me rezultatet e tyre n\u00eb aren\u00ebn nd\u00ebrkomb\u00ebtare, tregojn\u00eb se kemi nj\u00eb ekip premtues\u201d, deklaroi Agushi.Ai shtoi se pjes\u00ebmarrja e 38 shteteve, p\u00ebrfshir\u00eb vende q\u00eb nuk e njohin Kosov\u00ebn, si Rusia, \u00ebsht\u00eb nj\u00eb fitore e r\u00ebnd\u00ebsishme e diplomacis\u00eb sportive dhe nj\u00eb d\u00ebshmi e hapjes s\u00eb vendit karshi sportit nd\u00ebrkomb\u00ebtar. Agushi theksoi se siguria e atlet\u00ebve \u00ebsht\u00eb prioritet dhe se bashk\u00ebpunimi me institucionet e rendit \u00ebsht\u00eb i plot\u00eb, duke kujtuar se Kosova ka d\u00ebshmuar vazhdimisht se \u00ebsht\u00eb vend i sigurt dhe mikprit\u00ebs p\u00ebr ngjarje t\u00eb k\u00ebtij niveli.<\/p>\n<p>Nd\u00ebrkoh\u00eb, sekretari i Federat\u00ebs, Muhamed Gashi, vuri n\u00eb pah standardet dhe infrastruktur\u00ebn sportive, duke e cil\u00ebsuar organizimin e k\u00ebtij kampionati si d\u00ebshmi se Kosova \u00ebsht\u00eb e gatshme t\u00eb pres\u00eb ngjarje madhore nd\u00ebrkomb\u00ebtare.<\/p>\n<p>N\u00eb k\u00ebt\u00eb kampionat pritet t\u00eb garojn\u00eb mbi 500 atlet\u00eb dhe, s\u00eb bashku me stafin p\u00ebrcjell\u00ebs, numri i pjes\u00ebmarr\u00ebsve do t\u00eb kaloj\u00eb 700 vizitor\u00eb.<\/p>\n","protected":false},"excerpt":{"rendered":"<p>Prishtin\u00eb 6 Dhjetor 2025 18:47 Kampionati Evropian U-21 n\u00eb Taekwondo po afron, dhe Kosova po p\u00ebrgatitet t\u00eb mir\u00ebpres\u00eb n\u00eb Prishtin\u00eb nj\u00eb prej ngjarjeve m\u00eb t\u00eb<\/p>\n","protected":false},"author":6,"featured_media":23074,"comment_status":"open","ping_status":"open","sticky":false,"template":"","format":"standard","meta":{"footnotes":""},"categories":[5],"tags":[],"class_list":["post-23073","post","type-post","status-publish","format-standard","has-post-thumbnail","hentry","category-sport-sq"],"yoast_head":"<!-- This site is optimized with the Yoast SEO plugin v25.3.1 - https:\/\/yoast.com\/wordpress\/plugins\/seo\/ -->\n<title>Kosova pret Kampionatin Evropian U-21 n\u00eb Taekwondo: 38 shtete marrin pjes\u00eb, p\u00ebrfshir\u00eb edhe Rusin\u00eb -<\/title>\n<meta name=\"robots\" content=\"index, follow, max-snippet:-1, max-image-preview:large, max-video-preview:-1\" \/>\n<link rel=\"canonical\" href=\"https:\/\/veritasinfo.org\/?p=23073\" \/>\n<meta property=\"og:locale\" content=\"en_US\" \/>\n<meta property=\"og:type\" content=\"article\" \/>\n<meta property=\"og:title\" content=\"Kosova pret Kampionatin Evropian U-21 n\u00eb Taekwondo: 38 shtete marrin pjes\u00eb, p\u00ebrfshir\u00eb edhe Rusin\u00eb -\" \/>\n<meta property=\"og:description\" content=\"Prishtin\u00eb 6 Dhjetor 2025 18:47 Kampionati Evropian U-21 n\u00eb Taekwondo po afron, dhe Kosova po p\u00ebrgatitet t\u00eb mir\u00ebpres\u00eb n\u00eb Prishtin\u00eb nj\u00eb prej ngjarjeve m\u00eb t\u00eb\" \/>\n<meta property=\"og:url\" content=\"https:\/\/veritasinfo.org\/?p=23073\" \/>\n<meta property=\"article:published_time\" content=\"2025-12-06T17:48:03+00:00\" \/>\n<meta property=\"og:image\" content=\"https:\/\/veritasinfo.org\/wp-content\/uploads\/2025\/12\/auto_Capture1765041478.jpg\" \/>\n\t<meta property=\"og:image:width\" content=\"900\" \/>\n\t<meta property=\"og:image:height\" content=\"443\" \/>\n\t<meta property=\"og:image:type\" content=\"image\/jpeg\" \/>\n<meta name=\"author\" content=\"US5\" \/>\n<meta name=\"twitter:card\" content=\"summary_large_image\" \/>\n<meta name=\"twitter:label1\" content=\"Written by\" \/>\n\t<meta name=\"twitter:data1\" content=\"US5\" \/>\n<script type=\"application\/ld+json\" class=\"yoast-schema-graph\">{\"@context\":\"https:\/\/schema.org\",\"@graph\":[{\"@type\":\"WebPage\",\"@id\":\"https:\/\/veritasinfo.org\/?p=23073\",\"url\":\"https:\/\/veritasinfo.org\/?p=23073\",\"name\":\"Kosova pret Kampionatin Evropian U-21 n\u00eb Taekwondo: 38 shtete marrin pjes\u00eb, p\u00ebrfshir\u00eb edhe Rusin\u00eb -\",\"isPartOf\":{\"@id\":\"https:\/\/veritasinfo.org\/#website\"},\"primaryImageOfPage\":{\"@id\":\"https:\/\/veritasinfo.org\/?p=23073#primaryimage\"},\"image\":{\"@id\":\"https:\/\/veritasinfo.org\/?p=23073#primaryimage\"},\"thumbnailUrl\":\"https:\/\/veritasinfo.org\/wp-content\/uploads\/2025\/12\/auto_Capture1765041478.jpg\",\"datePublished\":\"2025-12-06T17:48:03+00:00\",\"author\":{\"@id\":\"https:\/\/veritasinfo.org\/#\/schema\/person\/bc442336e35414d04494ab8fb45db4c6\"},\"breadcrumb\":{\"@id\":\"https:\/\/veritasinfo.org\/?p=23073#breadcrumb\"},\"inLanguage\":\"en-US\",\"potentialAction\":[{\"@type\":\"ReadAction\",\"target\":[\"https:\/\/veritasinfo.org\/?p=23073\"]}]},{\"@type\":\"ImageObject\",\"inLanguage\":\"en-US\",\"@id\":\"https:\/\/veritasinfo.org\/?p=23073#primaryimage\",\"url\":\"https:\/\/veritasinfo.org\/wp-content\/uploads\/2025\/12\/auto_Capture1765041478.jpg\",\"contentUrl\":\"https:\/\/veritasinfo.org\/wp-content\/uploads\/2025\/12\/auto_Capture1765041478.jpg\",\"width\":900,\"height\":443},{\"@type\":\"BreadcrumbList\",\"@id\":\"https:\/\/veritasinfo.org\/?p=23073#breadcrumb\",\"itemListElement\":[{\"@type\":\"ListItem\",\"position\":1,\"name\":\"Home\",\"item\":\"https:\/\/veritasinfo.org\/\"},{\"@type\":\"ListItem\",\"position\":2,\"name\":\"Kosova pret Kampionatin Evropian U-21 n\u00eb Taekwondo: 38 shtete marrin pjes\u00eb, p\u00ebrfshir\u00eb edhe Rusin\u00eb\"}]},{\"@type\":\"WebSite\",\"@id\":\"https:\/\/veritasinfo.org\/#website\",\"url\":\"https:\/\/veritasinfo.org\/\",\"name\":\"\",\"description\":\"\",\"potentialAction\":[{\"@type\":\"SearchAction\",\"target\":{\"@type\":\"EntryPoint\",\"urlTemplate\":\"https:\/\/veritasinfo.org\/?s={search_term_string}\"},\"query-input\":{\"@type\":\"PropertyValueSpecification\",\"valueRequired\":true,\"valueName\":\"search_term_string\"}}],\"inLanguage\":\"en-US\"},{\"@type\":\"Person\",\"@id\":\"https:\/\/veritasinfo.org\/#\/schema\/person\/bc442336e35414d04494ab8fb45db4c6\",\"name\":\"US5\",\"image\":{\"@type\":\"ImageObject\",\"inLanguage\":\"en-US\",\"@id\":\"https:\/\/veritasinfo.org\/#\/schema\/person\/image\/\",\"url\":\"https:\/\/secure.gravatar.com\/avatar\/16a61e7272a0c5d001121ebb9e60e925d5816e4ac1e443ed3e640d9a6ae55d0c?s=96&d=mm&r=g\",\"contentUrl\":\"https:\/\/secure.gravatar.com\/avatar\/16a61e7272a0c5d001121ebb9e60e925d5816e4ac1e443ed3e640d9a6ae55d0c?s=96&d=mm&r=g\",\"caption\":\"US5\"},\"url\":\"https:\/\/veritasinfo.org\/?author=6\"}]}<\/script>\n<!-- \/ Yoast SEO plugin. -->","yoast_head_json":{"title":"Kosova pret Kampionatin Evropian U-21 n\u00eb Taekwondo: 38 shtete marrin pjes\u00eb, p\u00ebrfshir\u00eb edhe Rusin\u00eb -","robots":{"index":"index","follow":"follow","max-snippet":"max-snippet:-1","max-image-preview":"max-image-preview:large","max-video-preview":"max-video-preview:-1"},"canonical":"https:\/\/veritasinfo.org\/?p=23073","og_locale":"en_US","og_type":"article","og_title":"Kosova pret Kampionatin Evropian U-21 n\u00eb Taekwondo: 38 shtete marrin pjes\u00eb, p\u00ebrfshir\u00eb edhe Rusin\u00eb -","og_description":"Prishtin\u00eb 6 Dhjetor 2025 18:47 Kampionati Evropian U-21 n\u00eb Taekwondo po afron, dhe Kosova po p\u00ebrgatitet t\u00eb mir\u00ebpres\u00eb n\u00eb Prishtin\u00eb nj\u00eb prej ngjarjeve m\u00eb t\u00eb","og_url":"https:\/\/veritasinfo.org\/?p=23073","article_published_time":"2025-12-06T17:48:03+00:00","og_image":[{"width":900,"height":443,"url":"https:\/\/veritasinfo.org\/wp-content\/uploads\/2025\/12\/auto_Capture1765041478.jpg","type":"image\/jpeg"}],"author":"US5","twitter_card":"summary_large_image","twitter_misc":{"Written by":"US5"},"schema":{"@context":"https:\/\/schema.org","@graph":[{"@type":"WebPage","@id":"https:\/\/veritasinfo.org\/?p=23073","url":"https:\/\/veritasinfo.org\/?p=23073","name":"Kosova pret Kampionatin Evropian U-21 n\u00eb Taekwondo: 38 shtete marrin pjes\u00eb, p\u00ebrfshir\u00eb edhe Rusin\u00eb -","isPartOf":{"@id":"https:\/\/veritasinfo.org\/#website"},"primaryImageOfPage":{"@id":"https:\/\/veritasinfo.org\/?p=23073#primaryimage"},"image":{"@id":"https:\/\/veritasinfo.org\/?p=23073#primaryimage"},"thumbnailUrl":"https:\/\/veritasinfo.org\/wp-content\/uploads\/2025\/12\/auto_Capture1765041478.jpg","datePublished":"2025-12-06T17:48:03+00:00","author":{"@id":"https:\/\/veritasinfo.org\/#\/schema\/person\/bc442336e35414d04494ab8fb45db4c6"},"breadcrumb":{"@id":"https:\/\/veritasinfo.org\/?p=23073#breadcrumb"},"inLanguage":"en-US","potentialAction":[{"@type":"ReadAction","target":["https:\/\/veritasinfo.org\/?p=23073"]}]},{"@type":"ImageObject","inLanguage":"en-US","@id":"https:\/\/veritasinfo.org\/?p=23073#primaryimage","url":"https:\/\/veritasinfo.org\/wp-content\/uploads\/2025\/12\/auto_Capture1765041478.jpg","contentUrl":"https:\/\/veritasinfo.org\/wp-content\/uploads\/2025\/12\/auto_Capture1765041478.jpg","width":900,"height":443},{"@type":"BreadcrumbList","@id":"https:\/\/veritasinfo.org\/?p=23073#breadcrumb","itemListElement":[{"@type":"ListItem","position":1,"name":"Home","item":"https:\/\/veritasinfo.org\/"},{"@type":"ListItem","position":2,"name":"Kosova pret Kampionatin Evropian U-21 n\u00eb Taekwondo: 38 shtete marrin pjes\u00eb, p\u00ebrfshir\u00eb edhe Rusin\u00eb"}]},{"@type":"WebSite","@id":"https:\/\/veritasinfo.org\/#website","url":"https:\/\/veritasinfo.org\/","name":"","description":"","potentialAction":[{"@type":"SearchAction","target":{"@type":"EntryPoint","urlTemplate":"https:\/\/veritasinfo.org\/?s={search_term_string}"},"query-input":{"@type":"PropertyValueSpecification","valueRequired":true,"valueName":"search_term_string"}}],"inLanguage":"en-US"},{"@type":"Person","@id":"https:\/\/veritasinfo.org\/#\/schema\/person\/bc442336e35414d04494ab8fb45db4c6","name":"US5","image":{"@type":"ImageObject","inLanguage":"en-US","@id":"https:\/\/veritasinfo.org\/#\/schema\/person\/image\/","url":"https:\/\/secure.gravatar.com\/avatar\/16a61e7272a0c5d001121ebb9e60e925d5816e4ac1e443ed3e640d9a6ae55d0c?s=96&d=mm&r=g","contentUrl":"https:\/\/secure.gravatar.com\/avatar\/16a61e7272a0c5d001121ebb9e60e925d5816e4ac1e443ed3e640d9a6ae55d0c?s=96&d=mm&r=g","caption":"US5"},"url":"https:\/\/veritasinfo.org\/?author=6"}]}},"featured_image_urls":{"full":["https:\/\/veritasinfo.org\/wp-content\/uploads\/2025\/12\/auto_Capture1765041478.jpg",900,443,false],"thumbnail":["https:\/\/veritasinfo.org\/wp-content\/uploads\/2025\/12\/auto_Capture1765041478-150x150.jpg",150,150,true],"medium":["https:\/\/veritasinfo.org\/wp-content\/uploads\/2025\/12\/auto_Capture1765041478-300x148.jpg",300,148,true],"medium_large":["https:\/\/veritasinfo.org\/wp-content\/uploads\/2025\/12\/auto_Capture1765041478-768x378.jpg",640,315,true],"large":["https:\/\/veritasinfo.org\/wp-content\/uploads\/2025\/12\/auto_Capture1765041478.jpg",640,315,false],"1536x1536":["https:\/\/veritasinfo.org\/wp-content\/uploads\/2025\/12\/auto_Capture1765041478.jpg",900,443,false],"2048x2048":["https:\/\/veritasinfo.org\/wp-content\/uploads\/2025\/12\/auto_Capture1765041478.jpg",900,443,false],"kreeti-slider-full":["https:\/\/veritasinfo.org\/wp-content\/uploads\/2025\/12\/auto_Capture1765041478.jpg",900,443,false],"kreeti-featured":["https:\/\/veritasinfo.org\/wp-content\/uploads\/2025\/12\/auto_Capture1765041478.jpg",900,443,false],"kreeti-medium":["https:\/\/veritasinfo.org\/wp-content\/uploads\/2025\/12\/auto_Capture1765041478.jpg",720,354,false],"kreeti-medium-square":["https:\/\/veritasinfo.org\/wp-content\/uploads\/2025\/12\/auto_Capture1765041478.jpg",350,172,false]},"author_info":{"info":["US5"]},"category_info":"<a href=\"https:\/\/veritasinfo.org\/?cat=5\" rel=\"category\">Sport<\/a>","tag_info":"Sport","comment_count":"0","_links":{"self":[{"href":"https:\/\/veritasinfo.org\/index.php?rest_route=\/wp\/v2\/posts\/23073","targetHints":{"allow":["GET"]}}],"collection":[{"href":"https:\/\/veritasinfo.org\/index.php?rest_route=\/wp\/v2\/posts"}],"about":[{"href":"https:\/\/veritasinfo.org\/index.php?rest_route=\/wp\/v2\/types\/post"}],"author":[{"embeddable":true,"href":"https:\/\/veritasinfo.org\/index.php?rest_route=\/wp\/v2\/users\/6"}],"replies":[{"embeddable":true,"href":"https:\/\/veritasinfo.org\/index.php?rest_route=%2Fwp%2Fv2%2Fcomments&post=23073"}],"version-history":[{"count":1,"href":"https:\/\/veritasinfo.org\/index.php?rest_route=\/wp\/v2\/posts\/23073\/revisions"}],"predecessor-version":[{"id":23075,"href":"https:\/\/veritasinfo.org\/index.php?rest_route=\/wp\/v2\/posts\/23073\/revisions\/23075"}],"wp:featuredmedia":[{"embeddable":true,"href":"https:\/\/veritasinfo.org\/index.php?rest_route=\/wp\/v2\/media\/23074"}],"wp:attachment":[{"href":"https:\/\/veritasinfo.org\/index.php?rest_route=%2Fwp%2Fv2%2Fmedia&parent=23073"}],"wp:term":[{"taxonomy":"category","embeddable":true,"href":"https:\/\/veritasinfo.org\/index.php?rest_route=%2Fwp%2Fv2%2Fcategories&post=23073"},{"taxonomy":"post_tag","embeddable":true,"href":"https:\/\/veritasinfo.org\/index.php?rest_route=%2Fwp%2Fv2%2Ftags&post=23073"}],"curies":[{"name":"wp","href":"https:\/\/api.w.org\/{rel}","templated":true}]}}