{"id":2296,"date":"2025-07-02T18:20:58","date_gmt":"2025-07-02T16:20:58","guid":{"rendered":"https:\/\/veritasinfo.org\/?p=2296"},"modified":"2025-07-02T18:20:58","modified_gmt":"2025-07-02T16:20:58","slug":"specijalni-sud-odlucuje-sudjenje-bivsim-liderima-ovk-nastavlja-se-u-avgustu","status":"publish","type":"post","link":"https:\/\/veritasinfo.org\/?p=2296&lang=sr","title":{"rendered":"Specijalni sud odlu\u010duje: Su\u0111enje biv\u0161im liderima OVK nastavlja se u avgustu"},"content":{"rendered":"<p>Haag, 2. jul 2025.<\/p>\n<p>Sudsko ve\u0107e u velikom predmetu Specijalnog suda, &#8220;Ta\u010di i drugi&#8221;, na \u010delu sa \u010carlsom Smitom III, prihvatilo je zahtev odbrambenih timova \u010detvorke za odlaganje pripremne konferencije za odbranu sa 21. jula na tre\u0107u nedelju avgusta 2025. godine.<\/p>\n<p>Samim tim, Ta\u010di, Veseli, Krasni\u0107i i Selimi, zajedno sa svojim odbrambenim timovima, kona\u010dno \u0107e 19. avgusta u 10 \u010dasova ujutro obelodaniti broj svedoka i listu dokaza koje nameravaju da koriste tokom izno\u0161enja svog slu\u010daja.<\/p>\n<p>Sud nije prihvatio ostatak zahteva odbrane za odlaganje rokova za otkrivanje svedoka i dokaza koji se o\u010dekuju od me\u0111unarodnih, poverljivih izvora. Nasuprot tome, pozitivnu odluku sud je doneo u korist Tu\u017eila\u0161tva, koje je predlo\u017eilo da lista svedoka i dokaza bude dostavljena do 21. jula 2025. godine.<\/p>\n<p>Dan kasnije, 22. jula, odr\u017ea\u0107e se jo\u0161 jedna konferencija o napretku predmeta, tokom koje bi moglo biti saop\u0161teno da li sud prihvata ili odbija, \u010dak i delimi\u010dno, kona\u010dni zahtev odbrane za odbacivanje odre\u0111enih ta\u010daka optu\u017enice. Odbrambeni timovi su svoj zajedni\u010dki zahtev podneli 12. juna.<\/p>\n","protected":false},"excerpt":{"rendered":"<p>Haag, 2. jul 2025. Sudsko ve\u0107e u velikom predmetu Specijalnog suda, &#8220;Ta\u010di i drugi&#8221;, na \u010delu sa \u010carlsom Smitom III, prihvatilo je zahtev odbrambenih timova<\/p>\n","protected":false},"author":1,"featured_media":2294,"comment_status":"open","ping_status":"open","sticky":false,"template":"","format":"standard","meta":{"footnotes":""},"categories":[28],"tags":[],"class_list":["post-2296","post","type-post","status-publish","format-standard","has-post-thumbnail","hentry","category-politika"],"yoast_head":"<!-- This site is optimized with the Yoast SEO plugin v25.3.1 - https:\/\/yoast.com\/wordpress\/plugins\/seo\/ -->\n<title>Specijalni sud odlu\u010duje: Su\u0111enje biv\u0161im liderima OVK nastavlja se u avgustu -<\/title>\n<meta name=\"robots\" content=\"index, follow, max-snippet:-1, max-image-preview:large, max-video-preview:-1\" \/>\n<link rel=\"canonical\" href=\"https:\/\/veritasinfo.org\/?p=2296&lang=sr\" \/>\n<meta property=\"og:locale\" content=\"en_US\" \/>\n<meta property=\"og:type\" content=\"article\" \/>\n<meta property=\"og:title\" content=\"Specijalni sud odlu\u010duje: Su\u0111enje biv\u0161im liderima OVK nastavlja se u avgustu -\" \/>\n<meta property=\"og:description\" content=\"Haag, 2. jul 2025. Sudsko ve\u0107e u velikom predmetu Specijalnog suda, &#8220;Ta\u010di i drugi&#8221;, na \u010delu sa \u010carlsom Smitom III, prihvatilo je zahtev odbrambenih timova\" \/>\n<meta property=\"og:url\" content=\"https:\/\/veritasinfo.org\/?p=2296&amp;lang=sr\" \/>\n<meta property=\"article:published_time\" content=\"2025-07-02T16:20:58+00:00\" \/>\n<meta property=\"og:image\" content=\"https:\/\/veritasinfo.org\/wp-content\/uploads\/2025\/07\/IMG_1677.jpeg\" \/>\n\t<meta property=\"og:image:width\" content=\"1166\" \/>\n\t<meta property=\"og:image:height\" content=\"676\" \/>\n\t<meta property=\"og:image:type\" content=\"image\/jpeg\" \/>\n<meta name=\"author\" content=\"admin\" \/>\n<meta name=\"twitter:card\" content=\"summary_large_image\" \/>\n<meta name=\"twitter:label1\" content=\"Written by\" \/>\n\t<meta name=\"twitter:data1\" content=\"admin\" \/>\n\t<meta name=\"twitter:label2\" content=\"Est. reading time\" \/>\n\t<meta name=\"twitter:data2\" content=\"1 minute\" \/>\n<script type=\"application\/ld+json\" class=\"yoast-schema-graph\">{\"@context\":\"https:\/\/schema.org\",\"@graph\":[{\"@type\":\"WebPage\",\"@id\":\"https:\/\/veritasinfo.org\/?p=2296&lang=sr\",\"url\":\"https:\/\/veritasinfo.org\/?p=2296&lang=sr\",\"name\":\"Specijalni sud odlu\u010duje: Su\u0111enje biv\u0161im liderima OVK nastavlja se u avgustu -\",\"isPartOf\":{\"@id\":\"https:\/\/veritasinfo.org\/#website\"},\"primaryImageOfPage\":{\"@id\":\"https:\/\/veritasinfo.org\/?p=2296&lang=sr#primaryimage\"},\"image\":{\"@id\":\"https:\/\/veritasinfo.org\/?p=2296&lang=sr#primaryimage\"},\"thumbnailUrl\":\"https:\/\/veritasinfo.org\/wp-content\/uploads\/2025\/07\/IMG_1677.jpeg\",\"datePublished\":\"2025-07-02T16:20:58+00:00\",\"author\":{\"@id\":\"https:\/\/veritasinfo.org\/#\/schema\/person\/7701f8c088bece422266b100a712374f\"},\"breadcrumb\":{\"@id\":\"https:\/\/veritasinfo.org\/?p=2296&lang=sr#breadcrumb\"},\"inLanguage\":\"en-US\",\"potentialAction\":[{\"@type\":\"ReadAction\",\"target\":[\"https:\/\/veritasinfo.org\/?p=2296&lang=sr\"]}]},{\"@type\":\"ImageObject\",\"inLanguage\":\"en-US\",\"@id\":\"https:\/\/veritasinfo.org\/?p=2296&lang=sr#primaryimage\",\"url\":\"https:\/\/veritasinfo.org\/wp-content\/uploads\/2025\/07\/IMG_1677.jpeg\",\"contentUrl\":\"https:\/\/veritasinfo.org\/wp-content\/uploads\/2025\/07\/IMG_1677.jpeg\",\"width\":1166,\"height\":676,\"caption\":\"Screenshot\"},{\"@type\":\"BreadcrumbList\",\"@id\":\"https:\/\/veritasinfo.org\/?p=2296&lang=sr#breadcrumb\",\"itemListElement\":[{\"@type\":\"ListItem\",\"position\":1,\"name\":\"Home\",\"item\":\"https:\/\/veritasinfo.org\/\"},{\"@type\":\"ListItem\",\"position\":2,\"name\":\"Specijalni sud odlu\u010duje: Su\u0111enje biv\u0161im liderima OVK nastavlja se u avgustu\"}]},{\"@type\":\"WebSite\",\"@id\":\"https:\/\/veritasinfo.org\/#website\",\"url\":\"https:\/\/veritasinfo.org\/\",\"name\":\"\",\"description\":\"\",\"potentialAction\":[{\"@type\":\"SearchAction\",\"target\":{\"@type\":\"EntryPoint\",\"urlTemplate\":\"https:\/\/veritasinfo.org\/?s={search_term_string}\"},\"query-input\":{\"@type\":\"PropertyValueSpecification\",\"valueRequired\":true,\"valueName\":\"search_term_string\"}}],\"inLanguage\":\"en-US\"},{\"@type\":\"Person\",\"@id\":\"https:\/\/veritasinfo.org\/#\/schema\/person\/7701f8c088bece422266b100a712374f\",\"name\":\"admin\",\"image\":{\"@type\":\"ImageObject\",\"inLanguage\":\"en-US\",\"@id\":\"https:\/\/veritasinfo.org\/#\/schema\/person\/image\/\",\"url\":\"https:\/\/secure.gravatar.com\/avatar\/ea53aa3bf6c9a12d5fde8ce4deff43fef3885ae33cf60184161a50d6987cfd2f?s=96&d=mm&r=g\",\"contentUrl\":\"https:\/\/secure.gravatar.com\/avatar\/ea53aa3bf6c9a12d5fde8ce4deff43fef3885ae33cf60184161a50d6987cfd2f?s=96&d=mm&r=g\",\"caption\":\"admin\"},\"sameAs\":[\"https:\/\/veritasinfo.org\"],\"url\":\"https:\/\/veritasinfo.org\/?author=1\"}]}<\/script>\n<!-- \/ Yoast SEO plugin. -->","yoast_head_json":{"title":"Specijalni sud odlu\u010duje: Su\u0111enje biv\u0161im liderima OVK nastavlja se u avgustu -","robots":{"index":"index","follow":"follow","max-snippet":"max-snippet:-1","max-image-preview":"max-image-preview:large","max-video-preview":"max-video-preview:-1"},"canonical":"https:\/\/veritasinfo.org\/?p=2296&lang=sr","og_locale":"en_US","og_type":"article","og_title":"Specijalni sud odlu\u010duje: Su\u0111enje biv\u0161im liderima OVK nastavlja se u avgustu -","og_description":"Haag, 2. jul 2025. Sudsko ve\u0107e u velikom predmetu Specijalnog suda, &#8220;Ta\u010di i drugi&#8221;, na \u010delu sa \u010carlsom Smitom III, prihvatilo je zahtev odbrambenih timova","og_url":"https:\/\/veritasinfo.org\/?p=2296&lang=sr","article_published_time":"2025-07-02T16:20:58+00:00","og_image":[{"width":1166,"height":676,"url":"https:\/\/veritasinfo.org\/wp-content\/uploads\/2025\/07\/IMG_1677.jpeg","type":"image\/jpeg"}],"author":"admin","twitter_card":"summary_large_image","twitter_misc":{"Written by":"admin","Est. reading time":"1 minute"},"schema":{"@context":"https:\/\/schema.org","@graph":[{"@type":"WebPage","@id":"https:\/\/veritasinfo.org\/?p=2296&lang=sr","url":"https:\/\/veritasinfo.org\/?p=2296&lang=sr","name":"Specijalni sud odlu\u010duje: Su\u0111enje biv\u0161im liderima OVK nastavlja se u avgustu -","isPartOf":{"@id":"https:\/\/veritasinfo.org\/#website"},"primaryImageOfPage":{"@id":"https:\/\/veritasinfo.org\/?p=2296&lang=sr#primaryimage"},"image":{"@id":"https:\/\/veritasinfo.org\/?p=2296&lang=sr#primaryimage"},"thumbnailUrl":"https:\/\/veritasinfo.org\/wp-content\/uploads\/2025\/07\/IMG_1677.jpeg","datePublished":"2025-07-02T16:20:58+00:00","author":{"@id":"https:\/\/veritasinfo.org\/#\/schema\/person\/7701f8c088bece422266b100a712374f"},"breadcrumb":{"@id":"https:\/\/veritasinfo.org\/?p=2296&lang=sr#breadcrumb"},"inLanguage":"en-US","potentialAction":[{"@type":"ReadAction","target":["https:\/\/veritasinfo.org\/?p=2296&lang=sr"]}]},{"@type":"ImageObject","inLanguage":"en-US","@id":"https:\/\/veritasinfo.org\/?p=2296&lang=sr#primaryimage","url":"https:\/\/veritasinfo.org\/wp-content\/uploads\/2025\/07\/IMG_1677.jpeg","contentUrl":"https:\/\/veritasinfo.org\/wp-content\/uploads\/2025\/07\/IMG_1677.jpeg","width":1166,"height":676,"caption":"Screenshot"},{"@type":"BreadcrumbList","@id":"https:\/\/veritasinfo.org\/?p=2296&lang=sr#breadcrumb","itemListElement":[{"@type":"ListItem","position":1,"name":"Home","item":"https:\/\/veritasinfo.org\/"},{"@type":"ListItem","position":2,"name":"Specijalni sud odlu\u010duje: Su\u0111enje biv\u0161im liderima OVK nastavlja se u avgustu"}]},{"@type":"WebSite","@id":"https:\/\/veritasinfo.org\/#website","url":"https:\/\/veritasinfo.org\/","name":"","description":"","potentialAction":[{"@type":"SearchAction","target":{"@type":"EntryPoint","urlTemplate":"https:\/\/veritasinfo.org\/?s={search_term_string}"},"query-input":{"@type":"PropertyValueSpecification","valueRequired":true,"valueName":"search_term_string"}}],"inLanguage":"en-US"},{"@type":"Person","@id":"https:\/\/veritasinfo.org\/#\/schema\/person\/7701f8c088bece422266b100a712374f","name":"admin","image":{"@type":"ImageObject","inLanguage":"en-US","@id":"https:\/\/veritasinfo.org\/#\/schema\/person\/image\/","url":"https:\/\/secure.gravatar.com\/avatar\/ea53aa3bf6c9a12d5fde8ce4deff43fef3885ae33cf60184161a50d6987cfd2f?s=96&d=mm&r=g","contentUrl":"https:\/\/secure.gravatar.com\/avatar\/ea53aa3bf6c9a12d5fde8ce4deff43fef3885ae33cf60184161a50d6987cfd2f?s=96&d=mm&r=g","caption":"admin"},"sameAs":["https:\/\/veritasinfo.org"],"url":"https:\/\/veritasinfo.org\/?author=1"}]}},"featured_image_urls":{"full":["https:\/\/veritasinfo.org\/wp-content\/uploads\/2025\/07\/IMG_1677.jpeg",1166,676,false],"thumbnail":["https:\/\/veritasinfo.org\/wp-content\/uploads\/2025\/07\/IMG_1677-150x150.jpeg",150,150,true],"medium":["https:\/\/veritasinfo.org\/wp-content\/uploads\/2025\/07\/IMG_1677-300x174.jpeg",300,174,true],"medium_large":["https:\/\/veritasinfo.org\/wp-content\/uploads\/2025\/07\/IMG_1677-768x445.jpeg",640,371,true],"large":["https:\/\/veritasinfo.org\/wp-content\/uploads\/2025\/07\/IMG_1677-1024x594.jpeg",640,371,true],"1536x1536":["https:\/\/veritasinfo.org\/wp-content\/uploads\/2025\/07\/IMG_1677.jpeg",1166,676,false],"2048x2048":["https:\/\/veritasinfo.org\/wp-content\/uploads\/2025\/07\/IMG_1677.jpeg",1166,676,false],"kreeti-slider-full":["https:\/\/veritasinfo.org\/wp-content\/uploads\/2025\/07\/IMG_1677.jpeg",1166,676,false],"kreeti-featured":["https:\/\/veritasinfo.org\/wp-content\/uploads\/2025\/07\/IMG_1677.jpeg",1024,594,false],"kreeti-medium":["https:\/\/veritasinfo.org\/wp-content\/uploads\/2025\/07\/IMG_1677.jpeg",720,417,false],"kreeti-medium-square":["https:\/\/veritasinfo.org\/wp-content\/uploads\/2025\/07\/IMG_1677.jpeg",350,203,false]},"author_info":{"info":["admin"]},"category_info":"<a href=\"https:\/\/veritasinfo.org\/?cat=28&#038;lang=sr\" rel=\"category\">Politika<\/a>","tag_info":"Politika","comment_count":"0","_links":{"self":[{"href":"https:\/\/veritasinfo.org\/index.php?rest_route=\/wp\/v2\/posts\/2296","targetHints":{"allow":["GET"]}}],"collection":[{"href":"https:\/\/veritasinfo.org\/index.php?rest_route=\/wp\/v2\/posts"}],"about":[{"href":"https:\/\/veritasinfo.org\/index.php?rest_route=\/wp\/v2\/types\/post"}],"author":[{"embeddable":true,"href":"https:\/\/veritasinfo.org\/index.php?rest_route=\/wp\/v2\/users\/1"}],"replies":[{"embeddable":true,"href":"https:\/\/veritasinfo.org\/index.php?rest_route=%2Fwp%2Fv2%2Fcomments&post=2296"}],"version-history":[{"count":1,"href":"https:\/\/veritasinfo.org\/index.php?rest_route=\/wp\/v2\/posts\/2296\/revisions"}],"predecessor-version":[{"id":2297,"href":"https:\/\/veritasinfo.org\/index.php?rest_route=\/wp\/v2\/posts\/2296\/revisions\/2297"}],"wp:featuredmedia":[{"embeddable":true,"href":"https:\/\/veritasinfo.org\/index.php?rest_route=\/wp\/v2\/media\/2294"}],"wp:attachment":[{"href":"https:\/\/veritasinfo.org\/index.php?rest_route=%2Fwp%2Fv2%2Fmedia&parent=2296"}],"wp:term":[{"taxonomy":"category","embeddable":true,"href":"https:\/\/veritasinfo.org\/index.php?rest_route=%2Fwp%2Fv2%2Fcategories&post=2296"},{"taxonomy":"post_tag","embeddable":true,"href":"https:\/\/veritasinfo.org\/index.php?rest_route=%2Fwp%2Fv2%2Ftags&post=2296"}],"curies":[{"name":"wp","href":"https:\/\/api.w.org\/{rel}","templated":true}]}}