{"id":22959,"date":"2025-12-05T18:02:08","date_gmt":"2025-12-05T17:02:08","guid":{"rendered":"https:\/\/veritasinfo.org\/?p=22959"},"modified":"2025-12-05T18:02:08","modified_gmt":"2025-12-05T17:02:08","slug":"serwer-serbia-mbetet-burimi-kryesor-i-destabilizimit-ne-ballkan","status":"publish","type":"post","link":"https:\/\/veritasinfo.org\/?p=22959","title":{"rendered":"Serwer: Serbia mbetet burimi kryesor i destabilizimit n\u00eb Ballkan"},"content":{"rendered":"<p>Prishtin\u00eb 5 Dhjetor 2025 18:03<\/p>\n<p>Komiteti p\u00ebr Evrop\u00ebn i Komisionit p\u00ebr Pun\u00eb t\u00eb Jashtme t\u00eb Dhom\u00ebs s\u00eb P\u00ebrfaq\u00ebsuesve n\u00eb SHBA mbajti t\u00eb mart\u00ebn nj\u00eb seanc\u00eb d\u00ebgjimore me tem\u00ebn \u201cPika e nxeht\u00eb: rruga drejt stabilitetit n\u00eb Ballkanin Per\u00ebndimor\u201d.<\/p>\n<p>N\u00eb nj\u00eb analiz\u00eb t\u00eb publikuar n\u00eb Peacefare.net, profesori amerikan Daniel Serwer vler\u00ebsoi se, ndon\u00ebse rajoni ende nuk \u00ebsht\u00eb \u201cpik\u00eb e nxeht\u00eb\u201d, ai shum\u00eb leht\u00eb mund t\u00eb kthehet n\u00eb t\u00eb till\u00eb.<\/p>\n<p>Sipas tij, problemi kryesor nuk \u00ebsht\u00eb mungesa e stabilitetit, por mungesa e ndryshimit politik demokratik, pasi \u201cstabiliteti aktual mbahet p\u00ebrmes korrupsionit, tensioneve etnike dhe autokracis\u00eb\u201d.<\/p>\n<p>Gjat\u00eb seanc\u00ebs, d\u00ebshmitar\u00ebt dhe an\u00ebtar\u00ebt e Kongresit amerikan u pajtuan se Serbia mbetet nj\u00eb prej faktor\u00ebve m\u00eb t\u00eb m\u00ebdhenj destabilizues n\u00eb Ballkan, p\u00ebr shkak t\u00eb korrupsionit t\u00eb p\u00ebrhapur, qeverisjes gjithnj\u00eb e m\u00eb autokratike, lidhjeve t\u00eb ngushta ushtarake e tregtare me Kin\u00ebn si dhe marr\u00ebdh\u00ebnieve t\u00eb forta politike e ekonomike me Rusin\u00eb.<\/p>\n<p>Serwer shtoi se p\u00ebrpjekjet e viteve t\u00eb fundit p\u00ebr ta orientuar Serbin\u00eb drejt Per\u00ebndimit kan\u00eb d\u00ebshtuar.<\/p>\n<p>Sipas tij, presidenti serb Aleksandar Vu\u00e7iq nuk ka asnj\u00eb interes t\u00eb frenoj\u00eb korrupsionin, t\u00eb distancohet nga Moska dhe Pekini, apo t\u00eb garantoj\u00eb m\u00eb shum\u00eb liri mediatike dhe pavar\u00ebsi t\u00eb sistemit t\u00eb drejt\u00ebsis\u00eb.<\/p>\n<p>Duke folur p\u00ebr situat\u00ebn n\u00eb Kosov\u00eb, Serwer theksoi se vendi ka nevoj\u00eb p\u00ebr m\u00eb shum\u00eb sovranitet, jo m\u00eb pak.<\/p>\n<p>Ai paralajm\u00ebroi se statusi i paqart\u00eb i Kosov\u00ebs krijon hap\u00ebsir\u00eb p\u00ebr ndikim rus dhe kinez.<\/p>\n<p>\u201cMb\u00ebshtetja e pakusht\u00ebzuar p\u00ebr Kosov\u00ebn duhet t\u00eb jet\u00eb prioritet, sidomos p\u00ebrball\u00eb presionit serb\u201d, deklaron ai.<\/p>\n","protected":false},"excerpt":{"rendered":"<p>Prishtin\u00eb 5 Dhjetor 2025 18:03 Komiteti p\u00ebr Evrop\u00ebn i Komisionit p\u00ebr Pun\u00eb t\u00eb Jashtme t\u00eb Dhom\u00ebs s\u00eb P\u00ebrfaq\u00ebsuesve n\u00eb SHBA mbajti t\u00eb mart\u00ebn nj\u00eb seanc\u00eb<\/p>\n","protected":false},"author":6,"featured_media":22960,"comment_status":"open","ping_status":"open","sticky":false,"template":"","format":"standard","meta":{"footnotes":""},"categories":[58],"tags":[],"class_list":["post-22959","post","type-post","status-publish","format-standard","has-post-thumbnail","hentry","category-politike-sq"],"yoast_head":"<!-- This site is optimized with the Yoast SEO plugin v25.3.1 - https:\/\/yoast.com\/wordpress\/plugins\/seo\/ -->\n<title>Serwer: Serbia mbetet burimi kryesor i destabilizimit n\u00eb Ballkan -<\/title>\n<meta name=\"robots\" content=\"index, follow, max-snippet:-1, max-image-preview:large, max-video-preview:-1\" \/>\n<link rel=\"canonical\" href=\"https:\/\/veritasinfo.org\/?p=22959\" \/>\n<meta property=\"og:locale\" content=\"en_US\" \/>\n<meta property=\"og:type\" content=\"article\" \/>\n<meta property=\"og:title\" content=\"Serwer: Serbia mbetet burimi kryesor i destabilizimit n\u00eb Ballkan -\" \/>\n<meta property=\"og:description\" content=\"Prishtin\u00eb 5 Dhjetor 2025 18:03 Komiteti p\u00ebr Evrop\u00ebn i Komisionit p\u00ebr Pun\u00eb t\u00eb Jashtme t\u00eb Dhom\u00ebs s\u00eb P\u00ebrfaq\u00ebsuesve n\u00eb SHBA mbajti t\u00eb mart\u00ebn nj\u00eb seanc\u00eb\" \/>\n<meta property=\"og:url\" content=\"https:\/\/veritasinfo.org\/?p=22959\" \/>\n<meta property=\"article:published_time\" content=\"2025-12-05T17:02:08+00:00\" \/>\n<meta property=\"og:image\" content=\"https:\/\/veritasinfo.org\/wp-content\/uploads\/2025\/12\/images-1.jpeg\" \/>\n\t<meta property=\"og:image:width\" content=\"400\" \/>\n\t<meta property=\"og:image:height\" content=\"400\" \/>\n\t<meta property=\"og:image:type\" content=\"image\/jpeg\" \/>\n<meta name=\"author\" content=\"US5\" \/>\n<meta name=\"twitter:card\" content=\"summary_large_image\" \/>\n<meta name=\"twitter:label1\" content=\"Written by\" \/>\n\t<meta name=\"twitter:data1\" content=\"US5\" \/>\n\t<meta name=\"twitter:label2\" content=\"Est. reading time\" \/>\n\t<meta name=\"twitter:data2\" content=\"1 minute\" \/>\n<script type=\"application\/ld+json\" class=\"yoast-schema-graph\">{\"@context\":\"https:\/\/schema.org\",\"@graph\":[{\"@type\":\"WebPage\",\"@id\":\"https:\/\/veritasinfo.org\/?p=22959\",\"url\":\"https:\/\/veritasinfo.org\/?p=22959\",\"name\":\"Serwer: Serbia mbetet burimi kryesor i destabilizimit n\u00eb Ballkan -\",\"isPartOf\":{\"@id\":\"https:\/\/veritasinfo.org\/#website\"},\"primaryImageOfPage\":{\"@id\":\"https:\/\/veritasinfo.org\/?p=22959#primaryimage\"},\"image\":{\"@id\":\"https:\/\/veritasinfo.org\/?p=22959#primaryimage\"},\"thumbnailUrl\":\"https:\/\/veritasinfo.org\/wp-content\/uploads\/2025\/12\/images-1.jpeg\",\"datePublished\":\"2025-12-05T17:02:08+00:00\",\"author\":{\"@id\":\"https:\/\/veritasinfo.org\/#\/schema\/person\/bc442336e35414d04494ab8fb45db4c6\"},\"breadcrumb\":{\"@id\":\"https:\/\/veritasinfo.org\/?p=22959#breadcrumb\"},\"inLanguage\":\"en-US\",\"potentialAction\":[{\"@type\":\"ReadAction\",\"target\":[\"https:\/\/veritasinfo.org\/?p=22959\"]}]},{\"@type\":\"ImageObject\",\"inLanguage\":\"en-US\",\"@id\":\"https:\/\/veritasinfo.org\/?p=22959#primaryimage\",\"url\":\"https:\/\/veritasinfo.org\/wp-content\/uploads\/2025\/12\/images-1.jpeg\",\"contentUrl\":\"https:\/\/veritasinfo.org\/wp-content\/uploads\/2025\/12\/images-1.jpeg\",\"width\":400,\"height\":400},{\"@type\":\"BreadcrumbList\",\"@id\":\"https:\/\/veritasinfo.org\/?p=22959#breadcrumb\",\"itemListElement\":[{\"@type\":\"ListItem\",\"position\":1,\"name\":\"Home\",\"item\":\"https:\/\/veritasinfo.org\/\"},{\"@type\":\"ListItem\",\"position\":2,\"name\":\"Serwer: Serbia mbetet burimi kryesor i destabilizimit n\u00eb Ballkan\"}]},{\"@type\":\"WebSite\",\"@id\":\"https:\/\/veritasinfo.org\/#website\",\"url\":\"https:\/\/veritasinfo.org\/\",\"name\":\"\",\"description\":\"\",\"potentialAction\":[{\"@type\":\"SearchAction\",\"target\":{\"@type\":\"EntryPoint\",\"urlTemplate\":\"https:\/\/veritasinfo.org\/?s={search_term_string}\"},\"query-input\":{\"@type\":\"PropertyValueSpecification\",\"valueRequired\":true,\"valueName\":\"search_term_string\"}}],\"inLanguage\":\"en-US\"},{\"@type\":\"Person\",\"@id\":\"https:\/\/veritasinfo.org\/#\/schema\/person\/bc442336e35414d04494ab8fb45db4c6\",\"name\":\"US5\",\"image\":{\"@type\":\"ImageObject\",\"inLanguage\":\"en-US\",\"@id\":\"https:\/\/veritasinfo.org\/#\/schema\/person\/image\/\",\"url\":\"https:\/\/secure.gravatar.com\/avatar\/16a61e7272a0c5d001121ebb9e60e925d5816e4ac1e443ed3e640d9a6ae55d0c?s=96&d=mm&r=g\",\"contentUrl\":\"https:\/\/secure.gravatar.com\/avatar\/16a61e7272a0c5d001121ebb9e60e925d5816e4ac1e443ed3e640d9a6ae55d0c?s=96&d=mm&r=g\",\"caption\":\"US5\"},\"url\":\"https:\/\/veritasinfo.org\/?author=6\"}]}<\/script>\n<!-- \/ Yoast SEO plugin. -->","yoast_head_json":{"title":"Serwer: Serbia mbetet burimi kryesor i destabilizimit n\u00eb Ballkan -","robots":{"index":"index","follow":"follow","max-snippet":"max-snippet:-1","max-image-preview":"max-image-preview:large","max-video-preview":"max-video-preview:-1"},"canonical":"https:\/\/veritasinfo.org\/?p=22959","og_locale":"en_US","og_type":"article","og_title":"Serwer: Serbia mbetet burimi kryesor i destabilizimit n\u00eb Ballkan -","og_description":"Prishtin\u00eb 5 Dhjetor 2025 18:03 Komiteti p\u00ebr Evrop\u00ebn i Komisionit p\u00ebr Pun\u00eb t\u00eb Jashtme t\u00eb Dhom\u00ebs s\u00eb P\u00ebrfaq\u00ebsuesve n\u00eb SHBA mbajti t\u00eb mart\u00ebn nj\u00eb seanc\u00eb","og_url":"https:\/\/veritasinfo.org\/?p=22959","article_published_time":"2025-12-05T17:02:08+00:00","og_image":[{"width":400,"height":400,"url":"https:\/\/veritasinfo.org\/wp-content\/uploads\/2025\/12\/images-1.jpeg","type":"image\/jpeg"}],"author":"US5","twitter_card":"summary_large_image","twitter_misc":{"Written by":"US5","Est. reading time":"1 minute"},"schema":{"@context":"https:\/\/schema.org","@graph":[{"@type":"WebPage","@id":"https:\/\/veritasinfo.org\/?p=22959","url":"https:\/\/veritasinfo.org\/?p=22959","name":"Serwer: Serbia mbetet burimi kryesor i destabilizimit n\u00eb Ballkan -","isPartOf":{"@id":"https:\/\/veritasinfo.org\/#website"},"primaryImageOfPage":{"@id":"https:\/\/veritasinfo.org\/?p=22959#primaryimage"},"image":{"@id":"https:\/\/veritasinfo.org\/?p=22959#primaryimage"},"thumbnailUrl":"https:\/\/veritasinfo.org\/wp-content\/uploads\/2025\/12\/images-1.jpeg","datePublished":"2025-12-05T17:02:08+00:00","author":{"@id":"https:\/\/veritasinfo.org\/#\/schema\/person\/bc442336e35414d04494ab8fb45db4c6"},"breadcrumb":{"@id":"https:\/\/veritasinfo.org\/?p=22959#breadcrumb"},"inLanguage":"en-US","potentialAction":[{"@type":"ReadAction","target":["https:\/\/veritasinfo.org\/?p=22959"]}]},{"@type":"ImageObject","inLanguage":"en-US","@id":"https:\/\/veritasinfo.org\/?p=22959#primaryimage","url":"https:\/\/veritasinfo.org\/wp-content\/uploads\/2025\/12\/images-1.jpeg","contentUrl":"https:\/\/veritasinfo.org\/wp-content\/uploads\/2025\/12\/images-1.jpeg","width":400,"height":400},{"@type":"BreadcrumbList","@id":"https:\/\/veritasinfo.org\/?p=22959#breadcrumb","itemListElement":[{"@type":"ListItem","position":1,"name":"Home","item":"https:\/\/veritasinfo.org\/"},{"@type":"ListItem","position":2,"name":"Serwer: Serbia mbetet burimi kryesor i destabilizimit n\u00eb Ballkan"}]},{"@type":"WebSite","@id":"https:\/\/veritasinfo.org\/#website","url":"https:\/\/veritasinfo.org\/","name":"","description":"","potentialAction":[{"@type":"SearchAction","target":{"@type":"EntryPoint","urlTemplate":"https:\/\/veritasinfo.org\/?s={search_term_string}"},"query-input":{"@type":"PropertyValueSpecification","valueRequired":true,"valueName":"search_term_string"}}],"inLanguage":"en-US"},{"@type":"Person","@id":"https:\/\/veritasinfo.org\/#\/schema\/person\/bc442336e35414d04494ab8fb45db4c6","name":"US5","image":{"@type":"ImageObject","inLanguage":"en-US","@id":"https:\/\/veritasinfo.org\/#\/schema\/person\/image\/","url":"https:\/\/secure.gravatar.com\/avatar\/16a61e7272a0c5d001121ebb9e60e925d5816e4ac1e443ed3e640d9a6ae55d0c?s=96&d=mm&r=g","contentUrl":"https:\/\/secure.gravatar.com\/avatar\/16a61e7272a0c5d001121ebb9e60e925d5816e4ac1e443ed3e640d9a6ae55d0c?s=96&d=mm&r=g","caption":"US5"},"url":"https:\/\/veritasinfo.org\/?author=6"}]}},"featured_image_urls":{"full":["https:\/\/veritasinfo.org\/wp-content\/uploads\/2025\/12\/images-1.jpeg",400,400,false],"thumbnail":["https:\/\/veritasinfo.org\/wp-content\/uploads\/2025\/12\/images-1-150x150.jpeg",150,150,true],"medium":["https:\/\/veritasinfo.org\/wp-content\/uploads\/2025\/12\/images-1-300x300.jpeg",300,300,true],"medium_large":["https:\/\/veritasinfo.org\/wp-content\/uploads\/2025\/12\/images-1.jpeg",400,400,false],"large":["https:\/\/veritasinfo.org\/wp-content\/uploads\/2025\/12\/images-1.jpeg",400,400,false],"1536x1536":["https:\/\/veritasinfo.org\/wp-content\/uploads\/2025\/12\/images-1.jpeg",400,400,false],"2048x2048":["https:\/\/veritasinfo.org\/wp-content\/uploads\/2025\/12\/images-1.jpeg",400,400,false],"kreeti-slider-full":["https:\/\/veritasinfo.org\/wp-content\/uploads\/2025\/12\/images-1.jpeg",400,400,false],"kreeti-featured":["https:\/\/veritasinfo.org\/wp-content\/uploads\/2025\/12\/images-1.jpeg",400,400,false],"kreeti-medium":["https:\/\/veritasinfo.org\/wp-content\/uploads\/2025\/12\/images-1.jpeg",400,400,false],"kreeti-medium-square":["https:\/\/veritasinfo.org\/wp-content\/uploads\/2025\/12\/images-1.jpeg",350,350,false]},"author_info":{"info":["US5"]},"category_info":"<a href=\"https:\/\/veritasinfo.org\/?cat=58\" rel=\"category\">Politik\u00eb<\/a>","tag_info":"Politik\u00eb","comment_count":"0","_links":{"self":[{"href":"https:\/\/veritasinfo.org\/index.php?rest_route=\/wp\/v2\/posts\/22959","targetHints":{"allow":["GET"]}}],"collection":[{"href":"https:\/\/veritasinfo.org\/index.php?rest_route=\/wp\/v2\/posts"}],"about":[{"href":"https:\/\/veritasinfo.org\/index.php?rest_route=\/wp\/v2\/types\/post"}],"author":[{"embeddable":true,"href":"https:\/\/veritasinfo.org\/index.php?rest_route=\/wp\/v2\/users\/6"}],"replies":[{"embeddable":true,"href":"https:\/\/veritasinfo.org\/index.php?rest_route=%2Fwp%2Fv2%2Fcomments&post=22959"}],"version-history":[{"count":1,"href":"https:\/\/veritasinfo.org\/index.php?rest_route=\/wp\/v2\/posts\/22959\/revisions"}],"predecessor-version":[{"id":22961,"href":"https:\/\/veritasinfo.org\/index.php?rest_route=\/wp\/v2\/posts\/22959\/revisions\/22961"}],"wp:featuredmedia":[{"embeddable":true,"href":"https:\/\/veritasinfo.org\/index.php?rest_route=\/wp\/v2\/media\/22960"}],"wp:attachment":[{"href":"https:\/\/veritasinfo.org\/index.php?rest_route=%2Fwp%2Fv2%2Fmedia&parent=22959"}],"wp:term":[{"taxonomy":"category","embeddable":true,"href":"https:\/\/veritasinfo.org\/index.php?rest_route=%2Fwp%2Fv2%2Fcategories&post=22959"},{"taxonomy":"post_tag","embeddable":true,"href":"https:\/\/veritasinfo.org\/index.php?rest_route=%2Fwp%2Fv2%2Ftags&post=22959"}],"curies":[{"name":"wp","href":"https:\/\/api.w.org\/{rel}","templated":true}]}}