{"id":22949,"date":"2025-12-05T16:59:56","date_gmt":"2025-12-05T15:59:56","guid":{"rendered":"https:\/\/veritasinfo.org\/?p=22949"},"modified":"2025-12-05T16:59:56","modified_gmt":"2025-12-05T15:59:56","slug":"kosova-ne-qender-te-diskutimeve-ne-be-zv-ministri-raka-kerkon-pershpejtimin-e-integrimit-te-transportit","status":"publish","type":"post","link":"https:\/\/veritasinfo.org\/?p=22949","title":{"rendered":"Kosova n\u00eb qend\u00ebr t\u00eb diskutimeve n\u00eb BE, zv.ministri Raka k\u00ebrkon p\u00ebrshpejtimin e integrimit t\u00eb transportit"},"content":{"rendered":"<p><strong>Prishtin\u00eb, 05 dhjetor 2025 16:59<\/strong><\/p>\n<p>N\u00eb Bruksel \u00ebsht\u00eb mbajtur sot takimi i 9-t\u00eb i K\u00ebshillit Ministror t\u00eb Transportit, ku u mblodh\u00ebn ministra dhe p\u00ebrfaq\u00ebsues t\u00eb lart\u00eb nga Bashkimi Evropian dhe Ballkani Per\u00ebndimor. Q\u00ebllimi i takimit ishte avancimi i integrimit t\u00eb transportit si nj\u00eb nd\u00ebr shtyllat kryesore p\u00ebr zhvillim ekonomik, rritje t\u00eb l\u00ebvizshm\u00ebris\u00eb dhe afrimin e vendeve t\u00eb rajonit me BE-n\u00eb.<\/p>\n<p>Kosov\u00ebn n\u00eb k\u00ebt\u00eb takim e p\u00ebrfaq\u00ebsoi z\u00ebvend\u00ebsministri i Mjedisit, Planifikimit Hap\u00ebsinor dhe Infrastruktur\u00ebs, Jeton Raka, i cili mori pjes\u00eb n\u00eb diskutimet p\u00ebr p\u00ebrshpejtimin e p\u00ebrafrimit me standardet evropiane t\u00eb transportit, zgjerimin e Rrjetit Transevropian t\u00eb Transportit (TEN-T) n\u00eb rajon, si dhe forcimin e Korridoreve t\u00eb Gjelbra \u2013 mekaniz\u00ebm ky\u00e7 p\u00ebr leht\u00ebsimin e qarkullimit t\u00eb mallrave.<\/p>\n<p>Gjat\u00eb takimit u theksua angazhimi i p\u00ebrbashk\u00ebt p\u00ebr krijimin e nj\u00eb rrjeti modern, t\u00eb integruar dhe t\u00eb q\u00ebndruesh\u00ebm t\u00eb transportit, q\u00eb do t\u00eb ndihmoj\u00eb proceset e integrimit evropian p\u00ebr t\u00eb gjitha vendet e Ballkanit Per\u00ebndimor.<\/p>\n<p>Pjes\u00ebmarr\u00ebsit fal\u00ebnderuan Komisionerin Apostolos Tzitzikostas, Drejtorin e Sekretariatit t\u00eb Komunitetit t\u00eb Transportit, Matej Zakonjsek, p\u00ebrfaq\u00ebsuesen e presidenc\u00ebs shqiptare si dhe t\u00eb gjitha delegacionet p\u00ebr bashk\u00ebpunimin dhe angazhimin e tyre.<\/p>\n","protected":false},"excerpt":{"rendered":"<p>Prishtin\u00eb, 05 dhjetor 2025 16:59 N\u00eb Bruksel \u00ebsht\u00eb mbajtur sot takimi i 9-t\u00eb i K\u00ebshillit Ministror t\u00eb Transportit, ku u mblodh\u00ebn ministra dhe p\u00ebrfaq\u00ebsues t\u00eb<\/p>\n","protected":false},"author":7,"featured_media":22950,"comment_status":"open","ping_status":"open","sticky":false,"template":"","format":"standard","meta":{"footnotes":""},"categories":[58],"tags":[],"class_list":["post-22949","post","type-post","status-publish","format-standard","has-post-thumbnail","hentry","category-politike-sq"],"yoast_head":"<!-- This site is optimized with the Yoast SEO plugin v25.3.1 - https:\/\/yoast.com\/wordpress\/plugins\/seo\/ -->\n<title>Kosova n\u00eb qend\u00ebr t\u00eb diskutimeve n\u00eb BE, zv.ministri Raka k\u00ebrkon p\u00ebrshpejtimin e integrimit t\u00eb transportit -<\/title>\n<meta name=\"robots\" content=\"index, follow, max-snippet:-1, max-image-preview:large, max-video-preview:-1\" \/>\n<link rel=\"canonical\" href=\"https:\/\/veritasinfo.org\/?p=22949\" \/>\n<meta property=\"og:locale\" content=\"en_US\" \/>\n<meta property=\"og:type\" content=\"article\" \/>\n<meta property=\"og:title\" content=\"Kosova n\u00eb qend\u00ebr t\u00eb diskutimeve n\u00eb BE, zv.ministri Raka k\u00ebrkon p\u00ebrshpejtimin e integrimit t\u00eb transportit -\" \/>\n<meta property=\"og:description\" content=\"Prishtin\u00eb, 05 dhjetor 2025 16:59 N\u00eb Bruksel \u00ebsht\u00eb mbajtur sot takimi i 9-t\u00eb i K\u00ebshillit Ministror t\u00eb Transportit, ku u mblodh\u00ebn ministra dhe p\u00ebrfaq\u00ebsues t\u00eb\" \/>\n<meta property=\"og:url\" content=\"https:\/\/veritasinfo.org\/?p=22949\" \/>\n<meta property=\"article:published_time\" content=\"2025-12-05T15:59:56+00:00\" \/>\n<meta property=\"og:image\" content=\"https:\/\/veritasinfo.org\/wp-content\/uploads\/2025\/12\/594052101_10240654009586010_6063095587407777411_n.jpg\" \/>\n\t<meta property=\"og:image:width\" content=\"1080\" \/>\n\t<meta property=\"og:image:height\" content=\"937\" \/>\n\t<meta property=\"og:image:type\" content=\"image\/jpeg\" \/>\n<meta name=\"author\" content=\"US6\" \/>\n<meta name=\"twitter:card\" content=\"summary_large_image\" \/>\n<meta name=\"twitter:label1\" content=\"Written by\" \/>\n\t<meta name=\"twitter:data1\" content=\"US6\" \/>\n\t<meta name=\"twitter:label2\" content=\"Est. reading time\" \/>\n\t<meta name=\"twitter:data2\" content=\"1 minute\" \/>\n<script type=\"application\/ld+json\" class=\"yoast-schema-graph\">{\"@context\":\"https:\/\/schema.org\",\"@graph\":[{\"@type\":\"WebPage\",\"@id\":\"https:\/\/veritasinfo.org\/?p=22949\",\"url\":\"https:\/\/veritasinfo.org\/?p=22949\",\"name\":\"Kosova n\u00eb qend\u00ebr t\u00eb diskutimeve n\u00eb BE, zv.ministri Raka k\u00ebrkon p\u00ebrshpejtimin e integrimit t\u00eb transportit -\",\"isPartOf\":{\"@id\":\"https:\/\/veritasinfo.org\/#website\"},\"primaryImageOfPage\":{\"@id\":\"https:\/\/veritasinfo.org\/?p=22949#primaryimage\"},\"image\":{\"@id\":\"https:\/\/veritasinfo.org\/?p=22949#primaryimage\"},\"thumbnailUrl\":\"https:\/\/veritasinfo.org\/wp-content\/uploads\/2025\/12\/594052101_10240654009586010_6063095587407777411_n.jpg\",\"datePublished\":\"2025-12-05T15:59:56+00:00\",\"author\":{\"@id\":\"https:\/\/veritasinfo.org\/#\/schema\/person\/fe199eede04c3937362892b7444747cc\"},\"breadcrumb\":{\"@id\":\"https:\/\/veritasinfo.org\/?p=22949#breadcrumb\"},\"inLanguage\":\"en-US\",\"potentialAction\":[{\"@type\":\"ReadAction\",\"target\":[\"https:\/\/veritasinfo.org\/?p=22949\"]}]},{\"@type\":\"ImageObject\",\"inLanguage\":\"en-US\",\"@id\":\"https:\/\/veritasinfo.org\/?p=22949#primaryimage\",\"url\":\"https:\/\/veritasinfo.org\/wp-content\/uploads\/2025\/12\/594052101_10240654009586010_6063095587407777411_n.jpg\",\"contentUrl\":\"https:\/\/veritasinfo.org\/wp-content\/uploads\/2025\/12\/594052101_10240654009586010_6063095587407777411_n.jpg\",\"width\":1080,\"height\":937},{\"@type\":\"BreadcrumbList\",\"@id\":\"https:\/\/veritasinfo.org\/?p=22949#breadcrumb\",\"itemListElement\":[{\"@type\":\"ListItem\",\"position\":1,\"name\":\"Home\",\"item\":\"https:\/\/veritasinfo.org\/\"},{\"@type\":\"ListItem\",\"position\":2,\"name\":\"Kosova n\u00eb qend\u00ebr t\u00eb diskutimeve n\u00eb BE, zv.ministri Raka k\u00ebrkon p\u00ebrshpejtimin e integrimit t\u00eb transportit\"}]},{\"@type\":\"WebSite\",\"@id\":\"https:\/\/veritasinfo.org\/#website\",\"url\":\"https:\/\/veritasinfo.org\/\",\"name\":\"\",\"description\":\"\",\"potentialAction\":[{\"@type\":\"SearchAction\",\"target\":{\"@type\":\"EntryPoint\",\"urlTemplate\":\"https:\/\/veritasinfo.org\/?s={search_term_string}\"},\"query-input\":{\"@type\":\"PropertyValueSpecification\",\"valueRequired\":true,\"valueName\":\"search_term_string\"}}],\"inLanguage\":\"en-US\"},{\"@type\":\"Person\",\"@id\":\"https:\/\/veritasinfo.org\/#\/schema\/person\/fe199eede04c3937362892b7444747cc\",\"name\":\"US6\",\"image\":{\"@type\":\"ImageObject\",\"inLanguage\":\"en-US\",\"@id\":\"https:\/\/veritasinfo.org\/#\/schema\/person\/image\/\",\"url\":\"https:\/\/secure.gravatar.com\/avatar\/cb16c3c31c9d23b9b8c705964598220b3014e42ff51eb540ff23cefa3ae8c15f?s=96&d=mm&r=g\",\"contentUrl\":\"https:\/\/secure.gravatar.com\/avatar\/cb16c3c31c9d23b9b8c705964598220b3014e42ff51eb540ff23cefa3ae8c15f?s=96&d=mm&r=g\",\"caption\":\"US6\"},\"url\":\"https:\/\/veritasinfo.org\/?author=7\"}]}<\/script>\n<!-- \/ Yoast SEO plugin. -->","yoast_head_json":{"title":"Kosova n\u00eb qend\u00ebr t\u00eb diskutimeve n\u00eb BE, zv.ministri Raka k\u00ebrkon p\u00ebrshpejtimin e integrimit t\u00eb transportit -","robots":{"index":"index","follow":"follow","max-snippet":"max-snippet:-1","max-image-preview":"max-image-preview:large","max-video-preview":"max-video-preview:-1"},"canonical":"https:\/\/veritasinfo.org\/?p=22949","og_locale":"en_US","og_type":"article","og_title":"Kosova n\u00eb qend\u00ebr t\u00eb diskutimeve n\u00eb BE, zv.ministri Raka k\u00ebrkon p\u00ebrshpejtimin e integrimit t\u00eb transportit -","og_description":"Prishtin\u00eb, 05 dhjetor 2025 16:59 N\u00eb Bruksel \u00ebsht\u00eb mbajtur sot takimi i 9-t\u00eb i K\u00ebshillit Ministror t\u00eb Transportit, ku u mblodh\u00ebn ministra dhe p\u00ebrfaq\u00ebsues t\u00eb","og_url":"https:\/\/veritasinfo.org\/?p=22949","article_published_time":"2025-12-05T15:59:56+00:00","og_image":[{"width":1080,"height":937,"url":"https:\/\/veritasinfo.org\/wp-content\/uploads\/2025\/12\/594052101_10240654009586010_6063095587407777411_n.jpg","type":"image\/jpeg"}],"author":"US6","twitter_card":"summary_large_image","twitter_misc":{"Written by":"US6","Est. reading time":"1 minute"},"schema":{"@context":"https:\/\/schema.org","@graph":[{"@type":"WebPage","@id":"https:\/\/veritasinfo.org\/?p=22949","url":"https:\/\/veritasinfo.org\/?p=22949","name":"Kosova n\u00eb qend\u00ebr t\u00eb diskutimeve n\u00eb BE, zv.ministri Raka k\u00ebrkon p\u00ebrshpejtimin e integrimit t\u00eb transportit -","isPartOf":{"@id":"https:\/\/veritasinfo.org\/#website"},"primaryImageOfPage":{"@id":"https:\/\/veritasinfo.org\/?p=22949#primaryimage"},"image":{"@id":"https:\/\/veritasinfo.org\/?p=22949#primaryimage"},"thumbnailUrl":"https:\/\/veritasinfo.org\/wp-content\/uploads\/2025\/12\/594052101_10240654009586010_6063095587407777411_n.jpg","datePublished":"2025-12-05T15:59:56+00:00","author":{"@id":"https:\/\/veritasinfo.org\/#\/schema\/person\/fe199eede04c3937362892b7444747cc"},"breadcrumb":{"@id":"https:\/\/veritasinfo.org\/?p=22949#breadcrumb"},"inLanguage":"en-US","potentialAction":[{"@type":"ReadAction","target":["https:\/\/veritasinfo.org\/?p=22949"]}]},{"@type":"ImageObject","inLanguage":"en-US","@id":"https:\/\/veritasinfo.org\/?p=22949#primaryimage","url":"https:\/\/veritasinfo.org\/wp-content\/uploads\/2025\/12\/594052101_10240654009586010_6063095587407777411_n.jpg","contentUrl":"https:\/\/veritasinfo.org\/wp-content\/uploads\/2025\/12\/594052101_10240654009586010_6063095587407777411_n.jpg","width":1080,"height":937},{"@type":"BreadcrumbList","@id":"https:\/\/veritasinfo.org\/?p=22949#breadcrumb","itemListElement":[{"@type":"ListItem","position":1,"name":"Home","item":"https:\/\/veritasinfo.org\/"},{"@type":"ListItem","position":2,"name":"Kosova n\u00eb qend\u00ebr t\u00eb diskutimeve n\u00eb BE, zv.ministri Raka k\u00ebrkon p\u00ebrshpejtimin e integrimit t\u00eb transportit"}]},{"@type":"WebSite","@id":"https:\/\/veritasinfo.org\/#website","url":"https:\/\/veritasinfo.org\/","name":"","description":"","potentialAction":[{"@type":"SearchAction","target":{"@type":"EntryPoint","urlTemplate":"https:\/\/veritasinfo.org\/?s={search_term_string}"},"query-input":{"@type":"PropertyValueSpecification","valueRequired":true,"valueName":"search_term_string"}}],"inLanguage":"en-US"},{"@type":"Person","@id":"https:\/\/veritasinfo.org\/#\/schema\/person\/fe199eede04c3937362892b7444747cc","name":"US6","image":{"@type":"ImageObject","inLanguage":"en-US","@id":"https:\/\/veritasinfo.org\/#\/schema\/person\/image\/","url":"https:\/\/secure.gravatar.com\/avatar\/cb16c3c31c9d23b9b8c705964598220b3014e42ff51eb540ff23cefa3ae8c15f?s=96&d=mm&r=g","contentUrl":"https:\/\/secure.gravatar.com\/avatar\/cb16c3c31c9d23b9b8c705964598220b3014e42ff51eb540ff23cefa3ae8c15f?s=96&d=mm&r=g","caption":"US6"},"url":"https:\/\/veritasinfo.org\/?author=7"}]}},"featured_image_urls":{"full":["https:\/\/veritasinfo.org\/wp-content\/uploads\/2025\/12\/594052101_10240654009586010_6063095587407777411_n.jpg",1080,937,false],"thumbnail":["https:\/\/veritasinfo.org\/wp-content\/uploads\/2025\/12\/594052101_10240654009586010_6063095587407777411_n-150x150.jpg",150,150,true],"medium":["https:\/\/veritasinfo.org\/wp-content\/uploads\/2025\/12\/594052101_10240654009586010_6063095587407777411_n-300x260.jpg",300,260,true],"medium_large":["https:\/\/veritasinfo.org\/wp-content\/uploads\/2025\/12\/594052101_10240654009586010_6063095587407777411_n-768x666.jpg",640,555,true],"large":["https:\/\/veritasinfo.org\/wp-content\/uploads\/2025\/12\/594052101_10240654009586010_6063095587407777411_n-1024x888.jpg",640,555,true],"1536x1536":["https:\/\/veritasinfo.org\/wp-content\/uploads\/2025\/12\/594052101_10240654009586010_6063095587407777411_n.jpg",1080,937,false],"2048x2048":["https:\/\/veritasinfo.org\/wp-content\/uploads\/2025\/12\/594052101_10240654009586010_6063095587407777411_n.jpg",1080,937,false],"kreeti-slider-full":["https:\/\/veritasinfo.org\/wp-content\/uploads\/2025\/12\/594052101_10240654009586010_6063095587407777411_n.jpg",830,720,false],"kreeti-featured":["https:\/\/veritasinfo.org\/wp-content\/uploads\/2025\/12\/594052101_10240654009586010_6063095587407777411_n.jpg",1024,888,false],"kreeti-medium":["https:\/\/veritasinfo.org\/wp-content\/uploads\/2025\/12\/594052101_10240654009586010_6063095587407777411_n.jpg",611,530,false],"kreeti-medium-square":["https:\/\/veritasinfo.org\/wp-content\/uploads\/2025\/12\/594052101_10240654009586010_6063095587407777411_n.jpg",350,304,false]},"author_info":{"info":["US6"]},"category_info":"<a href=\"https:\/\/veritasinfo.org\/?cat=58\" rel=\"category\">Politik\u00eb<\/a>","tag_info":"Politik\u00eb","comment_count":"0","_links":{"self":[{"href":"https:\/\/veritasinfo.org\/index.php?rest_route=\/wp\/v2\/posts\/22949","targetHints":{"allow":["GET"]}}],"collection":[{"href":"https:\/\/veritasinfo.org\/index.php?rest_route=\/wp\/v2\/posts"}],"about":[{"href":"https:\/\/veritasinfo.org\/index.php?rest_route=\/wp\/v2\/types\/post"}],"author":[{"embeddable":true,"href":"https:\/\/veritasinfo.org\/index.php?rest_route=\/wp\/v2\/users\/7"}],"replies":[{"embeddable":true,"href":"https:\/\/veritasinfo.org\/index.php?rest_route=%2Fwp%2Fv2%2Fcomments&post=22949"}],"version-history":[{"count":1,"href":"https:\/\/veritasinfo.org\/index.php?rest_route=\/wp\/v2\/posts\/22949\/revisions"}],"predecessor-version":[{"id":22951,"href":"https:\/\/veritasinfo.org\/index.php?rest_route=\/wp\/v2\/posts\/22949\/revisions\/22951"}],"wp:featuredmedia":[{"embeddable":true,"href":"https:\/\/veritasinfo.org\/index.php?rest_route=\/wp\/v2\/media\/22950"}],"wp:attachment":[{"href":"https:\/\/veritasinfo.org\/index.php?rest_route=%2Fwp%2Fv2%2Fmedia&parent=22949"}],"wp:term":[{"taxonomy":"category","embeddable":true,"href":"https:\/\/veritasinfo.org\/index.php?rest_route=%2Fwp%2Fv2%2Fcategories&post=22949"},{"taxonomy":"post_tag","embeddable":true,"href":"https:\/\/veritasinfo.org\/index.php?rest_route=%2Fwp%2Fv2%2Ftags&post=22949"}],"curies":[{"name":"wp","href":"https:\/\/api.w.org\/{rel}","templated":true}]}}