{"id":2293,"date":"2025-07-02T17:59:05","date_gmt":"2025-07-02T15:59:05","guid":{"rendered":"https:\/\/veritasinfo.org\/?p=2293"},"modified":"2025-07-02T17:59:05","modified_gmt":"2025-07-02T15:59:05","slug":"specialja-vendos-procesi-gjyqesor-ndaj-ish-krereve-te-uck-se-vazhdon-ne-gusht","status":"publish","type":"post","link":"https:\/\/veritasinfo.org\/?p=2293","title":{"rendered":"Specialja vendos: Procesi gjyq\u00ebsor ndaj ish-krer\u00ebve t\u00eb U\u00c7K-s\u00eb vazhdon n\u00eb gusht"},"content":{"rendered":"<p>Hag\u00eb, 02 Korrik 2025<\/p>\n<p>Trupi Gjykues n\u00eb rastin e madh t\u00eb Speciales, \u201cTha\u00e7i dhe t\u00eb tjer\u00ebt\u201d, n\u00eb krye me Charles Smith III e ka pranuar k\u00ebrkes\u00ebn e ekipeve mbrojt\u00ebse t\u00eb kat\u00ebrshes p\u00ebr ta shtyr\u00eb konferenc\u00ebn p\u00ebrgatitore p\u00ebr Mbrojtjen nga 21 korriku n\u00eb jav\u00ebn e tret\u00eb t\u00eb gushtit 2025.<\/p>\n<p>Rrjedhimisht, Tha\u00e7i, Veseli, Krasniqi e Selimi dhe ekipet e tyre mbrojt\u00ebse do t\u00eb b\u00ebjn\u00eb t\u00eb ditur p\u00ebrfundimisht numrin e d\u00ebshmitar\u00ebve dhe list\u00ebn e provave q\u00eb synojn\u00eb t\u00eb p\u00ebrdorin gjat\u00eb paraqitjes s\u00eb rastit t\u00eb tyre, t\u00eb mart\u00ebn m\u00eb 19 gusht nga ora 10 e m\u00ebngjesit.<\/p>\n<p>Gjykata nuk e ka pranuar edhe pjes\u00ebn tjet\u00ebr t\u00eb k\u00ebrkesave t\u00eb Mbrojtjes p\u00ebr t\u00eb shtyr\u00eb edhe afatet e zbulimit t\u00eb d\u00ebshmitar\u00ebve dhe provave q\u00eb pritet t\u00eb merren nga burime nd\u00ebrkomb\u00ebtare, t\u00eb klasifikuara.<br \/>\nP\u00ebrkundrazi, p\u00ebrgjigjen pozitive e ka ruajtur p\u00ebr Prokurorin\u00eb e cila kishte propozuar q\u00eb lista me d\u00ebshmitar\u00eb dhe prova t\u00eb dor\u00ebzohet deri m\u00eb 21 korrik 2025.<\/p>\n<p>Nj\u00eb dit\u00eb m\u00eb von\u00eb, m\u00eb 22 korrik pritet t\u00eb mbahet edhe nj\u00eb konferenc\u00eb e radh\u00ebs p\u00ebr ecurin\u00eb e \u00e7\u00ebshtjes gjat\u00eb t\u00eb cil\u00ebs mund t\u00eb b\u00ebhet e ditur n\u00ebse Gjykata e pranon apo rr\u00ebzon, qoft\u00eb edhe pjes\u00ebrisht k\u00ebrkes\u00ebn p\u00ebrfundimtare t\u00eb Mbrojtjes p\u00ebr t\u00eb rr\u00ebzuar pika t\u00eb caktuara t\u00eb Aktakuz\u00ebs.<br \/>\nEkipet e kan\u00eb dor\u00ebzuar Mocionin e tyre t\u00eb p\u00ebrbashk\u00ebt m\u00eb 12 qershor.<\/p>\n<p>&nbsp;<\/p>\n<p>&nbsp;<\/p>\n","protected":false},"excerpt":{"rendered":"<p>Hag\u00eb, 02 Korrik 2025 Trupi Gjykues n\u00eb rastin e madh t\u00eb Speciales, \u201cTha\u00e7i dhe t\u00eb tjer\u00ebt\u201d, n\u00eb krye me Charles Smith III e ka pranuar<\/p>\n","protected":false},"author":1,"featured_media":2294,"comment_status":"open","ping_status":"open","sticky":false,"template":"","format":"standard","meta":{"footnotes":""},"categories":[58],"tags":[],"class_list":["post-2293","post","type-post","status-publish","format-standard","has-post-thumbnail","hentry","category-politike-sq"],"yoast_head":"<!-- This site is optimized with the Yoast SEO plugin v25.3.1 - https:\/\/yoast.com\/wordpress\/plugins\/seo\/ -->\n<title>Specialja vendos: Procesi gjyq\u00ebsor ndaj ish-krer\u00ebve t\u00eb U\u00c7K-s\u00eb vazhdon n\u00eb gusht -<\/title>\n<meta name=\"robots\" content=\"index, follow, max-snippet:-1, max-image-preview:large, max-video-preview:-1\" \/>\n<link rel=\"canonical\" href=\"https:\/\/veritasinfo.org\/?p=2293\" \/>\n<meta property=\"og:locale\" content=\"en_US\" \/>\n<meta property=\"og:type\" content=\"article\" \/>\n<meta property=\"og:title\" content=\"Specialja vendos: Procesi gjyq\u00ebsor ndaj ish-krer\u00ebve t\u00eb U\u00c7K-s\u00eb vazhdon n\u00eb gusht -\" \/>\n<meta property=\"og:description\" content=\"Hag\u00eb, 02 Korrik 2025 Trupi Gjykues n\u00eb rastin e madh t\u00eb Speciales, \u201cTha\u00e7i dhe t\u00eb tjer\u00ebt\u201d, n\u00eb krye me Charles Smith III e ka pranuar\" \/>\n<meta property=\"og:url\" content=\"https:\/\/veritasinfo.org\/?p=2293\" \/>\n<meta property=\"article:published_time\" content=\"2025-07-02T15:59:05+00:00\" \/>\n<meta property=\"og:image\" content=\"https:\/\/veritasinfo.org\/wp-content\/uploads\/2025\/07\/IMG_1677.jpeg\" \/>\n\t<meta property=\"og:image:width\" content=\"1166\" \/>\n\t<meta property=\"og:image:height\" content=\"676\" \/>\n\t<meta property=\"og:image:type\" content=\"image\/jpeg\" \/>\n<meta name=\"author\" content=\"admin\" \/>\n<meta name=\"twitter:card\" content=\"summary_large_image\" \/>\n<meta name=\"twitter:label1\" content=\"Written by\" \/>\n\t<meta name=\"twitter:data1\" content=\"admin\" \/>\n\t<meta name=\"twitter:label2\" content=\"Est. reading time\" \/>\n\t<meta name=\"twitter:data2\" content=\"2 minutes\" \/>\n<script type=\"application\/ld+json\" class=\"yoast-schema-graph\">{\"@context\":\"https:\/\/schema.org\",\"@graph\":[{\"@type\":\"WebPage\",\"@id\":\"https:\/\/veritasinfo.org\/?p=2293\",\"url\":\"https:\/\/veritasinfo.org\/?p=2293\",\"name\":\"Specialja vendos: Procesi gjyq\u00ebsor ndaj ish-krer\u00ebve t\u00eb U\u00c7K-s\u00eb vazhdon n\u00eb gusht -\",\"isPartOf\":{\"@id\":\"https:\/\/veritasinfo.org\/#website\"},\"primaryImageOfPage\":{\"@id\":\"https:\/\/veritasinfo.org\/?p=2293#primaryimage\"},\"image\":{\"@id\":\"https:\/\/veritasinfo.org\/?p=2293#primaryimage\"},\"thumbnailUrl\":\"https:\/\/veritasinfo.org\/wp-content\/uploads\/2025\/07\/IMG_1677.jpeg\",\"datePublished\":\"2025-07-02T15:59:05+00:00\",\"author\":{\"@id\":\"https:\/\/veritasinfo.org\/#\/schema\/person\/7701f8c088bece422266b100a712374f\"},\"breadcrumb\":{\"@id\":\"https:\/\/veritasinfo.org\/?p=2293#breadcrumb\"},\"inLanguage\":\"en-US\",\"potentialAction\":[{\"@type\":\"ReadAction\",\"target\":[\"https:\/\/veritasinfo.org\/?p=2293\"]}]},{\"@type\":\"ImageObject\",\"inLanguage\":\"en-US\",\"@id\":\"https:\/\/veritasinfo.org\/?p=2293#primaryimage\",\"url\":\"https:\/\/veritasinfo.org\/wp-content\/uploads\/2025\/07\/IMG_1677.jpeg\",\"contentUrl\":\"https:\/\/veritasinfo.org\/wp-content\/uploads\/2025\/07\/IMG_1677.jpeg\",\"width\":1166,\"height\":676,\"caption\":\"Screenshot\"},{\"@type\":\"BreadcrumbList\",\"@id\":\"https:\/\/veritasinfo.org\/?p=2293#breadcrumb\",\"itemListElement\":[{\"@type\":\"ListItem\",\"position\":1,\"name\":\"Home\",\"item\":\"https:\/\/veritasinfo.org\/\"},{\"@type\":\"ListItem\",\"position\":2,\"name\":\"Specialja vendos: Procesi gjyq\u00ebsor ndaj ish-krer\u00ebve t\u00eb U\u00c7K-s\u00eb vazhdon n\u00eb gusht\"}]},{\"@type\":\"WebSite\",\"@id\":\"https:\/\/veritasinfo.org\/#website\",\"url\":\"https:\/\/veritasinfo.org\/\",\"name\":\"\",\"description\":\"\",\"potentialAction\":[{\"@type\":\"SearchAction\",\"target\":{\"@type\":\"EntryPoint\",\"urlTemplate\":\"https:\/\/veritasinfo.org\/?s={search_term_string}\"},\"query-input\":{\"@type\":\"PropertyValueSpecification\",\"valueRequired\":true,\"valueName\":\"search_term_string\"}}],\"inLanguage\":\"en-US\"},{\"@type\":\"Person\",\"@id\":\"https:\/\/veritasinfo.org\/#\/schema\/person\/7701f8c088bece422266b100a712374f\",\"name\":\"admin\",\"image\":{\"@type\":\"ImageObject\",\"inLanguage\":\"en-US\",\"@id\":\"https:\/\/veritasinfo.org\/#\/schema\/person\/image\/\",\"url\":\"https:\/\/secure.gravatar.com\/avatar\/ea53aa3bf6c9a12d5fde8ce4deff43fef3885ae33cf60184161a50d6987cfd2f?s=96&d=mm&r=g\",\"contentUrl\":\"https:\/\/secure.gravatar.com\/avatar\/ea53aa3bf6c9a12d5fde8ce4deff43fef3885ae33cf60184161a50d6987cfd2f?s=96&d=mm&r=g\",\"caption\":\"admin\"},\"sameAs\":[\"https:\/\/veritasinfo.org\"],\"url\":\"https:\/\/veritasinfo.org\/?author=1\"}]}<\/script>\n<!-- \/ Yoast SEO plugin. -->","yoast_head_json":{"title":"Specialja vendos: Procesi gjyq\u00ebsor ndaj ish-krer\u00ebve t\u00eb U\u00c7K-s\u00eb vazhdon n\u00eb gusht -","robots":{"index":"index","follow":"follow","max-snippet":"max-snippet:-1","max-image-preview":"max-image-preview:large","max-video-preview":"max-video-preview:-1"},"canonical":"https:\/\/veritasinfo.org\/?p=2293","og_locale":"en_US","og_type":"article","og_title":"Specialja vendos: Procesi gjyq\u00ebsor ndaj ish-krer\u00ebve t\u00eb U\u00c7K-s\u00eb vazhdon n\u00eb gusht -","og_description":"Hag\u00eb, 02 Korrik 2025 Trupi Gjykues n\u00eb rastin e madh t\u00eb Speciales, \u201cTha\u00e7i dhe t\u00eb tjer\u00ebt\u201d, n\u00eb krye me Charles Smith III e ka pranuar","og_url":"https:\/\/veritasinfo.org\/?p=2293","article_published_time":"2025-07-02T15:59:05+00:00","og_image":[{"width":1166,"height":676,"url":"https:\/\/veritasinfo.org\/wp-content\/uploads\/2025\/07\/IMG_1677.jpeg","type":"image\/jpeg"}],"author":"admin","twitter_card":"summary_large_image","twitter_misc":{"Written by":"admin","Est. reading time":"2 minutes"},"schema":{"@context":"https:\/\/schema.org","@graph":[{"@type":"WebPage","@id":"https:\/\/veritasinfo.org\/?p=2293","url":"https:\/\/veritasinfo.org\/?p=2293","name":"Specialja vendos: Procesi gjyq\u00ebsor ndaj ish-krer\u00ebve t\u00eb U\u00c7K-s\u00eb vazhdon n\u00eb gusht -","isPartOf":{"@id":"https:\/\/veritasinfo.org\/#website"},"primaryImageOfPage":{"@id":"https:\/\/veritasinfo.org\/?p=2293#primaryimage"},"image":{"@id":"https:\/\/veritasinfo.org\/?p=2293#primaryimage"},"thumbnailUrl":"https:\/\/veritasinfo.org\/wp-content\/uploads\/2025\/07\/IMG_1677.jpeg","datePublished":"2025-07-02T15:59:05+00:00","author":{"@id":"https:\/\/veritasinfo.org\/#\/schema\/person\/7701f8c088bece422266b100a712374f"},"breadcrumb":{"@id":"https:\/\/veritasinfo.org\/?p=2293#breadcrumb"},"inLanguage":"en-US","potentialAction":[{"@type":"ReadAction","target":["https:\/\/veritasinfo.org\/?p=2293"]}]},{"@type":"ImageObject","inLanguage":"en-US","@id":"https:\/\/veritasinfo.org\/?p=2293#primaryimage","url":"https:\/\/veritasinfo.org\/wp-content\/uploads\/2025\/07\/IMG_1677.jpeg","contentUrl":"https:\/\/veritasinfo.org\/wp-content\/uploads\/2025\/07\/IMG_1677.jpeg","width":1166,"height":676,"caption":"Screenshot"},{"@type":"BreadcrumbList","@id":"https:\/\/veritasinfo.org\/?p=2293#breadcrumb","itemListElement":[{"@type":"ListItem","position":1,"name":"Home","item":"https:\/\/veritasinfo.org\/"},{"@type":"ListItem","position":2,"name":"Specialja vendos: Procesi gjyq\u00ebsor ndaj ish-krer\u00ebve t\u00eb U\u00c7K-s\u00eb vazhdon n\u00eb gusht"}]},{"@type":"WebSite","@id":"https:\/\/veritasinfo.org\/#website","url":"https:\/\/veritasinfo.org\/","name":"","description":"","potentialAction":[{"@type":"SearchAction","target":{"@type":"EntryPoint","urlTemplate":"https:\/\/veritasinfo.org\/?s={search_term_string}"},"query-input":{"@type":"PropertyValueSpecification","valueRequired":true,"valueName":"search_term_string"}}],"inLanguage":"en-US"},{"@type":"Person","@id":"https:\/\/veritasinfo.org\/#\/schema\/person\/7701f8c088bece422266b100a712374f","name":"admin","image":{"@type":"ImageObject","inLanguage":"en-US","@id":"https:\/\/veritasinfo.org\/#\/schema\/person\/image\/","url":"https:\/\/secure.gravatar.com\/avatar\/ea53aa3bf6c9a12d5fde8ce4deff43fef3885ae33cf60184161a50d6987cfd2f?s=96&d=mm&r=g","contentUrl":"https:\/\/secure.gravatar.com\/avatar\/ea53aa3bf6c9a12d5fde8ce4deff43fef3885ae33cf60184161a50d6987cfd2f?s=96&d=mm&r=g","caption":"admin"},"sameAs":["https:\/\/veritasinfo.org"],"url":"https:\/\/veritasinfo.org\/?author=1"}]}},"featured_image_urls":{"full":["https:\/\/veritasinfo.org\/wp-content\/uploads\/2025\/07\/IMG_1677.jpeg",1166,676,false],"thumbnail":["https:\/\/veritasinfo.org\/wp-content\/uploads\/2025\/07\/IMG_1677-150x150.jpeg",150,150,true],"medium":["https:\/\/veritasinfo.org\/wp-content\/uploads\/2025\/07\/IMG_1677-300x174.jpeg",300,174,true],"medium_large":["https:\/\/veritasinfo.org\/wp-content\/uploads\/2025\/07\/IMG_1677-768x445.jpeg",640,371,true],"large":["https:\/\/veritasinfo.org\/wp-content\/uploads\/2025\/07\/IMG_1677-1024x594.jpeg",640,371,true],"1536x1536":["https:\/\/veritasinfo.org\/wp-content\/uploads\/2025\/07\/IMG_1677.jpeg",1166,676,false],"2048x2048":["https:\/\/veritasinfo.org\/wp-content\/uploads\/2025\/07\/IMG_1677.jpeg",1166,676,false],"kreeti-slider-full":["https:\/\/veritasinfo.org\/wp-content\/uploads\/2025\/07\/IMG_1677.jpeg",1166,676,false],"kreeti-featured":["https:\/\/veritasinfo.org\/wp-content\/uploads\/2025\/07\/IMG_1677.jpeg",1024,594,false],"kreeti-medium":["https:\/\/veritasinfo.org\/wp-content\/uploads\/2025\/07\/IMG_1677.jpeg",720,417,false],"kreeti-medium-square":["https:\/\/veritasinfo.org\/wp-content\/uploads\/2025\/07\/IMG_1677.jpeg",350,203,false]},"author_info":{"info":["admin"]},"category_info":"<a href=\"https:\/\/veritasinfo.org\/?cat=58\" rel=\"category\">Politik\u00eb<\/a>","tag_info":"Politik\u00eb","comment_count":"0","_links":{"self":[{"href":"https:\/\/veritasinfo.org\/index.php?rest_route=\/wp\/v2\/posts\/2293","targetHints":{"allow":["GET"]}}],"collection":[{"href":"https:\/\/veritasinfo.org\/index.php?rest_route=\/wp\/v2\/posts"}],"about":[{"href":"https:\/\/veritasinfo.org\/index.php?rest_route=\/wp\/v2\/types\/post"}],"author":[{"embeddable":true,"href":"https:\/\/veritasinfo.org\/index.php?rest_route=\/wp\/v2\/users\/1"}],"replies":[{"embeddable":true,"href":"https:\/\/veritasinfo.org\/index.php?rest_route=%2Fwp%2Fv2%2Fcomments&post=2293"}],"version-history":[{"count":1,"href":"https:\/\/veritasinfo.org\/index.php?rest_route=\/wp\/v2\/posts\/2293\/revisions"}],"predecessor-version":[{"id":2295,"href":"https:\/\/veritasinfo.org\/index.php?rest_route=\/wp\/v2\/posts\/2293\/revisions\/2295"}],"wp:featuredmedia":[{"embeddable":true,"href":"https:\/\/veritasinfo.org\/index.php?rest_route=\/wp\/v2\/media\/2294"}],"wp:attachment":[{"href":"https:\/\/veritasinfo.org\/index.php?rest_route=%2Fwp%2Fv2%2Fmedia&parent=2293"}],"wp:term":[{"taxonomy":"category","embeddable":true,"href":"https:\/\/veritasinfo.org\/index.php?rest_route=%2Fwp%2Fv2%2Fcategories&post=2293"},{"taxonomy":"post_tag","embeddable":true,"href":"https:\/\/veritasinfo.org\/index.php?rest_route=%2Fwp%2Fv2%2Ftags&post=2293"}],"curies":[{"name":"wp","href":"https:\/\/api.w.org\/{rel}","templated":true}]}}