{"id":22911,"date":"2025-12-05T13:36:43","date_gmt":"2025-12-05T12:36:43","guid":{"rendered":"https:\/\/veritasinfo.org\/?p=22911"},"modified":"2025-12-05T15:19:49","modified_gmt":"2025-12-05T14:19:49","slug":"nen-simbolet-e-shtetit-te-kosoves-betohet-edhe-kryetari-i-ri-i-leposaviqit-zoran-tadiq","status":"publish","type":"post","link":"https:\/\/veritasinfo.org\/?p=22911","title":{"rendered":"N\u00ebn simbolet e shtetit t\u00eb Kosov\u00ebs, betohet edhe kryetari i ri i Leposaviqit, Zoran Todiq"},"content":{"rendered":"<p><strong>Leposaviq, 05 dhjetor 2025 13:36<\/strong><\/p>\n<p>\u00cbsht\u00eb betuar edhe Zoran Todiq, kryetari i ri i Komun\u00ebs s\u00eb Leposaviqit.<\/p>\n<p>Edhe n\u00eb sall\u00ebn e Kuvendit Komunal t\u00eb Leposaviqit, ashtu si n\u00eb kuvendet e komunave me shumic\u00eb serbe t\u00eb tjera, kan\u00eb qen\u00eb flamuri i Kosov\u00ebs dhe fotografia e presidentes, Vjosa Osmani.<\/p>\n<p>&#8220;Dua t\u2019i p\u00ebrg\u00ebzoj k\u00ebshilltar\u00ebt e sapozgjedhur p\u00ebr marrjen e detyr\u00ebs, t&#8217;ju uroj, para s\u00eb gjithash, pun\u00eb t\u00eb suksesshme n\u00eb kat\u00ebr vitet e ardhshme, q\u00eb t\u00eb gjith\u00eb t\u00eb punojm\u00eb s\u00eb bashku n\u00eb interes t\u00eb qytetar\u00ebve tan\u00eb, pavar\u00ebsisht nga p\u00ebrkat\u00ebsia fetare, komb\u00ebtare dhe politike. Gjithashtu, n\u00eb seanc\u00ebn e par\u00eb t\u00eb radh\u00ebs, do t&#8217;ju informoj ju dhe qytetar\u00ebt tan\u00eb p\u00ebr situat\u00ebn aktuale n\u00eb komun\u00ebn ton\u00eb pas marrjes s\u00eb detyr\u00ebs dhe dor\u00ebzimit t\u00eb pushtetit, si dhe p\u00ebr planet e ardhshme n\u00eb lidhje me zhvillimin e komun\u00ebs son\u00eb. Edhe nj\u00eb her\u00eb shfryt\u00ebzoj k\u00ebt\u00eb mund\u00ebsi p\u00ebr t\u00eb fal\u00ebnderuar t\u00eb gjith\u00eb qytetar\u00ebt e komun\u00ebs s\u00eb Leposevi\u00e7it t\u00eb cil\u00ebt, n\u00eb zgjedhjet e kaluara, kan\u00eb treguar besimin e tyre tek un\u00eb, dhe k\u00ebshilltar\u00ebt e List\u00ebs Serbe, si dhe k\u00ebshilltar\u00ebt e disa partive t\u00eb tjera politike&#8221;, tha Todi\u00e7.<\/p>\n","protected":false},"excerpt":{"rendered":"<p>Leposaviq, 05 dhjetor 2025 13:36 \u00cbsht\u00eb betuar edhe Zoran Todiq, kryetari i ri i Komun\u00ebs s\u00eb Leposaviqit. Edhe n\u00eb sall\u00ebn e Kuvendit Komunal t\u00eb Leposaviqit,<\/p>\n","protected":false},"author":7,"featured_media":22912,"comment_status":"open","ping_status":"open","sticky":false,"template":"","format":"standard","meta":{"footnotes":""},"categories":[58],"tags":[],"class_list":["post-22911","post","type-post","status-publish","format-standard","has-post-thumbnail","hentry","category-politike-sq"],"yoast_head":"<!-- This site is optimized with the Yoast SEO plugin v25.3.1 - https:\/\/yoast.com\/wordpress\/plugins\/seo\/ -->\n<title>N\u00ebn simbolet e shtetit t\u00eb Kosov\u00ebs, betohet edhe kryetari i ri i Leposaviqit, Zoran Todiq -<\/title>\n<meta name=\"robots\" content=\"index, follow, max-snippet:-1, max-image-preview:large, max-video-preview:-1\" \/>\n<link rel=\"canonical\" href=\"https:\/\/veritasinfo.org\/?p=22911\" \/>\n<meta property=\"og:locale\" content=\"en_US\" \/>\n<meta property=\"og:type\" content=\"article\" \/>\n<meta property=\"og:title\" content=\"N\u00ebn simbolet e shtetit t\u00eb Kosov\u00ebs, betohet edhe kryetari i ri i Leposaviqit, Zoran Todiq -\" \/>\n<meta property=\"og:description\" content=\"Leposaviq, 05 dhjetor 2025 13:36 \u00cbsht\u00eb betuar edhe Zoran Todiq, kryetari i ri i Komun\u00ebs s\u00eb Leposaviqit. Edhe n\u00eb sall\u00ebn e Kuvendit Komunal t\u00eb Leposaviqit,\" \/>\n<meta property=\"og:url\" content=\"https:\/\/veritasinfo.org\/?p=22911\" \/>\n<meta property=\"article:published_time\" content=\"2025-12-05T12:36:43+00:00\" \/>\n<meta property=\"article:modified_time\" content=\"2025-12-05T14:19:49+00:00\" \/>\n<meta property=\"og:image\" content=\"https:\/\/veritasinfo.org\/wp-content\/uploads\/2025\/12\/auto_leposaviq_zoran_todic1764930958.png\" \/>\n\t<meta property=\"og:image:width\" content=\"900\" \/>\n\t<meta property=\"og:image:height\" content=\"540\" \/>\n\t<meta property=\"og:image:type\" content=\"image\/png\" \/>\n<meta name=\"author\" content=\"US6\" \/>\n<meta name=\"twitter:card\" content=\"summary_large_image\" \/>\n<meta name=\"twitter:label1\" content=\"Written by\" \/>\n\t<meta name=\"twitter:data1\" content=\"US6\" \/>\n\t<meta name=\"twitter:label2\" content=\"Est. reading time\" \/>\n\t<meta name=\"twitter:data2\" content=\"1 minute\" \/>\n<script type=\"application\/ld+json\" class=\"yoast-schema-graph\">{\"@context\":\"https:\/\/schema.org\",\"@graph\":[{\"@type\":\"WebPage\",\"@id\":\"https:\/\/veritasinfo.org\/?p=22911\",\"url\":\"https:\/\/veritasinfo.org\/?p=22911\",\"name\":\"N\u00ebn simbolet e shtetit t\u00eb Kosov\u00ebs, betohet edhe kryetari i ri i Leposaviqit, Zoran Todiq -\",\"isPartOf\":{\"@id\":\"https:\/\/veritasinfo.org\/#website\"},\"primaryImageOfPage\":{\"@id\":\"https:\/\/veritasinfo.org\/?p=22911#primaryimage\"},\"image\":{\"@id\":\"https:\/\/veritasinfo.org\/?p=22911#primaryimage\"},\"thumbnailUrl\":\"https:\/\/veritasinfo.org\/wp-content\/uploads\/2025\/12\/auto_leposaviq_zoran_todic1764930958.png\",\"datePublished\":\"2025-12-05T12:36:43+00:00\",\"dateModified\":\"2025-12-05T14:19:49+00:00\",\"author\":{\"@id\":\"https:\/\/veritasinfo.org\/#\/schema\/person\/fe199eede04c3937362892b7444747cc\"},\"breadcrumb\":{\"@id\":\"https:\/\/veritasinfo.org\/?p=22911#breadcrumb\"},\"inLanguage\":\"en-US\",\"potentialAction\":[{\"@type\":\"ReadAction\",\"target\":[\"https:\/\/veritasinfo.org\/?p=22911\"]}]},{\"@type\":\"ImageObject\",\"inLanguage\":\"en-US\",\"@id\":\"https:\/\/veritasinfo.org\/?p=22911#primaryimage\",\"url\":\"https:\/\/veritasinfo.org\/wp-content\/uploads\/2025\/12\/auto_leposaviq_zoran_todic1764930958.png\",\"contentUrl\":\"https:\/\/veritasinfo.org\/wp-content\/uploads\/2025\/12\/auto_leposaviq_zoran_todic1764930958.png\",\"width\":900,\"height\":540},{\"@type\":\"BreadcrumbList\",\"@id\":\"https:\/\/veritasinfo.org\/?p=22911#breadcrumb\",\"itemListElement\":[{\"@type\":\"ListItem\",\"position\":1,\"name\":\"Home\",\"item\":\"https:\/\/veritasinfo.org\/\"},{\"@type\":\"ListItem\",\"position\":2,\"name\":\"N\u00ebn simbolet e shtetit t\u00eb Kosov\u00ebs, betohet edhe kryetari i ri i Leposaviqit, Zoran Todiq\"}]},{\"@type\":\"WebSite\",\"@id\":\"https:\/\/veritasinfo.org\/#website\",\"url\":\"https:\/\/veritasinfo.org\/\",\"name\":\"\",\"description\":\"\",\"potentialAction\":[{\"@type\":\"SearchAction\",\"target\":{\"@type\":\"EntryPoint\",\"urlTemplate\":\"https:\/\/veritasinfo.org\/?s={search_term_string}\"},\"query-input\":{\"@type\":\"PropertyValueSpecification\",\"valueRequired\":true,\"valueName\":\"search_term_string\"}}],\"inLanguage\":\"en-US\"},{\"@type\":\"Person\",\"@id\":\"https:\/\/veritasinfo.org\/#\/schema\/person\/fe199eede04c3937362892b7444747cc\",\"name\":\"US6\",\"image\":{\"@type\":\"ImageObject\",\"inLanguage\":\"en-US\",\"@id\":\"https:\/\/veritasinfo.org\/#\/schema\/person\/image\/\",\"url\":\"https:\/\/secure.gravatar.com\/avatar\/cb16c3c31c9d23b9b8c705964598220b3014e42ff51eb540ff23cefa3ae8c15f?s=96&d=mm&r=g\",\"contentUrl\":\"https:\/\/secure.gravatar.com\/avatar\/cb16c3c31c9d23b9b8c705964598220b3014e42ff51eb540ff23cefa3ae8c15f?s=96&d=mm&r=g\",\"caption\":\"US6\"},\"url\":\"https:\/\/veritasinfo.org\/?author=7\"}]}<\/script>\n<!-- \/ Yoast SEO plugin. -->","yoast_head_json":{"title":"N\u00ebn simbolet e shtetit t\u00eb Kosov\u00ebs, betohet edhe kryetari i ri i Leposaviqit, Zoran Todiq -","robots":{"index":"index","follow":"follow","max-snippet":"max-snippet:-1","max-image-preview":"max-image-preview:large","max-video-preview":"max-video-preview:-1"},"canonical":"https:\/\/veritasinfo.org\/?p=22911","og_locale":"en_US","og_type":"article","og_title":"N\u00ebn simbolet e shtetit t\u00eb Kosov\u00ebs, betohet edhe kryetari i ri i Leposaviqit, Zoran Todiq -","og_description":"Leposaviq, 05 dhjetor 2025 13:36 \u00cbsht\u00eb betuar edhe Zoran Todiq, kryetari i ri i Komun\u00ebs s\u00eb Leposaviqit. Edhe n\u00eb sall\u00ebn e Kuvendit Komunal t\u00eb Leposaviqit,","og_url":"https:\/\/veritasinfo.org\/?p=22911","article_published_time":"2025-12-05T12:36:43+00:00","article_modified_time":"2025-12-05T14:19:49+00:00","og_image":[{"width":900,"height":540,"url":"https:\/\/veritasinfo.org\/wp-content\/uploads\/2025\/12\/auto_leposaviq_zoran_todic1764930958.png","type":"image\/png"}],"author":"US6","twitter_card":"summary_large_image","twitter_misc":{"Written by":"US6","Est. reading time":"1 minute"},"schema":{"@context":"https:\/\/schema.org","@graph":[{"@type":"WebPage","@id":"https:\/\/veritasinfo.org\/?p=22911","url":"https:\/\/veritasinfo.org\/?p=22911","name":"N\u00ebn simbolet e shtetit t\u00eb Kosov\u00ebs, betohet edhe kryetari i ri i Leposaviqit, Zoran Todiq -","isPartOf":{"@id":"https:\/\/veritasinfo.org\/#website"},"primaryImageOfPage":{"@id":"https:\/\/veritasinfo.org\/?p=22911#primaryimage"},"image":{"@id":"https:\/\/veritasinfo.org\/?p=22911#primaryimage"},"thumbnailUrl":"https:\/\/veritasinfo.org\/wp-content\/uploads\/2025\/12\/auto_leposaviq_zoran_todic1764930958.png","datePublished":"2025-12-05T12:36:43+00:00","dateModified":"2025-12-05T14:19:49+00:00","author":{"@id":"https:\/\/veritasinfo.org\/#\/schema\/person\/fe199eede04c3937362892b7444747cc"},"breadcrumb":{"@id":"https:\/\/veritasinfo.org\/?p=22911#breadcrumb"},"inLanguage":"en-US","potentialAction":[{"@type":"ReadAction","target":["https:\/\/veritasinfo.org\/?p=22911"]}]},{"@type":"ImageObject","inLanguage":"en-US","@id":"https:\/\/veritasinfo.org\/?p=22911#primaryimage","url":"https:\/\/veritasinfo.org\/wp-content\/uploads\/2025\/12\/auto_leposaviq_zoran_todic1764930958.png","contentUrl":"https:\/\/veritasinfo.org\/wp-content\/uploads\/2025\/12\/auto_leposaviq_zoran_todic1764930958.png","width":900,"height":540},{"@type":"BreadcrumbList","@id":"https:\/\/veritasinfo.org\/?p=22911#breadcrumb","itemListElement":[{"@type":"ListItem","position":1,"name":"Home","item":"https:\/\/veritasinfo.org\/"},{"@type":"ListItem","position":2,"name":"N\u00ebn simbolet e shtetit t\u00eb Kosov\u00ebs, betohet edhe kryetari i ri i Leposaviqit, Zoran Todiq"}]},{"@type":"WebSite","@id":"https:\/\/veritasinfo.org\/#website","url":"https:\/\/veritasinfo.org\/","name":"","description":"","potentialAction":[{"@type":"SearchAction","target":{"@type":"EntryPoint","urlTemplate":"https:\/\/veritasinfo.org\/?s={search_term_string}"},"query-input":{"@type":"PropertyValueSpecification","valueRequired":true,"valueName":"search_term_string"}}],"inLanguage":"en-US"},{"@type":"Person","@id":"https:\/\/veritasinfo.org\/#\/schema\/person\/fe199eede04c3937362892b7444747cc","name":"US6","image":{"@type":"ImageObject","inLanguage":"en-US","@id":"https:\/\/veritasinfo.org\/#\/schema\/person\/image\/","url":"https:\/\/secure.gravatar.com\/avatar\/cb16c3c31c9d23b9b8c705964598220b3014e42ff51eb540ff23cefa3ae8c15f?s=96&d=mm&r=g","contentUrl":"https:\/\/secure.gravatar.com\/avatar\/cb16c3c31c9d23b9b8c705964598220b3014e42ff51eb540ff23cefa3ae8c15f?s=96&d=mm&r=g","caption":"US6"},"url":"https:\/\/veritasinfo.org\/?author=7"}]}},"featured_image_urls":{"full":["https:\/\/veritasinfo.org\/wp-content\/uploads\/2025\/12\/auto_leposaviq_zoran_todic1764930958.png",900,540,false],"thumbnail":["https:\/\/veritasinfo.org\/wp-content\/uploads\/2025\/12\/auto_leposaviq_zoran_todic1764930958-150x150.png",150,150,true],"medium":["https:\/\/veritasinfo.org\/wp-content\/uploads\/2025\/12\/auto_leposaviq_zoran_todic1764930958-300x180.png",300,180,true],"medium_large":["https:\/\/veritasinfo.org\/wp-content\/uploads\/2025\/12\/auto_leposaviq_zoran_todic1764930958-768x461.png",640,384,true],"large":["https:\/\/veritasinfo.org\/wp-content\/uploads\/2025\/12\/auto_leposaviq_zoran_todic1764930958.png",640,384,false],"1536x1536":["https:\/\/veritasinfo.org\/wp-content\/uploads\/2025\/12\/auto_leposaviq_zoran_todic1764930958.png",900,540,false],"2048x2048":["https:\/\/veritasinfo.org\/wp-content\/uploads\/2025\/12\/auto_leposaviq_zoran_todic1764930958.png",900,540,false],"kreeti-slider-full":["https:\/\/veritasinfo.org\/wp-content\/uploads\/2025\/12\/auto_leposaviq_zoran_todic1764930958.png",900,540,false],"kreeti-featured":["https:\/\/veritasinfo.org\/wp-content\/uploads\/2025\/12\/auto_leposaviq_zoran_todic1764930958.png",900,540,false],"kreeti-medium":["https:\/\/veritasinfo.org\/wp-content\/uploads\/2025\/12\/auto_leposaviq_zoran_todic1764930958.png",720,432,false],"kreeti-medium-square":["https:\/\/veritasinfo.org\/wp-content\/uploads\/2025\/12\/auto_leposaviq_zoran_todic1764930958.png",350,210,false]},"author_info":{"info":["US6"]},"category_info":"<a href=\"https:\/\/veritasinfo.org\/?cat=58\" rel=\"category\">Politik\u00eb<\/a>","tag_info":"Politik\u00eb","comment_count":"0","_links":{"self":[{"href":"https:\/\/veritasinfo.org\/index.php?rest_route=\/wp\/v2\/posts\/22911","targetHints":{"allow":["GET"]}}],"collection":[{"href":"https:\/\/veritasinfo.org\/index.php?rest_route=\/wp\/v2\/posts"}],"about":[{"href":"https:\/\/veritasinfo.org\/index.php?rest_route=\/wp\/v2\/types\/post"}],"author":[{"embeddable":true,"href":"https:\/\/veritasinfo.org\/index.php?rest_route=\/wp\/v2\/users\/7"}],"replies":[{"embeddable":true,"href":"https:\/\/veritasinfo.org\/index.php?rest_route=%2Fwp%2Fv2%2Fcomments&post=22911"}],"version-history":[{"count":4,"href":"https:\/\/veritasinfo.org\/index.php?rest_route=\/wp\/v2\/posts\/22911\/revisions"}],"predecessor-version":[{"id":22929,"href":"https:\/\/veritasinfo.org\/index.php?rest_route=\/wp\/v2\/posts\/22911\/revisions\/22929"}],"wp:featuredmedia":[{"embeddable":true,"href":"https:\/\/veritasinfo.org\/index.php?rest_route=\/wp\/v2\/media\/22912"}],"wp:attachment":[{"href":"https:\/\/veritasinfo.org\/index.php?rest_route=%2Fwp%2Fv2%2Fmedia&parent=22911"}],"wp:term":[{"taxonomy":"category","embeddable":true,"href":"https:\/\/veritasinfo.org\/index.php?rest_route=%2Fwp%2Fv2%2Fcategories&post=22911"},{"taxonomy":"post_tag","embeddable":true,"href":"https:\/\/veritasinfo.org\/index.php?rest_route=%2Fwp%2Fv2%2Ftags&post=22911"}],"curies":[{"name":"wp","href":"https:\/\/api.w.org\/{rel}","templated":true}]}}