{"id":22906,"date":"2025-12-05T13:20:57","date_gmt":"2025-12-05T12:20:57","guid":{"rendered":"https:\/\/veritasinfo.org\/?p=22906"},"modified":"2025-12-05T13:20:57","modified_gmt":"2025-12-05T12:20:57","slug":"kryetari-i-zubin-potokut-millosh-peroviq-tani-e-tutje-do-te-jete-me-e-lehte-por-jo-edhe-krejt-e-lehte","status":"publish","type":"post","link":"https:\/\/veritasinfo.org\/?p=22906","title":{"rendered":"Kryetari i Zubin Potokut: Millosh Peroviq: \u201c Tani e tutje do t\u00eb jet\u00eb m\u00eb e leht\u00eb, por jo edhe krejt e leht\u00eb\u201d"},"content":{"rendered":"<p><strong>Zubin Potok, 05 dhjetor 2025<\/strong><\/p>\n<p>N\u00ebn respektim t\u00eb plot\u00eb t\u00eb simboleve shtet\u00ebrore, edhe kryetari i ri i Komun\u00ebs s\u00eb Zubin Potokut, Millosh Peroviq, e ka dh\u00ebn betimin p\u00ebr mandatin e ri si kryetar i k\u00ebsaj Komune.<\/p>\n<p>Duke deklaruar se si kryetar e pret nj\u00eb pun\u00eb shum\u00eb e ngarkuar, ai u shpreh se n\u00eb tri vitete e fundit, ishte nj\u00eb periudh\u00eb shum\u00eb e v\u00ebshtir\u00eb p\u00ebr sic tha ai komunitetin lokal, gjat\u00eb mandatit t\u00eb tij t\u00eb ardhsh\u00ebm do t\u00eb ket\u00eb leht\u00ebsime porse nuk do t\u00eb jet\u00eb krejt\u00ebsisht e leht\u00eb.<\/p>\n<p>Ai n\u00eb sall\u00ebn e Kuvendit Komunal ka qen\u00eb shum\u00eb i shkurt\u00ebr n\u00eb deklarat\u00ebn e tij, mir\u00ebpo pas p\u00ebrfundimit t\u00eb seanc\u00ebs, peroviq s\u00ebbashku me k\u00ebshilltar\u00ebt komunal ka ecur k\u00ebmb\u00eb deri pran\u00eb selis\u00eb s\u00eb partis\u00eb Lista serbe, ai ka dh\u00ebn\u00eb deklarat\u00eb p\u00ebr media.<\/p>\n<p>\u201cSapo kemi marr\u00eb p\u00ebrsip\u00ebr k\u00ebt\u00eb detyr\u00eb jo aq t\u00eb leht\u00eb. Ka pasur probleme n\u00eb t\u00eb kaluar\u00ebn, ato do t\u00eb jen\u00eb m\u00eb t\u00eb pakta, por nuk do t\u00eb mungojn\u00eb as n\u00eb t\u00eb ardhmen, mir\u00ebpo nuk \u00a0por ne prap\u00eb do t&#8217;i p\u00ebrballojm\u00eb ato\u201d.<\/p>\n<p>Gjat\u00eb seanc\u00ebs, asambleisti opozoitar, Milija Bishevac, i ka dor\u00ebzuar Peroviqit nj\u00eb flamur serb, duke i k\u00ebrkuar q\u00eb ta mbaj\u00eb premtimin e dh\u00ebn\u00eb se pas marrjes s\u00eb pushtetit do ta vendos at\u00eb flamur n\u00eb objektin komunal t\u00eb Zubin Potokut. \u201c Kryetar, mbaje premtimin, ktheje k\u00ebt\u00eb flamur ashtu sic edhe ke premtuar\u201d, i tha Bishevac.<\/p>\n<p>I pyetur nga portali \u201cVeritasinfo\u201d n\u00ebse do ta b\u00ebj\u00eb nj\u00eb gj\u00eb t\u00eb till\u00eb, Peroviq u p\u00ebrgjigj shkurt\u201d. Ju lutem, kemi shum\u00eb pun\u00eb p\u00ebr t\u00eb b\u00ebr\u00eb\u201d.<\/p>\n","protected":false},"excerpt":{"rendered":"<p>Zubin Potok, 05 dhjetor 2025 N\u00ebn respektim t\u00eb plot\u00eb t\u00eb simboleve shtet\u00ebrore, edhe kryetari i ri i Komun\u00ebs s\u00eb Zubin Potokut, Millosh Peroviq, e ka<\/p>\n","protected":false},"author":2,"featured_media":22907,"comment_status":"open","ping_status":"open","sticky":false,"template":"","format":"standard","meta":{"footnotes":""},"categories":[58],"tags":[],"class_list":["post-22906","post","type-post","status-publish","format-standard","has-post-thumbnail","hentry","category-politike-sq"],"yoast_head":"<!-- This site is optimized with the Yoast SEO plugin v25.3.1 - https:\/\/yoast.com\/wordpress\/plugins\/seo\/ -->\n<title>Kryetari i Zubin Potokut: Millosh Peroviq: \u201c Tani e tutje do t\u00eb jet\u00eb m\u00eb e leht\u00eb, por jo edhe krejt e leht\u00eb\u201d -<\/title>\n<meta name=\"robots\" content=\"index, follow, max-snippet:-1, max-image-preview:large, max-video-preview:-1\" \/>\n<link rel=\"canonical\" href=\"https:\/\/veritasinfo.org\/?p=22906\" \/>\n<meta property=\"og:locale\" content=\"en_US\" \/>\n<meta property=\"og:type\" content=\"article\" \/>\n<meta property=\"og:title\" content=\"Kryetari i Zubin Potokut: Millosh Peroviq: \u201c Tani e tutje do t\u00eb jet\u00eb m\u00eb e leht\u00eb, por jo edhe krejt e leht\u00eb\u201d -\" \/>\n<meta property=\"og:description\" content=\"Zubin Potok, 05 dhjetor 2025 N\u00ebn respektim t\u00eb plot\u00eb t\u00eb simboleve shtet\u00ebrore, edhe kryetari i ri i Komun\u00ebs s\u00eb Zubin Potokut, Millosh Peroviq, e ka\" \/>\n<meta property=\"og:url\" content=\"https:\/\/veritasinfo.org\/?p=22906\" \/>\n<meta property=\"article:published_time\" content=\"2025-12-05T12:20:57+00:00\" \/>\n<meta property=\"og:image\" content=\"https:\/\/veritasinfo.org\/wp-content\/uploads\/2025\/12\/Peroviq.jpeg\" \/>\n\t<meta property=\"og:image:width\" content=\"780\" \/>\n\t<meta property=\"og:image:height\" content=\"535\" \/>\n\t<meta property=\"og:image:type\" content=\"image\/jpeg\" \/>\n<meta name=\"author\" content=\"US1\" \/>\n<meta name=\"twitter:card\" content=\"summary_large_image\" \/>\n<meta name=\"twitter:label1\" content=\"Written by\" \/>\n\t<meta name=\"twitter:data1\" content=\"US1\" \/>\n\t<meta name=\"twitter:label2\" content=\"Est. reading time\" \/>\n\t<meta name=\"twitter:data2\" content=\"2 minutes\" \/>\n<script type=\"application\/ld+json\" class=\"yoast-schema-graph\">{\"@context\":\"https:\/\/schema.org\",\"@graph\":[{\"@type\":\"WebPage\",\"@id\":\"https:\/\/veritasinfo.org\/?p=22906\",\"url\":\"https:\/\/veritasinfo.org\/?p=22906\",\"name\":\"Kryetari i Zubin Potokut: Millosh Peroviq: \u201c Tani e tutje do t\u00eb jet\u00eb m\u00eb e leht\u00eb, por jo edhe krejt e leht\u00eb\u201d -\",\"isPartOf\":{\"@id\":\"https:\/\/veritasinfo.org\/#website\"},\"primaryImageOfPage\":{\"@id\":\"https:\/\/veritasinfo.org\/?p=22906#primaryimage\"},\"image\":{\"@id\":\"https:\/\/veritasinfo.org\/?p=22906#primaryimage\"},\"thumbnailUrl\":\"https:\/\/veritasinfo.org\/wp-content\/uploads\/2025\/12\/Peroviq.jpeg\",\"datePublished\":\"2025-12-05T12:20:57+00:00\",\"author\":{\"@id\":\"https:\/\/veritasinfo.org\/#\/schema\/person\/c2b8be262ea994d0995addca692c5e98\"},\"breadcrumb\":{\"@id\":\"https:\/\/veritasinfo.org\/?p=22906#breadcrumb\"},\"inLanguage\":\"en-US\",\"potentialAction\":[{\"@type\":\"ReadAction\",\"target\":[\"https:\/\/veritasinfo.org\/?p=22906\"]}]},{\"@type\":\"ImageObject\",\"inLanguage\":\"en-US\",\"@id\":\"https:\/\/veritasinfo.org\/?p=22906#primaryimage\",\"url\":\"https:\/\/veritasinfo.org\/wp-content\/uploads\/2025\/12\/Peroviq.jpeg\",\"contentUrl\":\"https:\/\/veritasinfo.org\/wp-content\/uploads\/2025\/12\/Peroviq.jpeg\",\"width\":780,\"height\":535},{\"@type\":\"BreadcrumbList\",\"@id\":\"https:\/\/veritasinfo.org\/?p=22906#breadcrumb\",\"itemListElement\":[{\"@type\":\"ListItem\",\"position\":1,\"name\":\"Home\",\"item\":\"https:\/\/veritasinfo.org\/\"},{\"@type\":\"ListItem\",\"position\":2,\"name\":\"Kryetari i Zubin Potokut: Millosh Peroviq: \u201c Tani e tutje do t\u00eb jet\u00eb m\u00eb e leht\u00eb, por jo edhe krejt e leht\u00eb\u201d\"}]},{\"@type\":\"WebSite\",\"@id\":\"https:\/\/veritasinfo.org\/#website\",\"url\":\"https:\/\/veritasinfo.org\/\",\"name\":\"\",\"description\":\"\",\"potentialAction\":[{\"@type\":\"SearchAction\",\"target\":{\"@type\":\"EntryPoint\",\"urlTemplate\":\"https:\/\/veritasinfo.org\/?s={search_term_string}\"},\"query-input\":{\"@type\":\"PropertyValueSpecification\",\"valueRequired\":true,\"valueName\":\"search_term_string\"}}],\"inLanguage\":\"en-US\"},{\"@type\":\"Person\",\"@id\":\"https:\/\/veritasinfo.org\/#\/schema\/person\/c2b8be262ea994d0995addca692c5e98\",\"name\":\"US1\",\"image\":{\"@type\":\"ImageObject\",\"inLanguage\":\"en-US\",\"@id\":\"https:\/\/veritasinfo.org\/#\/schema\/person\/image\/\",\"url\":\"https:\/\/secure.gravatar.com\/avatar\/4e96a59bd256abf9956eb9963ac891a47461ffb364d47b0e9aab113328fdb75b?s=96&d=mm&r=g\",\"contentUrl\":\"https:\/\/secure.gravatar.com\/avatar\/4e96a59bd256abf9956eb9963ac891a47461ffb364d47b0e9aab113328fdb75b?s=96&d=mm&r=g\",\"caption\":\"US1\"},\"url\":\"https:\/\/veritasinfo.org\/?author=2\"}]}<\/script>\n<!-- \/ Yoast SEO plugin. -->","yoast_head_json":{"title":"Kryetari i Zubin Potokut: Millosh Peroviq: \u201c Tani e tutje do t\u00eb jet\u00eb m\u00eb e leht\u00eb, por jo edhe krejt e leht\u00eb\u201d -","robots":{"index":"index","follow":"follow","max-snippet":"max-snippet:-1","max-image-preview":"max-image-preview:large","max-video-preview":"max-video-preview:-1"},"canonical":"https:\/\/veritasinfo.org\/?p=22906","og_locale":"en_US","og_type":"article","og_title":"Kryetari i Zubin Potokut: Millosh Peroviq: \u201c Tani e tutje do t\u00eb jet\u00eb m\u00eb e leht\u00eb, por jo edhe krejt e leht\u00eb\u201d -","og_description":"Zubin Potok, 05 dhjetor 2025 N\u00ebn respektim t\u00eb plot\u00eb t\u00eb simboleve shtet\u00ebrore, edhe kryetari i ri i Komun\u00ebs s\u00eb Zubin Potokut, Millosh Peroviq, e ka","og_url":"https:\/\/veritasinfo.org\/?p=22906","article_published_time":"2025-12-05T12:20:57+00:00","og_image":[{"width":780,"height":535,"url":"https:\/\/veritasinfo.org\/wp-content\/uploads\/2025\/12\/Peroviq.jpeg","type":"image\/jpeg"}],"author":"US1","twitter_card":"summary_large_image","twitter_misc":{"Written by":"US1","Est. reading time":"2 minutes"},"schema":{"@context":"https:\/\/schema.org","@graph":[{"@type":"WebPage","@id":"https:\/\/veritasinfo.org\/?p=22906","url":"https:\/\/veritasinfo.org\/?p=22906","name":"Kryetari i Zubin Potokut: Millosh Peroviq: \u201c Tani e tutje do t\u00eb jet\u00eb m\u00eb e leht\u00eb, por jo edhe krejt e leht\u00eb\u201d -","isPartOf":{"@id":"https:\/\/veritasinfo.org\/#website"},"primaryImageOfPage":{"@id":"https:\/\/veritasinfo.org\/?p=22906#primaryimage"},"image":{"@id":"https:\/\/veritasinfo.org\/?p=22906#primaryimage"},"thumbnailUrl":"https:\/\/veritasinfo.org\/wp-content\/uploads\/2025\/12\/Peroviq.jpeg","datePublished":"2025-12-05T12:20:57+00:00","author":{"@id":"https:\/\/veritasinfo.org\/#\/schema\/person\/c2b8be262ea994d0995addca692c5e98"},"breadcrumb":{"@id":"https:\/\/veritasinfo.org\/?p=22906#breadcrumb"},"inLanguage":"en-US","potentialAction":[{"@type":"ReadAction","target":["https:\/\/veritasinfo.org\/?p=22906"]}]},{"@type":"ImageObject","inLanguage":"en-US","@id":"https:\/\/veritasinfo.org\/?p=22906#primaryimage","url":"https:\/\/veritasinfo.org\/wp-content\/uploads\/2025\/12\/Peroviq.jpeg","contentUrl":"https:\/\/veritasinfo.org\/wp-content\/uploads\/2025\/12\/Peroviq.jpeg","width":780,"height":535},{"@type":"BreadcrumbList","@id":"https:\/\/veritasinfo.org\/?p=22906#breadcrumb","itemListElement":[{"@type":"ListItem","position":1,"name":"Home","item":"https:\/\/veritasinfo.org\/"},{"@type":"ListItem","position":2,"name":"Kryetari i Zubin Potokut: Millosh Peroviq: \u201c Tani e tutje do t\u00eb jet\u00eb m\u00eb e leht\u00eb, por jo edhe krejt e leht\u00eb\u201d"}]},{"@type":"WebSite","@id":"https:\/\/veritasinfo.org\/#website","url":"https:\/\/veritasinfo.org\/","name":"","description":"","potentialAction":[{"@type":"SearchAction","target":{"@type":"EntryPoint","urlTemplate":"https:\/\/veritasinfo.org\/?s={search_term_string}"},"query-input":{"@type":"PropertyValueSpecification","valueRequired":true,"valueName":"search_term_string"}}],"inLanguage":"en-US"},{"@type":"Person","@id":"https:\/\/veritasinfo.org\/#\/schema\/person\/c2b8be262ea994d0995addca692c5e98","name":"US1","image":{"@type":"ImageObject","inLanguage":"en-US","@id":"https:\/\/veritasinfo.org\/#\/schema\/person\/image\/","url":"https:\/\/secure.gravatar.com\/avatar\/4e96a59bd256abf9956eb9963ac891a47461ffb364d47b0e9aab113328fdb75b?s=96&d=mm&r=g","contentUrl":"https:\/\/secure.gravatar.com\/avatar\/4e96a59bd256abf9956eb9963ac891a47461ffb364d47b0e9aab113328fdb75b?s=96&d=mm&r=g","caption":"US1"},"url":"https:\/\/veritasinfo.org\/?author=2"}]}},"featured_image_urls":{"full":["https:\/\/veritasinfo.org\/wp-content\/uploads\/2025\/12\/Peroviq.jpeg",780,535,false],"thumbnail":["https:\/\/veritasinfo.org\/wp-content\/uploads\/2025\/12\/Peroviq-150x150.jpeg",150,150,true],"medium":["https:\/\/veritasinfo.org\/wp-content\/uploads\/2025\/12\/Peroviq-300x206.jpeg",300,206,true],"medium_large":["https:\/\/veritasinfo.org\/wp-content\/uploads\/2025\/12\/Peroviq-768x527.jpeg",640,439,true],"large":["https:\/\/veritasinfo.org\/wp-content\/uploads\/2025\/12\/Peroviq.jpeg",640,439,false],"1536x1536":["https:\/\/veritasinfo.org\/wp-content\/uploads\/2025\/12\/Peroviq.jpeg",780,535,false],"2048x2048":["https:\/\/veritasinfo.org\/wp-content\/uploads\/2025\/12\/Peroviq.jpeg",780,535,false],"kreeti-slider-full":["https:\/\/veritasinfo.org\/wp-content\/uploads\/2025\/12\/Peroviq.jpeg",780,535,false],"kreeti-featured":["https:\/\/veritasinfo.org\/wp-content\/uploads\/2025\/12\/Peroviq.jpeg",780,535,false],"kreeti-medium":["https:\/\/veritasinfo.org\/wp-content\/uploads\/2025\/12\/Peroviq.jpeg",720,494,false],"kreeti-medium-square":["https:\/\/veritasinfo.org\/wp-content\/uploads\/2025\/12\/Peroviq.jpeg",350,240,false]},"author_info":{"info":["US1"]},"category_info":"<a href=\"https:\/\/veritasinfo.org\/?cat=58\" rel=\"category\">Politik\u00eb<\/a>","tag_info":"Politik\u00eb","comment_count":"0","_links":{"self":[{"href":"https:\/\/veritasinfo.org\/index.php?rest_route=\/wp\/v2\/posts\/22906","targetHints":{"allow":["GET"]}}],"collection":[{"href":"https:\/\/veritasinfo.org\/index.php?rest_route=\/wp\/v2\/posts"}],"about":[{"href":"https:\/\/veritasinfo.org\/index.php?rest_route=\/wp\/v2\/types\/post"}],"author":[{"embeddable":true,"href":"https:\/\/veritasinfo.org\/index.php?rest_route=\/wp\/v2\/users\/2"}],"replies":[{"embeddable":true,"href":"https:\/\/veritasinfo.org\/index.php?rest_route=%2Fwp%2Fv2%2Fcomments&post=22906"}],"version-history":[{"count":1,"href":"https:\/\/veritasinfo.org\/index.php?rest_route=\/wp\/v2\/posts\/22906\/revisions"}],"predecessor-version":[{"id":22908,"href":"https:\/\/veritasinfo.org\/index.php?rest_route=\/wp\/v2\/posts\/22906\/revisions\/22908"}],"wp:featuredmedia":[{"embeddable":true,"href":"https:\/\/veritasinfo.org\/index.php?rest_route=\/wp\/v2\/media\/22907"}],"wp:attachment":[{"href":"https:\/\/veritasinfo.org\/index.php?rest_route=%2Fwp%2Fv2%2Fmedia&parent=22906"}],"wp:term":[{"taxonomy":"category","embeddable":true,"href":"https:\/\/veritasinfo.org\/index.php?rest_route=%2Fwp%2Fv2%2Fcategories&post=22906"},{"taxonomy":"post_tag","embeddable":true,"href":"https:\/\/veritasinfo.org\/index.php?rest_route=%2Fwp%2Fv2%2Ftags&post=22906"}],"curies":[{"name":"wp","href":"https:\/\/api.w.org\/{rel}","templated":true}]}}