{"id":2290,"date":"2025-07-02T15:16:31","date_gmt":"2025-07-02T13:16:31","guid":{"rendered":"https:\/\/veritasinfo.org\/?p=2290"},"modified":"2025-07-02T15:23:44","modified_gmt":"2025-07-02T13:23:44","slug":"nemacka-ambasada-na-kosovu-odgovara-petkovicu-prvo-pocistite-ispred-svojih-vrata","status":"publish","type":"post","link":"https:\/\/veritasinfo.org\/?p=2290&lang=sr","title":{"rendered":"Nema\u010dka ambasada na Kosovu odgovara Petkovi\u0107u: Prvo po\u010distite ispred svojih vrata"},"content":{"rendered":"<p>Pristina, 02.07.2025<\/p>\n<p>Nema\u010dka ambasada u Pri\u0161tini reagovala je na izjavu direktora Kancelarije za Kosovo u Vladi Srbije, Petra Petkovi\u0107a, rekav\u0161i da se poziv na smanjenje tenzija mora odnositi jednako i na Kosovo i na Srbiju.<\/p>\n<p>Petkovi\u0107 se \u017ealio nakon \u0161to su kosovske vlasti postavile kamen temeljac za izgradnju dva nova mosta na reci Ibar.<\/p>\n<p>Nema\u010dka ambasada pozvala je Vladu Kosova da se uzdr\u017ei od eskalatornih poteza, ali je Petkovi\u0107u skrenula pa\u017enju na neuspeh Srbije da privede pravdi odgovorne za napad u Banjskoj u septembru 2023. godine, tokom kojeg je ubijen policijski narednik Afrim Bunjaku.<\/p>\n<p>&#8220;Kao \u0161to smo to i ranije vi\u0161e puta isticali, pozivamo Vladu Kosova da se uzdr\u017ei od koraka koji bi mogli dovesti do eskalacije. Me\u0111utim, poziv na smanjenje tenzija mora va\u017eiti podjednako za obe strane. Svakako, nije Vlada Kosova ta koja ne sprovodi zakonske mere protiv odgovornih za u\u017easan napad u Banjskoj. \u010cinjenica da je samoprogla\u0161eni vo\u0111a tog napada, kosovski Srbin i biv\u0161i potpredsednik Srpske liste, Milan Radoi\u010di\u0107, javno preuzeo odgovornost, a i dalje se slobodno kre\u0107e po teritoriji Srbije, ozbiljno podriva napore za izgradnju poverenja i odgovornosti u regionu&#8221;, navodi se u odgovoru Nema\u010dke ambasade.<br \/>\n\u201eNa nema\u010dkom ka\u017eemo: \u2018Erstmal vor der eigenen Haust\u00fcr kehren\u2019 \u2013 prvo po\u010disti ispred svoje ku\u0107e. U kontekstu trenutne situacije, ova izreka nas podse\u0107a da treba da sredimo svoje dvori\u0161te pre nego \u0161to neprestano kritikujemo Kosovo za njegove odluke.\u201d<br \/>\nAmbasada je naglasila da je nepostupanje Srbije u gonjenju nasilnih po\u010dinilaca podjednako zabrinjavaju\u0107e i kontraproduktivno kao i bilo koji nekoordinisani potez kosovske strane.<\/p>\n<p>Petkovi\u0107 je u izjavi za Tanjug rekao da vr\u0161ilac du\u017enosti premijera Kosova, Aljbin Kurti, ugro\u017eava \u201copstanak Srba na Kosovu\u201d.<\/p>\n<p>On je rekao da \u201cnijedan Srbin ne odobrava izgradnju mostova\u201d i taj potez nazvao \u201cpartijskim\u201d. Tako\u0111e je naveo da je o toj temi razgovarao sa specijalnim predstavnikom EU za dijalog Beograda i Pri\u0161tine, Peterom Sorensenom.<\/p>\n<p>\u201eOva odluka je partijska odluka Samoopredeljenja, koja nosi katastrofalne posledice. Najavljuju\u0107i da \u0107e mostovi biti otvoreni u oktobru, pred lokalne izbore, Kurti svesno koristi bezbednosna pitanja u slu\u017ebi izborne kampanje. Zato je odmah nakon sastanka Berlinskog procesa postavio kamen temeljac, \u010dime je pokazao da mu izgradnja mira i saradnje nije bitna! EU mora zaustaviti Kurtija u njegovim planovima pre nego \u0161to bude prekasno\u201c, izjavio je Petkovi\u0107.<\/p>\n","protected":false},"excerpt":{"rendered":"<p>Pristina, 02.07.2025 Nema\u010dka ambasada u Pri\u0161tini reagovala je na izjavu direktora Kancelarije za Kosovo u Vladi Srbije, Petra Petkovi\u0107a, rekav\u0161i da se poziv na smanjenje<\/p>\n","protected":false},"author":1,"featured_media":2288,"comment_status":"open","ping_status":"open","sticky":false,"template":"","format":"standard","meta":{"footnotes":""},"categories":[28],"tags":[],"class_list":["post-2290","post","type-post","status-publish","format-standard","has-post-thumbnail","hentry","category-politika"],"yoast_head":"<!-- This site is optimized with the Yoast SEO plugin v25.3.1 - https:\/\/yoast.com\/wordpress\/plugins\/seo\/ -->\n<title>Nema\u010dka ambasada na Kosovu odgovara Petkovi\u0107u: Prvo po\u010distite ispred svojih vrata -<\/title>\n<meta name=\"robots\" content=\"index, follow, max-snippet:-1, max-image-preview:large, max-video-preview:-1\" \/>\n<link rel=\"canonical\" href=\"https:\/\/veritasinfo.org\/?p=2290&lang=sr\" \/>\n<meta property=\"og:locale\" content=\"en_US\" \/>\n<meta property=\"og:type\" content=\"article\" \/>\n<meta property=\"og:title\" content=\"Nema\u010dka ambasada na Kosovu odgovara Petkovi\u0107u: Prvo po\u010distite ispred svojih vrata -\" \/>\n<meta property=\"og:description\" content=\"Pristina, 02.07.2025 Nema\u010dka ambasada u Pri\u0161tini reagovala je na izjavu direktora Kancelarije za Kosovo u Vladi Srbije, Petra Petkovi\u0107a, rekav\u0161i da se poziv na smanjenje\" \/>\n<meta property=\"og:url\" content=\"https:\/\/veritasinfo.org\/?p=2290&amp;lang=sr\" \/>\n<meta property=\"article:published_time\" content=\"2025-07-02T13:16:31+00:00\" \/>\n<meta property=\"article:modified_time\" content=\"2025-07-02T13:23:44+00:00\" \/>\n<meta property=\"og:image\" content=\"https:\/\/veritasinfo.org\/wp-content\/uploads\/2025\/07\/IMG_1676.webp\" \/>\n\t<meta property=\"og:image:width\" content=\"1041\" \/>\n\t<meta property=\"og:image:height\" content=\"588\" \/>\n\t<meta property=\"og:image:type\" content=\"image\/webp\" \/>\n<meta name=\"author\" content=\"admin\" \/>\n<meta name=\"twitter:card\" content=\"summary_large_image\" \/>\n<meta name=\"twitter:label1\" content=\"Written by\" \/>\n\t<meta name=\"twitter:data1\" content=\"admin\" \/>\n\t<meta name=\"twitter:label2\" content=\"Est. reading time\" \/>\n\t<meta name=\"twitter:data2\" content=\"2 minutes\" \/>\n<script type=\"application\/ld+json\" class=\"yoast-schema-graph\">{\"@context\":\"https:\/\/schema.org\",\"@graph\":[{\"@type\":\"WebPage\",\"@id\":\"https:\/\/veritasinfo.org\/?p=2290&lang=sr\",\"url\":\"https:\/\/veritasinfo.org\/?p=2290&lang=sr\",\"name\":\"Nema\u010dka ambasada na Kosovu odgovara Petkovi\u0107u: Prvo po\u010distite ispred svojih vrata -\",\"isPartOf\":{\"@id\":\"https:\/\/veritasinfo.org\/#website\"},\"primaryImageOfPage\":{\"@id\":\"https:\/\/veritasinfo.org\/?p=2290&lang=sr#primaryimage\"},\"image\":{\"@id\":\"https:\/\/veritasinfo.org\/?p=2290&lang=sr#primaryimage\"},\"thumbnailUrl\":\"https:\/\/veritasinfo.org\/wp-content\/uploads\/2025\/07\/IMG_1676.webp\",\"datePublished\":\"2025-07-02T13:16:31+00:00\",\"dateModified\":\"2025-07-02T13:23:44+00:00\",\"author\":{\"@id\":\"https:\/\/veritasinfo.org\/#\/schema\/person\/7701f8c088bece422266b100a712374f\"},\"breadcrumb\":{\"@id\":\"https:\/\/veritasinfo.org\/?p=2290&lang=sr#breadcrumb\"},\"inLanguage\":\"en-US\",\"potentialAction\":[{\"@type\":\"ReadAction\",\"target\":[\"https:\/\/veritasinfo.org\/?p=2290&lang=sr\"]}]},{\"@type\":\"ImageObject\",\"inLanguage\":\"en-US\",\"@id\":\"https:\/\/veritasinfo.org\/?p=2290&lang=sr#primaryimage\",\"url\":\"https:\/\/veritasinfo.org\/wp-content\/uploads\/2025\/07\/IMG_1676.webp\",\"contentUrl\":\"https:\/\/veritasinfo.org\/wp-content\/uploads\/2025\/07\/IMG_1676.webp\",\"width\":1041,\"height\":588},{\"@type\":\"BreadcrumbList\",\"@id\":\"https:\/\/veritasinfo.org\/?p=2290&lang=sr#breadcrumb\",\"itemListElement\":[{\"@type\":\"ListItem\",\"position\":1,\"name\":\"Home\",\"item\":\"https:\/\/veritasinfo.org\/\"},{\"@type\":\"ListItem\",\"position\":2,\"name\":\"Nema\u010dka ambasada na Kosovu odgovara Petkovi\u0107u: Prvo po\u010distite ispred svojih vrata\"}]},{\"@type\":\"WebSite\",\"@id\":\"https:\/\/veritasinfo.org\/#website\",\"url\":\"https:\/\/veritasinfo.org\/\",\"name\":\"\",\"description\":\"\",\"potentialAction\":[{\"@type\":\"SearchAction\",\"target\":{\"@type\":\"EntryPoint\",\"urlTemplate\":\"https:\/\/veritasinfo.org\/?s={search_term_string}\"},\"query-input\":{\"@type\":\"PropertyValueSpecification\",\"valueRequired\":true,\"valueName\":\"search_term_string\"}}],\"inLanguage\":\"en-US\"},{\"@type\":\"Person\",\"@id\":\"https:\/\/veritasinfo.org\/#\/schema\/person\/7701f8c088bece422266b100a712374f\",\"name\":\"admin\",\"image\":{\"@type\":\"ImageObject\",\"inLanguage\":\"en-US\",\"@id\":\"https:\/\/veritasinfo.org\/#\/schema\/person\/image\/\",\"url\":\"https:\/\/secure.gravatar.com\/avatar\/ea53aa3bf6c9a12d5fde8ce4deff43fef3885ae33cf60184161a50d6987cfd2f?s=96&d=mm&r=g\",\"contentUrl\":\"https:\/\/secure.gravatar.com\/avatar\/ea53aa3bf6c9a12d5fde8ce4deff43fef3885ae33cf60184161a50d6987cfd2f?s=96&d=mm&r=g\",\"caption\":\"admin\"},\"sameAs\":[\"https:\/\/veritasinfo.org\"],\"url\":\"https:\/\/veritasinfo.org\/?author=1\"}]}<\/script>\n<!-- \/ Yoast SEO plugin. -->","yoast_head_json":{"title":"Nema\u010dka ambasada na Kosovu odgovara Petkovi\u0107u: Prvo po\u010distite ispred svojih vrata -","robots":{"index":"index","follow":"follow","max-snippet":"max-snippet:-1","max-image-preview":"max-image-preview:large","max-video-preview":"max-video-preview:-1"},"canonical":"https:\/\/veritasinfo.org\/?p=2290&lang=sr","og_locale":"en_US","og_type":"article","og_title":"Nema\u010dka ambasada na Kosovu odgovara Petkovi\u0107u: Prvo po\u010distite ispred svojih vrata -","og_description":"Pristina, 02.07.2025 Nema\u010dka ambasada u Pri\u0161tini reagovala je na izjavu direktora Kancelarije za Kosovo u Vladi Srbije, Petra Petkovi\u0107a, rekav\u0161i da se poziv na smanjenje","og_url":"https:\/\/veritasinfo.org\/?p=2290&lang=sr","article_published_time":"2025-07-02T13:16:31+00:00","article_modified_time":"2025-07-02T13:23:44+00:00","og_image":[{"width":1041,"height":588,"url":"https:\/\/veritasinfo.org\/wp-content\/uploads\/2025\/07\/IMG_1676.webp","type":"image\/webp"}],"author":"admin","twitter_card":"summary_large_image","twitter_misc":{"Written by":"admin","Est. reading time":"2 minutes"},"schema":{"@context":"https:\/\/schema.org","@graph":[{"@type":"WebPage","@id":"https:\/\/veritasinfo.org\/?p=2290&lang=sr","url":"https:\/\/veritasinfo.org\/?p=2290&lang=sr","name":"Nema\u010dka ambasada na Kosovu odgovara Petkovi\u0107u: Prvo po\u010distite ispred svojih vrata -","isPartOf":{"@id":"https:\/\/veritasinfo.org\/#website"},"primaryImageOfPage":{"@id":"https:\/\/veritasinfo.org\/?p=2290&lang=sr#primaryimage"},"image":{"@id":"https:\/\/veritasinfo.org\/?p=2290&lang=sr#primaryimage"},"thumbnailUrl":"https:\/\/veritasinfo.org\/wp-content\/uploads\/2025\/07\/IMG_1676.webp","datePublished":"2025-07-02T13:16:31+00:00","dateModified":"2025-07-02T13:23:44+00:00","author":{"@id":"https:\/\/veritasinfo.org\/#\/schema\/person\/7701f8c088bece422266b100a712374f"},"breadcrumb":{"@id":"https:\/\/veritasinfo.org\/?p=2290&lang=sr#breadcrumb"},"inLanguage":"en-US","potentialAction":[{"@type":"ReadAction","target":["https:\/\/veritasinfo.org\/?p=2290&lang=sr"]}]},{"@type":"ImageObject","inLanguage":"en-US","@id":"https:\/\/veritasinfo.org\/?p=2290&lang=sr#primaryimage","url":"https:\/\/veritasinfo.org\/wp-content\/uploads\/2025\/07\/IMG_1676.webp","contentUrl":"https:\/\/veritasinfo.org\/wp-content\/uploads\/2025\/07\/IMG_1676.webp","width":1041,"height":588},{"@type":"BreadcrumbList","@id":"https:\/\/veritasinfo.org\/?p=2290&lang=sr#breadcrumb","itemListElement":[{"@type":"ListItem","position":1,"name":"Home","item":"https:\/\/veritasinfo.org\/"},{"@type":"ListItem","position":2,"name":"Nema\u010dka ambasada na Kosovu odgovara Petkovi\u0107u: Prvo po\u010distite ispred svojih vrata"}]},{"@type":"WebSite","@id":"https:\/\/veritasinfo.org\/#website","url":"https:\/\/veritasinfo.org\/","name":"","description":"","potentialAction":[{"@type":"SearchAction","target":{"@type":"EntryPoint","urlTemplate":"https:\/\/veritasinfo.org\/?s={search_term_string}"},"query-input":{"@type":"PropertyValueSpecification","valueRequired":true,"valueName":"search_term_string"}}],"inLanguage":"en-US"},{"@type":"Person","@id":"https:\/\/veritasinfo.org\/#\/schema\/person\/7701f8c088bece422266b100a712374f","name":"admin","image":{"@type":"ImageObject","inLanguage":"en-US","@id":"https:\/\/veritasinfo.org\/#\/schema\/person\/image\/","url":"https:\/\/secure.gravatar.com\/avatar\/ea53aa3bf6c9a12d5fde8ce4deff43fef3885ae33cf60184161a50d6987cfd2f?s=96&d=mm&r=g","contentUrl":"https:\/\/secure.gravatar.com\/avatar\/ea53aa3bf6c9a12d5fde8ce4deff43fef3885ae33cf60184161a50d6987cfd2f?s=96&d=mm&r=g","caption":"admin"},"sameAs":["https:\/\/veritasinfo.org"],"url":"https:\/\/veritasinfo.org\/?author=1"}]}},"featured_image_urls":{"full":["https:\/\/veritasinfo.org\/wp-content\/uploads\/2025\/07\/IMG_1676.webp",1041,588,false],"thumbnail":["https:\/\/veritasinfo.org\/wp-content\/uploads\/2025\/07\/IMG_1676-150x150.webp",150,150,true],"medium":["https:\/\/veritasinfo.org\/wp-content\/uploads\/2025\/07\/IMG_1676-300x169.webp",300,169,true],"medium_large":["https:\/\/veritasinfo.org\/wp-content\/uploads\/2025\/07\/IMG_1676-768x434.webp",640,362,true],"large":["https:\/\/veritasinfo.org\/wp-content\/uploads\/2025\/07\/IMG_1676-1024x578.webp",640,361,true],"1536x1536":["https:\/\/veritasinfo.org\/wp-content\/uploads\/2025\/07\/IMG_1676.webp",1041,588,false],"2048x2048":["https:\/\/veritasinfo.org\/wp-content\/uploads\/2025\/07\/IMG_1676.webp",1041,588,false],"kreeti-slider-full":["https:\/\/veritasinfo.org\/wp-content\/uploads\/2025\/07\/IMG_1676.webp",1041,588,false],"kreeti-featured":["https:\/\/veritasinfo.org\/wp-content\/uploads\/2025\/07\/IMG_1676.webp",1024,578,false],"kreeti-medium":["https:\/\/veritasinfo.org\/wp-content\/uploads\/2025\/07\/IMG_1676.webp",720,407,false],"kreeti-medium-square":["https:\/\/veritasinfo.org\/wp-content\/uploads\/2025\/07\/IMG_1676.webp",350,198,false]},"author_info":{"info":["admin"]},"category_info":"<a href=\"https:\/\/veritasinfo.org\/?cat=28&#038;lang=sr\" rel=\"category\">Politika<\/a>","tag_info":"Politika","comment_count":"0","_links":{"self":[{"href":"https:\/\/veritasinfo.org\/index.php?rest_route=\/wp\/v2\/posts\/2290","targetHints":{"allow":["GET"]}}],"collection":[{"href":"https:\/\/veritasinfo.org\/index.php?rest_route=\/wp\/v2\/posts"}],"about":[{"href":"https:\/\/veritasinfo.org\/index.php?rest_route=\/wp\/v2\/types\/post"}],"author":[{"embeddable":true,"href":"https:\/\/veritasinfo.org\/index.php?rest_route=\/wp\/v2\/users\/1"}],"replies":[{"embeddable":true,"href":"https:\/\/veritasinfo.org\/index.php?rest_route=%2Fwp%2Fv2%2Fcomments&post=2290"}],"version-history":[{"count":1,"href":"https:\/\/veritasinfo.org\/index.php?rest_route=\/wp\/v2\/posts\/2290\/revisions"}],"predecessor-version":[{"id":2291,"href":"https:\/\/veritasinfo.org\/index.php?rest_route=\/wp\/v2\/posts\/2290\/revisions\/2291"}],"wp:featuredmedia":[{"embeddable":true,"href":"https:\/\/veritasinfo.org\/index.php?rest_route=\/wp\/v2\/media\/2288"}],"wp:attachment":[{"href":"https:\/\/veritasinfo.org\/index.php?rest_route=%2Fwp%2Fv2%2Fmedia&parent=2290"}],"wp:term":[{"taxonomy":"category","embeddable":true,"href":"https:\/\/veritasinfo.org\/index.php?rest_route=%2Fwp%2Fv2%2Fcategories&post=2290"},{"taxonomy":"post_tag","embeddable":true,"href":"https:\/\/veritasinfo.org\/index.php?rest_route=%2Fwp%2Fv2%2Ftags&post=2290"}],"curies":[{"name":"wp","href":"https:\/\/api.w.org\/{rel}","templated":true}]}}