{"id":22899,"date":"2025-12-05T13:17:26","date_gmt":"2025-12-05T12:17:26","guid":{"rendered":"https:\/\/veritasinfo.org\/?p=22899"},"modified":"2025-12-05T13:17:26","modified_gmt":"2025-12-05T12:17:26","slug":"kryetari-i-komunes-se-mitrovices-se-veriut-prapa-nesh-po-mbetet-nje-periudhe-e-erret","status":"publish","type":"post","link":"https:\/\/veritasinfo.org\/?p=22899","title":{"rendered":"Kryetari i Komun\u00ebs s\u00eb Mitrovic\u00ebs s\u00eb Veriut: \u201cPrapa nesh po mbetet nj\u00eb periudh\u00eb e err\u00ebt\u201d"},"content":{"rendered":"<p><strong>Mitrovic\u00eb e Veriut, 05 dhjetor 2025 13:17<\/strong><\/p>\n<p>Kryetari i ri i Komun\u00ebs s\u00eb Mitrovic\u00ebs s\u00eb Veriut, Milan Radojevi\u00e7, pas betimit n\u00eb seanc\u00ebn konstituive t\u00eb Kuvendit Komunal, ka b\u00ebr\u00eb thirrje p\u00ebr bashk\u00ebpunim mes k\u00ebshilltar\u00ebve t\u00eb rinj pas betimit ceremonial sipas Ligjit p\u00ebr Vet\u00ebqeverisje Lokale t\u00eb Republik\u00ebs s\u00eb Kosov\u00ebs.<\/p>\n<p>\u201cPrapa nesh po mbetet periudh\u00eb e err\u00ebt politike, Komuna e Mitrovic\u00ebs s\u00eb Veriut ishte i vetmi ambient urban multietnik p\u00ebr t\u00eb cilin t\u00eb gjith\u00eb ishim krenar\u00eb. N\u00eb periudh\u00ebn e kaluar ndodh\u00ebn disa ndryshime me t\u00eb cilat qytetar\u00ebt nuk ishin t\u00eb k\u00ebnaqur dhe ata e shpreh\u00ebn qart\u00eb vullnetin e tyre n\u00eb k\u00ebto zgjedhje\u201d, tha Radojevi\u00e7.<\/p>\n<p>Ai theksoi se k\u00ebshilltar\u00ebve u \u00ebsht\u00eb dh\u00ebn\u00eb mandati t\u00eb punojn\u00eb s\u00eb bashku, n\u00eb interes t\u00eb qytetar\u00ebve dhe t\u00eb komun\u00ebs. \u201cBesoj se s\u00eb bashku do t\u2019iu sjellim qytetar\u00ebve tan\u00eb prosperitet, do t\u00eb mund\u00ebsojm\u00eb nj\u00eb jet\u00eb normale dhe p\u00ebrs\u00ebri do t\u00eb jemi krenar\u00eb p\u00ebr at\u00eb multietnicitet dhe bashk\u00ebjetes\u00eb q\u00eb ekziston n\u00eb komun\u00ebn ton\u00eb,\u201d shtoi ai.<\/p>\n<p>Seanca e sotme konstituive e kuvendit \u00ebsht\u00eb manifestuar me nj\u00eb ngjarje jo t\u00eb zakont\u00eb \u2013 por e pritshme.<\/p>\n<p>Marko Jakshi\u00e7, nga Lista Serbe, ka treguar shenja t\u00eb nacionalizmit serb, gjat\u00eb seanc\u00ebs inauguruese t\u00eb kuvendit, duke e shfaqur flamurin e Serbis\u00eb, t\u00eb vendosur n\u00eb tavolin\u00ebn e sall\u00ebs ku po zhvillohej ceremonia e dh\u00ebnies s\u00eb betimit t\u00eb kryetarit t\u00eb ri dhe an\u00ebtar\u00ebve t\u00eb rinj.<\/p>\n<p>Megjith\u00ebk\u00ebt\u00eb, atij i \u00ebsht\u00eb k\u00ebrkuar nga p\u00ebrfaq\u00ebsues t\u00eb Ministris\u00eb s\u00eb Administrimit t\u00eb Pushtetit Lokal, ta largoj\u00eb flamurin, gj\u00eb q\u00eb edhe u detyrua t\u00eb zbatoj\u00eb k\u00ebrkes\u00ebn legjitime t\u00eb MAPL-s\u00eb.<\/p>\n","protected":false},"excerpt":{"rendered":"<p>Mitrovic\u00eb e Veriut, 05 dhjetor 2025 13:17 Kryetari i ri i Komun\u00ebs s\u00eb Mitrovic\u00ebs s\u00eb Veriut, Milan Radojevi\u00e7, pas betimit n\u00eb seanc\u00ebn konstituive t\u00eb Kuvendit<\/p>\n","protected":false},"author":7,"featured_media":22880,"comment_status":"open","ping_status":"open","sticky":false,"template":"","format":"standard","meta":{"footnotes":""},"categories":[58],"tags":[],"class_list":["post-22899","post","type-post","status-publish","format-standard","has-post-thumbnail","hentry","category-politike-sq"],"yoast_head":"<!-- This site is optimized with the Yoast SEO plugin v25.3.1 - https:\/\/yoast.com\/wordpress\/plugins\/seo\/ -->\n<title>Kryetari i Komun\u00ebs s\u00eb Mitrovic\u00ebs s\u00eb Veriut: \u201cPrapa nesh po mbetet nj\u00eb periudh\u00eb e err\u00ebt\u201d -<\/title>\n<meta name=\"robots\" content=\"index, follow, max-snippet:-1, max-image-preview:large, max-video-preview:-1\" \/>\n<link rel=\"canonical\" href=\"https:\/\/veritasinfo.org\/?p=22899\" \/>\n<meta property=\"og:locale\" content=\"en_US\" \/>\n<meta property=\"og:type\" content=\"article\" \/>\n<meta property=\"og:title\" content=\"Kryetari i Komun\u00ebs s\u00eb Mitrovic\u00ebs s\u00eb Veriut: \u201cPrapa nesh po mbetet nj\u00eb periudh\u00eb e err\u00ebt\u201d -\" \/>\n<meta property=\"og:description\" content=\"Mitrovic\u00eb e Veriut, 05 dhjetor 2025 13:17 Kryetari i ri i Komun\u00ebs s\u00eb Mitrovic\u00ebs s\u00eb Veriut, Milan Radojevi\u00e7, pas betimit n\u00eb seanc\u00ebn konstituive t\u00eb Kuvendit\" \/>\n<meta property=\"og:url\" content=\"https:\/\/veritasinfo.org\/?p=22899\" \/>\n<meta property=\"article:published_time\" content=\"2025-12-05T12:17:26+00:00\" \/>\n<meta property=\"og:image\" content=\"https:\/\/veritasinfo.org\/wp-content\/uploads\/2025\/12\/Screenshot-2025-12-05-124636.jpg\" \/>\n\t<meta property=\"og:image:width\" content=\"689\" \/>\n\t<meta property=\"og:image:height\" content=\"461\" \/>\n\t<meta property=\"og:image:type\" content=\"image\/jpeg\" \/>\n<meta name=\"author\" content=\"US6\" \/>\n<meta name=\"twitter:card\" content=\"summary_large_image\" \/>\n<meta name=\"twitter:label1\" content=\"Written by\" \/>\n\t<meta name=\"twitter:data1\" content=\"US6\" \/>\n\t<meta name=\"twitter:label2\" content=\"Est. reading time\" \/>\n\t<meta name=\"twitter:data2\" content=\"2 minutes\" \/>\n<script type=\"application\/ld+json\" class=\"yoast-schema-graph\">{\"@context\":\"https:\/\/schema.org\",\"@graph\":[{\"@type\":\"WebPage\",\"@id\":\"https:\/\/veritasinfo.org\/?p=22899\",\"url\":\"https:\/\/veritasinfo.org\/?p=22899\",\"name\":\"Kryetari i Komun\u00ebs s\u00eb Mitrovic\u00ebs s\u00eb Veriut: \u201cPrapa nesh po mbetet nj\u00eb periudh\u00eb e err\u00ebt\u201d -\",\"isPartOf\":{\"@id\":\"https:\/\/veritasinfo.org\/#website\"},\"primaryImageOfPage\":{\"@id\":\"https:\/\/veritasinfo.org\/?p=22899#primaryimage\"},\"image\":{\"@id\":\"https:\/\/veritasinfo.org\/?p=22899#primaryimage\"},\"thumbnailUrl\":\"https:\/\/veritasinfo.org\/wp-content\/uploads\/2025\/12\/Screenshot-2025-12-05-124636.jpg\",\"datePublished\":\"2025-12-05T12:17:26+00:00\",\"author\":{\"@id\":\"https:\/\/veritasinfo.org\/#\/schema\/person\/fe199eede04c3937362892b7444747cc\"},\"breadcrumb\":{\"@id\":\"https:\/\/veritasinfo.org\/?p=22899#breadcrumb\"},\"inLanguage\":\"en-US\",\"potentialAction\":[{\"@type\":\"ReadAction\",\"target\":[\"https:\/\/veritasinfo.org\/?p=22899\"]}]},{\"@type\":\"ImageObject\",\"inLanguage\":\"en-US\",\"@id\":\"https:\/\/veritasinfo.org\/?p=22899#primaryimage\",\"url\":\"https:\/\/veritasinfo.org\/wp-content\/uploads\/2025\/12\/Screenshot-2025-12-05-124636.jpg\",\"contentUrl\":\"https:\/\/veritasinfo.org\/wp-content\/uploads\/2025\/12\/Screenshot-2025-12-05-124636.jpg\",\"width\":689,\"height\":461},{\"@type\":\"BreadcrumbList\",\"@id\":\"https:\/\/veritasinfo.org\/?p=22899#breadcrumb\",\"itemListElement\":[{\"@type\":\"ListItem\",\"position\":1,\"name\":\"Home\",\"item\":\"https:\/\/veritasinfo.org\/\"},{\"@type\":\"ListItem\",\"position\":2,\"name\":\"Kryetari i Komun\u00ebs s\u00eb Mitrovic\u00ebs s\u00eb Veriut: \u201cPrapa nesh po mbetet nj\u00eb periudh\u00eb e err\u00ebt\u201d\"}]},{\"@type\":\"WebSite\",\"@id\":\"https:\/\/veritasinfo.org\/#website\",\"url\":\"https:\/\/veritasinfo.org\/\",\"name\":\"\",\"description\":\"\",\"potentialAction\":[{\"@type\":\"SearchAction\",\"target\":{\"@type\":\"EntryPoint\",\"urlTemplate\":\"https:\/\/veritasinfo.org\/?s={search_term_string}\"},\"query-input\":{\"@type\":\"PropertyValueSpecification\",\"valueRequired\":true,\"valueName\":\"search_term_string\"}}],\"inLanguage\":\"en-US\"},{\"@type\":\"Person\",\"@id\":\"https:\/\/veritasinfo.org\/#\/schema\/person\/fe199eede04c3937362892b7444747cc\",\"name\":\"US6\",\"image\":{\"@type\":\"ImageObject\",\"inLanguage\":\"en-US\",\"@id\":\"https:\/\/veritasinfo.org\/#\/schema\/person\/image\/\",\"url\":\"https:\/\/secure.gravatar.com\/avatar\/cb16c3c31c9d23b9b8c705964598220b3014e42ff51eb540ff23cefa3ae8c15f?s=96&d=mm&r=g\",\"contentUrl\":\"https:\/\/secure.gravatar.com\/avatar\/cb16c3c31c9d23b9b8c705964598220b3014e42ff51eb540ff23cefa3ae8c15f?s=96&d=mm&r=g\",\"caption\":\"US6\"},\"url\":\"https:\/\/veritasinfo.org\/?author=7\"}]}<\/script>\n<!-- \/ Yoast SEO plugin. -->","yoast_head_json":{"title":"Kryetari i Komun\u00ebs s\u00eb Mitrovic\u00ebs s\u00eb Veriut: \u201cPrapa nesh po mbetet nj\u00eb periudh\u00eb e err\u00ebt\u201d -","robots":{"index":"index","follow":"follow","max-snippet":"max-snippet:-1","max-image-preview":"max-image-preview:large","max-video-preview":"max-video-preview:-1"},"canonical":"https:\/\/veritasinfo.org\/?p=22899","og_locale":"en_US","og_type":"article","og_title":"Kryetari i Komun\u00ebs s\u00eb Mitrovic\u00ebs s\u00eb Veriut: \u201cPrapa nesh po mbetet nj\u00eb periudh\u00eb e err\u00ebt\u201d -","og_description":"Mitrovic\u00eb e Veriut, 05 dhjetor 2025 13:17 Kryetari i ri i Komun\u00ebs s\u00eb Mitrovic\u00ebs s\u00eb Veriut, Milan Radojevi\u00e7, pas betimit n\u00eb seanc\u00ebn konstituive t\u00eb Kuvendit","og_url":"https:\/\/veritasinfo.org\/?p=22899","article_published_time":"2025-12-05T12:17:26+00:00","og_image":[{"width":689,"height":461,"url":"https:\/\/veritasinfo.org\/wp-content\/uploads\/2025\/12\/Screenshot-2025-12-05-124636.jpg","type":"image\/jpeg"}],"author":"US6","twitter_card":"summary_large_image","twitter_misc":{"Written by":"US6","Est. reading time":"2 minutes"},"schema":{"@context":"https:\/\/schema.org","@graph":[{"@type":"WebPage","@id":"https:\/\/veritasinfo.org\/?p=22899","url":"https:\/\/veritasinfo.org\/?p=22899","name":"Kryetari i Komun\u00ebs s\u00eb Mitrovic\u00ebs s\u00eb Veriut: \u201cPrapa nesh po mbetet nj\u00eb periudh\u00eb e err\u00ebt\u201d -","isPartOf":{"@id":"https:\/\/veritasinfo.org\/#website"},"primaryImageOfPage":{"@id":"https:\/\/veritasinfo.org\/?p=22899#primaryimage"},"image":{"@id":"https:\/\/veritasinfo.org\/?p=22899#primaryimage"},"thumbnailUrl":"https:\/\/veritasinfo.org\/wp-content\/uploads\/2025\/12\/Screenshot-2025-12-05-124636.jpg","datePublished":"2025-12-05T12:17:26+00:00","author":{"@id":"https:\/\/veritasinfo.org\/#\/schema\/person\/fe199eede04c3937362892b7444747cc"},"breadcrumb":{"@id":"https:\/\/veritasinfo.org\/?p=22899#breadcrumb"},"inLanguage":"en-US","potentialAction":[{"@type":"ReadAction","target":["https:\/\/veritasinfo.org\/?p=22899"]}]},{"@type":"ImageObject","inLanguage":"en-US","@id":"https:\/\/veritasinfo.org\/?p=22899#primaryimage","url":"https:\/\/veritasinfo.org\/wp-content\/uploads\/2025\/12\/Screenshot-2025-12-05-124636.jpg","contentUrl":"https:\/\/veritasinfo.org\/wp-content\/uploads\/2025\/12\/Screenshot-2025-12-05-124636.jpg","width":689,"height":461},{"@type":"BreadcrumbList","@id":"https:\/\/veritasinfo.org\/?p=22899#breadcrumb","itemListElement":[{"@type":"ListItem","position":1,"name":"Home","item":"https:\/\/veritasinfo.org\/"},{"@type":"ListItem","position":2,"name":"Kryetari i Komun\u00ebs s\u00eb Mitrovic\u00ebs s\u00eb Veriut: \u201cPrapa nesh po mbetet nj\u00eb periudh\u00eb e err\u00ebt\u201d"}]},{"@type":"WebSite","@id":"https:\/\/veritasinfo.org\/#website","url":"https:\/\/veritasinfo.org\/","name":"","description":"","potentialAction":[{"@type":"SearchAction","target":{"@type":"EntryPoint","urlTemplate":"https:\/\/veritasinfo.org\/?s={search_term_string}"},"query-input":{"@type":"PropertyValueSpecification","valueRequired":true,"valueName":"search_term_string"}}],"inLanguage":"en-US"},{"@type":"Person","@id":"https:\/\/veritasinfo.org\/#\/schema\/person\/fe199eede04c3937362892b7444747cc","name":"US6","image":{"@type":"ImageObject","inLanguage":"en-US","@id":"https:\/\/veritasinfo.org\/#\/schema\/person\/image\/","url":"https:\/\/secure.gravatar.com\/avatar\/cb16c3c31c9d23b9b8c705964598220b3014e42ff51eb540ff23cefa3ae8c15f?s=96&d=mm&r=g","contentUrl":"https:\/\/secure.gravatar.com\/avatar\/cb16c3c31c9d23b9b8c705964598220b3014e42ff51eb540ff23cefa3ae8c15f?s=96&d=mm&r=g","caption":"US6"},"url":"https:\/\/veritasinfo.org\/?author=7"}]}},"featured_image_urls":{"full":["https:\/\/veritasinfo.org\/wp-content\/uploads\/2025\/12\/Screenshot-2025-12-05-124636.jpg",689,461,false],"thumbnail":["https:\/\/veritasinfo.org\/wp-content\/uploads\/2025\/12\/Screenshot-2025-12-05-124636-150x150.jpg",150,150,true],"medium":["https:\/\/veritasinfo.org\/wp-content\/uploads\/2025\/12\/Screenshot-2025-12-05-124636-300x201.jpg",300,201,true],"medium_large":["https:\/\/veritasinfo.org\/wp-content\/uploads\/2025\/12\/Screenshot-2025-12-05-124636.jpg",640,428,false],"large":["https:\/\/veritasinfo.org\/wp-content\/uploads\/2025\/12\/Screenshot-2025-12-05-124636.jpg",640,428,false],"1536x1536":["https:\/\/veritasinfo.org\/wp-content\/uploads\/2025\/12\/Screenshot-2025-12-05-124636.jpg",689,461,false],"2048x2048":["https:\/\/veritasinfo.org\/wp-content\/uploads\/2025\/12\/Screenshot-2025-12-05-124636.jpg",689,461,false],"kreeti-slider-full":["https:\/\/veritasinfo.org\/wp-content\/uploads\/2025\/12\/Screenshot-2025-12-05-124636.jpg",689,461,false],"kreeti-featured":["https:\/\/veritasinfo.org\/wp-content\/uploads\/2025\/12\/Screenshot-2025-12-05-124636.jpg",689,461,false],"kreeti-medium":["https:\/\/veritasinfo.org\/wp-content\/uploads\/2025\/12\/Screenshot-2025-12-05-124636.jpg",689,461,false],"kreeti-medium-square":["https:\/\/veritasinfo.org\/wp-content\/uploads\/2025\/12\/Screenshot-2025-12-05-124636.jpg",350,234,false]},"author_info":{"info":["US6"]},"category_info":"<a href=\"https:\/\/veritasinfo.org\/?cat=58\" rel=\"category\">Politik\u00eb<\/a>","tag_info":"Politik\u00eb","comment_count":"0","_links":{"self":[{"href":"https:\/\/veritasinfo.org\/index.php?rest_route=\/wp\/v2\/posts\/22899","targetHints":{"allow":["GET"]}}],"collection":[{"href":"https:\/\/veritasinfo.org\/index.php?rest_route=\/wp\/v2\/posts"}],"about":[{"href":"https:\/\/veritasinfo.org\/index.php?rest_route=\/wp\/v2\/types\/post"}],"author":[{"embeddable":true,"href":"https:\/\/veritasinfo.org\/index.php?rest_route=\/wp\/v2\/users\/7"}],"replies":[{"embeddable":true,"href":"https:\/\/veritasinfo.org\/index.php?rest_route=%2Fwp%2Fv2%2Fcomments&post=22899"}],"version-history":[{"count":1,"href":"https:\/\/veritasinfo.org\/index.php?rest_route=\/wp\/v2\/posts\/22899\/revisions"}],"predecessor-version":[{"id":22901,"href":"https:\/\/veritasinfo.org\/index.php?rest_route=\/wp\/v2\/posts\/22899\/revisions\/22901"}],"wp:featuredmedia":[{"embeddable":true,"href":"https:\/\/veritasinfo.org\/index.php?rest_route=\/wp\/v2\/media\/22880"}],"wp:attachment":[{"href":"https:\/\/veritasinfo.org\/index.php?rest_route=%2Fwp%2Fv2%2Fmedia&parent=22899"}],"wp:term":[{"taxonomy":"category","embeddable":true,"href":"https:\/\/veritasinfo.org\/index.php?rest_route=%2Fwp%2Fv2%2Fcategories&post=22899"},{"taxonomy":"post_tag","embeddable":true,"href":"https:\/\/veritasinfo.org\/index.php?rest_route=%2Fwp%2Fv2%2Ftags&post=22899"}],"curies":[{"name":"wp","href":"https:\/\/api.w.org\/{rel}","templated":true}]}}