{"id":22893,"date":"2025-12-05T13:15:52","date_gmt":"2025-12-05T12:15:52","guid":{"rendered":"https:\/\/veritasinfo.org\/?p=22893"},"modified":"2025-12-05T13:17:02","modified_gmt":"2025-12-05T12:17:02","slug":"kryetari-i-zvecanit-dragisha-miloviq-do-te-bashkepunoj-me-te-gjithe-edhe-me-institucionet-ne-prishtine","status":"publish","type":"post","link":"https:\/\/veritasinfo.org\/?p=22893","title":{"rendered":"Kryetari i Zve\u00e7anit Dragisha Miloviq: Do t\u00eb bashk\u00ebpunoj me t\u00eb gjith\u00eb, edhe me institucionet n\u00eb Prishtin\u00eb"},"content":{"rendered":"<p><strong>Zve\u00e7an, 05 dhjetor, 2025, 13:15<\/strong><\/p>\n<p>Kryetari i sapozgjedhur i Komun\u00ebs s\u00eb Zve\u00e7anit, Dragisha Miloviq, \u00ebsht\u00eb betuar t\u00eb premten n\u00eb sall\u00ebn e Kuvendit komunal t\u00eb k\u00ebsaj komune. Pasi e ka dh\u00ebni betimin, Miloviq \u00ebsht\u00eb shprehur i gatsh\u00ebm p\u00ebr bashk\u00ebpunim me t\u00eb gjitha institucionet relevante n\u00eb Kosov\u00eb, p\u00ebrfshir\u00eb edhe institucionet e Republik\u00ebs s\u00eb Kosov\u00ebs.<\/p>\n<p>\u201cDo t\u00eb bashk\u00ebpunoj edhe me p\u00ebrfaq\u00ebsuesit e misioneve me KFOR, me EULEX, me OSBE, me t\u00eb gjitha institucionet n\u00eb Prishtin\u00eb, MAPL dhe juve mediave. Duhet t\u00eb kuptojm\u00eb q\u00eb qeverisja lokale duhet t\u00eb jet\u00eb e fokusuar t\u00eb qytetar\u00ebt. Kushdo q\u00eb vjen k\u00ebtu t\u00eb mir\u00ebpritet&#8230; p\u00ebr t\u00eb mir\u00eb t\u00eb qytetar\u00ebve tan\u00eb\u201d, ka theksuar ai.<\/p>\n<p>Miloviq ka shtuar se duhet \u00ebsht\u00eb e r\u00ebnd\u00ebsishme t\u00eb ruhet paqja e siguria n\u00eb komun\u00eb.<\/p>\n<p>&#8220;Pas 3 viteve kjo dit\u00eb \u00ebsht\u00eb solemne. Kuvendi po merr p\u00ebrfaq\u00ebsuesit legjitim n\u00eb kuvend. Shfryt\u00ebzoj rastin t\u2019i fal\u00ebnderoj t\u00eb gjith\u00eb qytetar\u00ebt tan\u00eb q\u00eb kan\u00eb dh\u00ebn\u00eb p\u00ebr neve. Periudha para nesh nuk do t\u00eb jet\u00eb e leht\u00eb, do t\u00eb jet\u00eb me sfida. T\u00eb ruajm\u00eb s\u00eb paku paqen dhe sigurin\u00eb n\u00eb hap\u00ebsir\u00ebn e komun\u00ebs. \u00c7do familje q\u00eb banon n\u00eb Zve\u00e7an t\u00eb ndihet e sigurt\u201d, ka th\u00ebn\u00eb Miloviq pas betimit.<\/p>\n","protected":false},"excerpt":{"rendered":"<p>Zve\u00e7an, 05 dhjetor, 2025, 13:15 Kryetari i sapozgjedhur i Komun\u00ebs s\u00eb Zve\u00e7anit, Dragisha Miloviq, \u00ebsht\u00eb betuar t\u00eb premten n\u00eb sall\u00ebn e Kuvendit komunal t\u00eb k\u00ebsaj<\/p>\n","protected":false},"author":2,"featured_media":22894,"comment_status":"open","ping_status":"open","sticky":false,"template":"","format":"standard","meta":{"footnotes":""},"categories":[58],"tags":[],"class_list":["post-22893","post","type-post","status-publish","format-standard","has-post-thumbnail","hentry","category-politike-sq"],"yoast_head":"<!-- This site is optimized with the Yoast SEO plugin v25.3.1 - https:\/\/yoast.com\/wordpress\/plugins\/seo\/ -->\n<title>Kryetari i Zve\u00e7anit Dragisha Miloviq: Do t\u00eb bashk\u00ebpunoj me t\u00eb gjith\u00eb, edhe me institucionet n\u00eb Prishtin\u00eb -<\/title>\n<meta name=\"robots\" content=\"index, follow, max-snippet:-1, max-image-preview:large, max-video-preview:-1\" \/>\n<link rel=\"canonical\" href=\"https:\/\/veritasinfo.org\/?p=22893\" \/>\n<meta property=\"og:locale\" content=\"en_US\" \/>\n<meta property=\"og:type\" content=\"article\" \/>\n<meta property=\"og:title\" content=\"Kryetari i Zve\u00e7anit Dragisha Miloviq: Do t\u00eb bashk\u00ebpunoj me t\u00eb gjith\u00eb, edhe me institucionet n\u00eb Prishtin\u00eb -\" \/>\n<meta property=\"og:description\" content=\"Zve\u00e7an, 05 dhjetor, 2025, 13:15 Kryetari i sapozgjedhur i Komun\u00ebs s\u00eb Zve\u00e7anit, Dragisha Miloviq, \u00ebsht\u00eb betuar t\u00eb premten n\u00eb sall\u00ebn e Kuvendit komunal t\u00eb k\u00ebsaj\" \/>\n<meta property=\"og:url\" content=\"https:\/\/veritasinfo.org\/?p=22893\" \/>\n<meta property=\"article:published_time\" content=\"2025-12-05T12:15:52+00:00\" \/>\n<meta property=\"article:modified_time\" content=\"2025-12-05T12:17:02+00:00\" \/>\n<meta property=\"og:image\" content=\"https:\/\/veritasinfo.org\/wp-content\/uploads\/2025\/12\/Miloviq.jpeg\" \/>\n\t<meta property=\"og:image:width\" content=\"1170\" \/>\n\t<meta property=\"og:image:height\" content=\"704\" \/>\n\t<meta property=\"og:image:type\" content=\"image\/jpeg\" \/>\n<meta name=\"author\" content=\"US1\" \/>\n<meta name=\"twitter:card\" content=\"summary_large_image\" \/>\n<meta name=\"twitter:label1\" content=\"Written by\" \/>\n\t<meta name=\"twitter:data1\" content=\"US1\" \/>\n\t<meta name=\"twitter:label2\" content=\"Est. reading time\" \/>\n\t<meta name=\"twitter:data2\" content=\"2 minutes\" \/>\n<script type=\"application\/ld+json\" class=\"yoast-schema-graph\">{\"@context\":\"https:\/\/schema.org\",\"@graph\":[{\"@type\":\"WebPage\",\"@id\":\"https:\/\/veritasinfo.org\/?p=22893\",\"url\":\"https:\/\/veritasinfo.org\/?p=22893\",\"name\":\"Kryetari i Zve\u00e7anit Dragisha Miloviq: Do t\u00eb bashk\u00ebpunoj me t\u00eb gjith\u00eb, edhe me institucionet n\u00eb Prishtin\u00eb -\",\"isPartOf\":{\"@id\":\"https:\/\/veritasinfo.org\/#website\"},\"primaryImageOfPage\":{\"@id\":\"https:\/\/veritasinfo.org\/?p=22893#primaryimage\"},\"image\":{\"@id\":\"https:\/\/veritasinfo.org\/?p=22893#primaryimage\"},\"thumbnailUrl\":\"https:\/\/veritasinfo.org\/wp-content\/uploads\/2025\/12\/Miloviq.jpeg\",\"datePublished\":\"2025-12-05T12:15:52+00:00\",\"dateModified\":\"2025-12-05T12:17:02+00:00\",\"author\":{\"@id\":\"https:\/\/veritasinfo.org\/#\/schema\/person\/c2b8be262ea994d0995addca692c5e98\"},\"breadcrumb\":{\"@id\":\"https:\/\/veritasinfo.org\/?p=22893#breadcrumb\"},\"inLanguage\":\"en-US\",\"potentialAction\":[{\"@type\":\"ReadAction\",\"target\":[\"https:\/\/veritasinfo.org\/?p=22893\"]}]},{\"@type\":\"ImageObject\",\"inLanguage\":\"en-US\",\"@id\":\"https:\/\/veritasinfo.org\/?p=22893#primaryimage\",\"url\":\"https:\/\/veritasinfo.org\/wp-content\/uploads\/2025\/12\/Miloviq.jpeg\",\"contentUrl\":\"https:\/\/veritasinfo.org\/wp-content\/uploads\/2025\/12\/Miloviq.jpeg\",\"width\":1170,\"height\":704},{\"@type\":\"BreadcrumbList\",\"@id\":\"https:\/\/veritasinfo.org\/?p=22893#breadcrumb\",\"itemListElement\":[{\"@type\":\"ListItem\",\"position\":1,\"name\":\"Home\",\"item\":\"https:\/\/veritasinfo.org\/\"},{\"@type\":\"ListItem\",\"position\":2,\"name\":\"Kryetari i Zve\u00e7anit Dragisha Miloviq: Do t\u00eb bashk\u00ebpunoj me t\u00eb gjith\u00eb, edhe me institucionet n\u00eb Prishtin\u00eb\"}]},{\"@type\":\"WebSite\",\"@id\":\"https:\/\/veritasinfo.org\/#website\",\"url\":\"https:\/\/veritasinfo.org\/\",\"name\":\"\",\"description\":\"\",\"potentialAction\":[{\"@type\":\"SearchAction\",\"target\":{\"@type\":\"EntryPoint\",\"urlTemplate\":\"https:\/\/veritasinfo.org\/?s={search_term_string}\"},\"query-input\":{\"@type\":\"PropertyValueSpecification\",\"valueRequired\":true,\"valueName\":\"search_term_string\"}}],\"inLanguage\":\"en-US\"},{\"@type\":\"Person\",\"@id\":\"https:\/\/veritasinfo.org\/#\/schema\/person\/c2b8be262ea994d0995addca692c5e98\",\"name\":\"US1\",\"image\":{\"@type\":\"ImageObject\",\"inLanguage\":\"en-US\",\"@id\":\"https:\/\/veritasinfo.org\/#\/schema\/person\/image\/\",\"url\":\"https:\/\/secure.gravatar.com\/avatar\/4e96a59bd256abf9956eb9963ac891a47461ffb364d47b0e9aab113328fdb75b?s=96&d=mm&r=g\",\"contentUrl\":\"https:\/\/secure.gravatar.com\/avatar\/4e96a59bd256abf9956eb9963ac891a47461ffb364d47b0e9aab113328fdb75b?s=96&d=mm&r=g\",\"caption\":\"US1\"},\"url\":\"https:\/\/veritasinfo.org\/?author=2\"}]}<\/script>\n<!-- \/ Yoast SEO plugin. -->","yoast_head_json":{"title":"Kryetari i Zve\u00e7anit Dragisha Miloviq: Do t\u00eb bashk\u00ebpunoj me t\u00eb gjith\u00eb, edhe me institucionet n\u00eb Prishtin\u00eb -","robots":{"index":"index","follow":"follow","max-snippet":"max-snippet:-1","max-image-preview":"max-image-preview:large","max-video-preview":"max-video-preview:-1"},"canonical":"https:\/\/veritasinfo.org\/?p=22893","og_locale":"en_US","og_type":"article","og_title":"Kryetari i Zve\u00e7anit Dragisha Miloviq: Do t\u00eb bashk\u00ebpunoj me t\u00eb gjith\u00eb, edhe me institucionet n\u00eb Prishtin\u00eb -","og_description":"Zve\u00e7an, 05 dhjetor, 2025, 13:15 Kryetari i sapozgjedhur i Komun\u00ebs s\u00eb Zve\u00e7anit, Dragisha Miloviq, \u00ebsht\u00eb betuar t\u00eb premten n\u00eb sall\u00ebn e Kuvendit komunal t\u00eb k\u00ebsaj","og_url":"https:\/\/veritasinfo.org\/?p=22893","article_published_time":"2025-12-05T12:15:52+00:00","article_modified_time":"2025-12-05T12:17:02+00:00","og_image":[{"width":1170,"height":704,"url":"https:\/\/veritasinfo.org\/wp-content\/uploads\/2025\/12\/Miloviq.jpeg","type":"image\/jpeg"}],"author":"US1","twitter_card":"summary_large_image","twitter_misc":{"Written by":"US1","Est. reading time":"2 minutes"},"schema":{"@context":"https:\/\/schema.org","@graph":[{"@type":"WebPage","@id":"https:\/\/veritasinfo.org\/?p=22893","url":"https:\/\/veritasinfo.org\/?p=22893","name":"Kryetari i Zve\u00e7anit Dragisha Miloviq: Do t\u00eb bashk\u00ebpunoj me t\u00eb gjith\u00eb, edhe me institucionet n\u00eb Prishtin\u00eb -","isPartOf":{"@id":"https:\/\/veritasinfo.org\/#website"},"primaryImageOfPage":{"@id":"https:\/\/veritasinfo.org\/?p=22893#primaryimage"},"image":{"@id":"https:\/\/veritasinfo.org\/?p=22893#primaryimage"},"thumbnailUrl":"https:\/\/veritasinfo.org\/wp-content\/uploads\/2025\/12\/Miloviq.jpeg","datePublished":"2025-12-05T12:15:52+00:00","dateModified":"2025-12-05T12:17:02+00:00","author":{"@id":"https:\/\/veritasinfo.org\/#\/schema\/person\/c2b8be262ea994d0995addca692c5e98"},"breadcrumb":{"@id":"https:\/\/veritasinfo.org\/?p=22893#breadcrumb"},"inLanguage":"en-US","potentialAction":[{"@type":"ReadAction","target":["https:\/\/veritasinfo.org\/?p=22893"]}]},{"@type":"ImageObject","inLanguage":"en-US","@id":"https:\/\/veritasinfo.org\/?p=22893#primaryimage","url":"https:\/\/veritasinfo.org\/wp-content\/uploads\/2025\/12\/Miloviq.jpeg","contentUrl":"https:\/\/veritasinfo.org\/wp-content\/uploads\/2025\/12\/Miloviq.jpeg","width":1170,"height":704},{"@type":"BreadcrumbList","@id":"https:\/\/veritasinfo.org\/?p=22893#breadcrumb","itemListElement":[{"@type":"ListItem","position":1,"name":"Home","item":"https:\/\/veritasinfo.org\/"},{"@type":"ListItem","position":2,"name":"Kryetari i Zve\u00e7anit Dragisha Miloviq: Do t\u00eb bashk\u00ebpunoj me t\u00eb gjith\u00eb, edhe me institucionet n\u00eb Prishtin\u00eb"}]},{"@type":"WebSite","@id":"https:\/\/veritasinfo.org\/#website","url":"https:\/\/veritasinfo.org\/","name":"","description":"","potentialAction":[{"@type":"SearchAction","target":{"@type":"EntryPoint","urlTemplate":"https:\/\/veritasinfo.org\/?s={search_term_string}"},"query-input":{"@type":"PropertyValueSpecification","valueRequired":true,"valueName":"search_term_string"}}],"inLanguage":"en-US"},{"@type":"Person","@id":"https:\/\/veritasinfo.org\/#\/schema\/person\/c2b8be262ea994d0995addca692c5e98","name":"US1","image":{"@type":"ImageObject","inLanguage":"en-US","@id":"https:\/\/veritasinfo.org\/#\/schema\/person\/image\/","url":"https:\/\/secure.gravatar.com\/avatar\/4e96a59bd256abf9956eb9963ac891a47461ffb364d47b0e9aab113328fdb75b?s=96&d=mm&r=g","contentUrl":"https:\/\/secure.gravatar.com\/avatar\/4e96a59bd256abf9956eb9963ac891a47461ffb364d47b0e9aab113328fdb75b?s=96&d=mm&r=g","caption":"US1"},"url":"https:\/\/veritasinfo.org\/?author=2"}]}},"featured_image_urls":{"full":["https:\/\/veritasinfo.org\/wp-content\/uploads\/2025\/12\/Miloviq.jpeg",1170,704,false],"thumbnail":["https:\/\/veritasinfo.org\/wp-content\/uploads\/2025\/12\/Miloviq-150x150.jpeg",150,150,true],"medium":["https:\/\/veritasinfo.org\/wp-content\/uploads\/2025\/12\/Miloviq-300x181.jpeg",300,181,true],"medium_large":["https:\/\/veritasinfo.org\/wp-content\/uploads\/2025\/12\/Miloviq-768x462.jpeg",640,385,true],"large":["https:\/\/veritasinfo.org\/wp-content\/uploads\/2025\/12\/Miloviq-1024x616.jpeg",640,385,true],"1536x1536":["https:\/\/veritasinfo.org\/wp-content\/uploads\/2025\/12\/Miloviq.jpeg",1170,704,false],"2048x2048":["https:\/\/veritasinfo.org\/wp-content\/uploads\/2025\/12\/Miloviq.jpeg",1170,704,false],"kreeti-slider-full":["https:\/\/veritasinfo.org\/wp-content\/uploads\/2025\/12\/Miloviq.jpeg",1170,704,false],"kreeti-featured":["https:\/\/veritasinfo.org\/wp-content\/uploads\/2025\/12\/Miloviq.jpeg",1024,616,false],"kreeti-medium":["https:\/\/veritasinfo.org\/wp-content\/uploads\/2025\/12\/Miloviq.jpeg",720,433,false],"kreeti-medium-square":["https:\/\/veritasinfo.org\/wp-content\/uploads\/2025\/12\/Miloviq.jpeg",350,211,false]},"author_info":{"info":["US1"]},"category_info":"<a href=\"https:\/\/veritasinfo.org\/?cat=58\" rel=\"category\">Politik\u00eb<\/a>","tag_info":"Politik\u00eb","comment_count":"0","_links":{"self":[{"href":"https:\/\/veritasinfo.org\/index.php?rest_route=\/wp\/v2\/posts\/22893","targetHints":{"allow":["GET"]}}],"collection":[{"href":"https:\/\/veritasinfo.org\/index.php?rest_route=\/wp\/v2\/posts"}],"about":[{"href":"https:\/\/veritasinfo.org\/index.php?rest_route=\/wp\/v2\/types\/post"}],"author":[{"embeddable":true,"href":"https:\/\/veritasinfo.org\/index.php?rest_route=\/wp\/v2\/users\/2"}],"replies":[{"embeddable":true,"href":"https:\/\/veritasinfo.org\/index.php?rest_route=%2Fwp%2Fv2%2Fcomments&post=22893"}],"version-history":[{"count":2,"href":"https:\/\/veritasinfo.org\/index.php?rest_route=\/wp\/v2\/posts\/22893\/revisions"}],"predecessor-version":[{"id":22900,"href":"https:\/\/veritasinfo.org\/index.php?rest_route=\/wp\/v2\/posts\/22893\/revisions\/22900"}],"wp:featuredmedia":[{"embeddable":true,"href":"https:\/\/veritasinfo.org\/index.php?rest_route=\/wp\/v2\/media\/22894"}],"wp:attachment":[{"href":"https:\/\/veritasinfo.org\/index.php?rest_route=%2Fwp%2Fv2%2Fmedia&parent=22893"}],"wp:term":[{"taxonomy":"category","embeddable":true,"href":"https:\/\/veritasinfo.org\/index.php?rest_route=%2Fwp%2Fv2%2Fcategories&post=22893"},{"taxonomy":"post_tag","embeddable":true,"href":"https:\/\/veritasinfo.org\/index.php?rest_route=%2Fwp%2Fv2%2Ftags&post=22893"}],"curies":[{"name":"wp","href":"https:\/\/api.w.org\/{rel}","templated":true}]}}