{"id":22879,"date":"2025-12-05T12:52:42","date_gmt":"2025-12-05T11:52:42","guid":{"rendered":"https:\/\/veritasinfo.org\/?p=22879"},"modified":"2025-12-05T12:54:07","modified_gmt":"2025-12-05T11:54:07","slug":"kryetaret-serbe-te-komunave-veriore-betohen-nen-simbolet-dhe-ligjet-e-kosoves-video","status":"publish","type":"post","link":"https:\/\/veritasinfo.org\/?p=22879","title":{"rendered":"Kryetar\u00ebt serb\u00eb t\u00eb komunave veriore betohen n\u00ebn simbolet dhe ligjet e Kosov\u00ebs (Video)"},"content":{"rendered":"<p data-start=\"128\" data-end=\"248\"><strong data-start=\"212\" data-end=\"246\">Mitrovic\u00eb e Veriut, 05 dhjetor 12:50<\/strong><\/p>\n<p data-start=\"250\" data-end=\"601\">N\u00eb nj\u00eb atmosfer\u00eb t\u00eb ngarkuar simbolikisht me elementet zyrtare t\u00eb shtet\u00ebsis\u00eb s\u00eb Republik\u00ebs s\u00eb Kosov\u00ebs\u2014flamurin shtet\u00ebror dhe fotografin\u00eb e Presidentes s\u00eb vendit, si\u00e7 p\u00ebrcaktohet qart\u00eb nga Ligji p\u00ebr Protokollin e Shtetit\u2014kryetar\u00ebt e rinj t\u00eb komunave veriore t\u00eb Republik\u00ebs s\u00eb Kosov\u00ebs dhan\u00eb sot betimin, duke respektuar Kushtetut\u00ebn dhe ligjet e vendit.<\/p>\n<p data-start=\"603\" data-end=\"861\">N\u00eb sallat ku u zhvillua ceremonia n\u00eb Mitrovic\u00ebn e Veriut, Zve\u00e7an, Zubin Potok dhe Leposaviq, ishin t\u00eb vendosur flamujt e Republik\u00ebs s\u00eb Kosov\u00ebs dhe fotografit\u00eb e Presidentes, duke d\u00ebshmuar funksionalizimin e institucioneve t\u00eb Kosov\u00ebs edhe n\u00eb pjes\u00ebn veriore.<\/p>\n<p data-start=\"863\" data-end=\"1052\">Betimin e dhan\u00eb kryetari i Mitrovic\u00ebs s\u00eb Veriut, Milan Radojevi\u00e7; kryetari i Zve\u00e7anit, Dragisha Milovi\u00e7; kryetari i Zubin Potokut, Milosh Perovi\u00e7; dhe kryetari i Leposaviqit, Zoran Todi\u00e7.<\/p>\n<p data-start=\"1054\" data-end=\"1464\">Ky moment, ndon\u00ebse procedural, mbart nj\u00eb pesh\u00eb t\u00eb ve\u00e7ant\u00eb institucionale, sidomos n\u00eb komunat ku disa struktura politike kan\u00eb tentuar vazhdimisht t\u00eb sfidojn\u00eb autoritetin ligjor t\u00eb Republik\u00ebs s\u00eb Kosov\u00ebs. Sidoqoft\u00eb, ceremonia e sotme vulosi edhe nj\u00eb her\u00eb faktin e pakontestuesh\u00ebm: institucionet e Kosov\u00ebs jan\u00eb funksionale, t\u00eb ligjshme dhe sovrane n\u00eb \u00e7do cep t\u00eb territorit t\u00eb saj, p\u00ebrfshir\u00eb edhe komunat n\u00eb veri.<\/p>\n<p data-start=\"1466\" data-end=\"1723\">Kryetar\u00ebt e sapo betuar nga Lista Serbe u zotuan se do t\u2019i kryejn\u00eb detyrat dhe do t\u2019i ushtrojn\u00eb kompetencat e tyre \u201cn\u00eb pajtim me ligjin\u201d, me synimin\u2014si\u00e7 deklaruan gjat\u00eb betimit\u2014p\u00ebr t\u00eb garantuar nj\u00eb jet\u00eb t\u00eb qet\u00eb e stabile p\u00ebr t\u00eb gjith\u00eb qytetar\u00ebt e komun\u00ebs.<\/p>\n<p data-start=\"1725\" data-end=\"2132\">Kjo deklarat\u00eb, e dh\u00ebn\u00eb pik\u00ebrisht n\u00ebn hijen e institucioneve shtet\u00ebrore t\u00eb Kosov\u00ebs, forcon edhe m\u00eb shum\u00eb parimin se \u00e7do funksionar publik, pa dallim etnie apo subjekti politik, i n\u00ebnshtrohet vet\u00ebm rendit juridik t\u00eb Republik\u00ebs s\u00eb Kosov\u00ebs. Ceremonit\u00eb n\u00eb komunat e veriut t\u00eb vendit jan\u00eb nj\u00eb p\u00ebrgjigje e qart\u00eb ndaj p\u00ebrpjekjeve t\u00eb List\u00ebs Serbe p\u00ebr t\u00eb shmangur ose relativizuar protokollet shtet\u00ebrore t\u00eb Kosov\u00ebs.<\/p>\n<p data-start=\"2134\" data-end=\"2301\">Tentimet p\u00ebr t\u00eb zhvilluar ceremoni alternative, q\u00eb mohojn\u00eb simbolet e shtetit ose autoritetin e institucioneve t\u00eb tij, bien ndesh me Kushtetut\u00ebn dhe ligjet e vendit.<\/p>\n<p data-start=\"2303\" data-end=\"2468\">Sot u rikujtua se betimi i kryetar\u00ebve t\u00eb komunave veriore nuk \u00ebsht\u00eb nj\u00eb akt folklorik, e aq m\u00eb pak hap\u00ebsir\u00eb p\u00ebr loj\u00eb politike\u2014\u00ebsht\u00eb obligim ligjor ndaj Republik\u00ebs.<\/p>\n<p data-start=\"2470\" data-end=\"2732\">Ceremonit\u00eb jo vet\u00ebm q\u00eb respektuan standardet e protokollit shtet\u00ebror, por edhe d\u00ebrguan nj\u00eb mesazh t\u00eb fuqish\u00ebm: Kosova \u00ebsht\u00eb nj\u00eb shtet funksional, demokratik, me institucione q\u00eb veprojn\u00eb n\u00eb m\u00ebnyr\u00eb t\u00eb unifikuar, ku ligji respektohet nga t\u00eb gjith\u00eb, pa p\u00ebrjashtim.<\/p>\n<p data-start=\"2734\" data-end=\"3004\">Pavar\u00ebsisht retorik\u00ebs politike apo presioneve t\u00eb jashtme, realiteti institucional \u00ebsht\u00eb i qart\u00eb: Shteti i Kosov\u00ebs \u00ebsht\u00eb i pranish\u00ebm, aktiv dhe sovran n\u00eb veri. Dhe sot, p\u00ebrball\u00eb flamurit dhe n\u00ebn v\u00ebshtrimin e Presidentes s\u00eb vendit, ky realitet u konfirmua edhe nj\u00eb her\u00eb.<\/p>\n<div style=\"width: 640px;\" class=\"wp-video\"><video class=\"wp-video-shortcode\" id=\"video-22879-1\" width=\"640\" height=\"537\" preload=\"metadata\" controls=\"controls\"><source type=\"video\/mp4\" src=\"https:\/\/veritasinfo.org\/wp-content\/uploads\/2025\/12\/Veritasinfo.org_.mp4?_=1\" \/><a href=\"https:\/\/veritasinfo.org\/wp-content\/uploads\/2025\/12\/Veritasinfo.org_.mp4\">https:\/\/veritasinfo.org\/wp-content\/uploads\/2025\/12\/Veritasinfo.org_.mp4<\/a><\/video><\/div>\n","protected":false},"excerpt":{"rendered":"<p>Mitrovic\u00eb e Veriut, 05 dhjetor 12:50 N\u00eb nj\u00eb atmosfer\u00eb t\u00eb ngarkuar simbolikisht me elementet zyrtare t\u00eb shtet\u00ebsis\u00eb s\u00eb Republik\u00ebs s\u00eb Kosov\u00ebs\u2014flamurin shtet\u00ebror dhe fotografin\u00eb e<\/p>\n","protected":false},"author":7,"featured_media":22880,"comment_status":"open","ping_status":"open","sticky":false,"template":"","format":"standard","meta":{"footnotes":""},"categories":[58],"tags":[],"class_list":["post-22879","post","type-post","status-publish","format-standard","has-post-thumbnail","hentry","category-politike-sq"],"yoast_head":"<!-- This site is optimized with the Yoast SEO plugin v25.3.1 - https:\/\/yoast.com\/wordpress\/plugins\/seo\/ -->\n<title>Kryetar\u00ebt serb\u00eb t\u00eb komunave veriore betohen n\u00ebn simbolet dhe ligjet e Kosov\u00ebs (Video) -<\/title>\n<meta name=\"robots\" content=\"index, follow, max-snippet:-1, max-image-preview:large, max-video-preview:-1\" \/>\n<link rel=\"canonical\" href=\"https:\/\/veritasinfo.org\/?p=22879\" \/>\n<meta property=\"og:locale\" content=\"en_US\" \/>\n<meta property=\"og:type\" content=\"article\" \/>\n<meta property=\"og:title\" content=\"Kryetar\u00ebt serb\u00eb t\u00eb komunave veriore betohen n\u00ebn simbolet dhe ligjet e Kosov\u00ebs (Video) -\" \/>\n<meta property=\"og:description\" content=\"Mitrovic\u00eb e Veriut, 05 dhjetor 12:50 N\u00eb nj\u00eb atmosfer\u00eb t\u00eb ngarkuar simbolikisht me elementet zyrtare t\u00eb shtet\u00ebsis\u00eb s\u00eb Republik\u00ebs s\u00eb Kosov\u00ebs\u2014flamurin shtet\u00ebror dhe fotografin\u00eb e\" \/>\n<meta property=\"og:url\" content=\"https:\/\/veritasinfo.org\/?p=22879\" \/>\n<meta property=\"article:published_time\" content=\"2025-12-05T11:52:42+00:00\" \/>\n<meta property=\"article:modified_time\" content=\"2025-12-05T11:54:07+00:00\" \/>\n<meta property=\"og:image\" content=\"https:\/\/veritasinfo.org\/wp-content\/uploads\/2025\/12\/Screenshot-2025-12-05-124636.jpg\" \/>\n\t<meta property=\"og:image:width\" content=\"689\" \/>\n\t<meta property=\"og:image:height\" content=\"461\" \/>\n\t<meta property=\"og:image:type\" content=\"image\/jpeg\" \/>\n<meta name=\"author\" content=\"US6\" \/>\n<meta name=\"twitter:card\" content=\"summary_large_image\" \/>\n<meta name=\"twitter:label1\" content=\"Written by\" \/>\n\t<meta name=\"twitter:data1\" content=\"US6\" \/>\n\t<meta name=\"twitter:label2\" content=\"Est. reading time\" \/>\n\t<meta name=\"twitter:data2\" content=\"3 minutes\" \/>\n<script type=\"application\/ld+json\" class=\"yoast-schema-graph\">{\"@context\":\"https:\/\/schema.org\",\"@graph\":[{\"@type\":\"WebPage\",\"@id\":\"https:\/\/veritasinfo.org\/?p=22879\",\"url\":\"https:\/\/veritasinfo.org\/?p=22879\",\"name\":\"Kryetar\u00ebt serb\u00eb t\u00eb komunave veriore betohen n\u00ebn simbolet dhe ligjet e Kosov\u00ebs (Video) -\",\"isPartOf\":{\"@id\":\"https:\/\/veritasinfo.org\/#website\"},\"primaryImageOfPage\":{\"@id\":\"https:\/\/veritasinfo.org\/?p=22879#primaryimage\"},\"image\":{\"@id\":\"https:\/\/veritasinfo.org\/?p=22879#primaryimage\"},\"thumbnailUrl\":\"https:\/\/veritasinfo.org\/wp-content\/uploads\/2025\/12\/Screenshot-2025-12-05-124636.jpg\",\"datePublished\":\"2025-12-05T11:52:42+00:00\",\"dateModified\":\"2025-12-05T11:54:07+00:00\",\"author\":{\"@id\":\"https:\/\/veritasinfo.org\/#\/schema\/person\/fe199eede04c3937362892b7444747cc\"},\"breadcrumb\":{\"@id\":\"https:\/\/veritasinfo.org\/?p=22879#breadcrumb\"},\"inLanguage\":\"en-US\",\"potentialAction\":[{\"@type\":\"ReadAction\",\"target\":[\"https:\/\/veritasinfo.org\/?p=22879\"]}]},{\"@type\":\"ImageObject\",\"inLanguage\":\"en-US\",\"@id\":\"https:\/\/veritasinfo.org\/?p=22879#primaryimage\",\"url\":\"https:\/\/veritasinfo.org\/wp-content\/uploads\/2025\/12\/Screenshot-2025-12-05-124636.jpg\",\"contentUrl\":\"https:\/\/veritasinfo.org\/wp-content\/uploads\/2025\/12\/Screenshot-2025-12-05-124636.jpg\",\"width\":689,\"height\":461},{\"@type\":\"BreadcrumbList\",\"@id\":\"https:\/\/veritasinfo.org\/?p=22879#breadcrumb\",\"itemListElement\":[{\"@type\":\"ListItem\",\"position\":1,\"name\":\"Home\",\"item\":\"https:\/\/veritasinfo.org\/\"},{\"@type\":\"ListItem\",\"position\":2,\"name\":\"Kryetar\u00ebt serb\u00eb t\u00eb komunave veriore betohen n\u00ebn simbolet dhe ligjet e Kosov\u00ebs (Video)\"}]},{\"@type\":\"WebSite\",\"@id\":\"https:\/\/veritasinfo.org\/#website\",\"url\":\"https:\/\/veritasinfo.org\/\",\"name\":\"\",\"description\":\"\",\"potentialAction\":[{\"@type\":\"SearchAction\",\"target\":{\"@type\":\"EntryPoint\",\"urlTemplate\":\"https:\/\/veritasinfo.org\/?s={search_term_string}\"},\"query-input\":{\"@type\":\"PropertyValueSpecification\",\"valueRequired\":true,\"valueName\":\"search_term_string\"}}],\"inLanguage\":\"en-US\"},{\"@type\":\"Person\",\"@id\":\"https:\/\/veritasinfo.org\/#\/schema\/person\/fe199eede04c3937362892b7444747cc\",\"name\":\"US6\",\"image\":{\"@type\":\"ImageObject\",\"inLanguage\":\"en-US\",\"@id\":\"https:\/\/veritasinfo.org\/#\/schema\/person\/image\/\",\"url\":\"https:\/\/secure.gravatar.com\/avatar\/cb16c3c31c9d23b9b8c705964598220b3014e42ff51eb540ff23cefa3ae8c15f?s=96&d=mm&r=g\",\"contentUrl\":\"https:\/\/secure.gravatar.com\/avatar\/cb16c3c31c9d23b9b8c705964598220b3014e42ff51eb540ff23cefa3ae8c15f?s=96&d=mm&r=g\",\"caption\":\"US6\"},\"url\":\"https:\/\/veritasinfo.org\/?author=7\"}]}<\/script>\n<!-- \/ Yoast SEO plugin. -->","yoast_head_json":{"title":"Kryetar\u00ebt serb\u00eb t\u00eb komunave veriore betohen n\u00ebn simbolet dhe ligjet e Kosov\u00ebs (Video) -","robots":{"index":"index","follow":"follow","max-snippet":"max-snippet:-1","max-image-preview":"max-image-preview:large","max-video-preview":"max-video-preview:-1"},"canonical":"https:\/\/veritasinfo.org\/?p=22879","og_locale":"en_US","og_type":"article","og_title":"Kryetar\u00ebt serb\u00eb t\u00eb komunave veriore betohen n\u00ebn simbolet dhe ligjet e Kosov\u00ebs (Video) -","og_description":"Mitrovic\u00eb e Veriut, 05 dhjetor 12:50 N\u00eb nj\u00eb atmosfer\u00eb t\u00eb ngarkuar simbolikisht me elementet zyrtare t\u00eb shtet\u00ebsis\u00eb s\u00eb Republik\u00ebs s\u00eb Kosov\u00ebs\u2014flamurin shtet\u00ebror dhe fotografin\u00eb e","og_url":"https:\/\/veritasinfo.org\/?p=22879","article_published_time":"2025-12-05T11:52:42+00:00","article_modified_time":"2025-12-05T11:54:07+00:00","og_image":[{"width":689,"height":461,"url":"https:\/\/veritasinfo.org\/wp-content\/uploads\/2025\/12\/Screenshot-2025-12-05-124636.jpg","type":"image\/jpeg"}],"author":"US6","twitter_card":"summary_large_image","twitter_misc":{"Written by":"US6","Est. reading time":"3 minutes"},"schema":{"@context":"https:\/\/schema.org","@graph":[{"@type":"WebPage","@id":"https:\/\/veritasinfo.org\/?p=22879","url":"https:\/\/veritasinfo.org\/?p=22879","name":"Kryetar\u00ebt serb\u00eb t\u00eb komunave veriore betohen n\u00ebn simbolet dhe ligjet e Kosov\u00ebs (Video) -","isPartOf":{"@id":"https:\/\/veritasinfo.org\/#website"},"primaryImageOfPage":{"@id":"https:\/\/veritasinfo.org\/?p=22879#primaryimage"},"image":{"@id":"https:\/\/veritasinfo.org\/?p=22879#primaryimage"},"thumbnailUrl":"https:\/\/veritasinfo.org\/wp-content\/uploads\/2025\/12\/Screenshot-2025-12-05-124636.jpg","datePublished":"2025-12-05T11:52:42+00:00","dateModified":"2025-12-05T11:54:07+00:00","author":{"@id":"https:\/\/veritasinfo.org\/#\/schema\/person\/fe199eede04c3937362892b7444747cc"},"breadcrumb":{"@id":"https:\/\/veritasinfo.org\/?p=22879#breadcrumb"},"inLanguage":"en-US","potentialAction":[{"@type":"ReadAction","target":["https:\/\/veritasinfo.org\/?p=22879"]}]},{"@type":"ImageObject","inLanguage":"en-US","@id":"https:\/\/veritasinfo.org\/?p=22879#primaryimage","url":"https:\/\/veritasinfo.org\/wp-content\/uploads\/2025\/12\/Screenshot-2025-12-05-124636.jpg","contentUrl":"https:\/\/veritasinfo.org\/wp-content\/uploads\/2025\/12\/Screenshot-2025-12-05-124636.jpg","width":689,"height":461},{"@type":"BreadcrumbList","@id":"https:\/\/veritasinfo.org\/?p=22879#breadcrumb","itemListElement":[{"@type":"ListItem","position":1,"name":"Home","item":"https:\/\/veritasinfo.org\/"},{"@type":"ListItem","position":2,"name":"Kryetar\u00ebt serb\u00eb t\u00eb komunave veriore betohen n\u00ebn simbolet dhe ligjet e Kosov\u00ebs (Video)"}]},{"@type":"WebSite","@id":"https:\/\/veritasinfo.org\/#website","url":"https:\/\/veritasinfo.org\/","name":"","description":"","potentialAction":[{"@type":"SearchAction","target":{"@type":"EntryPoint","urlTemplate":"https:\/\/veritasinfo.org\/?s={search_term_string}"},"query-input":{"@type":"PropertyValueSpecification","valueRequired":true,"valueName":"search_term_string"}}],"inLanguage":"en-US"},{"@type":"Person","@id":"https:\/\/veritasinfo.org\/#\/schema\/person\/fe199eede04c3937362892b7444747cc","name":"US6","image":{"@type":"ImageObject","inLanguage":"en-US","@id":"https:\/\/veritasinfo.org\/#\/schema\/person\/image\/","url":"https:\/\/secure.gravatar.com\/avatar\/cb16c3c31c9d23b9b8c705964598220b3014e42ff51eb540ff23cefa3ae8c15f?s=96&d=mm&r=g","contentUrl":"https:\/\/secure.gravatar.com\/avatar\/cb16c3c31c9d23b9b8c705964598220b3014e42ff51eb540ff23cefa3ae8c15f?s=96&d=mm&r=g","caption":"US6"},"url":"https:\/\/veritasinfo.org\/?author=7"}]}},"featured_image_urls":{"full":["https:\/\/veritasinfo.org\/wp-content\/uploads\/2025\/12\/Screenshot-2025-12-05-124636.jpg",689,461,false],"thumbnail":["https:\/\/veritasinfo.org\/wp-content\/uploads\/2025\/12\/Screenshot-2025-12-05-124636-150x150.jpg",150,150,true],"medium":["https:\/\/veritasinfo.org\/wp-content\/uploads\/2025\/12\/Screenshot-2025-12-05-124636-300x201.jpg",300,201,true],"medium_large":["https:\/\/veritasinfo.org\/wp-content\/uploads\/2025\/12\/Screenshot-2025-12-05-124636.jpg",640,428,false],"large":["https:\/\/veritasinfo.org\/wp-content\/uploads\/2025\/12\/Screenshot-2025-12-05-124636.jpg",640,428,false],"1536x1536":["https:\/\/veritasinfo.org\/wp-content\/uploads\/2025\/12\/Screenshot-2025-12-05-124636.jpg",689,461,false],"2048x2048":["https:\/\/veritasinfo.org\/wp-content\/uploads\/2025\/12\/Screenshot-2025-12-05-124636.jpg",689,461,false],"kreeti-slider-full":["https:\/\/veritasinfo.org\/wp-content\/uploads\/2025\/12\/Screenshot-2025-12-05-124636.jpg",689,461,false],"kreeti-featured":["https:\/\/veritasinfo.org\/wp-content\/uploads\/2025\/12\/Screenshot-2025-12-05-124636.jpg",689,461,false],"kreeti-medium":["https:\/\/veritasinfo.org\/wp-content\/uploads\/2025\/12\/Screenshot-2025-12-05-124636.jpg",689,461,false],"kreeti-medium-square":["https:\/\/veritasinfo.org\/wp-content\/uploads\/2025\/12\/Screenshot-2025-12-05-124636.jpg",350,234,false]},"author_info":{"info":["US6"]},"category_info":"<a href=\"https:\/\/veritasinfo.org\/?cat=58\" rel=\"category\">Politik\u00eb<\/a>","tag_info":"Politik\u00eb","comment_count":"0","_links":{"self":[{"href":"https:\/\/veritasinfo.org\/index.php?rest_route=\/wp\/v2\/posts\/22879","targetHints":{"allow":["GET"]}}],"collection":[{"href":"https:\/\/veritasinfo.org\/index.php?rest_route=\/wp\/v2\/posts"}],"about":[{"href":"https:\/\/veritasinfo.org\/index.php?rest_route=\/wp\/v2\/types\/post"}],"author":[{"embeddable":true,"href":"https:\/\/veritasinfo.org\/index.php?rest_route=\/wp\/v2\/users\/7"}],"replies":[{"embeddable":true,"href":"https:\/\/veritasinfo.org\/index.php?rest_route=%2Fwp%2Fv2%2Fcomments&post=22879"}],"version-history":[{"count":1,"href":"https:\/\/veritasinfo.org\/index.php?rest_route=\/wp\/v2\/posts\/22879\/revisions"}],"predecessor-version":[{"id":22883,"href":"https:\/\/veritasinfo.org\/index.php?rest_route=\/wp\/v2\/posts\/22879\/revisions\/22883"}],"wp:featuredmedia":[{"embeddable":true,"href":"https:\/\/veritasinfo.org\/index.php?rest_route=\/wp\/v2\/media\/22880"}],"wp:attachment":[{"href":"https:\/\/veritasinfo.org\/index.php?rest_route=%2Fwp%2Fv2%2Fmedia&parent=22879"}],"wp:term":[{"taxonomy":"category","embeddable":true,"href":"https:\/\/veritasinfo.org\/index.php?rest_route=%2Fwp%2Fv2%2Fcategories&post=22879"},{"taxonomy":"post_tag","embeddable":true,"href":"https:\/\/veritasinfo.org\/index.php?rest_route=%2Fwp%2Fv2%2Ftags&post=22879"}],"curies":[{"name":"wp","href":"https:\/\/api.w.org\/{rel}","templated":true}]}}