{"id":22874,"date":"2025-12-05T08:38:47","date_gmt":"2025-12-05T07:38:47","guid":{"rendered":"https:\/\/veritasinfo.org\/?p=22874"},"modified":"2025-12-05T08:40:06","modified_gmt":"2025-12-05T07:40:06","slug":"nena-me-tha-burrat-i-vrane-deshmitari-rrefen-si-ia-masakruan-babane-vellane-e-familjare-te-tjere-gjate-rrethimit-te-shtepive-forcat-serbe","status":"publish","type":"post","link":"https:\/\/veritasinfo.org\/?p=22874","title":{"rendered":"&#8220;N\u00ebna m\u00eb tha burrat i vran\u00eb&#8221;, d\u00ebshmitari rr\u00ebfen si ia masakruan baban\u00eb, v\u00ebllan\u00eb, e familjar\u00eb t\u00eb tjer\u00eb gjat\u00eb rrethimit t\u00eb sht\u00ebpive forcat serbe"},"content":{"rendered":"<p>Prishtin\u00eb 5 Dhjetor 2025 08:37<\/p>\n<p>N\u00ebna m\u00eb tha burrat i vran\u00eb\u201d, d\u00ebshmitari rr\u00ebfen si ia masakruan baban\u00eb, v\u00ebllan\u00eb, e familjar\u00eb t\u00eb tjer\u00eb gjat\u00eb rrethimit t\u00eb sht\u00ebpive forcat serbe<br \/>\nShare Button Gazeta Blic<br \/>\nN\u00eb Gjykat\u00ebn Themelore t\u00eb Prishtin\u00ebs, n\u00eb gjykimin ndaj dy t\u00eb akuzuarve p\u00ebr krime lufte, Momir Pantiq dhe Zharko Zariq, t\u00eb enjten \u00ebsht\u00eb d\u00ebgjuar d\u00ebshmitari Sefedin Salihaj, i cili ka rr\u00ebfyer tmerrin e 28 prillit 1999 n\u00eb fshatin Shushic\u00eb t\u00eb Istogut kur forcat policore serbe dhe paralimitar\u00eb masakruan 9 civil\u00eb shqiptar\u00eb, mes tyre baban\u00eb, v\u00ebllan\u00eb, gruan e v\u00ebllait e djalin e v\u00ebllait.<\/p>\n<p>D\u00ebshmitari Salihaj tregoi se dit\u00ebn e ngjarjes ai ishte 1 km larg sht\u00ebpis\u00eb s\u00eb tij, te sht\u00ebpia e nj\u00eb fqinji kur ka ndodhur rasti, raporton \u201cBetimi p\u00ebr Drejt\u00ebsi\u201c.<\/p>\n<p>Ai tha se kur kan\u00eb d\u00ebgjuar gjuajtjet, kishte dal\u00eb nga sht\u00ebpia e fqinjit dhe p\u00ebrshkroi rrethimin ndaj sht\u00ebpive t\u00eb familjes s\u00eb tij.<\/p>\n<p>\u201cRrethimi u b\u00eb koh\u00ebn e hershme, dit\u00ebn e shtun\u00eb. Ka pas milic\u00eb prej tri stacioneve- Istogut, Gurakocit dhe Rakoshit. Ka pas edhe t\u00eb Pej\u00ebs se Istogu ka qen\u00eb qendra e k\u00ebtyre- Gurakocit e Rakoshit. Ky ka qen\u00eb kryeshefi i k\u00ebtyre stacioneve- ka qen\u00eb Momir Pantiq q\u00eb \u00ebsht\u00eb quajt Naqallnik\u201d, deklaroi Salihaj.<\/p>\n<p>D\u00ebshmitari tha se kishte par\u00eb blinda, mjete t\u00eb tjera t\u00eb policis\u00eb e paramilitar\u00eb serb\u00eb, nga pozicioni i tij nga p\u00ebrroi.<\/p>\n<p>Ai deklaroi se pastaj ishte bashkuar me n\u00ebn\u00ebn e tij dhe familjar\u00ebt e tjer\u00eb. Tha se e kishte pyetur n\u00ebn\u00ebn e tij se \u201ca shp\u00ebtuat kush?\u201d.<\/p>\n<p>\u201cDhe ajo m\u00eb tha burrat jan\u00eb vra edhe na tjer\u00ebt kemi shp\u00ebtu, p\u00ebrpos F.,- gruas s\u00eb v\u00ebllait\u201d, tha d\u00ebshmitari.<\/p>\n<p>Sipas tij, m\u00eb pastaj e \u00ebma e tij kishte shkuar te disa fqinj, nd\u00ebrsa ai me nj\u00eb fqinj tjet\u00ebre e pan\u00eb kufom\u00ebn e babait t\u00eb tij 2-3 metra af\u00ebr shtall\u00ebs. Ai tregoi se n\u00eb \u00e7far\u00eb gjendje i pa viktimat q\u00eb ishin t\u00eb masakruar.<\/p>\n<p>\u201cOrganet gjenitale i kan\u00eb pas\u00eb t\u00eb prera t\u00eb gjith\u00eb, p\u00ebrpos Sh., (v\u00ebllait) edhe veshkat e hjekta t\u00eb gjith\u00ebve\u201d, deklaroi Salihaj.<\/p>\n<p>D\u00ebshmitari tregoi edhe p\u00ebr kufom\u00ebn e F.,- gruas s\u00eb v\u00ebllait t\u00eb tij- Sh., trupin e t\u00eb cil\u00ebs nuk e gjet\u00ebn deri pas 2-3 muajsh m\u00eb larg atij vendi.<\/p>\n<p>Sipas d\u00ebshmitarit, varrimi i viktimave ishte b\u00ebr\u00eb me urdh\u00ebr t\u00eb nj\u00eb polici serb. Tha se i varros\u00ebn viktimat nga m\u00eb i madhi deri te m\u00eb i vogli, e q\u00eb ishte djali i v\u00ebllait- H., 17-vje\u00e7ar.<\/p>\n<p>Prokurori Ilir Morina e pyeti d\u00ebshmitarin se si ka mundur ta dij\u00eb se kush ishin grupi q\u00eb mori pjes\u00eb n\u00eb vrasjen e familjes s\u00eb tij.<\/p>\n<p>\u201cUn\u00eb e di se ata kan\u00eb q\u00ebndru aty te burgu te stacioni, e di se i kemi pa l\u00ebvizjet e tyre se kan\u00eb ardh\u00eb prej Serbis\u00eb. Vitin e par\u00eb kur jan\u00eb ardh\u00eb m\u00eb \u201998 nashta n\u00eb fund t\u00eb \u201997, jan\u00eb stacionu n\u00eb qend\u00ebr t\u00eb Rakoshit, kolona e tyre rreth 1 km e gjat\u00eb me automjete jan\u00eb ardh\u00eb me do kerre t\u00eb vogla t\u00eb blidnun. \u00cbsht\u00eb shum\u00eb e leht\u00eb t\u00eb kuptohet se ata kan\u00eb pas tjet\u00ebr armatim, jan\u00eb kan\u00eb ma t\u00eb terrorizum se kan\u00eb qen\u00eb t\u00eb p\u00ebrgatit\u00eb me \u00e7do rast\u201d, tha ai.<\/p>\n","protected":false},"excerpt":{"rendered":"<p>Prishtin\u00eb 5 Dhjetor 2025 08:37 N\u00ebna m\u00eb tha burrat i vran\u00eb\u201d, d\u00ebshmitari rr\u00ebfen si ia masakruan baban\u00eb, v\u00ebllan\u00eb, e familjar\u00eb t\u00eb tjer\u00eb gjat\u00eb rrethimit t\u00eb<\/p>\n","protected":false},"author":6,"featured_media":22875,"comment_status":"open","ping_status":"open","sticky":false,"template":"","format":"standard","meta":{"footnotes":""},"categories":[58],"tags":[],"class_list":["post-22874","post","type-post","status-publish","format-standard","has-post-thumbnail","hentry","category-politike-sq"],"yoast_head":"<!-- This site is optimized with the Yoast SEO plugin v25.3.1 - https:\/\/yoast.com\/wordpress\/plugins\/seo\/ -->\n<title>&quot;N\u00ebna m\u00eb tha burrat i vran\u00eb&quot;, d\u00ebshmitari rr\u00ebfen si ia masakruan baban\u00eb, v\u00ebllan\u00eb, e familjar\u00eb t\u00eb tjer\u00eb gjat\u00eb rrethimit t\u00eb sht\u00ebpive forcat serbe -<\/title>\n<meta name=\"robots\" content=\"index, follow, max-snippet:-1, max-image-preview:large, max-video-preview:-1\" \/>\n<link rel=\"canonical\" href=\"https:\/\/veritasinfo.org\/?p=22874\" \/>\n<meta property=\"og:locale\" content=\"en_US\" \/>\n<meta property=\"og:type\" content=\"article\" \/>\n<meta property=\"og:title\" content=\"&quot;N\u00ebna m\u00eb tha burrat i vran\u00eb&quot;, d\u00ebshmitari rr\u00ebfen si ia masakruan baban\u00eb, v\u00ebllan\u00eb, e familjar\u00eb t\u00eb tjer\u00eb gjat\u00eb rrethimit t\u00eb sht\u00ebpive forcat serbe -\" \/>\n<meta property=\"og:description\" content=\"Prishtin\u00eb 5 Dhjetor 2025 08:37 N\u00ebna m\u00eb tha burrat i vran\u00eb\u201d, d\u00ebshmitari rr\u00ebfen si ia masakruan baban\u00eb, v\u00ebllan\u00eb, e familjar\u00eb t\u00eb tjer\u00eb gjat\u00eb rrethimit t\u00eb\" \/>\n<meta property=\"og:url\" content=\"https:\/\/veritasinfo.org\/?p=22874\" \/>\n<meta property=\"article:published_time\" content=\"2025-12-05T07:38:47+00:00\" \/>\n<meta property=\"article:modified_time\" content=\"2025-12-05T07:40:06+00:00\" \/>\n<meta property=\"og:image\" content=\"https:\/\/veritasinfo.org\/wp-content\/uploads\/2025\/12\/67.jpg\" \/>\n\t<meta property=\"og:image:width\" content=\"600\" \/>\n\t<meta property=\"og:image:height\" content=\"360\" \/>\n\t<meta property=\"og:image:type\" content=\"image\/jpeg\" \/>\n<meta name=\"author\" content=\"US5\" \/>\n<meta name=\"twitter:card\" content=\"summary_large_image\" \/>\n<meta name=\"twitter:label1\" content=\"Written by\" \/>\n\t<meta name=\"twitter:data1\" content=\"US5\" \/>\n\t<meta name=\"twitter:label2\" content=\"Est. reading time\" \/>\n\t<meta name=\"twitter:data2\" content=\"3 minutes\" \/>\n<script type=\"application\/ld+json\" class=\"yoast-schema-graph\">{\"@context\":\"https:\/\/schema.org\",\"@graph\":[{\"@type\":\"WebPage\",\"@id\":\"https:\/\/veritasinfo.org\/?p=22874\",\"url\":\"https:\/\/veritasinfo.org\/?p=22874\",\"name\":\"\\\"N\u00ebna m\u00eb tha burrat i vran\u00eb\\\", d\u00ebshmitari rr\u00ebfen si ia masakruan baban\u00eb, v\u00ebllan\u00eb, e familjar\u00eb t\u00eb tjer\u00eb gjat\u00eb rrethimit t\u00eb sht\u00ebpive forcat serbe -\",\"isPartOf\":{\"@id\":\"https:\/\/veritasinfo.org\/#website\"},\"primaryImageOfPage\":{\"@id\":\"https:\/\/veritasinfo.org\/?p=22874#primaryimage\"},\"image\":{\"@id\":\"https:\/\/veritasinfo.org\/?p=22874#primaryimage\"},\"thumbnailUrl\":\"https:\/\/veritasinfo.org\/wp-content\/uploads\/2025\/12\/67.jpg\",\"datePublished\":\"2025-12-05T07:38:47+00:00\",\"dateModified\":\"2025-12-05T07:40:06+00:00\",\"author\":{\"@id\":\"https:\/\/veritasinfo.org\/#\/schema\/person\/bc442336e35414d04494ab8fb45db4c6\"},\"breadcrumb\":{\"@id\":\"https:\/\/veritasinfo.org\/?p=22874#breadcrumb\"},\"inLanguage\":\"en-US\",\"potentialAction\":[{\"@type\":\"ReadAction\",\"target\":[\"https:\/\/veritasinfo.org\/?p=22874\"]}]},{\"@type\":\"ImageObject\",\"inLanguage\":\"en-US\",\"@id\":\"https:\/\/veritasinfo.org\/?p=22874#primaryimage\",\"url\":\"https:\/\/veritasinfo.org\/wp-content\/uploads\/2025\/12\/67.jpg\",\"contentUrl\":\"https:\/\/veritasinfo.org\/wp-content\/uploads\/2025\/12\/67.jpg\",\"width\":600,\"height\":360},{\"@type\":\"BreadcrumbList\",\"@id\":\"https:\/\/veritasinfo.org\/?p=22874#breadcrumb\",\"itemListElement\":[{\"@type\":\"ListItem\",\"position\":1,\"name\":\"Home\",\"item\":\"https:\/\/veritasinfo.org\/\"},{\"@type\":\"ListItem\",\"position\":2,\"name\":\"&#8220;N\u00ebna m\u00eb tha burrat i vran\u00eb&#8221;, d\u00ebshmitari rr\u00ebfen si ia masakruan baban\u00eb, v\u00ebllan\u00eb, e familjar\u00eb t\u00eb tjer\u00eb gjat\u00eb rrethimit t\u00eb sht\u00ebpive forcat serbe\"}]},{\"@type\":\"WebSite\",\"@id\":\"https:\/\/veritasinfo.org\/#website\",\"url\":\"https:\/\/veritasinfo.org\/\",\"name\":\"\",\"description\":\"\",\"potentialAction\":[{\"@type\":\"SearchAction\",\"target\":{\"@type\":\"EntryPoint\",\"urlTemplate\":\"https:\/\/veritasinfo.org\/?s={search_term_string}\"},\"query-input\":{\"@type\":\"PropertyValueSpecification\",\"valueRequired\":true,\"valueName\":\"search_term_string\"}}],\"inLanguage\":\"en-US\"},{\"@type\":\"Person\",\"@id\":\"https:\/\/veritasinfo.org\/#\/schema\/person\/bc442336e35414d04494ab8fb45db4c6\",\"name\":\"US5\",\"image\":{\"@type\":\"ImageObject\",\"inLanguage\":\"en-US\",\"@id\":\"https:\/\/veritasinfo.org\/#\/schema\/person\/image\/\",\"url\":\"https:\/\/secure.gravatar.com\/avatar\/16a61e7272a0c5d001121ebb9e60e925d5816e4ac1e443ed3e640d9a6ae55d0c?s=96&d=mm&r=g\",\"contentUrl\":\"https:\/\/secure.gravatar.com\/avatar\/16a61e7272a0c5d001121ebb9e60e925d5816e4ac1e443ed3e640d9a6ae55d0c?s=96&d=mm&r=g\",\"caption\":\"US5\"},\"url\":\"https:\/\/veritasinfo.org\/?author=6\"}]}<\/script>\n<!-- \/ Yoast SEO plugin. -->","yoast_head_json":{"title":"\"N\u00ebna m\u00eb tha burrat i vran\u00eb\", d\u00ebshmitari rr\u00ebfen si ia masakruan baban\u00eb, v\u00ebllan\u00eb, e familjar\u00eb t\u00eb tjer\u00eb gjat\u00eb rrethimit t\u00eb sht\u00ebpive forcat serbe -","robots":{"index":"index","follow":"follow","max-snippet":"max-snippet:-1","max-image-preview":"max-image-preview:large","max-video-preview":"max-video-preview:-1"},"canonical":"https:\/\/veritasinfo.org\/?p=22874","og_locale":"en_US","og_type":"article","og_title":"\"N\u00ebna m\u00eb tha burrat i vran\u00eb\", d\u00ebshmitari rr\u00ebfen si ia masakruan baban\u00eb, v\u00ebllan\u00eb, e familjar\u00eb t\u00eb tjer\u00eb gjat\u00eb rrethimit t\u00eb sht\u00ebpive forcat serbe -","og_description":"Prishtin\u00eb 5 Dhjetor 2025 08:37 N\u00ebna m\u00eb tha burrat i vran\u00eb\u201d, d\u00ebshmitari rr\u00ebfen si ia masakruan baban\u00eb, v\u00ebllan\u00eb, e familjar\u00eb t\u00eb tjer\u00eb gjat\u00eb rrethimit t\u00eb","og_url":"https:\/\/veritasinfo.org\/?p=22874","article_published_time":"2025-12-05T07:38:47+00:00","article_modified_time":"2025-12-05T07:40:06+00:00","og_image":[{"width":600,"height":360,"url":"https:\/\/veritasinfo.org\/wp-content\/uploads\/2025\/12\/67.jpg","type":"image\/jpeg"}],"author":"US5","twitter_card":"summary_large_image","twitter_misc":{"Written by":"US5","Est. reading time":"3 minutes"},"schema":{"@context":"https:\/\/schema.org","@graph":[{"@type":"WebPage","@id":"https:\/\/veritasinfo.org\/?p=22874","url":"https:\/\/veritasinfo.org\/?p=22874","name":"\"N\u00ebna m\u00eb tha burrat i vran\u00eb\", d\u00ebshmitari rr\u00ebfen si ia masakruan baban\u00eb, v\u00ebllan\u00eb, e familjar\u00eb t\u00eb tjer\u00eb gjat\u00eb rrethimit t\u00eb sht\u00ebpive forcat serbe -","isPartOf":{"@id":"https:\/\/veritasinfo.org\/#website"},"primaryImageOfPage":{"@id":"https:\/\/veritasinfo.org\/?p=22874#primaryimage"},"image":{"@id":"https:\/\/veritasinfo.org\/?p=22874#primaryimage"},"thumbnailUrl":"https:\/\/veritasinfo.org\/wp-content\/uploads\/2025\/12\/67.jpg","datePublished":"2025-12-05T07:38:47+00:00","dateModified":"2025-12-05T07:40:06+00:00","author":{"@id":"https:\/\/veritasinfo.org\/#\/schema\/person\/bc442336e35414d04494ab8fb45db4c6"},"breadcrumb":{"@id":"https:\/\/veritasinfo.org\/?p=22874#breadcrumb"},"inLanguage":"en-US","potentialAction":[{"@type":"ReadAction","target":["https:\/\/veritasinfo.org\/?p=22874"]}]},{"@type":"ImageObject","inLanguage":"en-US","@id":"https:\/\/veritasinfo.org\/?p=22874#primaryimage","url":"https:\/\/veritasinfo.org\/wp-content\/uploads\/2025\/12\/67.jpg","contentUrl":"https:\/\/veritasinfo.org\/wp-content\/uploads\/2025\/12\/67.jpg","width":600,"height":360},{"@type":"BreadcrumbList","@id":"https:\/\/veritasinfo.org\/?p=22874#breadcrumb","itemListElement":[{"@type":"ListItem","position":1,"name":"Home","item":"https:\/\/veritasinfo.org\/"},{"@type":"ListItem","position":2,"name":"&#8220;N\u00ebna m\u00eb tha burrat i vran\u00eb&#8221;, d\u00ebshmitari rr\u00ebfen si ia masakruan baban\u00eb, v\u00ebllan\u00eb, e familjar\u00eb t\u00eb tjer\u00eb gjat\u00eb rrethimit t\u00eb sht\u00ebpive forcat serbe"}]},{"@type":"WebSite","@id":"https:\/\/veritasinfo.org\/#website","url":"https:\/\/veritasinfo.org\/","name":"","description":"","potentialAction":[{"@type":"SearchAction","target":{"@type":"EntryPoint","urlTemplate":"https:\/\/veritasinfo.org\/?s={search_term_string}"},"query-input":{"@type":"PropertyValueSpecification","valueRequired":true,"valueName":"search_term_string"}}],"inLanguage":"en-US"},{"@type":"Person","@id":"https:\/\/veritasinfo.org\/#\/schema\/person\/bc442336e35414d04494ab8fb45db4c6","name":"US5","image":{"@type":"ImageObject","inLanguage":"en-US","@id":"https:\/\/veritasinfo.org\/#\/schema\/person\/image\/","url":"https:\/\/secure.gravatar.com\/avatar\/16a61e7272a0c5d001121ebb9e60e925d5816e4ac1e443ed3e640d9a6ae55d0c?s=96&d=mm&r=g","contentUrl":"https:\/\/secure.gravatar.com\/avatar\/16a61e7272a0c5d001121ebb9e60e925d5816e4ac1e443ed3e640d9a6ae55d0c?s=96&d=mm&r=g","caption":"US5"},"url":"https:\/\/veritasinfo.org\/?author=6"}]}},"featured_image_urls":{"full":["https:\/\/veritasinfo.org\/wp-content\/uploads\/2025\/12\/67.jpg",600,360,false],"thumbnail":["https:\/\/veritasinfo.org\/wp-content\/uploads\/2025\/12\/67-150x150.jpg",150,150,true],"medium":["https:\/\/veritasinfo.org\/wp-content\/uploads\/2025\/12\/67-300x180.jpg",300,180,true],"medium_large":["https:\/\/veritasinfo.org\/wp-content\/uploads\/2025\/12\/67.jpg",600,360,false],"large":["https:\/\/veritasinfo.org\/wp-content\/uploads\/2025\/12\/67.jpg",600,360,false],"1536x1536":["https:\/\/veritasinfo.org\/wp-content\/uploads\/2025\/12\/67.jpg",600,360,false],"2048x2048":["https:\/\/veritasinfo.org\/wp-content\/uploads\/2025\/12\/67.jpg",600,360,false],"kreeti-slider-full":["https:\/\/veritasinfo.org\/wp-content\/uploads\/2025\/12\/67.jpg",600,360,false],"kreeti-featured":["https:\/\/veritasinfo.org\/wp-content\/uploads\/2025\/12\/67.jpg",600,360,false],"kreeti-medium":["https:\/\/veritasinfo.org\/wp-content\/uploads\/2025\/12\/67.jpg",600,360,false],"kreeti-medium-square":["https:\/\/veritasinfo.org\/wp-content\/uploads\/2025\/12\/67.jpg",350,210,false]},"author_info":{"info":["US5"]},"category_info":"<a href=\"https:\/\/veritasinfo.org\/?cat=58\" rel=\"category\">Politik\u00eb<\/a>","tag_info":"Politik\u00eb","comment_count":"0","_links":{"self":[{"href":"https:\/\/veritasinfo.org\/index.php?rest_route=\/wp\/v2\/posts\/22874","targetHints":{"allow":["GET"]}}],"collection":[{"href":"https:\/\/veritasinfo.org\/index.php?rest_route=\/wp\/v2\/posts"}],"about":[{"href":"https:\/\/veritasinfo.org\/index.php?rest_route=\/wp\/v2\/types\/post"}],"author":[{"embeddable":true,"href":"https:\/\/veritasinfo.org\/index.php?rest_route=\/wp\/v2\/users\/6"}],"replies":[{"embeddable":true,"href":"https:\/\/veritasinfo.org\/index.php?rest_route=%2Fwp%2Fv2%2Fcomments&post=22874"}],"version-history":[{"count":1,"href":"https:\/\/veritasinfo.org\/index.php?rest_route=\/wp\/v2\/posts\/22874\/revisions"}],"predecessor-version":[{"id":22876,"href":"https:\/\/veritasinfo.org\/index.php?rest_route=\/wp\/v2\/posts\/22874\/revisions\/22876"}],"wp:featuredmedia":[{"embeddable":true,"href":"https:\/\/veritasinfo.org\/index.php?rest_route=\/wp\/v2\/media\/22875"}],"wp:attachment":[{"href":"https:\/\/veritasinfo.org\/index.php?rest_route=%2Fwp%2Fv2%2Fmedia&parent=22874"}],"wp:term":[{"taxonomy":"category","embeddable":true,"href":"https:\/\/veritasinfo.org\/index.php?rest_route=%2Fwp%2Fv2%2Fcategories&post=22874"},{"taxonomy":"post_tag","embeddable":true,"href":"https:\/\/veritasinfo.org\/index.php?rest_route=%2Fwp%2Fv2%2Ftags&post=22874"}],"curies":[{"name":"wp","href":"https:\/\/api.w.org\/{rel}","templated":true}]}}