{"id":2287,"date":"2025-07-02T15:07:29","date_gmt":"2025-07-02T13:07:29","guid":{"rendered":"https:\/\/veritasinfo.org\/?p=2287"},"modified":"2025-07-02T15:07:29","modified_gmt":"2025-07-02T13:07:29","slug":"ambasada-e-gjermanise-ne-kosove-i-reagon-petkoviqit-se-pari-pastroni-para-deres-suaj","status":"publish","type":"post","link":"https:\/\/veritasinfo.org\/?p=2287","title":{"rendered":"Ambasada e Gjermanis\u00eb n\u00eb Kosov\u00eb i reagon Petkoviqit: S\u00eb pari pastroni para der\u00ebs suaj"},"content":{"rendered":"<p>Prishtin\u00eb, 02 Korrik 2025<\/p>\n<p>Ambasada e Gjermanis\u00eb n\u00eb Kosov\u00eb i ka reaguar drejtorit t\u00eb Zyr\u00ebs p\u00ebr Kosov\u00eb n\u00eb Qeverin\u00eb e Serbis\u00eb, Petar Petkoviq, duke th\u00ebn\u00eb se ulja e tensioneve duhet t\u00eb vlej\u00eb barabart\u00eb si p\u00ebr Kosov\u00ebn ashtu edhe p\u00ebr Serbin\u00eb.<\/p>\n<div class=\"instream-video\">\n<div data-id=\"2kQm8Ze4251g\">\n<div class=\"orp-player-wrapper orp-aspectRateFixed orp-tiny-size orp-player-ipm orp-player-ipm-hidden orp-force-hide-player\"><\/div>\n<\/div>\n<\/div>\n<p>Petkoviq \u00ebsht\u00eb ankuar pas vendosjes s\u00eb gurthemeleve nga autoritetet e Kosov\u00ebs p\u00ebr nd\u00ebrtimin e dy urave t\u00eb reja mbi lumin Ib\u00ebr.<\/p>\n<p>Ambasada e Gjermanis\u00eb i ka b\u00ebr\u00eb thirrje Qeveris\u00eb s\u00eb Kosov\u00ebs t\u00eb p\u00ebrmbahet nga veprimet p\u00ebrshkall\u00ebzuese, por Petkoviqit ia ka p\u00ebrmendur d\u00ebshtimin e Serbis\u00eb p\u00ebr t\u2019i sjell\u00eb para drejt\u00ebsis\u00eb p\u00ebrgjegj\u00ebsit p\u00ebr sulmin n\u00eb Banjsk\u00eb n\u00eb shtator t\u00eb vitit 2023, gjat\u00eb t\u00eb cilit u vra rreshteri policor Afrim Bunjaku.<\/p>\n<p>\u201cSi\u00e7 e kemi deklaruar vazhdimisht n\u00eb p\u00ebrgjigjet tona t\u00eb m\u00ebparshme, i b\u00ebjm\u00eb thirrje Qeveris\u00eb s\u00eb Kosov\u00ebs t\u00eb p\u00ebrmbahet nga l\u00ebvizjet p\u00ebrshkall\u00ebzuese. Megjithat\u00eb thirrja p\u00ebr ulje t\u00eb tensioneve duhet t\u00eb vlej\u00eb n\u00eb m\u00ebnyr\u00eb t\u00eb nj\u00ebjt\u00eb p\u00ebr t\u00eb dyja pal\u00ebt. Sigurisht q\u00eb nuk \u00ebsht\u00eb Qeveria e Kosov\u00ebs ajo q\u00eb po d\u00ebshton t\u2019i zbatoj\u00eb masat ligjore kund\u00ebr atyre q\u00eb jan\u00eb p\u00ebrgjegj\u00ebs p\u00ebr sulmin e tmerrsh\u00ebm n\u00eb Banjsk\u00eb. Fakti q\u00eb udh\u00ebheq\u00ebsi i vet\u00ebshpallur i k\u00ebtij sulmi, serbi i Kosov\u00ebs dhe ish-n\u00ebnkryetari i List\u00ebs serbe, Milan Rado\u00e7iqi, pranoi publikisht p\u00ebrgjegj\u00ebsin\u00eb dhe megjithat\u00eb vazhdon t\u00eb l\u00ebviz\u00eb lirsh\u00ebm n\u00eb territorin serb, minon thell\u00ebsisht p\u00ebrpjekjet p\u00ebr ta nxitur besimin dhe llogaridh\u00ebnien n\u00eb rajon\u201d, thuhet nga Ambasada e Gjermanis\u00eb. \u201cN\u00eb gjermanisht ne themi, \u2018Erstmal vor der eigenen hausturh kehren\u2019 \u2013 s\u00eb pari fshini para der\u00ebs suaj. Duke e kthyer n\u00eb situat\u00ebn aktuale, kjo proverb na kujton se duhet ta rregullosh sht\u00ebpin\u00eb tuaj p\u00ebrpara se ta qortoni vazhdimisht Kosov\u00ebn p\u00ebr vendimet e saja\u201d.<\/p>\n<div id=\"__ads-300x250in-4\" class=\"__ads-300x250-inarticle\" data-google-query-id=\"CNqV0d-eno4DFdBIpAQdNmgiyg\">\n<div id=\"futureads_async_1819679697\" data-zone=\"75ad420e-1de5-4209-9067-ba1c1e0e9247\" data-sender=\"futureads\" data-parent-id=\"google_ads_iframe_\/21895329656\/300x250-in-article_0__container__\">\n<div class=\"resize-sensor\" dir=\"ltr\">\n<div class=\"resize-sensor-expand\">\n<div><\/div>\n<\/div>\n<div class=\"resize-sensor-shrink\">\n<div><\/div>\n<\/div>\n<\/div>\n<\/div>\n<\/div>\n<p>Ambasada tha se mosveprimi i Serbis\u00eb n\u00eb ndjekjen penale ndaj shkel\u00ebsve t\u00eb dhunsh\u00ebm \u00ebsht\u00eb po aq p\u00ebr keqardhje dhe kund\u00ebrproduktive sa \u00e7do mas\u00eb e pakoordinuar e marr\u00eb nga pala kosovare.<\/p>\n<p>Petkoviq n\u00eb nj\u00eb deklarat\u00eb p\u00ebr \u201cTanjug\u201d ka th\u00ebn\u00eb se kryeministri n\u00eb detyr\u00eb i Kosov\u00ebs, Albin Kurti, po rrezikon \u201cmbijetes\u00ebn e serb\u00ebve n\u00eb Kosov\u00eb\u201d.<\/p>\n<p>Ai tha se \u201casnj\u00eb serb nuk e miraton nd\u00ebrtimin e urave\u201d dhe e quajti vendimin si \u201cpartiak\u201d. Petkoviq tha se p\u00ebr k\u00ebt\u00eb \u00e7\u00ebshtje ka biseduar edhe me emisarin e Bashkimit Evropian p\u00ebr dialogun Kosov\u00eb \u2013 Serbi, Peter Sorensen.<\/p>\n<p>\u201cKy \u00ebsht\u00eb nj\u00eb vendim partiak i Vet\u00ebvendosjes q\u00eb mbart pasoja katastrofale. Duke njoftuar se urat do t\u00eb hapen n\u00eb tetor para zgjedhjeve lokale, Kurti po e v\u00eb me vet\u00ebdije \u00e7\u00ebshtjen e siguris\u00eb n\u00eb sh\u00ebrbim t\u00eb fushat\u00ebs zgjedhore. Kjo \u00ebsht\u00eb arsyeja pse ai kaloi direkt nga takimi i Procesit t\u00eb Berlinit n\u00eb vendosjen e gurthemelit, duke treguar k\u00ebshtu se nd\u00ebrtimi i paqes dhe bashk\u00ebpunimit nuk ka r\u00ebnd\u00ebsi p\u00ebr t\u00eb! BE-ja duhet ta ndaloj\u00eb Kurtin n\u00eb planet e tij para se t\u00eb jet\u00eb tep\u00ebr von\u00eb\u201d, tha Petkoviq.<\/p>\n<p>&nbsp;<\/p>\n","protected":false},"excerpt":{"rendered":"<p>Prishtin\u00eb, 02 Korrik 2025 Ambasada e Gjermanis\u00eb n\u00eb Kosov\u00eb i ka reaguar drejtorit t\u00eb Zyr\u00ebs p\u00ebr Kosov\u00eb n\u00eb Qeverin\u00eb e Serbis\u00eb, Petar Petkoviq, duke th\u00ebn\u00eb<\/p>\n","protected":false},"author":1,"featured_media":2288,"comment_status":"open","ping_status":"open","sticky":false,"template":"","format":"standard","meta":{"footnotes":""},"categories":[58],"tags":[],"class_list":["post-2287","post","type-post","status-publish","format-standard","has-post-thumbnail","hentry","category-politike-sq"],"yoast_head":"<!-- This site is optimized with the Yoast SEO plugin v25.3.1 - https:\/\/yoast.com\/wordpress\/plugins\/seo\/ -->\n<title>Ambasada e Gjermanis\u00eb n\u00eb Kosov\u00eb i reagon Petkoviqit: S\u00eb pari pastroni para der\u00ebs suaj -<\/title>\n<meta name=\"robots\" content=\"index, follow, max-snippet:-1, max-image-preview:large, max-video-preview:-1\" \/>\n<link rel=\"canonical\" href=\"https:\/\/veritasinfo.org\/?p=2287\" \/>\n<meta property=\"og:locale\" content=\"en_US\" \/>\n<meta property=\"og:type\" content=\"article\" \/>\n<meta property=\"og:title\" content=\"Ambasada e Gjermanis\u00eb n\u00eb Kosov\u00eb i reagon Petkoviqit: S\u00eb pari pastroni para der\u00ebs suaj -\" \/>\n<meta property=\"og:description\" content=\"Prishtin\u00eb, 02 Korrik 2025 Ambasada e Gjermanis\u00eb n\u00eb Kosov\u00eb i ka reaguar drejtorit t\u00eb Zyr\u00ebs p\u00ebr Kosov\u00eb n\u00eb Qeverin\u00eb e Serbis\u00eb, Petar Petkoviq, duke th\u00ebn\u00eb\" \/>\n<meta property=\"og:url\" content=\"https:\/\/veritasinfo.org\/?p=2287\" \/>\n<meta property=\"article:published_time\" content=\"2025-07-02T13:07:29+00:00\" \/>\n<meta property=\"og:image\" content=\"https:\/\/veritasinfo.org\/wp-content\/uploads\/2025\/07\/IMG_1676.webp\" \/>\n\t<meta property=\"og:image:width\" content=\"1041\" \/>\n\t<meta property=\"og:image:height\" content=\"588\" \/>\n\t<meta property=\"og:image:type\" content=\"image\/webp\" \/>\n<meta name=\"author\" content=\"admin\" \/>\n<meta name=\"twitter:card\" content=\"summary_large_image\" \/>\n<meta name=\"twitter:label1\" content=\"Written by\" \/>\n\t<meta name=\"twitter:data1\" content=\"admin\" \/>\n\t<meta name=\"twitter:label2\" content=\"Est. reading time\" \/>\n\t<meta name=\"twitter:data2\" content=\"3 minutes\" \/>\n<script type=\"application\/ld+json\" class=\"yoast-schema-graph\">{\"@context\":\"https:\/\/schema.org\",\"@graph\":[{\"@type\":\"WebPage\",\"@id\":\"https:\/\/veritasinfo.org\/?p=2287\",\"url\":\"https:\/\/veritasinfo.org\/?p=2287\",\"name\":\"Ambasada e Gjermanis\u00eb n\u00eb Kosov\u00eb i reagon Petkoviqit: S\u00eb pari pastroni para der\u00ebs suaj -\",\"isPartOf\":{\"@id\":\"https:\/\/veritasinfo.org\/#website\"},\"primaryImageOfPage\":{\"@id\":\"https:\/\/veritasinfo.org\/?p=2287#primaryimage\"},\"image\":{\"@id\":\"https:\/\/veritasinfo.org\/?p=2287#primaryimage\"},\"thumbnailUrl\":\"https:\/\/veritasinfo.org\/wp-content\/uploads\/2025\/07\/IMG_1676.webp\",\"datePublished\":\"2025-07-02T13:07:29+00:00\",\"author\":{\"@id\":\"https:\/\/veritasinfo.org\/#\/schema\/person\/7701f8c088bece422266b100a712374f\"},\"breadcrumb\":{\"@id\":\"https:\/\/veritasinfo.org\/?p=2287#breadcrumb\"},\"inLanguage\":\"en-US\",\"potentialAction\":[{\"@type\":\"ReadAction\",\"target\":[\"https:\/\/veritasinfo.org\/?p=2287\"]}]},{\"@type\":\"ImageObject\",\"inLanguage\":\"en-US\",\"@id\":\"https:\/\/veritasinfo.org\/?p=2287#primaryimage\",\"url\":\"https:\/\/veritasinfo.org\/wp-content\/uploads\/2025\/07\/IMG_1676.webp\",\"contentUrl\":\"https:\/\/veritasinfo.org\/wp-content\/uploads\/2025\/07\/IMG_1676.webp\",\"width\":1041,\"height\":588},{\"@type\":\"BreadcrumbList\",\"@id\":\"https:\/\/veritasinfo.org\/?p=2287#breadcrumb\",\"itemListElement\":[{\"@type\":\"ListItem\",\"position\":1,\"name\":\"Home\",\"item\":\"https:\/\/veritasinfo.org\/\"},{\"@type\":\"ListItem\",\"position\":2,\"name\":\"Ambasada e Gjermanis\u00eb n\u00eb Kosov\u00eb i reagon Petkoviqit: S\u00eb pari pastroni para der\u00ebs suaj\"}]},{\"@type\":\"WebSite\",\"@id\":\"https:\/\/veritasinfo.org\/#website\",\"url\":\"https:\/\/veritasinfo.org\/\",\"name\":\"\",\"description\":\"\",\"potentialAction\":[{\"@type\":\"SearchAction\",\"target\":{\"@type\":\"EntryPoint\",\"urlTemplate\":\"https:\/\/veritasinfo.org\/?s={search_term_string}\"},\"query-input\":{\"@type\":\"PropertyValueSpecification\",\"valueRequired\":true,\"valueName\":\"search_term_string\"}}],\"inLanguage\":\"en-US\"},{\"@type\":\"Person\",\"@id\":\"https:\/\/veritasinfo.org\/#\/schema\/person\/7701f8c088bece422266b100a712374f\",\"name\":\"admin\",\"image\":{\"@type\":\"ImageObject\",\"inLanguage\":\"en-US\",\"@id\":\"https:\/\/veritasinfo.org\/#\/schema\/person\/image\/\",\"url\":\"https:\/\/secure.gravatar.com\/avatar\/ea53aa3bf6c9a12d5fde8ce4deff43fef3885ae33cf60184161a50d6987cfd2f?s=96&d=mm&r=g\",\"contentUrl\":\"https:\/\/secure.gravatar.com\/avatar\/ea53aa3bf6c9a12d5fde8ce4deff43fef3885ae33cf60184161a50d6987cfd2f?s=96&d=mm&r=g\",\"caption\":\"admin\"},\"sameAs\":[\"https:\/\/veritasinfo.org\"],\"url\":\"https:\/\/veritasinfo.org\/?author=1\"}]}<\/script>\n<!-- \/ Yoast SEO plugin. -->","yoast_head_json":{"title":"Ambasada e Gjermanis\u00eb n\u00eb Kosov\u00eb i reagon Petkoviqit: S\u00eb pari pastroni para der\u00ebs suaj -","robots":{"index":"index","follow":"follow","max-snippet":"max-snippet:-1","max-image-preview":"max-image-preview:large","max-video-preview":"max-video-preview:-1"},"canonical":"https:\/\/veritasinfo.org\/?p=2287","og_locale":"en_US","og_type":"article","og_title":"Ambasada e Gjermanis\u00eb n\u00eb Kosov\u00eb i reagon Petkoviqit: S\u00eb pari pastroni para der\u00ebs suaj -","og_description":"Prishtin\u00eb, 02 Korrik 2025 Ambasada e Gjermanis\u00eb n\u00eb Kosov\u00eb i ka reaguar drejtorit t\u00eb Zyr\u00ebs p\u00ebr Kosov\u00eb n\u00eb Qeverin\u00eb e Serbis\u00eb, Petar Petkoviq, duke th\u00ebn\u00eb","og_url":"https:\/\/veritasinfo.org\/?p=2287","article_published_time":"2025-07-02T13:07:29+00:00","og_image":[{"width":1041,"height":588,"url":"https:\/\/veritasinfo.org\/wp-content\/uploads\/2025\/07\/IMG_1676.webp","type":"image\/webp"}],"author":"admin","twitter_card":"summary_large_image","twitter_misc":{"Written by":"admin","Est. reading time":"3 minutes"},"schema":{"@context":"https:\/\/schema.org","@graph":[{"@type":"WebPage","@id":"https:\/\/veritasinfo.org\/?p=2287","url":"https:\/\/veritasinfo.org\/?p=2287","name":"Ambasada e Gjermanis\u00eb n\u00eb Kosov\u00eb i reagon Petkoviqit: S\u00eb pari pastroni para der\u00ebs suaj -","isPartOf":{"@id":"https:\/\/veritasinfo.org\/#website"},"primaryImageOfPage":{"@id":"https:\/\/veritasinfo.org\/?p=2287#primaryimage"},"image":{"@id":"https:\/\/veritasinfo.org\/?p=2287#primaryimage"},"thumbnailUrl":"https:\/\/veritasinfo.org\/wp-content\/uploads\/2025\/07\/IMG_1676.webp","datePublished":"2025-07-02T13:07:29+00:00","author":{"@id":"https:\/\/veritasinfo.org\/#\/schema\/person\/7701f8c088bece422266b100a712374f"},"breadcrumb":{"@id":"https:\/\/veritasinfo.org\/?p=2287#breadcrumb"},"inLanguage":"en-US","potentialAction":[{"@type":"ReadAction","target":["https:\/\/veritasinfo.org\/?p=2287"]}]},{"@type":"ImageObject","inLanguage":"en-US","@id":"https:\/\/veritasinfo.org\/?p=2287#primaryimage","url":"https:\/\/veritasinfo.org\/wp-content\/uploads\/2025\/07\/IMG_1676.webp","contentUrl":"https:\/\/veritasinfo.org\/wp-content\/uploads\/2025\/07\/IMG_1676.webp","width":1041,"height":588},{"@type":"BreadcrumbList","@id":"https:\/\/veritasinfo.org\/?p=2287#breadcrumb","itemListElement":[{"@type":"ListItem","position":1,"name":"Home","item":"https:\/\/veritasinfo.org\/"},{"@type":"ListItem","position":2,"name":"Ambasada e Gjermanis\u00eb n\u00eb Kosov\u00eb i reagon Petkoviqit: S\u00eb pari pastroni para der\u00ebs suaj"}]},{"@type":"WebSite","@id":"https:\/\/veritasinfo.org\/#website","url":"https:\/\/veritasinfo.org\/","name":"","description":"","potentialAction":[{"@type":"SearchAction","target":{"@type":"EntryPoint","urlTemplate":"https:\/\/veritasinfo.org\/?s={search_term_string}"},"query-input":{"@type":"PropertyValueSpecification","valueRequired":true,"valueName":"search_term_string"}}],"inLanguage":"en-US"},{"@type":"Person","@id":"https:\/\/veritasinfo.org\/#\/schema\/person\/7701f8c088bece422266b100a712374f","name":"admin","image":{"@type":"ImageObject","inLanguage":"en-US","@id":"https:\/\/veritasinfo.org\/#\/schema\/person\/image\/","url":"https:\/\/secure.gravatar.com\/avatar\/ea53aa3bf6c9a12d5fde8ce4deff43fef3885ae33cf60184161a50d6987cfd2f?s=96&d=mm&r=g","contentUrl":"https:\/\/secure.gravatar.com\/avatar\/ea53aa3bf6c9a12d5fde8ce4deff43fef3885ae33cf60184161a50d6987cfd2f?s=96&d=mm&r=g","caption":"admin"},"sameAs":["https:\/\/veritasinfo.org"],"url":"https:\/\/veritasinfo.org\/?author=1"}]}},"featured_image_urls":{"full":["https:\/\/veritasinfo.org\/wp-content\/uploads\/2025\/07\/IMG_1676.webp",1041,588,false],"thumbnail":["https:\/\/veritasinfo.org\/wp-content\/uploads\/2025\/07\/IMG_1676-150x150.webp",150,150,true],"medium":["https:\/\/veritasinfo.org\/wp-content\/uploads\/2025\/07\/IMG_1676-300x169.webp",300,169,true],"medium_large":["https:\/\/veritasinfo.org\/wp-content\/uploads\/2025\/07\/IMG_1676-768x434.webp",640,362,true],"large":["https:\/\/veritasinfo.org\/wp-content\/uploads\/2025\/07\/IMG_1676-1024x578.webp",640,361,true],"1536x1536":["https:\/\/veritasinfo.org\/wp-content\/uploads\/2025\/07\/IMG_1676.webp",1041,588,false],"2048x2048":["https:\/\/veritasinfo.org\/wp-content\/uploads\/2025\/07\/IMG_1676.webp",1041,588,false],"kreeti-slider-full":["https:\/\/veritasinfo.org\/wp-content\/uploads\/2025\/07\/IMG_1676.webp",1041,588,false],"kreeti-featured":["https:\/\/veritasinfo.org\/wp-content\/uploads\/2025\/07\/IMG_1676.webp",1024,578,false],"kreeti-medium":["https:\/\/veritasinfo.org\/wp-content\/uploads\/2025\/07\/IMG_1676.webp",720,407,false],"kreeti-medium-square":["https:\/\/veritasinfo.org\/wp-content\/uploads\/2025\/07\/IMG_1676.webp",350,198,false]},"author_info":{"info":["admin"]},"category_info":"<a href=\"https:\/\/veritasinfo.org\/?cat=58\" rel=\"category\">Politik\u00eb<\/a>","tag_info":"Politik\u00eb","comment_count":"0","_links":{"self":[{"href":"https:\/\/veritasinfo.org\/index.php?rest_route=\/wp\/v2\/posts\/2287","targetHints":{"allow":["GET"]}}],"collection":[{"href":"https:\/\/veritasinfo.org\/index.php?rest_route=\/wp\/v2\/posts"}],"about":[{"href":"https:\/\/veritasinfo.org\/index.php?rest_route=\/wp\/v2\/types\/post"}],"author":[{"embeddable":true,"href":"https:\/\/veritasinfo.org\/index.php?rest_route=\/wp\/v2\/users\/1"}],"replies":[{"embeddable":true,"href":"https:\/\/veritasinfo.org\/index.php?rest_route=%2Fwp%2Fv2%2Fcomments&post=2287"}],"version-history":[{"count":1,"href":"https:\/\/veritasinfo.org\/index.php?rest_route=\/wp\/v2\/posts\/2287\/revisions"}],"predecessor-version":[{"id":2289,"href":"https:\/\/veritasinfo.org\/index.php?rest_route=\/wp\/v2\/posts\/2287\/revisions\/2289"}],"wp:featuredmedia":[{"embeddable":true,"href":"https:\/\/veritasinfo.org\/index.php?rest_route=\/wp\/v2\/media\/2288"}],"wp:attachment":[{"href":"https:\/\/veritasinfo.org\/index.php?rest_route=%2Fwp%2Fv2%2Fmedia&parent=2287"}],"wp:term":[{"taxonomy":"category","embeddable":true,"href":"https:\/\/veritasinfo.org\/index.php?rest_route=%2Fwp%2Fv2%2Fcategories&post=2287"},{"taxonomy":"post_tag","embeddable":true,"href":"https:\/\/veritasinfo.org\/index.php?rest_route=%2Fwp%2Fv2%2Ftags&post=2287"}],"curies":[{"name":"wp","href":"https:\/\/api.w.org\/{rel}","templated":true}]}}