{"id":22869,"date":"2025-12-05T08:18:18","date_gmt":"2025-12-05T07:18:18","guid":{"rendered":"https:\/\/veritasinfo.org\/?p=22869"},"modified":"2025-12-05T08:18:18","modified_gmt":"2025-12-05T07:18:18","slug":"serbia-arreston-ne-merdar-shtetasin-shqiptar-pretendon-se-ia-gjeten-flamurin-e-uck-se","status":"publish","type":"post","link":"https:\/\/veritasinfo.org\/?p=22869","title":{"rendered":"Serbia arreston n\u00eb Merdar shtetasin shqiptar, pretendon se ia gjet\u00ebn flamurin e U\u00c7K-s\u00eb"},"content":{"rendered":"<p>Prishtin\u00eb 05 Dhjetor 2025 08:16<\/p>\n<p>Policia e Serbis\u00eb njofton ka arrestuar nj\u00eb shtetas shqiptar, L.D. (1992), n\u00ebn dyshimin se i ka gjetur n\u00eb vetur\u00eb nj\u00eb flamur me simbole t\u00eb U\u00c7K-s\u00eb.<\/p>\n<p>Sipas njoftimit t\u00eb Ministris\u00eb s\u00eb Pun\u00ebve t\u00eb Brendshme t\u00eb Serbis\u00eb, ngjarja ka ndodhur n\u00eb pik\u00ebn kufitare t\u00eb Merdares, ku policia ka kontrolluar nj\u00eb furgon t\u00eb tipit Mercedes, i cili drejtohej nga i shtetasi shqiptar dhe vinte nga drejtimi i Policis\u00eb s\u00eb Kosov\u00ebs.<\/p>\n<p>Gjat\u00eb kontrollit, policia thot\u00eb se i ka gjetur n\u00ebn sedilje nj\u00eb flamur t\u00eb kuq me shenja t\u00eb Ushtris\u00eb \u00c7lirimtare t\u00eb Kosov\u00ebs (U\u00c7K).<\/p>\n<p>L.D. \u00ebsht\u00eb ndaluar p\u00ebr 48 or\u00eb dhe pritet t\u00eb d\u00ebrgohet n\u00eb Prokurorin\u00eb e Lart\u00eb Publike n\u00eb Prokuplje, ku do t\u00eb procedohet me kall\u00ebzim penal p\u00ebr vepr\u00ebn e dyshuar. <\/p>\n","protected":false},"excerpt":{"rendered":"<p>Prishtin\u00eb 05 Dhjetor 2025 08:16 Policia e Serbis\u00eb njofton ka arrestuar nj\u00eb shtetas shqiptar, L.D. (1992), n\u00ebn dyshimin se i ka gjetur n\u00eb vetur\u00eb nj\u00eb<\/p>\n","protected":false},"author":6,"featured_media":22870,"comment_status":"open","ping_status":"open","sticky":false,"template":"","format":"standard","meta":{"footnotes":""},"categories":[58],"tags":[],"class_list":["post-22869","post","type-post","status-publish","format-standard","has-post-thumbnail","hentry","category-politike-sq"],"yoast_head":"<!-- This site is optimized with the Yoast SEO plugin v25.3.1 - https:\/\/yoast.com\/wordpress\/plugins\/seo\/ -->\n<title>Serbia arreston n\u00eb Merdar shtetasin shqiptar, pretendon se ia gjet\u00ebn flamurin e U\u00c7K-s\u00eb -<\/title>\n<meta name=\"robots\" content=\"index, follow, max-snippet:-1, max-image-preview:large, max-video-preview:-1\" \/>\n<link rel=\"canonical\" href=\"https:\/\/veritasinfo.org\/?p=22869\" \/>\n<meta property=\"og:locale\" content=\"en_US\" \/>\n<meta property=\"og:type\" content=\"article\" \/>\n<meta property=\"og:title\" content=\"Serbia arreston n\u00eb Merdar shtetasin shqiptar, pretendon se ia gjet\u00ebn flamurin e U\u00c7K-s\u00eb -\" \/>\n<meta property=\"og:description\" content=\"Prishtin\u00eb 05 Dhjetor 2025 08:16 Policia e Serbis\u00eb njofton ka arrestuar nj\u00eb shtetas shqiptar, L.D. (1992), n\u00ebn dyshimin se i ka gjetur n\u00eb vetur\u00eb nj\u00eb\" \/>\n<meta property=\"og:url\" content=\"https:\/\/veritasinfo.org\/?p=22869\" \/>\n<meta property=\"article:published_time\" content=\"2025-12-05T07:18:18+00:00\" \/>\n<meta property=\"og:image\" content=\"https:\/\/veritasinfo.org\/wp-content\/uploads\/2025\/12\/f83f774c-1967-4c62-81fe-df37021e6ae8.jpg\" \/>\n\t<meta property=\"og:image:width\" content=\"750\" \/>\n\t<meta property=\"og:image:height\" content=\"375\" \/>\n\t<meta property=\"og:image:type\" content=\"image\/jpeg\" \/>\n<meta name=\"author\" content=\"US5\" \/>\n<meta name=\"twitter:card\" content=\"summary_large_image\" \/>\n<meta name=\"twitter:label1\" content=\"Written by\" \/>\n\t<meta name=\"twitter:data1\" content=\"US5\" \/>\n\t<meta name=\"twitter:label2\" content=\"Est. reading time\" \/>\n\t<meta name=\"twitter:data2\" content=\"1 minute\" \/>\n<script type=\"application\/ld+json\" class=\"yoast-schema-graph\">{\"@context\":\"https:\/\/schema.org\",\"@graph\":[{\"@type\":\"WebPage\",\"@id\":\"https:\/\/veritasinfo.org\/?p=22869\",\"url\":\"https:\/\/veritasinfo.org\/?p=22869\",\"name\":\"Serbia arreston n\u00eb Merdar shtetasin shqiptar, pretendon se ia gjet\u00ebn flamurin e U\u00c7K-s\u00eb -\",\"isPartOf\":{\"@id\":\"https:\/\/veritasinfo.org\/#website\"},\"primaryImageOfPage\":{\"@id\":\"https:\/\/veritasinfo.org\/?p=22869#primaryimage\"},\"image\":{\"@id\":\"https:\/\/veritasinfo.org\/?p=22869#primaryimage\"},\"thumbnailUrl\":\"https:\/\/veritasinfo.org\/wp-content\/uploads\/2025\/12\/f83f774c-1967-4c62-81fe-df37021e6ae8.jpg\",\"datePublished\":\"2025-12-05T07:18:18+00:00\",\"author\":{\"@id\":\"https:\/\/veritasinfo.org\/#\/schema\/person\/bc442336e35414d04494ab8fb45db4c6\"},\"breadcrumb\":{\"@id\":\"https:\/\/veritasinfo.org\/?p=22869#breadcrumb\"},\"inLanguage\":\"en-US\",\"potentialAction\":[{\"@type\":\"ReadAction\",\"target\":[\"https:\/\/veritasinfo.org\/?p=22869\"]}]},{\"@type\":\"ImageObject\",\"inLanguage\":\"en-US\",\"@id\":\"https:\/\/veritasinfo.org\/?p=22869#primaryimage\",\"url\":\"https:\/\/veritasinfo.org\/wp-content\/uploads\/2025\/12\/f83f774c-1967-4c62-81fe-df37021e6ae8.jpg\",\"contentUrl\":\"https:\/\/veritasinfo.org\/wp-content\/uploads\/2025\/12\/f83f774c-1967-4c62-81fe-df37021e6ae8.jpg\",\"width\":750,\"height\":375},{\"@type\":\"BreadcrumbList\",\"@id\":\"https:\/\/veritasinfo.org\/?p=22869#breadcrumb\",\"itemListElement\":[{\"@type\":\"ListItem\",\"position\":1,\"name\":\"Home\",\"item\":\"https:\/\/veritasinfo.org\/\"},{\"@type\":\"ListItem\",\"position\":2,\"name\":\"Serbia arreston n\u00eb Merdar shtetasin shqiptar, pretendon se ia gjet\u00ebn flamurin e U\u00c7K-s\u00eb\"}]},{\"@type\":\"WebSite\",\"@id\":\"https:\/\/veritasinfo.org\/#website\",\"url\":\"https:\/\/veritasinfo.org\/\",\"name\":\"\",\"description\":\"\",\"potentialAction\":[{\"@type\":\"SearchAction\",\"target\":{\"@type\":\"EntryPoint\",\"urlTemplate\":\"https:\/\/veritasinfo.org\/?s={search_term_string}\"},\"query-input\":{\"@type\":\"PropertyValueSpecification\",\"valueRequired\":true,\"valueName\":\"search_term_string\"}}],\"inLanguage\":\"en-US\"},{\"@type\":\"Person\",\"@id\":\"https:\/\/veritasinfo.org\/#\/schema\/person\/bc442336e35414d04494ab8fb45db4c6\",\"name\":\"US5\",\"image\":{\"@type\":\"ImageObject\",\"inLanguage\":\"en-US\",\"@id\":\"https:\/\/veritasinfo.org\/#\/schema\/person\/image\/\",\"url\":\"https:\/\/secure.gravatar.com\/avatar\/16a61e7272a0c5d001121ebb9e60e925d5816e4ac1e443ed3e640d9a6ae55d0c?s=96&d=mm&r=g\",\"contentUrl\":\"https:\/\/secure.gravatar.com\/avatar\/16a61e7272a0c5d001121ebb9e60e925d5816e4ac1e443ed3e640d9a6ae55d0c?s=96&d=mm&r=g\",\"caption\":\"US5\"},\"url\":\"https:\/\/veritasinfo.org\/?author=6\"}]}<\/script>\n<!-- \/ Yoast SEO plugin. -->","yoast_head_json":{"title":"Serbia arreston n\u00eb Merdar shtetasin shqiptar, pretendon se ia gjet\u00ebn flamurin e U\u00c7K-s\u00eb -","robots":{"index":"index","follow":"follow","max-snippet":"max-snippet:-1","max-image-preview":"max-image-preview:large","max-video-preview":"max-video-preview:-1"},"canonical":"https:\/\/veritasinfo.org\/?p=22869","og_locale":"en_US","og_type":"article","og_title":"Serbia arreston n\u00eb Merdar shtetasin shqiptar, pretendon se ia gjet\u00ebn flamurin e U\u00c7K-s\u00eb -","og_description":"Prishtin\u00eb 05 Dhjetor 2025 08:16 Policia e Serbis\u00eb njofton ka arrestuar nj\u00eb shtetas shqiptar, L.D. (1992), n\u00ebn dyshimin se i ka gjetur n\u00eb vetur\u00eb nj\u00eb","og_url":"https:\/\/veritasinfo.org\/?p=22869","article_published_time":"2025-12-05T07:18:18+00:00","og_image":[{"width":750,"height":375,"url":"https:\/\/veritasinfo.org\/wp-content\/uploads\/2025\/12\/f83f774c-1967-4c62-81fe-df37021e6ae8.jpg","type":"image\/jpeg"}],"author":"US5","twitter_card":"summary_large_image","twitter_misc":{"Written by":"US5","Est. reading time":"1 minute"},"schema":{"@context":"https:\/\/schema.org","@graph":[{"@type":"WebPage","@id":"https:\/\/veritasinfo.org\/?p=22869","url":"https:\/\/veritasinfo.org\/?p=22869","name":"Serbia arreston n\u00eb Merdar shtetasin shqiptar, pretendon se ia gjet\u00ebn flamurin e U\u00c7K-s\u00eb -","isPartOf":{"@id":"https:\/\/veritasinfo.org\/#website"},"primaryImageOfPage":{"@id":"https:\/\/veritasinfo.org\/?p=22869#primaryimage"},"image":{"@id":"https:\/\/veritasinfo.org\/?p=22869#primaryimage"},"thumbnailUrl":"https:\/\/veritasinfo.org\/wp-content\/uploads\/2025\/12\/f83f774c-1967-4c62-81fe-df37021e6ae8.jpg","datePublished":"2025-12-05T07:18:18+00:00","author":{"@id":"https:\/\/veritasinfo.org\/#\/schema\/person\/bc442336e35414d04494ab8fb45db4c6"},"breadcrumb":{"@id":"https:\/\/veritasinfo.org\/?p=22869#breadcrumb"},"inLanguage":"en-US","potentialAction":[{"@type":"ReadAction","target":["https:\/\/veritasinfo.org\/?p=22869"]}]},{"@type":"ImageObject","inLanguage":"en-US","@id":"https:\/\/veritasinfo.org\/?p=22869#primaryimage","url":"https:\/\/veritasinfo.org\/wp-content\/uploads\/2025\/12\/f83f774c-1967-4c62-81fe-df37021e6ae8.jpg","contentUrl":"https:\/\/veritasinfo.org\/wp-content\/uploads\/2025\/12\/f83f774c-1967-4c62-81fe-df37021e6ae8.jpg","width":750,"height":375},{"@type":"BreadcrumbList","@id":"https:\/\/veritasinfo.org\/?p=22869#breadcrumb","itemListElement":[{"@type":"ListItem","position":1,"name":"Home","item":"https:\/\/veritasinfo.org\/"},{"@type":"ListItem","position":2,"name":"Serbia arreston n\u00eb Merdar shtetasin shqiptar, pretendon se ia gjet\u00ebn flamurin e U\u00c7K-s\u00eb"}]},{"@type":"WebSite","@id":"https:\/\/veritasinfo.org\/#website","url":"https:\/\/veritasinfo.org\/","name":"","description":"","potentialAction":[{"@type":"SearchAction","target":{"@type":"EntryPoint","urlTemplate":"https:\/\/veritasinfo.org\/?s={search_term_string}"},"query-input":{"@type":"PropertyValueSpecification","valueRequired":true,"valueName":"search_term_string"}}],"inLanguage":"en-US"},{"@type":"Person","@id":"https:\/\/veritasinfo.org\/#\/schema\/person\/bc442336e35414d04494ab8fb45db4c6","name":"US5","image":{"@type":"ImageObject","inLanguage":"en-US","@id":"https:\/\/veritasinfo.org\/#\/schema\/person\/image\/","url":"https:\/\/secure.gravatar.com\/avatar\/16a61e7272a0c5d001121ebb9e60e925d5816e4ac1e443ed3e640d9a6ae55d0c?s=96&d=mm&r=g","contentUrl":"https:\/\/secure.gravatar.com\/avatar\/16a61e7272a0c5d001121ebb9e60e925d5816e4ac1e443ed3e640d9a6ae55d0c?s=96&d=mm&r=g","caption":"US5"},"url":"https:\/\/veritasinfo.org\/?author=6"}]}},"featured_image_urls":{"full":["https:\/\/veritasinfo.org\/wp-content\/uploads\/2025\/12\/f83f774c-1967-4c62-81fe-df37021e6ae8.jpg",750,375,false],"thumbnail":["https:\/\/veritasinfo.org\/wp-content\/uploads\/2025\/12\/f83f774c-1967-4c62-81fe-df37021e6ae8-150x150.jpg",150,150,true],"medium":["https:\/\/veritasinfo.org\/wp-content\/uploads\/2025\/12\/f83f774c-1967-4c62-81fe-df37021e6ae8-300x150.jpg",300,150,true],"medium_large":["https:\/\/veritasinfo.org\/wp-content\/uploads\/2025\/12\/f83f774c-1967-4c62-81fe-df37021e6ae8.jpg",640,320,false],"large":["https:\/\/veritasinfo.org\/wp-content\/uploads\/2025\/12\/f83f774c-1967-4c62-81fe-df37021e6ae8.jpg",640,320,false],"1536x1536":["https:\/\/veritasinfo.org\/wp-content\/uploads\/2025\/12\/f83f774c-1967-4c62-81fe-df37021e6ae8.jpg",750,375,false],"2048x2048":["https:\/\/veritasinfo.org\/wp-content\/uploads\/2025\/12\/f83f774c-1967-4c62-81fe-df37021e6ae8.jpg",750,375,false],"kreeti-slider-full":["https:\/\/veritasinfo.org\/wp-content\/uploads\/2025\/12\/f83f774c-1967-4c62-81fe-df37021e6ae8.jpg",750,375,false],"kreeti-featured":["https:\/\/veritasinfo.org\/wp-content\/uploads\/2025\/12\/f83f774c-1967-4c62-81fe-df37021e6ae8.jpg",750,375,false],"kreeti-medium":["https:\/\/veritasinfo.org\/wp-content\/uploads\/2025\/12\/f83f774c-1967-4c62-81fe-df37021e6ae8.jpg",720,360,false],"kreeti-medium-square":["https:\/\/veritasinfo.org\/wp-content\/uploads\/2025\/12\/f83f774c-1967-4c62-81fe-df37021e6ae8.jpg",350,175,false]},"author_info":{"info":["US5"]},"category_info":"<a href=\"https:\/\/veritasinfo.org\/?cat=58\" rel=\"category\">Politik\u00eb<\/a>","tag_info":"Politik\u00eb","comment_count":"0","_links":{"self":[{"href":"https:\/\/veritasinfo.org\/index.php?rest_route=\/wp\/v2\/posts\/22869","targetHints":{"allow":["GET"]}}],"collection":[{"href":"https:\/\/veritasinfo.org\/index.php?rest_route=\/wp\/v2\/posts"}],"about":[{"href":"https:\/\/veritasinfo.org\/index.php?rest_route=\/wp\/v2\/types\/post"}],"author":[{"embeddable":true,"href":"https:\/\/veritasinfo.org\/index.php?rest_route=\/wp\/v2\/users\/6"}],"replies":[{"embeddable":true,"href":"https:\/\/veritasinfo.org\/index.php?rest_route=%2Fwp%2Fv2%2Fcomments&post=22869"}],"version-history":[{"count":1,"href":"https:\/\/veritasinfo.org\/index.php?rest_route=\/wp\/v2\/posts\/22869\/revisions"}],"predecessor-version":[{"id":22871,"href":"https:\/\/veritasinfo.org\/index.php?rest_route=\/wp\/v2\/posts\/22869\/revisions\/22871"}],"wp:featuredmedia":[{"embeddable":true,"href":"https:\/\/veritasinfo.org\/index.php?rest_route=\/wp\/v2\/media\/22870"}],"wp:attachment":[{"href":"https:\/\/veritasinfo.org\/index.php?rest_route=%2Fwp%2Fv2%2Fmedia&parent=22869"}],"wp:term":[{"taxonomy":"category","embeddable":true,"href":"https:\/\/veritasinfo.org\/index.php?rest_route=%2Fwp%2Fv2%2Fcategories&post=22869"},{"taxonomy":"post_tag","embeddable":true,"href":"https:\/\/veritasinfo.org\/index.php?rest_route=%2Fwp%2Fv2%2Ftags&post=22869"}],"curies":[{"name":"wp","href":"https:\/\/api.w.org\/{rel}","templated":true}]}}