{"id":22864,"date":"2025-12-05T08:05:29","date_gmt":"2025-12-05T07:05:29","guid":{"rendered":"https:\/\/veritasinfo.org\/?p=22864"},"modified":"2025-12-05T08:05:29","modified_gmt":"2025-12-05T07:05:29","slug":"situate-alarmante-ne-lugine-rexhepi-diskriminimi-mund-te-coje-ne-skenare-te-vitit-2001","status":"publish","type":"post","link":"https:\/\/veritasinfo.org\/?p=22864","title":{"rendered":"\u201cSituat\u00eb alarmante n\u00eb Lugin\u00eb\u201d \u2013 Rexhepi: Diskriminimi mund t\u00eb \u00e7oj\u00eb n\u00eb skenar\u00eb t\u00eb vitit 2001"},"content":{"rendered":"<p><strong>Prishtin\u00eb, 05 dhjetor 2025 08:04<\/strong><\/p>\n<p>Kryetari i K\u00ebshillit Komb\u00ebtar Shqiptar, Enkel Rexhepi, deklaroi n\u00eb A2 CNN se pas reagimit t\u00eb fort\u00eb n\u00eb Kongresin Amerikan priten hapa konkret\u00eb p\u00ebr ndalimin e diskriminimit ndaj shqiptar\u00ebve n\u00eb Lugin\u00ebn e Preshev\u00ebs, duke filluar me rikthimin e adresave t\u00eb pasivizuara.<\/p>\n<p>Rexhepi theksoi se situata aktuale \u00ebsht\u00eb tep\u00ebr e rrezikshme, sidomos p\u00ebr shkak t\u00eb diskriminimit n\u00eb institucionet e siguris\u00eb. Sipas tij, n\u00ebse vazhdon ky trend, brenda dhjet\u00eb vitesh asnj\u00eb shqiptar nuk do t\u00eb mbetet n\u00eb policin\u00eb e Serbis\u00eb n\u00eb Lugin\u00eb.<\/p>\n<p>\u201cKjo \u00ebsht\u00eb alarmante. Konflikti i vitit 2001 erdhi pik\u00ebrisht nga shtypja institucionale dhe nga sjelljet e policis\u00eb. N\u00ebse policia b\u00ebhet t\u00ebr\u00ebsisht etnike serbe, diskriminimi dhe shtypja do t\u00eb jen\u00eb t\u00eb pashmangshme, dhe shqiptar\u00ebt do t\u00eb detyrohen t\u00eb mbrojn\u00eb veten. Kjo mund t\u00eb na kthej\u00eb n\u00eb situatat e vitit 2001, dhe kjo nuk duhet t\u00eb lejohet\u201d, u shpreh Rexhepi.<\/p>\n<p>Ai tha se k\u00ebt\u00eb shqet\u00ebsim ia ka paraqitur personalisht partner\u00ebve nd\u00ebrkomb\u00ebtar\u00eb: \u201cE kemi th\u00ebn\u00eb hapur si n\u00eb Berlin, ashtu edhe n\u00eb Washington: kjo \u00e7\u00ebshtje \u00ebsht\u00eb tep\u00ebr delikate dhe mund t\u00eb degjeneroj\u00eb n\u00eb skenar\u00eb shum\u00eb t\u00eb rreziksh\u00ebm n\u00ebse nuk veprohet tani\u201d.<\/p>\n<p>Rexhepi u shpreh optimist se pas sinjalit t\u00eb fort\u00eb nga Kongresi Amerikan, politika serbe do t\u00eb vihet n\u00ebn presion p\u00ebr t\u00eb korrigjuar shkeljet: \u201cHapi i par\u00eb duhet t\u00eb jet\u00eb rikthimi i t\u00eb gjitha adresave t\u00eb pasivizuara dhe integrimi real i shqiptar\u00ebve n\u00eb institucione\u201d.<\/p>\n","protected":false},"excerpt":{"rendered":"<p>Prishtin\u00eb, 05 dhjetor 2025 08:04 Kryetari i K\u00ebshillit Komb\u00ebtar Shqiptar, Enkel Rexhepi, deklaroi n\u00eb A2 CNN se pas reagimit t\u00eb fort\u00eb n\u00eb Kongresin Amerikan priten<\/p>\n","protected":false},"author":7,"featured_media":22865,"comment_status":"open","ping_status":"open","sticky":false,"template":"","format":"standard","meta":{"footnotes":""},"categories":[58],"tags":[],"class_list":["post-22864","post","type-post","status-publish","format-standard","has-post-thumbnail","hentry","category-politike-sq"],"yoast_head":"<!-- This site is optimized with the Yoast SEO plugin v25.3.1 - https:\/\/yoast.com\/wordpress\/plugins\/seo\/ -->\n<title>\u201cSituat\u00eb alarmante n\u00eb Lugin\u00eb\u201d \u2013 Rexhepi: Diskriminimi mund t\u00eb \u00e7oj\u00eb n\u00eb skenar\u00eb t\u00eb vitit 2001 -<\/title>\n<meta name=\"robots\" content=\"index, follow, max-snippet:-1, max-image-preview:large, max-video-preview:-1\" \/>\n<link rel=\"canonical\" href=\"https:\/\/veritasinfo.org\/?p=22864\" \/>\n<meta property=\"og:locale\" content=\"en_US\" \/>\n<meta property=\"og:type\" content=\"article\" \/>\n<meta property=\"og:title\" content=\"\u201cSituat\u00eb alarmante n\u00eb Lugin\u00eb\u201d \u2013 Rexhepi: Diskriminimi mund t\u00eb \u00e7oj\u00eb n\u00eb skenar\u00eb t\u00eb vitit 2001 -\" \/>\n<meta property=\"og:description\" content=\"Prishtin\u00eb, 05 dhjetor 2025 08:04 Kryetari i K\u00ebshillit Komb\u00ebtar Shqiptar, Enkel Rexhepi, deklaroi n\u00eb A2 CNN se pas reagimit t\u00eb fort\u00eb n\u00eb Kongresin Amerikan priten\" \/>\n<meta property=\"og:url\" content=\"https:\/\/veritasinfo.org\/?p=22864\" \/>\n<meta property=\"article:published_time\" content=\"2025-12-05T07:05:29+00:00\" \/>\n<meta property=\"og:image\" content=\"https:\/\/veritasinfo.org\/wp-content\/uploads\/2025\/12\/enke.png\" \/>\n\t<meta property=\"og:image:width\" content=\"1107\" \/>\n\t<meta property=\"og:image:height\" content=\"626\" \/>\n\t<meta property=\"og:image:type\" content=\"image\/png\" \/>\n<meta name=\"author\" content=\"US6\" \/>\n<meta name=\"twitter:card\" content=\"summary_large_image\" \/>\n<meta name=\"twitter:label1\" content=\"Written by\" \/>\n\t<meta name=\"twitter:data1\" content=\"US6\" \/>\n\t<meta name=\"twitter:label2\" content=\"Est. reading time\" \/>\n\t<meta name=\"twitter:data2\" content=\"2 minutes\" \/>\n<script type=\"application\/ld+json\" class=\"yoast-schema-graph\">{\"@context\":\"https:\/\/schema.org\",\"@graph\":[{\"@type\":\"WebPage\",\"@id\":\"https:\/\/veritasinfo.org\/?p=22864\",\"url\":\"https:\/\/veritasinfo.org\/?p=22864\",\"name\":\"\u201cSituat\u00eb alarmante n\u00eb Lugin\u00eb\u201d \u2013 Rexhepi: Diskriminimi mund t\u00eb \u00e7oj\u00eb n\u00eb skenar\u00eb t\u00eb vitit 2001 -\",\"isPartOf\":{\"@id\":\"https:\/\/veritasinfo.org\/#website\"},\"primaryImageOfPage\":{\"@id\":\"https:\/\/veritasinfo.org\/?p=22864#primaryimage\"},\"image\":{\"@id\":\"https:\/\/veritasinfo.org\/?p=22864#primaryimage\"},\"thumbnailUrl\":\"https:\/\/veritasinfo.org\/wp-content\/uploads\/2025\/12\/enke.png\",\"datePublished\":\"2025-12-05T07:05:29+00:00\",\"author\":{\"@id\":\"https:\/\/veritasinfo.org\/#\/schema\/person\/fe199eede04c3937362892b7444747cc\"},\"breadcrumb\":{\"@id\":\"https:\/\/veritasinfo.org\/?p=22864#breadcrumb\"},\"inLanguage\":\"en-US\",\"potentialAction\":[{\"@type\":\"ReadAction\",\"target\":[\"https:\/\/veritasinfo.org\/?p=22864\"]}]},{\"@type\":\"ImageObject\",\"inLanguage\":\"en-US\",\"@id\":\"https:\/\/veritasinfo.org\/?p=22864#primaryimage\",\"url\":\"https:\/\/veritasinfo.org\/wp-content\/uploads\/2025\/12\/enke.png\",\"contentUrl\":\"https:\/\/veritasinfo.org\/wp-content\/uploads\/2025\/12\/enke.png\",\"width\":1107,\"height\":626},{\"@type\":\"BreadcrumbList\",\"@id\":\"https:\/\/veritasinfo.org\/?p=22864#breadcrumb\",\"itemListElement\":[{\"@type\":\"ListItem\",\"position\":1,\"name\":\"Home\",\"item\":\"https:\/\/veritasinfo.org\/\"},{\"@type\":\"ListItem\",\"position\":2,\"name\":\"\u201cSituat\u00eb alarmante n\u00eb Lugin\u00eb\u201d \u2013 Rexhepi: Diskriminimi mund t\u00eb \u00e7oj\u00eb n\u00eb skenar\u00eb t\u00eb vitit 2001\"}]},{\"@type\":\"WebSite\",\"@id\":\"https:\/\/veritasinfo.org\/#website\",\"url\":\"https:\/\/veritasinfo.org\/\",\"name\":\"\",\"description\":\"\",\"potentialAction\":[{\"@type\":\"SearchAction\",\"target\":{\"@type\":\"EntryPoint\",\"urlTemplate\":\"https:\/\/veritasinfo.org\/?s={search_term_string}\"},\"query-input\":{\"@type\":\"PropertyValueSpecification\",\"valueRequired\":true,\"valueName\":\"search_term_string\"}}],\"inLanguage\":\"en-US\"},{\"@type\":\"Person\",\"@id\":\"https:\/\/veritasinfo.org\/#\/schema\/person\/fe199eede04c3937362892b7444747cc\",\"name\":\"US6\",\"image\":{\"@type\":\"ImageObject\",\"inLanguage\":\"en-US\",\"@id\":\"https:\/\/veritasinfo.org\/#\/schema\/person\/image\/\",\"url\":\"https:\/\/secure.gravatar.com\/avatar\/cb16c3c31c9d23b9b8c705964598220b3014e42ff51eb540ff23cefa3ae8c15f?s=96&d=mm&r=g\",\"contentUrl\":\"https:\/\/secure.gravatar.com\/avatar\/cb16c3c31c9d23b9b8c705964598220b3014e42ff51eb540ff23cefa3ae8c15f?s=96&d=mm&r=g\",\"caption\":\"US6\"},\"url\":\"https:\/\/veritasinfo.org\/?author=7\"}]}<\/script>\n<!-- \/ Yoast SEO plugin. -->","yoast_head_json":{"title":"\u201cSituat\u00eb alarmante n\u00eb Lugin\u00eb\u201d \u2013 Rexhepi: Diskriminimi mund t\u00eb \u00e7oj\u00eb n\u00eb skenar\u00eb t\u00eb vitit 2001 -","robots":{"index":"index","follow":"follow","max-snippet":"max-snippet:-1","max-image-preview":"max-image-preview:large","max-video-preview":"max-video-preview:-1"},"canonical":"https:\/\/veritasinfo.org\/?p=22864","og_locale":"en_US","og_type":"article","og_title":"\u201cSituat\u00eb alarmante n\u00eb Lugin\u00eb\u201d \u2013 Rexhepi: Diskriminimi mund t\u00eb \u00e7oj\u00eb n\u00eb skenar\u00eb t\u00eb vitit 2001 -","og_description":"Prishtin\u00eb, 05 dhjetor 2025 08:04 Kryetari i K\u00ebshillit Komb\u00ebtar Shqiptar, Enkel Rexhepi, deklaroi n\u00eb A2 CNN se pas reagimit t\u00eb fort\u00eb n\u00eb Kongresin Amerikan priten","og_url":"https:\/\/veritasinfo.org\/?p=22864","article_published_time":"2025-12-05T07:05:29+00:00","og_image":[{"width":1107,"height":626,"url":"https:\/\/veritasinfo.org\/wp-content\/uploads\/2025\/12\/enke.png","type":"image\/png"}],"author":"US6","twitter_card":"summary_large_image","twitter_misc":{"Written by":"US6","Est. reading time":"2 minutes"},"schema":{"@context":"https:\/\/schema.org","@graph":[{"@type":"WebPage","@id":"https:\/\/veritasinfo.org\/?p=22864","url":"https:\/\/veritasinfo.org\/?p=22864","name":"\u201cSituat\u00eb alarmante n\u00eb Lugin\u00eb\u201d \u2013 Rexhepi: Diskriminimi mund t\u00eb \u00e7oj\u00eb n\u00eb skenar\u00eb t\u00eb vitit 2001 -","isPartOf":{"@id":"https:\/\/veritasinfo.org\/#website"},"primaryImageOfPage":{"@id":"https:\/\/veritasinfo.org\/?p=22864#primaryimage"},"image":{"@id":"https:\/\/veritasinfo.org\/?p=22864#primaryimage"},"thumbnailUrl":"https:\/\/veritasinfo.org\/wp-content\/uploads\/2025\/12\/enke.png","datePublished":"2025-12-05T07:05:29+00:00","author":{"@id":"https:\/\/veritasinfo.org\/#\/schema\/person\/fe199eede04c3937362892b7444747cc"},"breadcrumb":{"@id":"https:\/\/veritasinfo.org\/?p=22864#breadcrumb"},"inLanguage":"en-US","potentialAction":[{"@type":"ReadAction","target":["https:\/\/veritasinfo.org\/?p=22864"]}]},{"@type":"ImageObject","inLanguage":"en-US","@id":"https:\/\/veritasinfo.org\/?p=22864#primaryimage","url":"https:\/\/veritasinfo.org\/wp-content\/uploads\/2025\/12\/enke.png","contentUrl":"https:\/\/veritasinfo.org\/wp-content\/uploads\/2025\/12\/enke.png","width":1107,"height":626},{"@type":"BreadcrumbList","@id":"https:\/\/veritasinfo.org\/?p=22864#breadcrumb","itemListElement":[{"@type":"ListItem","position":1,"name":"Home","item":"https:\/\/veritasinfo.org\/"},{"@type":"ListItem","position":2,"name":"\u201cSituat\u00eb alarmante n\u00eb Lugin\u00eb\u201d \u2013 Rexhepi: Diskriminimi mund t\u00eb \u00e7oj\u00eb n\u00eb skenar\u00eb t\u00eb vitit 2001"}]},{"@type":"WebSite","@id":"https:\/\/veritasinfo.org\/#website","url":"https:\/\/veritasinfo.org\/","name":"","description":"","potentialAction":[{"@type":"SearchAction","target":{"@type":"EntryPoint","urlTemplate":"https:\/\/veritasinfo.org\/?s={search_term_string}"},"query-input":{"@type":"PropertyValueSpecification","valueRequired":true,"valueName":"search_term_string"}}],"inLanguage":"en-US"},{"@type":"Person","@id":"https:\/\/veritasinfo.org\/#\/schema\/person\/fe199eede04c3937362892b7444747cc","name":"US6","image":{"@type":"ImageObject","inLanguage":"en-US","@id":"https:\/\/veritasinfo.org\/#\/schema\/person\/image\/","url":"https:\/\/secure.gravatar.com\/avatar\/cb16c3c31c9d23b9b8c705964598220b3014e42ff51eb540ff23cefa3ae8c15f?s=96&d=mm&r=g","contentUrl":"https:\/\/secure.gravatar.com\/avatar\/cb16c3c31c9d23b9b8c705964598220b3014e42ff51eb540ff23cefa3ae8c15f?s=96&d=mm&r=g","caption":"US6"},"url":"https:\/\/veritasinfo.org\/?author=7"}]}},"featured_image_urls":{"full":["https:\/\/veritasinfo.org\/wp-content\/uploads\/2025\/12\/enke.png",1107,626,false],"thumbnail":["https:\/\/veritasinfo.org\/wp-content\/uploads\/2025\/12\/enke-150x150.png",150,150,true],"medium":["https:\/\/veritasinfo.org\/wp-content\/uploads\/2025\/12\/enke-300x170.png",300,170,true],"medium_large":["https:\/\/veritasinfo.org\/wp-content\/uploads\/2025\/12\/enke-768x434.png",640,362,true],"large":["https:\/\/veritasinfo.org\/wp-content\/uploads\/2025\/12\/enke-1024x579.png",640,362,true],"1536x1536":["https:\/\/veritasinfo.org\/wp-content\/uploads\/2025\/12\/enke.png",1107,626,false],"2048x2048":["https:\/\/veritasinfo.org\/wp-content\/uploads\/2025\/12\/enke.png",1107,626,false],"kreeti-slider-full":["https:\/\/veritasinfo.org\/wp-content\/uploads\/2025\/12\/enke.png",1107,626,false],"kreeti-featured":["https:\/\/veritasinfo.org\/wp-content\/uploads\/2025\/12\/enke.png",1024,579,false],"kreeti-medium":["https:\/\/veritasinfo.org\/wp-content\/uploads\/2025\/12\/enke.png",720,407,false],"kreeti-medium-square":["https:\/\/veritasinfo.org\/wp-content\/uploads\/2025\/12\/enke.png",350,198,false]},"author_info":{"info":["US6"]},"category_info":"<a href=\"https:\/\/veritasinfo.org\/?cat=58\" rel=\"category\">Politik\u00eb<\/a>","tag_info":"Politik\u00eb","comment_count":"0","_links":{"self":[{"href":"https:\/\/veritasinfo.org\/index.php?rest_route=\/wp\/v2\/posts\/22864","targetHints":{"allow":["GET"]}}],"collection":[{"href":"https:\/\/veritasinfo.org\/index.php?rest_route=\/wp\/v2\/posts"}],"about":[{"href":"https:\/\/veritasinfo.org\/index.php?rest_route=\/wp\/v2\/types\/post"}],"author":[{"embeddable":true,"href":"https:\/\/veritasinfo.org\/index.php?rest_route=\/wp\/v2\/users\/7"}],"replies":[{"embeddable":true,"href":"https:\/\/veritasinfo.org\/index.php?rest_route=%2Fwp%2Fv2%2Fcomments&post=22864"}],"version-history":[{"count":1,"href":"https:\/\/veritasinfo.org\/index.php?rest_route=\/wp\/v2\/posts\/22864\/revisions"}],"predecessor-version":[{"id":22866,"href":"https:\/\/veritasinfo.org\/index.php?rest_route=\/wp\/v2\/posts\/22864\/revisions\/22866"}],"wp:featuredmedia":[{"embeddable":true,"href":"https:\/\/veritasinfo.org\/index.php?rest_route=\/wp\/v2\/media\/22865"}],"wp:attachment":[{"href":"https:\/\/veritasinfo.org\/index.php?rest_route=%2Fwp%2Fv2%2Fmedia&parent=22864"}],"wp:term":[{"taxonomy":"category","embeddable":true,"href":"https:\/\/veritasinfo.org\/index.php?rest_route=%2Fwp%2Fv2%2Fcategories&post=22864"},{"taxonomy":"post_tag","embeddable":true,"href":"https:\/\/veritasinfo.org\/index.php?rest_route=%2Fwp%2Fv2%2Ftags&post=22864"}],"curies":[{"name":"wp","href":"https:\/\/api.w.org\/{rel}","templated":true}]}}