{"id":22859,"date":"2025-12-05T07:28:31","date_gmt":"2025-12-05T06:28:31","guid":{"rendered":"https:\/\/veritasinfo.org\/?p=22859"},"modified":"2025-12-05T07:28:31","modified_gmt":"2025-12-05T06:28:31","slug":"gervalla-ne-vjene-serbia-duhet-te-kete-pasoja-reale-per-sulmin-ne-banjske","status":"publish","type":"post","link":"https:\/\/veritasinfo.org\/?p=22859","title":{"rendered":"G\u00ebrvalla n\u00eb Vjen\u00eb: Serbia duhet t\u00eb ket\u00eb pasoja reale p\u00ebr sulmin n\u00eb Banjsk\u00eb"},"content":{"rendered":"<p><strong>Prishtin\u00eb, 05 dhjetor 2025 07:28<\/strong><\/p>\n<p>Ministrja n\u00eb detyr\u00eb e Pun\u00ebve t\u00eb Jashtme t\u00eb Kosov\u00ebs, Donika G\u00ebrvalla ka th\u00ebn\u00eb se masat e padrejta ndaj Kosov\u00ebs duhet t\u00eb hiqen dhe se p\u00ebr sulmin n\u00eb Banjsk\u00eb duhet t\u00eb ket\u00eb pasoja reale p\u00ebr Serbin\u00eb.<\/p>\n<p>Ajo k\u00ebshtu \u00ebsht\u00eb shprehur n\u00eb kuad\u00ebr t\u00eb takimit ministror \u201cMiqt\u00eb e Ballkanit Per\u00ebndimor\u201d n\u00eb Vjen\u00eb.<\/p>\n<p>\u201cMesazhi im n\u00eb Vjen\u00eb ishte shum\u00eb i qart\u00eb. Masat e padrejta ndaj Kosov\u00ebs duhet t\u00eb hiqen. Sulmi agresor dhe paramilitar n\u00eb Banjsk\u00eb duhet t\u00eb ket\u00eb pasoja reale p\u00ebr Serbin\u00eb dhe organizator\u00ebt e tij, p\u00ebrfshir\u00eb Millan Radoi\u00e7iqin q\u00eb duhet t\u00eb dal\u00eb para drejt\u00ebsis\u00eb n\u00eb Kosov\u00eb\u201d, ka shkruar G\u00ebrvalla n\u00eb Facebook.<\/p>\n<p>G\u00ebrvalla n\u00eb k\u00ebt\u00eb takim ku mori pjes\u00eb me ftes\u00eb t\u00eb Ministres Federale p\u00ebr Pun\u00eb Evropiane dhe Nd\u00ebrkomb\u00ebtare t\u00eb Austris\u00eb, Beate Meinl-Reisinger, dhe n\u00eb prani edhe t\u00eb P\u00ebrfaq\u00ebsueses s\u00eb Lart\u00eb t\u00eb BE-s\u00eb p\u00ebr Pun\u00eb t\u00eb Jashtme dhe Siguri, Kaja Kallas, ka th\u00ebn\u00eb se dialogu me Serbin\u00eb ka kuptim vet\u00ebm n\u00ebse p\u00ebrfundon me njohje t\u00eb nd\u00ebrsjell\u00eb nd\u00ebrmjet dy shteteve.<\/p>\n<p>\u201cSiguria dhe perspektiva evropiane e Kosov\u00ebs nuk mund t\u00eb trajtohen t\u00eb ndara. Kosova e ka d\u00ebshmuar n\u00eb praktik\u00eb se ku q\u00ebndron n\u00eb raport me vlerat euroatlantike. Tani mbetet q\u00eb Bashkimi Evropian ta p\u00ebrkthej\u00eb k\u00ebt\u00eb realitet n\u00eb hapa konkret\u00eb n\u00eb procesin e zgjerimit\u201d, \u00ebsht\u00eb shprehur G\u00ebrvalla.<\/p>\n<p>Ajo ka th\u00ebn\u00eb se ka ngritur si shqet\u00ebsim edhe trajtimin posht\u00ebrues q\u00eb iu b\u00ebhet n\u00eb vazhdim\u00ebsi qytetar\u00ebve t\u00eb Republik\u00ebs s\u00eb Kosov\u00ebs n\u00eb kufi me Serbin\u00eb, nga ndalesat pa arsye deri te arrestimet arbitrare nga autoritetet serbe, praktika q\u00eb bien ndesh me parimet evropiane dhe me standardet minimale t\u00eb respektimit t\u00eb t\u00eb drejtave t\u00eb njeriut dhe l\u00ebvizjes s\u00eb lir\u00eb.<\/p>\n<p>&nbsp;<\/p>\n","protected":false},"excerpt":{"rendered":"<p>Prishtin\u00eb, 05 dhjetor 2025 07:28 Ministrja n\u00eb detyr\u00eb e Pun\u00ebve t\u00eb Jashtme t\u00eb Kosov\u00ebs, Donika G\u00ebrvalla ka th\u00ebn\u00eb se masat e padrejta ndaj Kosov\u00ebs duhet<\/p>\n","protected":false},"author":7,"featured_media":22860,"comment_status":"open","ping_status":"open","sticky":false,"template":"","format":"standard","meta":{"footnotes":""},"categories":[58],"tags":[],"class_list":["post-22859","post","type-post","status-publish","format-standard","has-post-thumbnail","hentry","category-politike-sq"],"yoast_head":"<!-- This site is optimized with the Yoast SEO plugin v25.3.1 - https:\/\/yoast.com\/wordpress\/plugins\/seo\/ -->\n<title>G\u00ebrvalla n\u00eb Vjen\u00eb: Serbia duhet t\u00eb ket\u00eb pasoja reale p\u00ebr sulmin n\u00eb Banjsk\u00eb -<\/title>\n<meta name=\"robots\" content=\"index, follow, max-snippet:-1, max-image-preview:large, max-video-preview:-1\" \/>\n<link rel=\"canonical\" href=\"https:\/\/veritasinfo.org\/?p=22859\" \/>\n<meta property=\"og:locale\" content=\"en_US\" \/>\n<meta property=\"og:type\" content=\"article\" \/>\n<meta property=\"og:title\" content=\"G\u00ebrvalla n\u00eb Vjen\u00eb: Serbia duhet t\u00eb ket\u00eb pasoja reale p\u00ebr sulmin n\u00eb Banjsk\u00eb -\" \/>\n<meta property=\"og:description\" content=\"Prishtin\u00eb, 05 dhjetor 2025 07:28 Ministrja n\u00eb detyr\u00eb e Pun\u00ebve t\u00eb Jashtme t\u00eb Kosov\u00ebs, Donika G\u00ebrvalla ka th\u00ebn\u00eb se masat e padrejta ndaj Kosov\u00ebs duhet\" \/>\n<meta property=\"og:url\" content=\"https:\/\/veritasinfo.org\/?p=22859\" \/>\n<meta property=\"article:published_time\" content=\"2025-12-05T06:28:31+00:00\" \/>\n<meta property=\"og:image\" content=\"https:\/\/veritasinfo.org\/wp-content\/uploads\/2025\/12\/Screenshot-2025-12-05-072620.jpg\" \/>\n\t<meta property=\"og:image:width\" content=\"1120\" \/>\n\t<meta property=\"og:image:height\" content=\"752\" \/>\n\t<meta property=\"og:image:type\" content=\"image\/jpeg\" \/>\n<meta name=\"author\" content=\"US6\" \/>\n<meta name=\"twitter:card\" content=\"summary_large_image\" \/>\n<meta name=\"twitter:label1\" content=\"Written by\" \/>\n\t<meta name=\"twitter:data1\" content=\"US6\" \/>\n\t<meta name=\"twitter:label2\" content=\"Est. reading time\" \/>\n\t<meta name=\"twitter:data2\" content=\"2 minutes\" \/>\n<script type=\"application\/ld+json\" class=\"yoast-schema-graph\">{\"@context\":\"https:\/\/schema.org\",\"@graph\":[{\"@type\":\"WebPage\",\"@id\":\"https:\/\/veritasinfo.org\/?p=22859\",\"url\":\"https:\/\/veritasinfo.org\/?p=22859\",\"name\":\"G\u00ebrvalla n\u00eb Vjen\u00eb: Serbia duhet t\u00eb ket\u00eb pasoja reale p\u00ebr sulmin n\u00eb Banjsk\u00eb -\",\"isPartOf\":{\"@id\":\"https:\/\/veritasinfo.org\/#website\"},\"primaryImageOfPage\":{\"@id\":\"https:\/\/veritasinfo.org\/?p=22859#primaryimage\"},\"image\":{\"@id\":\"https:\/\/veritasinfo.org\/?p=22859#primaryimage\"},\"thumbnailUrl\":\"https:\/\/veritasinfo.org\/wp-content\/uploads\/2025\/12\/Screenshot-2025-12-05-072620.jpg\",\"datePublished\":\"2025-12-05T06:28:31+00:00\",\"author\":{\"@id\":\"https:\/\/veritasinfo.org\/#\/schema\/person\/fe199eede04c3937362892b7444747cc\"},\"breadcrumb\":{\"@id\":\"https:\/\/veritasinfo.org\/?p=22859#breadcrumb\"},\"inLanguage\":\"en-US\",\"potentialAction\":[{\"@type\":\"ReadAction\",\"target\":[\"https:\/\/veritasinfo.org\/?p=22859\"]}]},{\"@type\":\"ImageObject\",\"inLanguage\":\"en-US\",\"@id\":\"https:\/\/veritasinfo.org\/?p=22859#primaryimage\",\"url\":\"https:\/\/veritasinfo.org\/wp-content\/uploads\/2025\/12\/Screenshot-2025-12-05-072620.jpg\",\"contentUrl\":\"https:\/\/veritasinfo.org\/wp-content\/uploads\/2025\/12\/Screenshot-2025-12-05-072620.jpg\",\"width\":1120,\"height\":752},{\"@type\":\"BreadcrumbList\",\"@id\":\"https:\/\/veritasinfo.org\/?p=22859#breadcrumb\",\"itemListElement\":[{\"@type\":\"ListItem\",\"position\":1,\"name\":\"Home\",\"item\":\"https:\/\/veritasinfo.org\/\"},{\"@type\":\"ListItem\",\"position\":2,\"name\":\"G\u00ebrvalla n\u00eb Vjen\u00eb: Serbia duhet t\u00eb ket\u00eb pasoja reale p\u00ebr sulmin n\u00eb Banjsk\u00eb\"}]},{\"@type\":\"WebSite\",\"@id\":\"https:\/\/veritasinfo.org\/#website\",\"url\":\"https:\/\/veritasinfo.org\/\",\"name\":\"\",\"description\":\"\",\"potentialAction\":[{\"@type\":\"SearchAction\",\"target\":{\"@type\":\"EntryPoint\",\"urlTemplate\":\"https:\/\/veritasinfo.org\/?s={search_term_string}\"},\"query-input\":{\"@type\":\"PropertyValueSpecification\",\"valueRequired\":true,\"valueName\":\"search_term_string\"}}],\"inLanguage\":\"en-US\"},{\"@type\":\"Person\",\"@id\":\"https:\/\/veritasinfo.org\/#\/schema\/person\/fe199eede04c3937362892b7444747cc\",\"name\":\"US6\",\"image\":{\"@type\":\"ImageObject\",\"inLanguage\":\"en-US\",\"@id\":\"https:\/\/veritasinfo.org\/#\/schema\/person\/image\/\",\"url\":\"https:\/\/secure.gravatar.com\/avatar\/cb16c3c31c9d23b9b8c705964598220b3014e42ff51eb540ff23cefa3ae8c15f?s=96&d=mm&r=g\",\"contentUrl\":\"https:\/\/secure.gravatar.com\/avatar\/cb16c3c31c9d23b9b8c705964598220b3014e42ff51eb540ff23cefa3ae8c15f?s=96&d=mm&r=g\",\"caption\":\"US6\"},\"url\":\"https:\/\/veritasinfo.org\/?author=7\"}]}<\/script>\n<!-- \/ Yoast SEO plugin. -->","yoast_head_json":{"title":"G\u00ebrvalla n\u00eb Vjen\u00eb: Serbia duhet t\u00eb ket\u00eb pasoja reale p\u00ebr sulmin n\u00eb Banjsk\u00eb -","robots":{"index":"index","follow":"follow","max-snippet":"max-snippet:-1","max-image-preview":"max-image-preview:large","max-video-preview":"max-video-preview:-1"},"canonical":"https:\/\/veritasinfo.org\/?p=22859","og_locale":"en_US","og_type":"article","og_title":"G\u00ebrvalla n\u00eb Vjen\u00eb: Serbia duhet t\u00eb ket\u00eb pasoja reale p\u00ebr sulmin n\u00eb Banjsk\u00eb -","og_description":"Prishtin\u00eb, 05 dhjetor 2025 07:28 Ministrja n\u00eb detyr\u00eb e Pun\u00ebve t\u00eb Jashtme t\u00eb Kosov\u00ebs, Donika G\u00ebrvalla ka th\u00ebn\u00eb se masat e padrejta ndaj Kosov\u00ebs duhet","og_url":"https:\/\/veritasinfo.org\/?p=22859","article_published_time":"2025-12-05T06:28:31+00:00","og_image":[{"width":1120,"height":752,"url":"https:\/\/veritasinfo.org\/wp-content\/uploads\/2025\/12\/Screenshot-2025-12-05-072620.jpg","type":"image\/jpeg"}],"author":"US6","twitter_card":"summary_large_image","twitter_misc":{"Written by":"US6","Est. reading time":"2 minutes"},"schema":{"@context":"https:\/\/schema.org","@graph":[{"@type":"WebPage","@id":"https:\/\/veritasinfo.org\/?p=22859","url":"https:\/\/veritasinfo.org\/?p=22859","name":"G\u00ebrvalla n\u00eb Vjen\u00eb: Serbia duhet t\u00eb ket\u00eb pasoja reale p\u00ebr sulmin n\u00eb Banjsk\u00eb -","isPartOf":{"@id":"https:\/\/veritasinfo.org\/#website"},"primaryImageOfPage":{"@id":"https:\/\/veritasinfo.org\/?p=22859#primaryimage"},"image":{"@id":"https:\/\/veritasinfo.org\/?p=22859#primaryimage"},"thumbnailUrl":"https:\/\/veritasinfo.org\/wp-content\/uploads\/2025\/12\/Screenshot-2025-12-05-072620.jpg","datePublished":"2025-12-05T06:28:31+00:00","author":{"@id":"https:\/\/veritasinfo.org\/#\/schema\/person\/fe199eede04c3937362892b7444747cc"},"breadcrumb":{"@id":"https:\/\/veritasinfo.org\/?p=22859#breadcrumb"},"inLanguage":"en-US","potentialAction":[{"@type":"ReadAction","target":["https:\/\/veritasinfo.org\/?p=22859"]}]},{"@type":"ImageObject","inLanguage":"en-US","@id":"https:\/\/veritasinfo.org\/?p=22859#primaryimage","url":"https:\/\/veritasinfo.org\/wp-content\/uploads\/2025\/12\/Screenshot-2025-12-05-072620.jpg","contentUrl":"https:\/\/veritasinfo.org\/wp-content\/uploads\/2025\/12\/Screenshot-2025-12-05-072620.jpg","width":1120,"height":752},{"@type":"BreadcrumbList","@id":"https:\/\/veritasinfo.org\/?p=22859#breadcrumb","itemListElement":[{"@type":"ListItem","position":1,"name":"Home","item":"https:\/\/veritasinfo.org\/"},{"@type":"ListItem","position":2,"name":"G\u00ebrvalla n\u00eb Vjen\u00eb: Serbia duhet t\u00eb ket\u00eb pasoja reale p\u00ebr sulmin n\u00eb Banjsk\u00eb"}]},{"@type":"WebSite","@id":"https:\/\/veritasinfo.org\/#website","url":"https:\/\/veritasinfo.org\/","name":"","description":"","potentialAction":[{"@type":"SearchAction","target":{"@type":"EntryPoint","urlTemplate":"https:\/\/veritasinfo.org\/?s={search_term_string}"},"query-input":{"@type":"PropertyValueSpecification","valueRequired":true,"valueName":"search_term_string"}}],"inLanguage":"en-US"},{"@type":"Person","@id":"https:\/\/veritasinfo.org\/#\/schema\/person\/fe199eede04c3937362892b7444747cc","name":"US6","image":{"@type":"ImageObject","inLanguage":"en-US","@id":"https:\/\/veritasinfo.org\/#\/schema\/person\/image\/","url":"https:\/\/secure.gravatar.com\/avatar\/cb16c3c31c9d23b9b8c705964598220b3014e42ff51eb540ff23cefa3ae8c15f?s=96&d=mm&r=g","contentUrl":"https:\/\/secure.gravatar.com\/avatar\/cb16c3c31c9d23b9b8c705964598220b3014e42ff51eb540ff23cefa3ae8c15f?s=96&d=mm&r=g","caption":"US6"},"url":"https:\/\/veritasinfo.org\/?author=7"}]}},"featured_image_urls":{"full":["https:\/\/veritasinfo.org\/wp-content\/uploads\/2025\/12\/Screenshot-2025-12-05-072620.jpg",1120,752,false],"thumbnail":["https:\/\/veritasinfo.org\/wp-content\/uploads\/2025\/12\/Screenshot-2025-12-05-072620-150x150.jpg",150,150,true],"medium":["https:\/\/veritasinfo.org\/wp-content\/uploads\/2025\/12\/Screenshot-2025-12-05-072620-300x201.jpg",300,201,true],"medium_large":["https:\/\/veritasinfo.org\/wp-content\/uploads\/2025\/12\/Screenshot-2025-12-05-072620-768x516.jpg",640,430,true],"large":["https:\/\/veritasinfo.org\/wp-content\/uploads\/2025\/12\/Screenshot-2025-12-05-072620-1024x688.jpg",640,430,true],"1536x1536":["https:\/\/veritasinfo.org\/wp-content\/uploads\/2025\/12\/Screenshot-2025-12-05-072620.jpg",1120,752,false],"2048x2048":["https:\/\/veritasinfo.org\/wp-content\/uploads\/2025\/12\/Screenshot-2025-12-05-072620.jpg",1120,752,false],"kreeti-slider-full":["https:\/\/veritasinfo.org\/wp-content\/uploads\/2025\/12\/Screenshot-2025-12-05-072620.jpg",1072,720,false],"kreeti-featured":["https:\/\/veritasinfo.org\/wp-content\/uploads\/2025\/12\/Screenshot-2025-12-05-072620.jpg",1024,688,false],"kreeti-medium":["https:\/\/veritasinfo.org\/wp-content\/uploads\/2025\/12\/Screenshot-2025-12-05-072620.jpg",720,483,false],"kreeti-medium-square":["https:\/\/veritasinfo.org\/wp-content\/uploads\/2025\/12\/Screenshot-2025-12-05-072620.jpg",350,235,false]},"author_info":{"info":["US6"]},"category_info":"<a href=\"https:\/\/veritasinfo.org\/?cat=58\" rel=\"category\">Politik\u00eb<\/a>","tag_info":"Politik\u00eb","comment_count":"0","_links":{"self":[{"href":"https:\/\/veritasinfo.org\/index.php?rest_route=\/wp\/v2\/posts\/22859","targetHints":{"allow":["GET"]}}],"collection":[{"href":"https:\/\/veritasinfo.org\/index.php?rest_route=\/wp\/v2\/posts"}],"about":[{"href":"https:\/\/veritasinfo.org\/index.php?rest_route=\/wp\/v2\/types\/post"}],"author":[{"embeddable":true,"href":"https:\/\/veritasinfo.org\/index.php?rest_route=\/wp\/v2\/users\/7"}],"replies":[{"embeddable":true,"href":"https:\/\/veritasinfo.org\/index.php?rest_route=%2Fwp%2Fv2%2Fcomments&post=22859"}],"version-history":[{"count":1,"href":"https:\/\/veritasinfo.org\/index.php?rest_route=\/wp\/v2\/posts\/22859\/revisions"}],"predecessor-version":[{"id":22861,"href":"https:\/\/veritasinfo.org\/index.php?rest_route=\/wp\/v2\/posts\/22859\/revisions\/22861"}],"wp:featuredmedia":[{"embeddable":true,"href":"https:\/\/veritasinfo.org\/index.php?rest_route=\/wp\/v2\/media\/22860"}],"wp:attachment":[{"href":"https:\/\/veritasinfo.org\/index.php?rest_route=%2Fwp%2Fv2%2Fmedia&parent=22859"}],"wp:term":[{"taxonomy":"category","embeddable":true,"href":"https:\/\/veritasinfo.org\/index.php?rest_route=%2Fwp%2Fv2%2Fcategories&post=22859"},{"taxonomy":"post_tag","embeddable":true,"href":"https:\/\/veritasinfo.org\/index.php?rest_route=%2Fwp%2Fv2%2Ftags&post=22859"}],"curies":[{"name":"wp","href":"https:\/\/api.w.org\/{rel}","templated":true}]}}