{"id":2285,"date":"2025-07-02T13:17:41","date_gmt":"2025-07-02T11:17:41","guid":{"rendered":"https:\/\/veritasinfo.org\/?p=2285"},"modified":"2025-07-02T13:17:41","modified_gmt":"2025-07-02T11:17:41","slug":"sudjenje-optuzenima-za-terorizam-strane-dale-zavrsne-reci","status":"publish","type":"post","link":"https:\/\/veritasinfo.org\/?p=2285&lang=sr","title":{"rendered":"Su\u0111enje optu\u017eenima za terorizam, strane dale zavr\u0161ne re\u010di"},"content":{"rendered":"<p>Pri\u0161tina, 02. jul 2025.<\/p>\n<p>Su\u0111enje optu\u017eenom za u\u010de\u0161\u0107e u teroristi\u010dkoj grupi ISIS, Blerimu Silji, zavr\u0161eno je izno\u0161enjem zavr\u0161nih re\u010di na sednici, 03.04.2025. godine.<br \/>\nKancelarija Specijalnog tu\u017eila\u0161tva (KST) i advokat odbrane optu\u017eenog izneli su svoje tvrdnje u vezi sa ovim slu\u010dajem.<br \/>\nIz KST, Habibe Salihu je zatra\u017eio da se optu\u017eeni kazni u skladu sa va\u017ee\u0107im zakonima, jer su izvedeni dokazi u potpunosti dokazali \u010dinjenicu da je isti u\u010destvovao u teroristi\u010dkoj grupi ISIS.<\/p>\n<p>\u201eTokom saslu\u0161anja, izvedeni su dokazi iz kojih je nedvosmisleno dokazano da je Blerim Silja, sa namerom da se pridru\u017ei ISIS-u 13.11.2013. godine, otputovao u Istanbul i potvr\u0111eno je da je odatle oti\u0161ao u Hataj da bi nastavio ka Siriji, gde je potom sme\u0161ten u Centar za obuku.\u201c \u2013 detaljnije je objasnio zavr\u0161nu re\u010d tu\u017eioca Salihua.<\/p>\n<p>Tu\u017eilac je dalje dodao da drugi dokazi, poput telefonskih poruka koje je optu\u017eeni razmenjivao sa porodicom, dokazuju gde je bio, sa kim je bio i informacije o drugim ljudima koji su bili tamo.<\/p>\n<p>Zavr\u0161nu re\u010d u ovom slu\u010daju dao je i advokat optu\u017eenog Sile, Besnik Beri\u0161a.<\/p>\n<p>Advokat optu\u017eenog Sile zatra\u017eio je da se njegov klijent oslobodi optu\u017ebi, rekav\u0161i da treba gledati dalje od statistike i obe\u0107anja koja su nekada data u vezi sa slu\u010dajem odlaska Kosovara u Siriju.<\/p>\n<p>Dalje, zatra\u017eio je da, ako Sudsko ve\u0107e donese odluku koja nije osloba\u0111aju\u0107a, uzmu u obzir okolnosti poput starosti, porodi\u010dnog statusa i drugih.<\/p>\n<p>\u201eMolim vas da idete dalje od statistike i obe\u0107anja koja su nekada data, a koja je pravda prihvatila, da je vreme da se Blerim Silja oslobodi zbog terorizma, ako se ne sla\u017eete sa mnom, i da moja tuma\u010denja mogu biti odbrambena retorika, zamolio sam vas da uzmete u obzir njegove godine, porodicu, roditelja, koji je kao mlad \u010dovek radio od prvog dana, a nije i\u0161ao u Siriju, i da njegova porodica baca oko na Blerima. Blerim od dana kada je ekstradiran iz Makedonije, zbog \u010dega je dobrovoljno podneo zahtev za njegov br\u017ei povratak, i do danas nismo podneli zahtev za prekid pritvora, jer smo \u017eeleli da okon\u010damo su\u0111enje.\u201c \u2013 rekao je advokat optu\u017eenog Sile.<\/p>\n<p>Advokat optu\u017eenog je, u svojoj zavr\u0161noj re\u010di, napao dokaze koje tu\u017eila\u0161tvo tvrdi da ima protiv Sile &#8211; smatraju\u0107i objavljivanje transkripta telefonskih poruka, za koje je rekao da ne sadr\u017ee ni\u0161ta inkrimini\u0161u\u0107e, nezakonitim i neustavnim.<\/p>\n<p>\u201eTranskripti SMS poruka za gospodina Silu, svi zajedno i svaki pojedina\u010dno, potvr\u0111uju samo jednu \u010dinjenicu, koja je nezakonita i neustavna, da je Blerim putovao u Siriju i da nije stigao u Siriju, i da ga je majka pozvala i rekla da se vrati pre Nove godine.\u201c \u2013 rekao je advokat optu\u017eenog Sile.<\/p>\n<p>Ovaj slu\u010daj vode Ngadnjim Arni, Kujtim Krasni\u0107i i Ku\u0161trim \u0160iti.<\/p>\n<p>\u0160ta ka\u017ee tu\u017eila\u010dki dosije?<\/p>\n<p>Prema optu\u017enici Specijalnog tu\u017eila\u0161tva Kosova, Blerim Silu je optu\u017een za u\u010de\u0161\u0107e u teroristi\u010dkim grupama, naime teroristi\u010dkoj grupi ISIS.<\/p>\n<p>Prema tu\u017eila\u0161tvu, Silu je 03.11.2013. godine otputovao u Istanbul, Turska, a zatim oti\u0161ao u grad Hataj.<\/p>\n<p>Silino putovanje, prema tu\u017eila\u0161tvu, tu nije zavr\u0161eno, jer je on potom nastavio put ka gradu Hataju, Turska, sa kona\u010dnim odredi\u0161tem grad Azra, Sirija.<\/p>\n<p>Silin dolazak nije bio slu\u010dajan, jer je, prema Tu\u017eila\u0161tvu, bio sme\u0161ten u Centar za obuku, gde je izvodio ve\u017ebe u jednom od gradova Sirije.<\/p>\n<p>Obavljao je obuku ga\u0111anja za anga\u017eovanje i u\u010de\u0161\u0107e u borbi, a prema Tu\u017eila\u0161tvu, optu\u017eeni je boravio u Siriji tri meseca.<\/p>\n<p>Dana 17.05.2014. godine, Silja je krenuo da se vrati na Kosovo. (U svojoj zavr\u0161noj re\u010di, specijalna tu\u017eiteljka Habibe Salihu je pojasnila optu\u017enicu, uklanjaju\u0107i pomenuti datum iz dispozitiva optu\u017enice i dodaju\u0107i re\u010denicu \u201eDok se ne vrati na Kosovo\u201c).<\/p>\n<p>Ovim radnjama Blerima Sile, prema Tu\u017eila\u0161tvu, ispunjeni su elementi krivi\u010dnog dela \u201eu\u010de\u0161\u0107e u teroristi\u010dkim grupama\u201c.<\/p>\n<p>Za gore navedeno delo, prema starom Krivi\u010dnom zakoniku po kojem \u0107e se optu\u017eenom suditi, predvi\u0111ena je kazna zatvora od 5 do 10 godina.<\/p>\n<p>\u201eSvako ko u\u010destvuje u aktivnostima teroristi\u010dke grupe kazni\u0107e se zatvorom od pet (5) do deset (10) godina.\u201c \u2013 navodi se u stavu kojim je Blerim Sulja optu\u017een.<\/p>\n<p>U vezi sa sli\u010dnim radnjama, gde su se gra\u0111ani Kosova pridru\u017eili odre\u0111enim grupama da bi se borili u Siriji, Sud u Pri\u0161tini je vodio desetine slu\u010dajeva.<\/p>\n<p>Sulji je su\u0111eno zajedno sa nekoliko drugih osoba, ali je postupak protiv njega razdvojen, jer je u bekstvu od 2015. godine, dok je na Kosovo doveden postupkom ekstradicije iz dr\u017eave Severna Makedonija.<\/p>\n","protected":false},"excerpt":{"rendered":"<p>Pri\u0161tina, 02. jul 2025. Su\u0111enje optu\u017eenom za u\u010de\u0161\u0107e u teroristi\u010dkoj grupi ISIS, Blerimu Silji, zavr\u0161eno je izno\u0161enjem zavr\u0161nih re\u010di na sednici, 03.04.2025. godine. Kancelarija Specijalnog<\/p>\n","protected":false},"author":1,"featured_media":2275,"comment_status":"open","ping_status":"open","sticky":false,"template":"","format":"standard","meta":{"footnotes":""},"categories":[30],"tags":[],"class_list":["post-2285","post","type-post","status-publish","format-standard","has-post-thumbnail","hentry","category-drustvo"],"yoast_head":"<!-- This site is optimized with the Yoast SEO plugin v25.3.1 - https:\/\/yoast.com\/wordpress\/plugins\/seo\/ -->\n<title>Su\u0111enje optu\u017eenima za terorizam, strane dale zavr\u0161ne re\u010di -<\/title>\n<meta name=\"robots\" content=\"index, follow, max-snippet:-1, max-image-preview:large, max-video-preview:-1\" \/>\n<link rel=\"canonical\" href=\"https:\/\/veritasinfo.org\/?p=2285&lang=sr\" \/>\n<meta property=\"og:locale\" content=\"en_US\" \/>\n<meta property=\"og:type\" content=\"article\" \/>\n<meta property=\"og:title\" content=\"Su\u0111enje optu\u017eenima za terorizam, strane dale zavr\u0161ne re\u010di -\" \/>\n<meta property=\"og:description\" content=\"Pri\u0161tina, 02. jul 2025. Su\u0111enje optu\u017eenom za u\u010de\u0161\u0107e u teroristi\u010dkoj grupi ISIS, Blerimu Silji, zavr\u0161eno je izno\u0161enjem zavr\u0161nih re\u010di na sednici, 03.04.2025. godine. Kancelarija Specijalnog\" \/>\n<meta property=\"og:url\" content=\"https:\/\/veritasinfo.org\/?p=2285&amp;lang=sr\" \/>\n<meta property=\"article:published_time\" content=\"2025-07-02T11:17:41+00:00\" \/>\n<meta property=\"og:image\" content=\"https:\/\/veritasinfo.org\/wp-content\/uploads\/2025\/07\/l.jpg\" \/>\n\t<meta property=\"og:image:width\" content=\"1024\" \/>\n\t<meta property=\"og:image:height\" content=\"576\" \/>\n\t<meta property=\"og:image:type\" content=\"image\/jpeg\" \/>\n<meta name=\"author\" content=\"admin\" \/>\n<meta name=\"twitter:card\" content=\"summary_large_image\" \/>\n<meta name=\"twitter:label1\" content=\"Written by\" \/>\n\t<meta name=\"twitter:data1\" content=\"admin\" \/>\n\t<meta name=\"twitter:label2\" content=\"Est. reading time\" \/>\n\t<meta name=\"twitter:data2\" content=\"4 minutes\" \/>\n<script type=\"application\/ld+json\" class=\"yoast-schema-graph\">{\"@context\":\"https:\/\/schema.org\",\"@graph\":[{\"@type\":\"WebPage\",\"@id\":\"https:\/\/veritasinfo.org\/?p=2285&lang=sr\",\"url\":\"https:\/\/veritasinfo.org\/?p=2285&lang=sr\",\"name\":\"Su\u0111enje optu\u017eenima za terorizam, strane dale zavr\u0161ne re\u010di -\",\"isPartOf\":{\"@id\":\"https:\/\/veritasinfo.org\/#website\"},\"primaryImageOfPage\":{\"@id\":\"https:\/\/veritasinfo.org\/?p=2285&lang=sr#primaryimage\"},\"image\":{\"@id\":\"https:\/\/veritasinfo.org\/?p=2285&lang=sr#primaryimage\"},\"thumbnailUrl\":\"https:\/\/veritasinfo.org\/wp-content\/uploads\/2025\/07\/l.jpg\",\"datePublished\":\"2025-07-02T11:17:41+00:00\",\"author\":{\"@id\":\"https:\/\/veritasinfo.org\/#\/schema\/person\/7701f8c088bece422266b100a712374f\"},\"breadcrumb\":{\"@id\":\"https:\/\/veritasinfo.org\/?p=2285&lang=sr#breadcrumb\"},\"inLanguage\":\"en-US\",\"potentialAction\":[{\"@type\":\"ReadAction\",\"target\":[\"https:\/\/veritasinfo.org\/?p=2285&lang=sr\"]}]},{\"@type\":\"ImageObject\",\"inLanguage\":\"en-US\",\"@id\":\"https:\/\/veritasinfo.org\/?p=2285&lang=sr#primaryimage\",\"url\":\"https:\/\/veritasinfo.org\/wp-content\/uploads\/2025\/07\/l.jpg\",\"contentUrl\":\"https:\/\/veritasinfo.org\/wp-content\/uploads\/2025\/07\/l.jpg\",\"width\":1024,\"height\":576},{\"@type\":\"BreadcrumbList\",\"@id\":\"https:\/\/veritasinfo.org\/?p=2285&lang=sr#breadcrumb\",\"itemListElement\":[{\"@type\":\"ListItem\",\"position\":1,\"name\":\"Home\",\"item\":\"https:\/\/veritasinfo.org\/\"},{\"@type\":\"ListItem\",\"position\":2,\"name\":\"Su\u0111enje optu\u017eenima za terorizam, strane dale zavr\u0161ne re\u010di\"}]},{\"@type\":\"WebSite\",\"@id\":\"https:\/\/veritasinfo.org\/#website\",\"url\":\"https:\/\/veritasinfo.org\/\",\"name\":\"\",\"description\":\"\",\"potentialAction\":[{\"@type\":\"SearchAction\",\"target\":{\"@type\":\"EntryPoint\",\"urlTemplate\":\"https:\/\/veritasinfo.org\/?s={search_term_string}\"},\"query-input\":{\"@type\":\"PropertyValueSpecification\",\"valueRequired\":true,\"valueName\":\"search_term_string\"}}],\"inLanguage\":\"en-US\"},{\"@type\":\"Person\",\"@id\":\"https:\/\/veritasinfo.org\/#\/schema\/person\/7701f8c088bece422266b100a712374f\",\"name\":\"admin\",\"image\":{\"@type\":\"ImageObject\",\"inLanguage\":\"en-US\",\"@id\":\"https:\/\/veritasinfo.org\/#\/schema\/person\/image\/\",\"url\":\"https:\/\/secure.gravatar.com\/avatar\/ea53aa3bf6c9a12d5fde8ce4deff43fef3885ae33cf60184161a50d6987cfd2f?s=96&d=mm&r=g\",\"contentUrl\":\"https:\/\/secure.gravatar.com\/avatar\/ea53aa3bf6c9a12d5fde8ce4deff43fef3885ae33cf60184161a50d6987cfd2f?s=96&d=mm&r=g\",\"caption\":\"admin\"},\"sameAs\":[\"https:\/\/veritasinfo.org\"],\"url\":\"https:\/\/veritasinfo.org\/?author=1\"}]}<\/script>\n<!-- \/ Yoast SEO plugin. -->","yoast_head_json":{"title":"Su\u0111enje optu\u017eenima za terorizam, strane dale zavr\u0161ne re\u010di -","robots":{"index":"index","follow":"follow","max-snippet":"max-snippet:-1","max-image-preview":"max-image-preview:large","max-video-preview":"max-video-preview:-1"},"canonical":"https:\/\/veritasinfo.org\/?p=2285&lang=sr","og_locale":"en_US","og_type":"article","og_title":"Su\u0111enje optu\u017eenima za terorizam, strane dale zavr\u0161ne re\u010di -","og_description":"Pri\u0161tina, 02. jul 2025. Su\u0111enje optu\u017eenom za u\u010de\u0161\u0107e u teroristi\u010dkoj grupi ISIS, Blerimu Silji, zavr\u0161eno je izno\u0161enjem zavr\u0161nih re\u010di na sednici, 03.04.2025. godine. Kancelarija Specijalnog","og_url":"https:\/\/veritasinfo.org\/?p=2285&lang=sr","article_published_time":"2025-07-02T11:17:41+00:00","og_image":[{"width":1024,"height":576,"url":"https:\/\/veritasinfo.org\/wp-content\/uploads\/2025\/07\/l.jpg","type":"image\/jpeg"}],"author":"admin","twitter_card":"summary_large_image","twitter_misc":{"Written by":"admin","Est. reading time":"4 minutes"},"schema":{"@context":"https:\/\/schema.org","@graph":[{"@type":"WebPage","@id":"https:\/\/veritasinfo.org\/?p=2285&lang=sr","url":"https:\/\/veritasinfo.org\/?p=2285&lang=sr","name":"Su\u0111enje optu\u017eenima za terorizam, strane dale zavr\u0161ne re\u010di -","isPartOf":{"@id":"https:\/\/veritasinfo.org\/#website"},"primaryImageOfPage":{"@id":"https:\/\/veritasinfo.org\/?p=2285&lang=sr#primaryimage"},"image":{"@id":"https:\/\/veritasinfo.org\/?p=2285&lang=sr#primaryimage"},"thumbnailUrl":"https:\/\/veritasinfo.org\/wp-content\/uploads\/2025\/07\/l.jpg","datePublished":"2025-07-02T11:17:41+00:00","author":{"@id":"https:\/\/veritasinfo.org\/#\/schema\/person\/7701f8c088bece422266b100a712374f"},"breadcrumb":{"@id":"https:\/\/veritasinfo.org\/?p=2285&lang=sr#breadcrumb"},"inLanguage":"en-US","potentialAction":[{"@type":"ReadAction","target":["https:\/\/veritasinfo.org\/?p=2285&lang=sr"]}]},{"@type":"ImageObject","inLanguage":"en-US","@id":"https:\/\/veritasinfo.org\/?p=2285&lang=sr#primaryimage","url":"https:\/\/veritasinfo.org\/wp-content\/uploads\/2025\/07\/l.jpg","contentUrl":"https:\/\/veritasinfo.org\/wp-content\/uploads\/2025\/07\/l.jpg","width":1024,"height":576},{"@type":"BreadcrumbList","@id":"https:\/\/veritasinfo.org\/?p=2285&lang=sr#breadcrumb","itemListElement":[{"@type":"ListItem","position":1,"name":"Home","item":"https:\/\/veritasinfo.org\/"},{"@type":"ListItem","position":2,"name":"Su\u0111enje optu\u017eenima za terorizam, strane dale zavr\u0161ne re\u010di"}]},{"@type":"WebSite","@id":"https:\/\/veritasinfo.org\/#website","url":"https:\/\/veritasinfo.org\/","name":"","description":"","potentialAction":[{"@type":"SearchAction","target":{"@type":"EntryPoint","urlTemplate":"https:\/\/veritasinfo.org\/?s={search_term_string}"},"query-input":{"@type":"PropertyValueSpecification","valueRequired":true,"valueName":"search_term_string"}}],"inLanguage":"en-US"},{"@type":"Person","@id":"https:\/\/veritasinfo.org\/#\/schema\/person\/7701f8c088bece422266b100a712374f","name":"admin","image":{"@type":"ImageObject","inLanguage":"en-US","@id":"https:\/\/veritasinfo.org\/#\/schema\/person\/image\/","url":"https:\/\/secure.gravatar.com\/avatar\/ea53aa3bf6c9a12d5fde8ce4deff43fef3885ae33cf60184161a50d6987cfd2f?s=96&d=mm&r=g","contentUrl":"https:\/\/secure.gravatar.com\/avatar\/ea53aa3bf6c9a12d5fde8ce4deff43fef3885ae33cf60184161a50d6987cfd2f?s=96&d=mm&r=g","caption":"admin"},"sameAs":["https:\/\/veritasinfo.org"],"url":"https:\/\/veritasinfo.org\/?author=1"}]}},"featured_image_urls":{"full":["https:\/\/veritasinfo.org\/wp-content\/uploads\/2025\/07\/l.jpg",1024,576,false],"thumbnail":["https:\/\/veritasinfo.org\/wp-content\/uploads\/2025\/07\/l-150x150.jpg",150,150,true],"medium":["https:\/\/veritasinfo.org\/wp-content\/uploads\/2025\/07\/l-300x169.jpg",300,169,true],"medium_large":["https:\/\/veritasinfo.org\/wp-content\/uploads\/2025\/07\/l-768x432.jpg",640,360,true],"large":["https:\/\/veritasinfo.org\/wp-content\/uploads\/2025\/07\/l.jpg",640,360,false],"1536x1536":["https:\/\/veritasinfo.org\/wp-content\/uploads\/2025\/07\/l.jpg",1024,576,false],"2048x2048":["https:\/\/veritasinfo.org\/wp-content\/uploads\/2025\/07\/l.jpg",1024,576,false],"kreeti-slider-full":["https:\/\/veritasinfo.org\/wp-content\/uploads\/2025\/07\/l.jpg",1024,576,false],"kreeti-featured":["https:\/\/veritasinfo.org\/wp-content\/uploads\/2025\/07\/l.jpg",1024,576,false],"kreeti-medium":["https:\/\/veritasinfo.org\/wp-content\/uploads\/2025\/07\/l.jpg",720,405,false],"kreeti-medium-square":["https:\/\/veritasinfo.org\/wp-content\/uploads\/2025\/07\/l.jpg",350,197,false]},"author_info":{"info":["admin"]},"category_info":"<a href=\"https:\/\/veritasinfo.org\/?cat=30&#038;lang=sr\" rel=\"category\">Dru\u0161tvo<\/a>","tag_info":"Dru\u0161tvo","comment_count":"0","_links":{"self":[{"href":"https:\/\/veritasinfo.org\/index.php?rest_route=\/wp\/v2\/posts\/2285","targetHints":{"allow":["GET"]}}],"collection":[{"href":"https:\/\/veritasinfo.org\/index.php?rest_route=\/wp\/v2\/posts"}],"about":[{"href":"https:\/\/veritasinfo.org\/index.php?rest_route=\/wp\/v2\/types\/post"}],"author":[{"embeddable":true,"href":"https:\/\/veritasinfo.org\/index.php?rest_route=\/wp\/v2\/users\/1"}],"replies":[{"embeddable":true,"href":"https:\/\/veritasinfo.org\/index.php?rest_route=%2Fwp%2Fv2%2Fcomments&post=2285"}],"version-history":[{"count":1,"href":"https:\/\/veritasinfo.org\/index.php?rest_route=\/wp\/v2\/posts\/2285\/revisions"}],"predecessor-version":[{"id":2286,"href":"https:\/\/veritasinfo.org\/index.php?rest_route=\/wp\/v2\/posts\/2285\/revisions\/2286"}],"wp:featuredmedia":[{"embeddable":true,"href":"https:\/\/veritasinfo.org\/index.php?rest_route=\/wp\/v2\/media\/2275"}],"wp:attachment":[{"href":"https:\/\/veritasinfo.org\/index.php?rest_route=%2Fwp%2Fv2%2Fmedia&parent=2285"}],"wp:term":[{"taxonomy":"category","embeddable":true,"href":"https:\/\/veritasinfo.org\/index.php?rest_route=%2Fwp%2Fv2%2Fcategories&post=2285"},{"taxonomy":"post_tag","embeddable":true,"href":"https:\/\/veritasinfo.org\/index.php?rest_route=%2Fwp%2Fv2%2Ftags&post=2285"}],"curies":[{"name":"wp","href":"https:\/\/api.w.org\/{rel}","templated":true}]}}