{"id":22822,"date":"2025-12-04T17:36:55","date_gmt":"2025-12-04T16:36:55","guid":{"rendered":"https:\/\/veritasinfo.org\/?p=22822"},"modified":"2025-12-04T17:37:14","modified_gmt":"2025-12-04T16:37:14","slug":"kurti-ka-progres-ne-luftimin-e-krimit-te-organizuar","status":"publish","type":"post","link":"https:\/\/veritasinfo.org\/?p=22822","title":{"rendered":"Kurti: Ka progres n\u00eb luftimin e krimit t\u00eb organizuar"},"content":{"rendered":"<p>Prishtin\u00eb 04 Dhjetor 2025 17:36<\/p>\n<p>Kryeministri n\u00eb detyr\u00eb i Republik\u00ebs s\u00eb Kosov\u00ebs, Albin Kurti, mori pjes\u00eb sot n\u00eb takimet rajonale t\u00eb Nj\u00ebsive p\u00ebr Inteligjenc\u00eb Financiare, t\u00eb organizuara nga Egmont Group dhe t\u00eb mb\u00ebshtetura nga GIZ n\u00eb Kosov\u00eb.<\/p>\n<p>N\u00eb fjal\u00ebn e tij para pjes\u00ebmarr\u00ebsve, Kurti shprehu mir\u00ebnjohjen e institucioneve t\u00eb Kosov\u00ebs ndaj organizator\u00ebve p\u00ebr nismat e nd\u00ebrmarra dhe kontributin n\u00eb mbajtjen e ngjarjeve t\u00eb r\u00ebnd\u00ebsishme q\u00eb forcojn\u00eb bashk\u00ebpunimin rajonal kund\u00ebr aktiviteteve t\u00eb paligjshme financiare.<\/p>\n<p>\u201cOrganizimi i k\u00ebsaj ngjarjeje \u00ebsht\u00eb n\u00eb p\u00ebrputhje t\u00eb plot\u00eb me programin ton\u00eb qeveritar dhe synimet p\u00ebr integrim evropian dhe nd\u00ebrkomb\u00ebtar. Synimi yn\u00eb \u00ebsht\u00eb forcimi i bashk\u00ebpunimit nd\u00ebrkomb\u00ebtar dhe vendor p\u00ebr t\u00eb koordinuar p\u00ebrgjigjen e t\u00eb gjith\u00eb akter\u00ebve n\u00eb luftimin e pastrimit t\u00eb parave dhe financimit t\u00eb terrorizmit. Bashk\u00eb po punojm\u00eb q\u00eb t\u00eb rrisim efektivitetin kolektiv n\u00eb parandalimin, identifikimin dhe luftimin e krimit ekonomik\u201d, u shpreh ai.<\/p>\n<p>Ai theksoi se p\u00ebrafrimi i objektivave dhe p\u00ebrpjekjeve t\u00eb institucioneve vendore me ato nd\u00ebrkomb\u00ebtare \u00ebsht\u00eb thelb\u00ebsor p\u00ebr identifikimin m\u00eb t\u00eb sakt\u00eb t\u00eb k\u00ebrc\u00ebnimeve dhe dob\u00ebsive sistematike, si dhe p\u00ebr forcimin e mekanizmave efektiv\u00eb n\u00eb adresimin e tyre.<\/p>\n<p>Kurti rikujtoi se raportet nd\u00ebrkomb\u00ebtare vazhdojn\u00eb t\u00eb d\u00ebshmojn\u00eb progresin e Kosov\u00ebs n\u00eb fush\u00ebn e luftimit t\u00eb korrupsionit, pastrimit t\u00eb parave dhe krimit t\u00eb organizuar.<\/p>\n<p>Raporti i Komisionit Evropian p\u00ebr Kosov\u00ebn n\u00ebnvizon p\u00ebrparimin n\u00eb luft\u00ebn kund\u00ebr pastrimit t\u00eb parave, nd\u00ebrsa Transparency International ka vler\u00ebsuar progresin n\u00eb luftimin e korrupsionit gjat\u00eb viteve t\u00eb fundit. Po ashtu, Indeksi Global i Krimit t\u00eb Organizuar ka renditur Kosov\u00ebn n\u00eb mesin e vendeve me nivelin m\u00eb t\u00eb ul\u00ebt t\u00eb krimit t\u00eb organizuar n\u00eb Ballkanin Per\u00ebndimor, nd\u00ebrsa Iniciativa Globale kund\u00ebr Krimit t\u00eb Organizuar Nd\u00ebrkomb\u00ebtar n\u00eb edicionin e vitit 2025 e vler\u00ebson Kosov\u00ebn si shtetin me kriminalitetin m\u00eb t\u00eb ul\u00ebt n\u00eb rajon.<\/p>\n<p>\u201cKosova ka b\u00ebr\u00eb progres t\u00eb konsideruesh\u00ebm duke forcuar korniz\u00ebn ligjore dhe institucionale, me q\u00ebllim t\u00eb p\u00ebrmbushjes s\u00eb standardeve evropiane dhe nd\u00ebrkomb\u00ebtare n\u00eb luftimin e k\u00ebtyre dukurive. Kjo qasje forcon bashk\u00ebpunimin, kohezionin dhe koordinimin mes institucioneve tona. Nj\u00ebsia p\u00ebr Inteligjenc\u00eb Financiare e Republik\u00ebs s\u00eb Kosov\u00ebs ka performuar mir\u00eb dhe ka sh\u00ebnuar rezultate t\u00eb k\u00ebnaqshme n\u00eb identifikimin dhe gjurmimin e t\u00eb ardhurave t\u00eb paligjshme. Qeveria e Republik\u00ebs s\u00eb Kosov\u00ebs mbetet plot\u00ebsisht e p\u00ebrkushtuar n\u00eb mb\u00ebshtetjen e NJIF dhe autoriteteve tjera n\u00eb luftimin e aktiviteteve kriminale\u201d, theksoi Kurti.<\/p>\n<p>Takimet rajonale t\u00eb NJIF-ve sh\u00ebrbejn\u00eb si platform\u00eb p\u00ebr shk\u00ebmbimin e p\u00ebrvojave, forcimin e bashk\u00ebpunimit nd\u00ebr-shtet\u00ebror dhe p\u00ebrmir\u00ebsimin e mekanizmave t\u00eb p\u00ebrbashk\u00ebt p\u00ebr parandalimin e k\u00ebrc\u00ebnimeve financiare n\u00eb rajon.<\/p>\n","protected":false},"excerpt":{"rendered":"<p>Prishtin\u00eb 04 Dhjetor 2025 17:36 Kryeministri n\u00eb detyr\u00eb i Republik\u00ebs s\u00eb Kosov\u00ebs, Albin Kurti, mori pjes\u00eb sot n\u00eb takimet rajonale t\u00eb Nj\u00ebsive p\u00ebr Inteligjenc\u00eb Financiare,<\/p>\n","protected":false},"author":6,"featured_media":22826,"comment_status":"open","ping_status":"open","sticky":false,"template":"","format":"standard","meta":{"footnotes":""},"categories":[58],"tags":[],"class_list":["post-22822","post","type-post","status-publish","format-standard","has-post-thumbnail","hentry","category-politike-sq"],"yoast_head":"<!-- This site is optimized with the Yoast SEO plugin v25.3.1 - https:\/\/yoast.com\/wordpress\/plugins\/seo\/ -->\n<title>Kurti: Ka progres n\u00eb luftimin e krimit t\u00eb organizuar -<\/title>\n<meta name=\"robots\" content=\"index, follow, max-snippet:-1, max-image-preview:large, max-video-preview:-1\" \/>\n<link rel=\"canonical\" href=\"https:\/\/veritasinfo.org\/?p=22822\" \/>\n<meta property=\"og:locale\" content=\"en_US\" \/>\n<meta property=\"og:type\" content=\"article\" \/>\n<meta property=\"og:title\" content=\"Kurti: Ka progres n\u00eb luftimin e krimit t\u00eb organizuar -\" \/>\n<meta property=\"og:description\" content=\"Prishtin\u00eb 04 Dhjetor 2025 17:36 Kryeministri n\u00eb detyr\u00eb i Republik\u00ebs s\u00eb Kosov\u00ebs, Albin Kurti, mori pjes\u00eb sot n\u00eb takimet rajonale t\u00eb Nj\u00ebsive p\u00ebr Inteligjenc\u00eb Financiare,\" \/>\n<meta property=\"og:url\" content=\"https:\/\/veritasinfo.org\/?p=22822\" \/>\n<meta property=\"article:published_time\" content=\"2025-12-04T16:36:55+00:00\" \/>\n<meta property=\"article:modified_time\" content=\"2025-12-04T16:37:14+00:00\" \/>\n<meta property=\"og:image\" content=\"https:\/\/veritasinfo.org\/wp-content\/uploads\/2025\/12\/711213-LgYKQCwjy6.jpg\" \/>\n\t<meta property=\"og:image:width\" content=\"780\" \/>\n\t<meta property=\"og:image:height\" content=\"500\" \/>\n\t<meta property=\"og:image:type\" content=\"image\/jpeg\" \/>\n<meta name=\"author\" content=\"US5\" \/>\n<meta name=\"twitter:card\" content=\"summary_large_image\" \/>\n<meta name=\"twitter:label1\" content=\"Written by\" \/>\n\t<meta name=\"twitter:data1\" content=\"US5\" \/>\n\t<meta name=\"twitter:label2\" content=\"Est. reading time\" \/>\n\t<meta name=\"twitter:data2\" content=\"2 minutes\" \/>\n<script type=\"application\/ld+json\" class=\"yoast-schema-graph\">{\"@context\":\"https:\/\/schema.org\",\"@graph\":[{\"@type\":\"WebPage\",\"@id\":\"https:\/\/veritasinfo.org\/?p=22822\",\"url\":\"https:\/\/veritasinfo.org\/?p=22822\",\"name\":\"Kurti: Ka progres n\u00eb luftimin e krimit t\u00eb organizuar -\",\"isPartOf\":{\"@id\":\"https:\/\/veritasinfo.org\/#website\"},\"primaryImageOfPage\":{\"@id\":\"https:\/\/veritasinfo.org\/?p=22822#primaryimage\"},\"image\":{\"@id\":\"https:\/\/veritasinfo.org\/?p=22822#primaryimage\"},\"thumbnailUrl\":\"https:\/\/veritasinfo.org\/wp-content\/uploads\/2025\/12\/711213-LgYKQCwjy6.jpg\",\"datePublished\":\"2025-12-04T16:36:55+00:00\",\"dateModified\":\"2025-12-04T16:37:14+00:00\",\"author\":{\"@id\":\"https:\/\/veritasinfo.org\/#\/schema\/person\/bc442336e35414d04494ab8fb45db4c6\"},\"breadcrumb\":{\"@id\":\"https:\/\/veritasinfo.org\/?p=22822#breadcrumb\"},\"inLanguage\":\"en-US\",\"potentialAction\":[{\"@type\":\"ReadAction\",\"target\":[\"https:\/\/veritasinfo.org\/?p=22822\"]}]},{\"@type\":\"ImageObject\",\"inLanguage\":\"en-US\",\"@id\":\"https:\/\/veritasinfo.org\/?p=22822#primaryimage\",\"url\":\"https:\/\/veritasinfo.org\/wp-content\/uploads\/2025\/12\/711213-LgYKQCwjy6.jpg\",\"contentUrl\":\"https:\/\/veritasinfo.org\/wp-content\/uploads\/2025\/12\/711213-LgYKQCwjy6.jpg\",\"width\":780,\"height\":500},{\"@type\":\"BreadcrumbList\",\"@id\":\"https:\/\/veritasinfo.org\/?p=22822#breadcrumb\",\"itemListElement\":[{\"@type\":\"ListItem\",\"position\":1,\"name\":\"Home\",\"item\":\"https:\/\/veritasinfo.org\/\"},{\"@type\":\"ListItem\",\"position\":2,\"name\":\"Kurti: Ka progres n\u00eb luftimin e krimit t\u00eb organizuar\"}]},{\"@type\":\"WebSite\",\"@id\":\"https:\/\/veritasinfo.org\/#website\",\"url\":\"https:\/\/veritasinfo.org\/\",\"name\":\"\",\"description\":\"\",\"potentialAction\":[{\"@type\":\"SearchAction\",\"target\":{\"@type\":\"EntryPoint\",\"urlTemplate\":\"https:\/\/veritasinfo.org\/?s={search_term_string}\"},\"query-input\":{\"@type\":\"PropertyValueSpecification\",\"valueRequired\":true,\"valueName\":\"search_term_string\"}}],\"inLanguage\":\"en-US\"},{\"@type\":\"Person\",\"@id\":\"https:\/\/veritasinfo.org\/#\/schema\/person\/bc442336e35414d04494ab8fb45db4c6\",\"name\":\"US5\",\"image\":{\"@type\":\"ImageObject\",\"inLanguage\":\"en-US\",\"@id\":\"https:\/\/veritasinfo.org\/#\/schema\/person\/image\/\",\"url\":\"https:\/\/secure.gravatar.com\/avatar\/16a61e7272a0c5d001121ebb9e60e925d5816e4ac1e443ed3e640d9a6ae55d0c?s=96&d=mm&r=g\",\"contentUrl\":\"https:\/\/secure.gravatar.com\/avatar\/16a61e7272a0c5d001121ebb9e60e925d5816e4ac1e443ed3e640d9a6ae55d0c?s=96&d=mm&r=g\",\"caption\":\"US5\"},\"url\":\"https:\/\/veritasinfo.org\/?author=6\"}]}<\/script>\n<!-- \/ Yoast SEO plugin. -->","yoast_head_json":{"title":"Kurti: Ka progres n\u00eb luftimin e krimit t\u00eb organizuar -","robots":{"index":"index","follow":"follow","max-snippet":"max-snippet:-1","max-image-preview":"max-image-preview:large","max-video-preview":"max-video-preview:-1"},"canonical":"https:\/\/veritasinfo.org\/?p=22822","og_locale":"en_US","og_type":"article","og_title":"Kurti: Ka progres n\u00eb luftimin e krimit t\u00eb organizuar -","og_description":"Prishtin\u00eb 04 Dhjetor 2025 17:36 Kryeministri n\u00eb detyr\u00eb i Republik\u00ebs s\u00eb Kosov\u00ebs, Albin Kurti, mori pjes\u00eb sot n\u00eb takimet rajonale t\u00eb Nj\u00ebsive p\u00ebr Inteligjenc\u00eb Financiare,","og_url":"https:\/\/veritasinfo.org\/?p=22822","article_published_time":"2025-12-04T16:36:55+00:00","article_modified_time":"2025-12-04T16:37:14+00:00","og_image":[{"width":780,"height":500,"url":"https:\/\/veritasinfo.org\/wp-content\/uploads\/2025\/12\/711213-LgYKQCwjy6.jpg","type":"image\/jpeg"}],"author":"US5","twitter_card":"summary_large_image","twitter_misc":{"Written by":"US5","Est. reading time":"2 minutes"},"schema":{"@context":"https:\/\/schema.org","@graph":[{"@type":"WebPage","@id":"https:\/\/veritasinfo.org\/?p=22822","url":"https:\/\/veritasinfo.org\/?p=22822","name":"Kurti: Ka progres n\u00eb luftimin e krimit t\u00eb organizuar -","isPartOf":{"@id":"https:\/\/veritasinfo.org\/#website"},"primaryImageOfPage":{"@id":"https:\/\/veritasinfo.org\/?p=22822#primaryimage"},"image":{"@id":"https:\/\/veritasinfo.org\/?p=22822#primaryimage"},"thumbnailUrl":"https:\/\/veritasinfo.org\/wp-content\/uploads\/2025\/12\/711213-LgYKQCwjy6.jpg","datePublished":"2025-12-04T16:36:55+00:00","dateModified":"2025-12-04T16:37:14+00:00","author":{"@id":"https:\/\/veritasinfo.org\/#\/schema\/person\/bc442336e35414d04494ab8fb45db4c6"},"breadcrumb":{"@id":"https:\/\/veritasinfo.org\/?p=22822#breadcrumb"},"inLanguage":"en-US","potentialAction":[{"@type":"ReadAction","target":["https:\/\/veritasinfo.org\/?p=22822"]}]},{"@type":"ImageObject","inLanguage":"en-US","@id":"https:\/\/veritasinfo.org\/?p=22822#primaryimage","url":"https:\/\/veritasinfo.org\/wp-content\/uploads\/2025\/12\/711213-LgYKQCwjy6.jpg","contentUrl":"https:\/\/veritasinfo.org\/wp-content\/uploads\/2025\/12\/711213-LgYKQCwjy6.jpg","width":780,"height":500},{"@type":"BreadcrumbList","@id":"https:\/\/veritasinfo.org\/?p=22822#breadcrumb","itemListElement":[{"@type":"ListItem","position":1,"name":"Home","item":"https:\/\/veritasinfo.org\/"},{"@type":"ListItem","position":2,"name":"Kurti: Ka progres n\u00eb luftimin e krimit t\u00eb organizuar"}]},{"@type":"WebSite","@id":"https:\/\/veritasinfo.org\/#website","url":"https:\/\/veritasinfo.org\/","name":"","description":"","potentialAction":[{"@type":"SearchAction","target":{"@type":"EntryPoint","urlTemplate":"https:\/\/veritasinfo.org\/?s={search_term_string}"},"query-input":{"@type":"PropertyValueSpecification","valueRequired":true,"valueName":"search_term_string"}}],"inLanguage":"en-US"},{"@type":"Person","@id":"https:\/\/veritasinfo.org\/#\/schema\/person\/bc442336e35414d04494ab8fb45db4c6","name":"US5","image":{"@type":"ImageObject","inLanguage":"en-US","@id":"https:\/\/veritasinfo.org\/#\/schema\/person\/image\/","url":"https:\/\/secure.gravatar.com\/avatar\/16a61e7272a0c5d001121ebb9e60e925d5816e4ac1e443ed3e640d9a6ae55d0c?s=96&d=mm&r=g","contentUrl":"https:\/\/secure.gravatar.com\/avatar\/16a61e7272a0c5d001121ebb9e60e925d5816e4ac1e443ed3e640d9a6ae55d0c?s=96&d=mm&r=g","caption":"US5"},"url":"https:\/\/veritasinfo.org\/?author=6"}]}},"featured_image_urls":{"full":["https:\/\/veritasinfo.org\/wp-content\/uploads\/2025\/12\/711213-LgYKQCwjy6.jpg",780,500,false],"thumbnail":["https:\/\/veritasinfo.org\/wp-content\/uploads\/2025\/12\/711213-LgYKQCwjy6-150x150.jpg",150,150,true],"medium":["https:\/\/veritasinfo.org\/wp-content\/uploads\/2025\/12\/711213-LgYKQCwjy6-300x192.jpg",300,192,true],"medium_large":["https:\/\/veritasinfo.org\/wp-content\/uploads\/2025\/12\/711213-LgYKQCwjy6-768x492.jpg",640,410,true],"large":["https:\/\/veritasinfo.org\/wp-content\/uploads\/2025\/12\/711213-LgYKQCwjy6.jpg",640,410,false],"1536x1536":["https:\/\/veritasinfo.org\/wp-content\/uploads\/2025\/12\/711213-LgYKQCwjy6.jpg",780,500,false],"2048x2048":["https:\/\/veritasinfo.org\/wp-content\/uploads\/2025\/12\/711213-LgYKQCwjy6.jpg",780,500,false],"kreeti-slider-full":["https:\/\/veritasinfo.org\/wp-content\/uploads\/2025\/12\/711213-LgYKQCwjy6.jpg",780,500,false],"kreeti-featured":["https:\/\/veritasinfo.org\/wp-content\/uploads\/2025\/12\/711213-LgYKQCwjy6.jpg",780,500,false],"kreeti-medium":["https:\/\/veritasinfo.org\/wp-content\/uploads\/2025\/12\/711213-LgYKQCwjy6.jpg",720,462,false],"kreeti-medium-square":["https:\/\/veritasinfo.org\/wp-content\/uploads\/2025\/12\/711213-LgYKQCwjy6.jpg",350,224,false]},"author_info":{"info":["US5"]},"category_info":"<a href=\"https:\/\/veritasinfo.org\/?cat=58\" rel=\"category\">Politik\u00eb<\/a>","tag_info":"Politik\u00eb","comment_count":"0","_links":{"self":[{"href":"https:\/\/veritasinfo.org\/index.php?rest_route=\/wp\/v2\/posts\/22822","targetHints":{"allow":["GET"]}}],"collection":[{"href":"https:\/\/veritasinfo.org\/index.php?rest_route=\/wp\/v2\/posts"}],"about":[{"href":"https:\/\/veritasinfo.org\/index.php?rest_route=\/wp\/v2\/types\/post"}],"author":[{"embeddable":true,"href":"https:\/\/veritasinfo.org\/index.php?rest_route=\/wp\/v2\/users\/6"}],"replies":[{"embeddable":true,"href":"https:\/\/veritasinfo.org\/index.php?rest_route=%2Fwp%2Fv2%2Fcomments&post=22822"}],"version-history":[{"count":1,"href":"https:\/\/veritasinfo.org\/index.php?rest_route=\/wp\/v2\/posts\/22822\/revisions"}],"predecessor-version":[{"id":22827,"href":"https:\/\/veritasinfo.org\/index.php?rest_route=\/wp\/v2\/posts\/22822\/revisions\/22827"}],"wp:featuredmedia":[{"embeddable":true,"href":"https:\/\/veritasinfo.org\/index.php?rest_route=\/wp\/v2\/media\/22826"}],"wp:attachment":[{"href":"https:\/\/veritasinfo.org\/index.php?rest_route=%2Fwp%2Fv2%2Fmedia&parent=22822"}],"wp:term":[{"taxonomy":"category","embeddable":true,"href":"https:\/\/veritasinfo.org\/index.php?rest_route=%2Fwp%2Fv2%2Fcategories&post=22822"},{"taxonomy":"post_tag","embeddable":true,"href":"https:\/\/veritasinfo.org\/index.php?rest_route=%2Fwp%2Fv2%2Ftags&post=22822"}],"curies":[{"name":"wp","href":"https:\/\/api.w.org\/{rel}","templated":true}]}}