{"id":22789,"date":"2025-12-04T14:47:39","date_gmt":"2025-12-04T13:47:39","guid":{"rendered":"https:\/\/veritasinfo.org\/?p=22789"},"modified":"2025-12-04T14:47:39","modified_gmt":"2025-12-04T13:47:39","slug":"vojvoda-sfida-ndaj-sllovakise-do-te-jete-shume-e-hapur","status":"publish","type":"post","link":"https:\/\/veritasinfo.org\/?p=22789","title":{"rendered":"Vojvoda: Sfida ndaj Sllovakis\u00eb do t\u00eb jet\u00eb shum\u00eb e hapur"},"content":{"rendered":"<p><strong>Prishtin\u00eb, 04 dhjetor 2025 14:47<\/strong><\/p>\n<p>M\u00ebrgim Vojvoda, nj\u00eb prej shtyllave t\u00eb mbrojtjes s\u00eb Komb\u00ebtares s\u00eb Kosov\u00ebs, n\u00eb episodin \u2018FFK Podcast\u2019 ka shpalosur emocionet, synimet dhe realizmin e nj\u00eb futbollisti q\u00eb ka kaluar vite t\u00eb r\u00ebnd\u00ebsishme me fanell\u00ebn e Dardan\u00ebve. P\u00ebr t\u00eb, kualifikimi n\u00eb Kampionatin Bot\u00ebror 2026 do t\u00eb ishte kulmi i karrier\u00ebs dhe realizimi i \u00ebndrr\u00ebs s\u00eb f\u00ebmij\u00ebris\u00eb. Ai ka theksuar se nj\u00eb sukses i till\u00eb do t\u00eb kishte pesh\u00ebn e nj\u00eb momenti q\u00eb e tejkalon \u00e7do arritje individuale.<\/p>\n<p>N\u00eb analiz\u00ebn e tij p\u00ebr duelin e par\u00eb t\u00eb \u201cplay-off\u201d-it, Vojvoda e sheh sfid\u00ebn kund\u00ebr Sllovakis\u00eb si t\u00ebr\u00ebsisht t\u00eb hapur, duke vler\u00ebsuar se ekipi i Kosov\u00ebs ka treguar pjekuri dhe karakter p\u00ebr ta \u00e7uar deri n\u00eb fund k\u00ebt\u00eb rrug\u00ebtim. Sipas tij, fakti q\u00eb finalja e mundshme luhet n\u00eb sht\u00ebpi i jep Dardan\u00ebve nj\u00eb ndjenj\u00eb shtes\u00eb besimi dhe motivimi.<\/p>\n<p>Nj\u00eb prej pikave t\u00eb r\u00ebnd\u00ebsishme q\u00eb ai ka theksuar \u00ebsht\u00eb gjendja fizike e lojtar\u00ebve, t\u00eb cil\u00ebn e sheh si faktor ky\u00e7 n\u00eb ndeshje t\u00eb k\u00ebtij niveli. P\u00ebrballjet e \u201cplay-off\u201d-it i ka cil\u00ebsuar si finale t\u00eb v\u00ebrteta, ku \u00e7do detaj, qoft\u00eb energjia, freskia apo p\u00ebrqendrimi, mund t\u00eb b\u00ebj\u00eb diferenc\u00ebn.<\/p>\n<p>Vojvoda \u00ebsht\u00eb ndalur edhe te ndryshimet mes gjeneratave, duke vler\u00ebsuar se lojtar\u00ebt e rinj t\u00eb Komb\u00ebtares po tregojn\u00eb disiplin\u00eb, p\u00ebrqendrim dhe respekt t\u00eb jasht\u00ebzakonsh\u00ebm p\u00ebr fanell\u00ebn. Ai ka ve\u00e7uar me admirim sakrificat e disa prej tyre q\u00eb udh\u00ebtojn\u00eb me or\u00eb t\u00eb t\u00ebra nga vende t\u00eb larg\u00ebta vet\u00ebm p\u00ebr t\u00eb qen\u00eb pjes\u00eb e Kosov\u00ebs, duke e cil\u00ebsuar k\u00ebt\u00eb p\u00ebrkushtim si shembull frym\u00ebzues.<\/p>\n<p>N\u00eb rikthimin e tij emocionues te humbja e ashp\u00ebr kund\u00ebr Zvicr\u00ebs n\u00eb nisje t\u00eb kualifikimeve, Vojvoda ka pranuar se ekipi e p\u00ebrjetoi r\u00ebnd\u00eb at\u00eb rezultat. Megjithat\u00eb, ai shtoi se pik\u00ebrisht ajo sfid\u00eb sh\u00ebrbeu si pik\u00eb kthese, sepse nga ajo ndeshje grupi ndryshoi qasjen, u b\u00eb m\u00eb kompakt dhe m\u00eb i bashkuar. Ky transformim, sipas tij, ishte themelor n\u00eb arritjen e \u201cplay-off\u201d-it.<\/p>\n<p>Ai ka folur edhe p\u00ebr rritjen e mentalitetit brenda ekipit, krahasuar me vitet e para t\u00eb Komb\u00ebtares, duke theksuar se sot \u00e7do lojtar \u00ebsht\u00eb i vet\u00ebdijsh\u00ebm p\u00ebr r\u00ebnd\u00ebsin\u00eb e ekipit mbi individin. Sipas tij, Kosova po i afrohet m\u00ebnyr\u00ebs s\u00eb t\u00eb menduarit q\u00eb kan\u00eb komb\u00ebtaret e m\u00ebdha, ku gjithsecili, qoft\u00eb titullar apo lojtar q\u00eb futet nga bankina, e di detyr\u00ebn dhe jep maksimumin p\u00ebr tre pik\u00ebt.<\/p>\n<p>N\u00eb fund, Vojvoda \u00ebsht\u00eb ndalur edhe te Como, skuadra e tij n\u00eb Serie A, duke folur p\u00ebr sfidat e kampionatit italian dhe pritjet personale p\u00ebr edicionin aktual, ku ai synon t\u00eb kontribuoj\u00eb maksimalisht si n\u00eb klub ashtu edhe n\u00eb Komb\u00ebtare.<\/p>\n<p>&nbsp;<\/p>\n","protected":false},"excerpt":{"rendered":"<p>Prishtin\u00eb, 04 dhjetor 2025 14:47 M\u00ebrgim Vojvoda, nj\u00eb prej shtyllave t\u00eb mbrojtjes s\u00eb Komb\u00ebtares s\u00eb Kosov\u00ebs, n\u00eb episodin \u2018FFK Podcast\u2019 ka shpalosur emocionet, synimet dhe<\/p>\n","protected":false},"author":7,"featured_media":22790,"comment_status":"open","ping_status":"open","sticky":false,"template":"","format":"standard","meta":{"footnotes":""},"categories":[5],"tags":[],"class_list":["post-22789","post","type-post","status-publish","format-standard","has-post-thumbnail","hentry","category-sport-sq"],"yoast_head":"<!-- This site is optimized with the Yoast SEO plugin v25.3.1 - https:\/\/yoast.com\/wordpress\/plugins\/seo\/ -->\n<title>Vojvoda: Sfida ndaj Sllovakis\u00eb do t\u00eb jet\u00eb shum\u00eb e hapur -<\/title>\n<meta name=\"robots\" content=\"index, follow, max-snippet:-1, max-image-preview:large, max-video-preview:-1\" \/>\n<link rel=\"canonical\" href=\"https:\/\/veritasinfo.org\/?p=22789\" \/>\n<meta property=\"og:locale\" content=\"en_US\" \/>\n<meta property=\"og:type\" content=\"article\" \/>\n<meta property=\"og:title\" content=\"Vojvoda: Sfida ndaj Sllovakis\u00eb do t\u00eb jet\u00eb shum\u00eb e hapur -\" \/>\n<meta property=\"og:description\" content=\"Prishtin\u00eb, 04 dhjetor 2025 14:47 M\u00ebrgim Vojvoda, nj\u00eb prej shtyllave t\u00eb mbrojtjes s\u00eb Komb\u00ebtares s\u00eb Kosov\u00ebs, n\u00eb episodin \u2018FFK Podcast\u2019 ka shpalosur emocionet, synimet dhe\" \/>\n<meta property=\"og:url\" content=\"https:\/\/veritasinfo.org\/?p=22789\" \/>\n<meta property=\"article:published_time\" content=\"2025-12-04T13:47:39+00:00\" \/>\n<meta property=\"og:image\" content=\"https:\/\/veritasinfo.org\/wp-content\/uploads\/2025\/12\/Mergim-Vojvoda-800x450-1.png\" \/>\n\t<meta property=\"og:image:width\" content=\"800\" \/>\n\t<meta property=\"og:image:height\" content=\"450\" \/>\n\t<meta property=\"og:image:type\" content=\"image\/png\" \/>\n<meta name=\"author\" content=\"US6\" \/>\n<meta name=\"twitter:card\" content=\"summary_large_image\" \/>\n<meta name=\"twitter:label1\" content=\"Written by\" \/>\n\t<meta name=\"twitter:data1\" content=\"US6\" \/>\n\t<meta name=\"twitter:label2\" content=\"Est. reading time\" \/>\n\t<meta name=\"twitter:data2\" content=\"2 minutes\" \/>\n<script type=\"application\/ld+json\" class=\"yoast-schema-graph\">{\"@context\":\"https:\/\/schema.org\",\"@graph\":[{\"@type\":\"WebPage\",\"@id\":\"https:\/\/veritasinfo.org\/?p=22789\",\"url\":\"https:\/\/veritasinfo.org\/?p=22789\",\"name\":\"Vojvoda: Sfida ndaj Sllovakis\u00eb do t\u00eb jet\u00eb shum\u00eb e hapur -\",\"isPartOf\":{\"@id\":\"https:\/\/veritasinfo.org\/#website\"},\"primaryImageOfPage\":{\"@id\":\"https:\/\/veritasinfo.org\/?p=22789#primaryimage\"},\"image\":{\"@id\":\"https:\/\/veritasinfo.org\/?p=22789#primaryimage\"},\"thumbnailUrl\":\"https:\/\/veritasinfo.org\/wp-content\/uploads\/2025\/12\/Mergim-Vojvoda-800x450-1.png\",\"datePublished\":\"2025-12-04T13:47:39+00:00\",\"author\":{\"@id\":\"https:\/\/veritasinfo.org\/#\/schema\/person\/fe199eede04c3937362892b7444747cc\"},\"breadcrumb\":{\"@id\":\"https:\/\/veritasinfo.org\/?p=22789#breadcrumb\"},\"inLanguage\":\"en-US\",\"potentialAction\":[{\"@type\":\"ReadAction\",\"target\":[\"https:\/\/veritasinfo.org\/?p=22789\"]}]},{\"@type\":\"ImageObject\",\"inLanguage\":\"en-US\",\"@id\":\"https:\/\/veritasinfo.org\/?p=22789#primaryimage\",\"url\":\"https:\/\/veritasinfo.org\/wp-content\/uploads\/2025\/12\/Mergim-Vojvoda-800x450-1.png\",\"contentUrl\":\"https:\/\/veritasinfo.org\/wp-content\/uploads\/2025\/12\/Mergim-Vojvoda-800x450-1.png\",\"width\":800,\"height\":450},{\"@type\":\"BreadcrumbList\",\"@id\":\"https:\/\/veritasinfo.org\/?p=22789#breadcrumb\",\"itemListElement\":[{\"@type\":\"ListItem\",\"position\":1,\"name\":\"Home\",\"item\":\"https:\/\/veritasinfo.org\/\"},{\"@type\":\"ListItem\",\"position\":2,\"name\":\"Vojvoda: Sfida ndaj Sllovakis\u00eb do t\u00eb jet\u00eb shum\u00eb e hapur\"}]},{\"@type\":\"WebSite\",\"@id\":\"https:\/\/veritasinfo.org\/#website\",\"url\":\"https:\/\/veritasinfo.org\/\",\"name\":\"\",\"description\":\"\",\"potentialAction\":[{\"@type\":\"SearchAction\",\"target\":{\"@type\":\"EntryPoint\",\"urlTemplate\":\"https:\/\/veritasinfo.org\/?s={search_term_string}\"},\"query-input\":{\"@type\":\"PropertyValueSpecification\",\"valueRequired\":true,\"valueName\":\"search_term_string\"}}],\"inLanguage\":\"en-US\"},{\"@type\":\"Person\",\"@id\":\"https:\/\/veritasinfo.org\/#\/schema\/person\/fe199eede04c3937362892b7444747cc\",\"name\":\"US6\",\"image\":{\"@type\":\"ImageObject\",\"inLanguage\":\"en-US\",\"@id\":\"https:\/\/veritasinfo.org\/#\/schema\/person\/image\/\",\"url\":\"https:\/\/secure.gravatar.com\/avatar\/cb16c3c31c9d23b9b8c705964598220b3014e42ff51eb540ff23cefa3ae8c15f?s=96&d=mm&r=g\",\"contentUrl\":\"https:\/\/secure.gravatar.com\/avatar\/cb16c3c31c9d23b9b8c705964598220b3014e42ff51eb540ff23cefa3ae8c15f?s=96&d=mm&r=g\",\"caption\":\"US6\"},\"url\":\"https:\/\/veritasinfo.org\/?author=7\"}]}<\/script>\n<!-- \/ Yoast SEO plugin. -->","yoast_head_json":{"title":"Vojvoda: Sfida ndaj Sllovakis\u00eb do t\u00eb jet\u00eb shum\u00eb e hapur -","robots":{"index":"index","follow":"follow","max-snippet":"max-snippet:-1","max-image-preview":"max-image-preview:large","max-video-preview":"max-video-preview:-1"},"canonical":"https:\/\/veritasinfo.org\/?p=22789","og_locale":"en_US","og_type":"article","og_title":"Vojvoda: Sfida ndaj Sllovakis\u00eb do t\u00eb jet\u00eb shum\u00eb e hapur -","og_description":"Prishtin\u00eb, 04 dhjetor 2025 14:47 M\u00ebrgim Vojvoda, nj\u00eb prej shtyllave t\u00eb mbrojtjes s\u00eb Komb\u00ebtares s\u00eb Kosov\u00ebs, n\u00eb episodin \u2018FFK Podcast\u2019 ka shpalosur emocionet, synimet dhe","og_url":"https:\/\/veritasinfo.org\/?p=22789","article_published_time":"2025-12-04T13:47:39+00:00","og_image":[{"width":800,"height":450,"url":"https:\/\/veritasinfo.org\/wp-content\/uploads\/2025\/12\/Mergim-Vojvoda-800x450-1.png","type":"image\/png"}],"author":"US6","twitter_card":"summary_large_image","twitter_misc":{"Written by":"US6","Est. reading time":"2 minutes"},"schema":{"@context":"https:\/\/schema.org","@graph":[{"@type":"WebPage","@id":"https:\/\/veritasinfo.org\/?p=22789","url":"https:\/\/veritasinfo.org\/?p=22789","name":"Vojvoda: Sfida ndaj Sllovakis\u00eb do t\u00eb jet\u00eb shum\u00eb e hapur -","isPartOf":{"@id":"https:\/\/veritasinfo.org\/#website"},"primaryImageOfPage":{"@id":"https:\/\/veritasinfo.org\/?p=22789#primaryimage"},"image":{"@id":"https:\/\/veritasinfo.org\/?p=22789#primaryimage"},"thumbnailUrl":"https:\/\/veritasinfo.org\/wp-content\/uploads\/2025\/12\/Mergim-Vojvoda-800x450-1.png","datePublished":"2025-12-04T13:47:39+00:00","author":{"@id":"https:\/\/veritasinfo.org\/#\/schema\/person\/fe199eede04c3937362892b7444747cc"},"breadcrumb":{"@id":"https:\/\/veritasinfo.org\/?p=22789#breadcrumb"},"inLanguage":"en-US","potentialAction":[{"@type":"ReadAction","target":["https:\/\/veritasinfo.org\/?p=22789"]}]},{"@type":"ImageObject","inLanguage":"en-US","@id":"https:\/\/veritasinfo.org\/?p=22789#primaryimage","url":"https:\/\/veritasinfo.org\/wp-content\/uploads\/2025\/12\/Mergim-Vojvoda-800x450-1.png","contentUrl":"https:\/\/veritasinfo.org\/wp-content\/uploads\/2025\/12\/Mergim-Vojvoda-800x450-1.png","width":800,"height":450},{"@type":"BreadcrumbList","@id":"https:\/\/veritasinfo.org\/?p=22789#breadcrumb","itemListElement":[{"@type":"ListItem","position":1,"name":"Home","item":"https:\/\/veritasinfo.org\/"},{"@type":"ListItem","position":2,"name":"Vojvoda: Sfida ndaj Sllovakis\u00eb do t\u00eb jet\u00eb shum\u00eb e hapur"}]},{"@type":"WebSite","@id":"https:\/\/veritasinfo.org\/#website","url":"https:\/\/veritasinfo.org\/","name":"","description":"","potentialAction":[{"@type":"SearchAction","target":{"@type":"EntryPoint","urlTemplate":"https:\/\/veritasinfo.org\/?s={search_term_string}"},"query-input":{"@type":"PropertyValueSpecification","valueRequired":true,"valueName":"search_term_string"}}],"inLanguage":"en-US"},{"@type":"Person","@id":"https:\/\/veritasinfo.org\/#\/schema\/person\/fe199eede04c3937362892b7444747cc","name":"US6","image":{"@type":"ImageObject","inLanguage":"en-US","@id":"https:\/\/veritasinfo.org\/#\/schema\/person\/image\/","url":"https:\/\/secure.gravatar.com\/avatar\/cb16c3c31c9d23b9b8c705964598220b3014e42ff51eb540ff23cefa3ae8c15f?s=96&d=mm&r=g","contentUrl":"https:\/\/secure.gravatar.com\/avatar\/cb16c3c31c9d23b9b8c705964598220b3014e42ff51eb540ff23cefa3ae8c15f?s=96&d=mm&r=g","caption":"US6"},"url":"https:\/\/veritasinfo.org\/?author=7"}]}},"featured_image_urls":{"full":["https:\/\/veritasinfo.org\/wp-content\/uploads\/2025\/12\/Mergim-Vojvoda-800x450-1.png",800,450,false],"thumbnail":["https:\/\/veritasinfo.org\/wp-content\/uploads\/2025\/12\/Mergim-Vojvoda-800x450-1-150x150.png",150,150,true],"medium":["https:\/\/veritasinfo.org\/wp-content\/uploads\/2025\/12\/Mergim-Vojvoda-800x450-1-300x169.png",300,169,true],"medium_large":["https:\/\/veritasinfo.org\/wp-content\/uploads\/2025\/12\/Mergim-Vojvoda-800x450-1-768x432.png",640,360,true],"large":["https:\/\/veritasinfo.org\/wp-content\/uploads\/2025\/12\/Mergim-Vojvoda-800x450-1.png",640,360,false],"1536x1536":["https:\/\/veritasinfo.org\/wp-content\/uploads\/2025\/12\/Mergim-Vojvoda-800x450-1.png",800,450,false],"2048x2048":["https:\/\/veritasinfo.org\/wp-content\/uploads\/2025\/12\/Mergim-Vojvoda-800x450-1.png",800,450,false],"kreeti-slider-full":["https:\/\/veritasinfo.org\/wp-content\/uploads\/2025\/12\/Mergim-Vojvoda-800x450-1.png",800,450,false],"kreeti-featured":["https:\/\/veritasinfo.org\/wp-content\/uploads\/2025\/12\/Mergim-Vojvoda-800x450-1.png",800,450,false],"kreeti-medium":["https:\/\/veritasinfo.org\/wp-content\/uploads\/2025\/12\/Mergim-Vojvoda-800x450-1.png",720,405,false],"kreeti-medium-square":["https:\/\/veritasinfo.org\/wp-content\/uploads\/2025\/12\/Mergim-Vojvoda-800x450-1.png",350,197,false]},"author_info":{"info":["US6"]},"category_info":"<a href=\"https:\/\/veritasinfo.org\/?cat=5\" rel=\"category\">Sport<\/a>","tag_info":"Sport","comment_count":"0","_links":{"self":[{"href":"https:\/\/veritasinfo.org\/index.php?rest_route=\/wp\/v2\/posts\/22789","targetHints":{"allow":["GET"]}}],"collection":[{"href":"https:\/\/veritasinfo.org\/index.php?rest_route=\/wp\/v2\/posts"}],"about":[{"href":"https:\/\/veritasinfo.org\/index.php?rest_route=\/wp\/v2\/types\/post"}],"author":[{"embeddable":true,"href":"https:\/\/veritasinfo.org\/index.php?rest_route=\/wp\/v2\/users\/7"}],"replies":[{"embeddable":true,"href":"https:\/\/veritasinfo.org\/index.php?rest_route=%2Fwp%2Fv2%2Fcomments&post=22789"}],"version-history":[{"count":1,"href":"https:\/\/veritasinfo.org\/index.php?rest_route=\/wp\/v2\/posts\/22789\/revisions"}],"predecessor-version":[{"id":22791,"href":"https:\/\/veritasinfo.org\/index.php?rest_route=\/wp\/v2\/posts\/22789\/revisions\/22791"}],"wp:featuredmedia":[{"embeddable":true,"href":"https:\/\/veritasinfo.org\/index.php?rest_route=\/wp\/v2\/media\/22790"}],"wp:attachment":[{"href":"https:\/\/veritasinfo.org\/index.php?rest_route=%2Fwp%2Fv2%2Fmedia&parent=22789"}],"wp:term":[{"taxonomy":"category","embeddable":true,"href":"https:\/\/veritasinfo.org\/index.php?rest_route=%2Fwp%2Fv2%2Fcategories&post=22789"},{"taxonomy":"post_tag","embeddable":true,"href":"https:\/\/veritasinfo.org\/index.php?rest_route=%2Fwp%2Fv2%2Ftags&post=22789"}],"curies":[{"name":"wp","href":"https:\/\/api.w.org\/{rel}","templated":true}]}}