{"id":2277,"date":"2025-07-02T12:58:06","date_gmt":"2025-07-02T10:58:06","guid":{"rendered":"https:\/\/veritasinfo.org\/?p=2277"},"modified":"2025-07-02T12:58:06","modified_gmt":"2025-07-02T10:58:06","slug":"teroristet-e-banjskes-qe-e-ruajne-vucicin-te-shantazhuar-nese-nuk-e-rujane-i-kercenon-me-dorezim-tek-kurti","status":"publish","type":"post","link":"https:\/\/veritasinfo.org\/?p=2277","title":{"rendered":"Terorist\u00ebt e Banjsk\u00ebs q\u00eb e ruajn\u00eb Vu\u00e7i\u00e7in t\u00eb shantazhuar : N\u00ebse nuk e rujan\u00eb i k\u00ebrc\u00ebnon me dor\u00ebzim tek Kurti"},"content":{"rendered":"<p><strong>Beograd 2 korrik 2025<\/strong><\/p>\n<p>&#8220;Njer\u00ebz nga Banjska jan\u00eb n\u00eb detyr\u00eb n\u00eb \u00c7aciland (parku Pinor ku edhe po zhvillohen protestat kryesore), t\u00eb cil\u00ebt i t\u00ebrhoq\u00ebn Vu\u00e7i\u00e7i dhe Radoi\u00e7i\u00e7. Dhe a e dini si? Duke i shantazhuar se do t&#8217;i dor\u00ebzohen Kurtit n\u00ebse nuk vijn\u00eb&#8221; &#8211; njoftuan n\u00eb nj\u00eb mesazh t\u00eb shkurt\u00ebr Student\u00ebt n\u00eb Bllokada, n\u00eb rrjetet e tyre sociale, ku prej muajsh kan\u00eb reklamuar dhe informuar publikun p\u00ebr aktivitetet, q\u00ebndrimet dhe kan\u00eb dh\u00ebn\u00eb informacione. Ky informacion vjen pas raportimeve n\u00eb media p\u00ebr faktin se Parku Pionir, i cili ka qen\u00eb n\u00ebn rrethim q\u00eb nga pranvera nga grupet n\u00ebn kontrollin e autoriteteve, dhe t\u00eb cilin njer\u00ebzit e quajn\u00eb \u00c7aciland, p\u00ebrmban persona nga i ashtuquajturi grupi paramilitar i Banjsk\u00ebs i Milan Radoi\u00e7i\u00e7it.<\/p>\n<p>E gjitha filloi kur politikani serb i opozit\u00ebs, Gjorgje Miketi\u00e7, postoi nj\u00eb fotografi t\u00eb tre burrave n\u00eb rrjetin social X n\u00eb Vidovdan, duke pyetur n\u00ebse ishin njer\u00ebz nga Banjska.<\/p>\n<p>Nj\u00eb dit\u00eb m\u00eb von\u00eb, mediat n\u00eb Prishtin\u00eb publikuan disa pamje t\u00eb tjera t\u00eb ekranit nga videot e b\u00ebra para Presidenc\u00ebs s\u00eb Serbis\u00eb m\u00eb 28 qershor n\u00eb Beograd, gjat\u00eb protest\u00ebs s\u00eb madhe studentore t\u00eb Vidovdanit, duke theksuar se tani b\u00ebhet fjal\u00eb p\u00ebr persona q\u00eb dyshohet se jan\u00eb t\u00eb angazhuar n\u00eb sigurin\u00eb e Presidentit t\u00eb Serbis\u00eb. Midis tyre jan\u00eb Milorad Jevti\u00e7 i ashtuquajtur Mi\u00e7ko, Zharko Cvetkovi\u00e7, Vladimir Vu\u00e7eti\u00e7 dhe Vukashin Jaredi\u00e7.<\/p>\n<p>Radio Evropa e Lir\u00eb m\u00eb pas, duke p\u00ebrdorur mjete p\u00ebr njohjen e fytyr\u00ebs, arriti t\u00eb identifikoj\u00eb dhe konfirmoj\u00eb nj\u00ebrin prej k\u00ebtyre personave &#8211; Vladimir Vu\u00e7eti\u00e7 nga Mitrovica e Veriut, si nj\u00eb nga 45 personat nga aktakuza e Zyr\u00ebs s\u00eb Prokurorit t\u00eb Kosov\u00ebs.<\/p>\n","protected":false},"excerpt":{"rendered":"<p>Beograd 2 korrik 2025 &#8220;Njer\u00ebz nga Banjska jan\u00eb n\u00eb detyr\u00eb n\u00eb \u00c7aciland (parku Pinor ku edhe po zhvillohen protestat kryesore), t\u00eb cil\u00ebt i t\u00ebrhoq\u00ebn Vu\u00e7i\u00e7i<\/p>\n","protected":false},"author":2,"featured_media":2278,"comment_status":"open","ping_status":"open","sticky":false,"template":"","format":"standard","meta":{"footnotes":""},"categories":[58],"tags":[],"class_list":["post-2277","post","type-post","status-publish","format-standard","has-post-thumbnail","hentry","category-politike-sq"],"yoast_head":"<!-- This site is optimized with the Yoast SEO plugin v25.3.1 - https:\/\/yoast.com\/wordpress\/plugins\/seo\/ -->\n<title>Terorist\u00ebt e Banjsk\u00ebs q\u00eb e ruajn\u00eb Vu\u00e7i\u00e7in t\u00eb shantazhuar : N\u00ebse nuk e rujan\u00eb i k\u00ebrc\u00ebnon me dor\u00ebzim tek Kurti -<\/title>\n<meta name=\"robots\" content=\"index, follow, max-snippet:-1, max-image-preview:large, max-video-preview:-1\" \/>\n<link rel=\"canonical\" href=\"https:\/\/veritasinfo.org\/?p=2277\" \/>\n<meta property=\"og:locale\" content=\"en_US\" \/>\n<meta property=\"og:type\" content=\"article\" \/>\n<meta property=\"og:title\" content=\"Terorist\u00ebt e Banjsk\u00ebs q\u00eb e ruajn\u00eb Vu\u00e7i\u00e7in t\u00eb shantazhuar : N\u00ebse nuk e rujan\u00eb i k\u00ebrc\u00ebnon me dor\u00ebzim tek Kurti -\" \/>\n<meta property=\"og:description\" content=\"Beograd 2 korrik 2025 &#8220;Njer\u00ebz nga Banjska jan\u00eb n\u00eb detyr\u00eb n\u00eb \u00c7aciland (parku Pinor ku edhe po zhvillohen protestat kryesore), t\u00eb cil\u00ebt i t\u00ebrhoq\u00ebn Vu\u00e7i\u00e7i\" \/>\n<meta property=\"og:url\" content=\"https:\/\/veritasinfo.org\/?p=2277\" \/>\n<meta property=\"article:published_time\" content=\"2025-07-02T10:58:06+00:00\" \/>\n<meta property=\"og:image\" content=\"https:\/\/veritasinfo.org\/wp-content\/uploads\/2025\/07\/5c3989a0-8d97-46fa-8509-5162225a7193.jpg\" \/>\n\t<meta property=\"og:image:width\" content=\"1600\" \/>\n\t<meta property=\"og:image:height\" content=\"900\" \/>\n\t<meta property=\"og:image:type\" content=\"image\/jpeg\" \/>\n<meta name=\"author\" content=\"US1\" \/>\n<meta name=\"twitter:card\" content=\"summary_large_image\" \/>\n<meta name=\"twitter:label1\" content=\"Written by\" \/>\n\t<meta name=\"twitter:data1\" content=\"US1\" \/>\n\t<meta name=\"twitter:label2\" content=\"Est. reading time\" \/>\n\t<meta name=\"twitter:data2\" content=\"2 minutes\" \/>\n<script type=\"application\/ld+json\" class=\"yoast-schema-graph\">{\"@context\":\"https:\/\/schema.org\",\"@graph\":[{\"@type\":\"WebPage\",\"@id\":\"https:\/\/veritasinfo.org\/?p=2277\",\"url\":\"https:\/\/veritasinfo.org\/?p=2277\",\"name\":\"Terorist\u00ebt e Banjsk\u00ebs q\u00eb e ruajn\u00eb Vu\u00e7i\u00e7in t\u00eb shantazhuar : N\u00ebse nuk e rujan\u00eb i k\u00ebrc\u00ebnon me dor\u00ebzim tek Kurti -\",\"isPartOf\":{\"@id\":\"https:\/\/veritasinfo.org\/#website\"},\"primaryImageOfPage\":{\"@id\":\"https:\/\/veritasinfo.org\/?p=2277#primaryimage\"},\"image\":{\"@id\":\"https:\/\/veritasinfo.org\/?p=2277#primaryimage\"},\"thumbnailUrl\":\"https:\/\/veritasinfo.org\/wp-content\/uploads\/2025\/07\/5c3989a0-8d97-46fa-8509-5162225a7193.jpg\",\"datePublished\":\"2025-07-02T10:58:06+00:00\",\"author\":{\"@id\":\"https:\/\/veritasinfo.org\/#\/schema\/person\/c2b8be262ea994d0995addca692c5e98\"},\"breadcrumb\":{\"@id\":\"https:\/\/veritasinfo.org\/?p=2277#breadcrumb\"},\"inLanguage\":\"en-US\",\"potentialAction\":[{\"@type\":\"ReadAction\",\"target\":[\"https:\/\/veritasinfo.org\/?p=2277\"]}]},{\"@type\":\"ImageObject\",\"inLanguage\":\"en-US\",\"@id\":\"https:\/\/veritasinfo.org\/?p=2277#primaryimage\",\"url\":\"https:\/\/veritasinfo.org\/wp-content\/uploads\/2025\/07\/5c3989a0-8d97-46fa-8509-5162225a7193.jpg\",\"contentUrl\":\"https:\/\/veritasinfo.org\/wp-content\/uploads\/2025\/07\/5c3989a0-8d97-46fa-8509-5162225a7193.jpg\",\"width\":1600,\"height\":900},{\"@type\":\"BreadcrumbList\",\"@id\":\"https:\/\/veritasinfo.org\/?p=2277#breadcrumb\",\"itemListElement\":[{\"@type\":\"ListItem\",\"position\":1,\"name\":\"Home\",\"item\":\"https:\/\/veritasinfo.org\/\"},{\"@type\":\"ListItem\",\"position\":2,\"name\":\"Terorist\u00ebt e Banjsk\u00ebs q\u00eb e ruajn\u00eb Vu\u00e7i\u00e7in t\u00eb shantazhuar : N\u00ebse nuk e rujan\u00eb i k\u00ebrc\u00ebnon me dor\u00ebzim tek Kurti\"}]},{\"@type\":\"WebSite\",\"@id\":\"https:\/\/veritasinfo.org\/#website\",\"url\":\"https:\/\/veritasinfo.org\/\",\"name\":\"\",\"description\":\"\",\"potentialAction\":[{\"@type\":\"SearchAction\",\"target\":{\"@type\":\"EntryPoint\",\"urlTemplate\":\"https:\/\/veritasinfo.org\/?s={search_term_string}\"},\"query-input\":{\"@type\":\"PropertyValueSpecification\",\"valueRequired\":true,\"valueName\":\"search_term_string\"}}],\"inLanguage\":\"en-US\"},{\"@type\":\"Person\",\"@id\":\"https:\/\/veritasinfo.org\/#\/schema\/person\/c2b8be262ea994d0995addca692c5e98\",\"name\":\"US1\",\"image\":{\"@type\":\"ImageObject\",\"inLanguage\":\"en-US\",\"@id\":\"https:\/\/veritasinfo.org\/#\/schema\/person\/image\/\",\"url\":\"https:\/\/secure.gravatar.com\/avatar\/4e96a59bd256abf9956eb9963ac891a47461ffb364d47b0e9aab113328fdb75b?s=96&d=mm&r=g\",\"contentUrl\":\"https:\/\/secure.gravatar.com\/avatar\/4e96a59bd256abf9956eb9963ac891a47461ffb364d47b0e9aab113328fdb75b?s=96&d=mm&r=g\",\"caption\":\"US1\"},\"url\":\"https:\/\/veritasinfo.org\/?author=2\"}]}<\/script>\n<!-- \/ Yoast SEO plugin. -->","yoast_head_json":{"title":"Terorist\u00ebt e Banjsk\u00ebs q\u00eb e ruajn\u00eb Vu\u00e7i\u00e7in t\u00eb shantazhuar : N\u00ebse nuk e rujan\u00eb i k\u00ebrc\u00ebnon me dor\u00ebzim tek Kurti -","robots":{"index":"index","follow":"follow","max-snippet":"max-snippet:-1","max-image-preview":"max-image-preview:large","max-video-preview":"max-video-preview:-1"},"canonical":"https:\/\/veritasinfo.org\/?p=2277","og_locale":"en_US","og_type":"article","og_title":"Terorist\u00ebt e Banjsk\u00ebs q\u00eb e ruajn\u00eb Vu\u00e7i\u00e7in t\u00eb shantazhuar : N\u00ebse nuk e rujan\u00eb i k\u00ebrc\u00ebnon me dor\u00ebzim tek Kurti -","og_description":"Beograd 2 korrik 2025 &#8220;Njer\u00ebz nga Banjska jan\u00eb n\u00eb detyr\u00eb n\u00eb \u00c7aciland (parku Pinor ku edhe po zhvillohen protestat kryesore), t\u00eb cil\u00ebt i t\u00ebrhoq\u00ebn Vu\u00e7i\u00e7i","og_url":"https:\/\/veritasinfo.org\/?p=2277","article_published_time":"2025-07-02T10:58:06+00:00","og_image":[{"width":1600,"height":900,"url":"https:\/\/veritasinfo.org\/wp-content\/uploads\/2025\/07\/5c3989a0-8d97-46fa-8509-5162225a7193.jpg","type":"image\/jpeg"}],"author":"US1","twitter_card":"summary_large_image","twitter_misc":{"Written by":"US1","Est. reading time":"2 minutes"},"schema":{"@context":"https:\/\/schema.org","@graph":[{"@type":"WebPage","@id":"https:\/\/veritasinfo.org\/?p=2277","url":"https:\/\/veritasinfo.org\/?p=2277","name":"Terorist\u00ebt e Banjsk\u00ebs q\u00eb e ruajn\u00eb Vu\u00e7i\u00e7in t\u00eb shantazhuar : N\u00ebse nuk e rujan\u00eb i k\u00ebrc\u00ebnon me dor\u00ebzim tek Kurti -","isPartOf":{"@id":"https:\/\/veritasinfo.org\/#website"},"primaryImageOfPage":{"@id":"https:\/\/veritasinfo.org\/?p=2277#primaryimage"},"image":{"@id":"https:\/\/veritasinfo.org\/?p=2277#primaryimage"},"thumbnailUrl":"https:\/\/veritasinfo.org\/wp-content\/uploads\/2025\/07\/5c3989a0-8d97-46fa-8509-5162225a7193.jpg","datePublished":"2025-07-02T10:58:06+00:00","author":{"@id":"https:\/\/veritasinfo.org\/#\/schema\/person\/c2b8be262ea994d0995addca692c5e98"},"breadcrumb":{"@id":"https:\/\/veritasinfo.org\/?p=2277#breadcrumb"},"inLanguage":"en-US","potentialAction":[{"@type":"ReadAction","target":["https:\/\/veritasinfo.org\/?p=2277"]}]},{"@type":"ImageObject","inLanguage":"en-US","@id":"https:\/\/veritasinfo.org\/?p=2277#primaryimage","url":"https:\/\/veritasinfo.org\/wp-content\/uploads\/2025\/07\/5c3989a0-8d97-46fa-8509-5162225a7193.jpg","contentUrl":"https:\/\/veritasinfo.org\/wp-content\/uploads\/2025\/07\/5c3989a0-8d97-46fa-8509-5162225a7193.jpg","width":1600,"height":900},{"@type":"BreadcrumbList","@id":"https:\/\/veritasinfo.org\/?p=2277#breadcrumb","itemListElement":[{"@type":"ListItem","position":1,"name":"Home","item":"https:\/\/veritasinfo.org\/"},{"@type":"ListItem","position":2,"name":"Terorist\u00ebt e Banjsk\u00ebs q\u00eb e ruajn\u00eb Vu\u00e7i\u00e7in t\u00eb shantazhuar : N\u00ebse nuk e rujan\u00eb i k\u00ebrc\u00ebnon me dor\u00ebzim tek Kurti"}]},{"@type":"WebSite","@id":"https:\/\/veritasinfo.org\/#website","url":"https:\/\/veritasinfo.org\/","name":"","description":"","potentialAction":[{"@type":"SearchAction","target":{"@type":"EntryPoint","urlTemplate":"https:\/\/veritasinfo.org\/?s={search_term_string}"},"query-input":{"@type":"PropertyValueSpecification","valueRequired":true,"valueName":"search_term_string"}}],"inLanguage":"en-US"},{"@type":"Person","@id":"https:\/\/veritasinfo.org\/#\/schema\/person\/c2b8be262ea994d0995addca692c5e98","name":"US1","image":{"@type":"ImageObject","inLanguage":"en-US","@id":"https:\/\/veritasinfo.org\/#\/schema\/person\/image\/","url":"https:\/\/secure.gravatar.com\/avatar\/4e96a59bd256abf9956eb9963ac891a47461ffb364d47b0e9aab113328fdb75b?s=96&d=mm&r=g","contentUrl":"https:\/\/secure.gravatar.com\/avatar\/4e96a59bd256abf9956eb9963ac891a47461ffb364d47b0e9aab113328fdb75b?s=96&d=mm&r=g","caption":"US1"},"url":"https:\/\/veritasinfo.org\/?author=2"}]}},"featured_image_urls":{"full":["https:\/\/veritasinfo.org\/wp-content\/uploads\/2025\/07\/5c3989a0-8d97-46fa-8509-5162225a7193.jpg",1600,900,false],"thumbnail":["https:\/\/veritasinfo.org\/wp-content\/uploads\/2025\/07\/5c3989a0-8d97-46fa-8509-5162225a7193-150x150.jpg",150,150,true],"medium":["https:\/\/veritasinfo.org\/wp-content\/uploads\/2025\/07\/5c3989a0-8d97-46fa-8509-5162225a7193-300x169.jpg",300,169,true],"medium_large":["https:\/\/veritasinfo.org\/wp-content\/uploads\/2025\/07\/5c3989a0-8d97-46fa-8509-5162225a7193-768x432.jpg",640,360,true],"large":["https:\/\/veritasinfo.org\/wp-content\/uploads\/2025\/07\/5c3989a0-8d97-46fa-8509-5162225a7193-1024x576.jpg",640,360,true],"1536x1536":["https:\/\/veritasinfo.org\/wp-content\/uploads\/2025\/07\/5c3989a0-8d97-46fa-8509-5162225a7193-1536x864.jpg",1536,864,true],"2048x2048":["https:\/\/veritasinfo.org\/wp-content\/uploads\/2025\/07\/5c3989a0-8d97-46fa-8509-5162225a7193.jpg",1600,900,false],"kreeti-slider-full":["https:\/\/veritasinfo.org\/wp-content\/uploads\/2025\/07\/5c3989a0-8d97-46fa-8509-5162225a7193.jpg",1280,720,false],"kreeti-featured":["https:\/\/veritasinfo.org\/wp-content\/uploads\/2025\/07\/5c3989a0-8d97-46fa-8509-5162225a7193.jpg",1024,576,false],"kreeti-medium":["https:\/\/veritasinfo.org\/wp-content\/uploads\/2025\/07\/5c3989a0-8d97-46fa-8509-5162225a7193.jpg",720,405,false],"kreeti-medium-square":["https:\/\/veritasinfo.org\/wp-content\/uploads\/2025\/07\/5c3989a0-8d97-46fa-8509-5162225a7193.jpg",350,197,false]},"author_info":{"info":["US1"]},"category_info":"<a href=\"https:\/\/veritasinfo.org\/?cat=58\" rel=\"category\">Politik\u00eb<\/a>","tag_info":"Politik\u00eb","comment_count":"0","_links":{"self":[{"href":"https:\/\/veritasinfo.org\/index.php?rest_route=\/wp\/v2\/posts\/2277","targetHints":{"allow":["GET"]}}],"collection":[{"href":"https:\/\/veritasinfo.org\/index.php?rest_route=\/wp\/v2\/posts"}],"about":[{"href":"https:\/\/veritasinfo.org\/index.php?rest_route=\/wp\/v2\/types\/post"}],"author":[{"embeddable":true,"href":"https:\/\/veritasinfo.org\/index.php?rest_route=\/wp\/v2\/users\/2"}],"replies":[{"embeddable":true,"href":"https:\/\/veritasinfo.org\/index.php?rest_route=%2Fwp%2Fv2%2Fcomments&post=2277"}],"version-history":[{"count":1,"href":"https:\/\/veritasinfo.org\/index.php?rest_route=\/wp\/v2\/posts\/2277\/revisions"}],"predecessor-version":[{"id":2279,"href":"https:\/\/veritasinfo.org\/index.php?rest_route=\/wp\/v2\/posts\/2277\/revisions\/2279"}],"wp:featuredmedia":[{"embeddable":true,"href":"https:\/\/veritasinfo.org\/index.php?rest_route=\/wp\/v2\/media\/2278"}],"wp:attachment":[{"href":"https:\/\/veritasinfo.org\/index.php?rest_route=%2Fwp%2Fv2%2Fmedia&parent=2277"}],"wp:term":[{"taxonomy":"category","embeddable":true,"href":"https:\/\/veritasinfo.org\/index.php?rest_route=%2Fwp%2Fv2%2Fcategories&post=2277"},{"taxonomy":"post_tag","embeddable":true,"href":"https:\/\/veritasinfo.org\/index.php?rest_route=%2Fwp%2Fv2%2Ftags&post=2277"}],"curies":[{"name":"wp","href":"https:\/\/api.w.org\/{rel}","templated":true}]}}