{"id":22755,"date":"2025-12-04T11:42:27","date_gmt":"2025-12-04T10:42:27","guid":{"rendered":"https:\/\/veritasinfo.org\/?p=22755"},"modified":"2025-12-04T11:42:33","modified_gmt":"2025-12-04T10:42:33","slug":"intensifikon-pergatitjet-per-zgjedhjet-e-28-dhjetorit","status":"publish","type":"post","link":"https:\/\/veritasinfo.org\/?p=22755","title":{"rendered":"Intensifikon p\u00ebrgatitjet p\u00ebr zgjedhjet e 28 dhjetorit"},"content":{"rendered":"<p><strong>Prishtin\u00eb, 04 dhjetor 2025 11:41<\/strong><\/p>\n<p>Komisioni Qendror i Zgjedhjeve (KQZ) ka mbajtur nj\u00eb pun\u00ebtori me Zyrtar\u00ebt Ekzekutiv t\u00eb Komisioneve Komunale t\u00eb Zgjedhjeve, duke shqyrtuar n\u00eb detaje p\u00ebrgatitjet dhe sfidat e procesit zgjedhor p\u00ebr zgjedhjet e parakohshme parlamentare t\u00eb 28 dhjetorit.<\/p>\n<p>N\u00eb k\u00ebt\u00eb takim mor\u00ebn pjes\u00eb an\u00ebtar\u00eb t\u00eb KQZ-s\u00eb dhe p\u00ebrfaq\u00ebsues nga t\u00eb gjitha komunat e vendit, ku u diskutua p\u00ebr organizimin e fazave kryesore t\u00eb zgjedhjeve dhe p\u00ebr m\u00ebnyrat e adresimit t\u00eb sfidave n\u00eb nivel lokal. Pun\u00ebtoria u mb\u00ebshtet nga Misioni i OSBE-s\u00eb n\u00eb Kosov\u00eb, duke n\u00ebnvizuar r\u00ebnd\u00ebsin\u00eb e koordinimit t\u00eb ngusht\u00eb mes strukturave qendrore dhe atyre lokale p\u00ebr t\u00eb garantuar nj\u00eb proces transparent dhe t\u00eb suksessh\u00ebm.<\/p>\n<p>KQZ b\u00ebri t\u00eb ditur se tashm\u00eb jan\u00eb em\u00ebruar 215 an\u00ebtar\u00eb t\u00eb Komisioneve Komunale t\u00eb Zgjedhjeve n\u00eb 38 komuna, p\u00ebrfaq\u00ebsues t\u00eb subjekteve t\u00eb ndryshme politike, t\u00eb cil\u00ebt do t\u00eb udh\u00ebheqin procesin zgjedhor n\u00eb terren. Sipas Komisionit, k\u00ebto tryeza bashk\u00ebpunimi jan\u00eb ky\u00e7e p\u00ebr sigurimin e komunikimit t\u00eb vazhduesh\u00ebm dhe koordinimit t\u00eb efektsh\u00ebm n\u00eb t\u00eb gjitha nivelet e organizimit.<\/p>\n<p>Zgjedhjet e 28 dhjetorit priten t\u00eb zhvillohen n\u00eb p\u00ebrputhje me standardet ligjore dhe procedurat rregullative, duke i ofruar qytetar\u00ebve nj\u00eb proces t\u00eb qart\u00eb dhe t\u00eb besuesh\u00ebm, si dhe mund\u00ebsi t\u00eb barabarta p\u00ebr t\u00eb gjith\u00eb aktor\u00ebt politik\u00eb.<\/p>\n","protected":false},"excerpt":{"rendered":"<p>Prishtin\u00eb, 04 dhjetor 2025 11:41 Komisioni Qendror i Zgjedhjeve (KQZ) ka mbajtur nj\u00eb pun\u00ebtori me Zyrtar\u00ebt Ekzekutiv t\u00eb Komisioneve Komunale t\u00eb Zgjedhjeve, duke shqyrtuar n\u00eb<\/p>\n","protected":false},"author":7,"featured_media":22757,"comment_status":"open","ping_status":"open","sticky":false,"template":"","format":"standard","meta":{"footnotes":""},"categories":[8],"tags":[],"class_list":["post-22755","post","type-post","status-publish","format-standard","has-post-thumbnail","hentry","category-blog-sq"],"yoast_head":"<!-- This site is optimized with the Yoast SEO plugin v25.3.1 - https:\/\/yoast.com\/wordpress\/plugins\/seo\/ -->\n<title>Intensifikon p\u00ebrgatitjet p\u00ebr zgjedhjet e 28 dhjetorit -<\/title>\n<meta name=\"robots\" content=\"index, follow, max-snippet:-1, max-image-preview:large, max-video-preview:-1\" \/>\n<link rel=\"canonical\" href=\"https:\/\/veritasinfo.org\/?p=22755\" \/>\n<meta property=\"og:locale\" content=\"en_US\" \/>\n<meta property=\"og:type\" content=\"article\" \/>\n<meta property=\"og:title\" content=\"Intensifikon p\u00ebrgatitjet p\u00ebr zgjedhjet e 28 dhjetorit -\" \/>\n<meta property=\"og:description\" content=\"Prishtin\u00eb, 04 dhjetor 2025 11:41 Komisioni Qendror i Zgjedhjeve (KQZ) ka mbajtur nj\u00eb pun\u00ebtori me Zyrtar\u00ebt Ekzekutiv t\u00eb Komisioneve Komunale t\u00eb Zgjedhjeve, duke shqyrtuar n\u00eb\" \/>\n<meta property=\"og:url\" content=\"https:\/\/veritasinfo.org\/?p=22755\" \/>\n<meta property=\"article:published_time\" content=\"2025-12-04T10:42:27+00:00\" \/>\n<meta property=\"article:modified_time\" content=\"2025-12-04T10:42:33+00:00\" \/>\n<meta property=\"og:image\" content=\"https:\/\/veritasinfo.org\/wp-content\/uploads\/2025\/12\/593881330_1244374401054308_6578994539517092407_n.jpg\" \/>\n\t<meta property=\"og:image:width\" content=\"1370\" \/>\n\t<meta property=\"og:image:height\" content=\"967\" \/>\n\t<meta property=\"og:image:type\" content=\"image\/jpeg\" \/>\n<meta name=\"author\" content=\"US6\" \/>\n<meta name=\"twitter:card\" content=\"summary_large_image\" \/>\n<meta name=\"twitter:label1\" content=\"Written by\" \/>\n\t<meta name=\"twitter:data1\" content=\"US6\" \/>\n\t<meta name=\"twitter:label2\" content=\"Est. reading time\" \/>\n\t<meta name=\"twitter:data2\" content=\"2 minutes\" \/>\n<script type=\"application\/ld+json\" class=\"yoast-schema-graph\">{\"@context\":\"https:\/\/schema.org\",\"@graph\":[{\"@type\":\"WebPage\",\"@id\":\"https:\/\/veritasinfo.org\/?p=22755\",\"url\":\"https:\/\/veritasinfo.org\/?p=22755\",\"name\":\"Intensifikon p\u00ebrgatitjet p\u00ebr zgjedhjet e 28 dhjetorit -\",\"isPartOf\":{\"@id\":\"https:\/\/veritasinfo.org\/#website\"},\"primaryImageOfPage\":{\"@id\":\"https:\/\/veritasinfo.org\/?p=22755#primaryimage\"},\"image\":{\"@id\":\"https:\/\/veritasinfo.org\/?p=22755#primaryimage\"},\"thumbnailUrl\":\"https:\/\/veritasinfo.org\/wp-content\/uploads\/2025\/12\/593881330_1244374401054308_6578994539517092407_n.jpg\",\"datePublished\":\"2025-12-04T10:42:27+00:00\",\"dateModified\":\"2025-12-04T10:42:33+00:00\",\"author\":{\"@id\":\"https:\/\/veritasinfo.org\/#\/schema\/person\/fe199eede04c3937362892b7444747cc\"},\"breadcrumb\":{\"@id\":\"https:\/\/veritasinfo.org\/?p=22755#breadcrumb\"},\"inLanguage\":\"en-US\",\"potentialAction\":[{\"@type\":\"ReadAction\",\"target\":[\"https:\/\/veritasinfo.org\/?p=22755\"]}]},{\"@type\":\"ImageObject\",\"inLanguage\":\"en-US\",\"@id\":\"https:\/\/veritasinfo.org\/?p=22755#primaryimage\",\"url\":\"https:\/\/veritasinfo.org\/wp-content\/uploads\/2025\/12\/593881330_1244374401054308_6578994539517092407_n.jpg\",\"contentUrl\":\"https:\/\/veritasinfo.org\/wp-content\/uploads\/2025\/12\/593881330_1244374401054308_6578994539517092407_n.jpg\",\"width\":1370,\"height\":967},{\"@type\":\"BreadcrumbList\",\"@id\":\"https:\/\/veritasinfo.org\/?p=22755#breadcrumb\",\"itemListElement\":[{\"@type\":\"ListItem\",\"position\":1,\"name\":\"Home\",\"item\":\"https:\/\/veritasinfo.org\/\"},{\"@type\":\"ListItem\",\"position\":2,\"name\":\"Intensifikon p\u00ebrgatitjet p\u00ebr zgjedhjet e 28 dhjetorit\"}]},{\"@type\":\"WebSite\",\"@id\":\"https:\/\/veritasinfo.org\/#website\",\"url\":\"https:\/\/veritasinfo.org\/\",\"name\":\"\",\"description\":\"\",\"potentialAction\":[{\"@type\":\"SearchAction\",\"target\":{\"@type\":\"EntryPoint\",\"urlTemplate\":\"https:\/\/veritasinfo.org\/?s={search_term_string}\"},\"query-input\":{\"@type\":\"PropertyValueSpecification\",\"valueRequired\":true,\"valueName\":\"search_term_string\"}}],\"inLanguage\":\"en-US\"},{\"@type\":\"Person\",\"@id\":\"https:\/\/veritasinfo.org\/#\/schema\/person\/fe199eede04c3937362892b7444747cc\",\"name\":\"US6\",\"image\":{\"@type\":\"ImageObject\",\"inLanguage\":\"en-US\",\"@id\":\"https:\/\/veritasinfo.org\/#\/schema\/person\/image\/\",\"url\":\"https:\/\/secure.gravatar.com\/avatar\/cb16c3c31c9d23b9b8c705964598220b3014e42ff51eb540ff23cefa3ae8c15f?s=96&d=mm&r=g\",\"contentUrl\":\"https:\/\/secure.gravatar.com\/avatar\/cb16c3c31c9d23b9b8c705964598220b3014e42ff51eb540ff23cefa3ae8c15f?s=96&d=mm&r=g\",\"caption\":\"US6\"},\"url\":\"https:\/\/veritasinfo.org\/?author=7\"}]}<\/script>\n<!-- \/ Yoast SEO plugin. -->","yoast_head_json":{"title":"Intensifikon p\u00ebrgatitjet p\u00ebr zgjedhjet e 28 dhjetorit -","robots":{"index":"index","follow":"follow","max-snippet":"max-snippet:-1","max-image-preview":"max-image-preview:large","max-video-preview":"max-video-preview:-1"},"canonical":"https:\/\/veritasinfo.org\/?p=22755","og_locale":"en_US","og_type":"article","og_title":"Intensifikon p\u00ebrgatitjet p\u00ebr zgjedhjet e 28 dhjetorit -","og_description":"Prishtin\u00eb, 04 dhjetor 2025 11:41 Komisioni Qendror i Zgjedhjeve (KQZ) ka mbajtur nj\u00eb pun\u00ebtori me Zyrtar\u00ebt Ekzekutiv t\u00eb Komisioneve Komunale t\u00eb Zgjedhjeve, duke shqyrtuar n\u00eb","og_url":"https:\/\/veritasinfo.org\/?p=22755","article_published_time":"2025-12-04T10:42:27+00:00","article_modified_time":"2025-12-04T10:42:33+00:00","og_image":[{"width":1370,"height":967,"url":"https:\/\/veritasinfo.org\/wp-content\/uploads\/2025\/12\/593881330_1244374401054308_6578994539517092407_n.jpg","type":"image\/jpeg"}],"author":"US6","twitter_card":"summary_large_image","twitter_misc":{"Written by":"US6","Est. reading time":"2 minutes"},"schema":{"@context":"https:\/\/schema.org","@graph":[{"@type":"WebPage","@id":"https:\/\/veritasinfo.org\/?p=22755","url":"https:\/\/veritasinfo.org\/?p=22755","name":"Intensifikon p\u00ebrgatitjet p\u00ebr zgjedhjet e 28 dhjetorit -","isPartOf":{"@id":"https:\/\/veritasinfo.org\/#website"},"primaryImageOfPage":{"@id":"https:\/\/veritasinfo.org\/?p=22755#primaryimage"},"image":{"@id":"https:\/\/veritasinfo.org\/?p=22755#primaryimage"},"thumbnailUrl":"https:\/\/veritasinfo.org\/wp-content\/uploads\/2025\/12\/593881330_1244374401054308_6578994539517092407_n.jpg","datePublished":"2025-12-04T10:42:27+00:00","dateModified":"2025-12-04T10:42:33+00:00","author":{"@id":"https:\/\/veritasinfo.org\/#\/schema\/person\/fe199eede04c3937362892b7444747cc"},"breadcrumb":{"@id":"https:\/\/veritasinfo.org\/?p=22755#breadcrumb"},"inLanguage":"en-US","potentialAction":[{"@type":"ReadAction","target":["https:\/\/veritasinfo.org\/?p=22755"]}]},{"@type":"ImageObject","inLanguage":"en-US","@id":"https:\/\/veritasinfo.org\/?p=22755#primaryimage","url":"https:\/\/veritasinfo.org\/wp-content\/uploads\/2025\/12\/593881330_1244374401054308_6578994539517092407_n.jpg","contentUrl":"https:\/\/veritasinfo.org\/wp-content\/uploads\/2025\/12\/593881330_1244374401054308_6578994539517092407_n.jpg","width":1370,"height":967},{"@type":"BreadcrumbList","@id":"https:\/\/veritasinfo.org\/?p=22755#breadcrumb","itemListElement":[{"@type":"ListItem","position":1,"name":"Home","item":"https:\/\/veritasinfo.org\/"},{"@type":"ListItem","position":2,"name":"Intensifikon p\u00ebrgatitjet p\u00ebr zgjedhjet e 28 dhjetorit"}]},{"@type":"WebSite","@id":"https:\/\/veritasinfo.org\/#website","url":"https:\/\/veritasinfo.org\/","name":"","description":"","potentialAction":[{"@type":"SearchAction","target":{"@type":"EntryPoint","urlTemplate":"https:\/\/veritasinfo.org\/?s={search_term_string}"},"query-input":{"@type":"PropertyValueSpecification","valueRequired":true,"valueName":"search_term_string"}}],"inLanguage":"en-US"},{"@type":"Person","@id":"https:\/\/veritasinfo.org\/#\/schema\/person\/fe199eede04c3937362892b7444747cc","name":"US6","image":{"@type":"ImageObject","inLanguage":"en-US","@id":"https:\/\/veritasinfo.org\/#\/schema\/person\/image\/","url":"https:\/\/secure.gravatar.com\/avatar\/cb16c3c31c9d23b9b8c705964598220b3014e42ff51eb540ff23cefa3ae8c15f?s=96&d=mm&r=g","contentUrl":"https:\/\/secure.gravatar.com\/avatar\/cb16c3c31c9d23b9b8c705964598220b3014e42ff51eb540ff23cefa3ae8c15f?s=96&d=mm&r=g","caption":"US6"},"url":"https:\/\/veritasinfo.org\/?author=7"}]}},"featured_image_urls":{"full":["https:\/\/veritasinfo.org\/wp-content\/uploads\/2025\/12\/593881330_1244374401054308_6578994539517092407_n.jpg",1370,967,false],"thumbnail":["https:\/\/veritasinfo.org\/wp-content\/uploads\/2025\/12\/593881330_1244374401054308_6578994539517092407_n-150x150.jpg",150,150,true],"medium":["https:\/\/veritasinfo.org\/wp-content\/uploads\/2025\/12\/593881330_1244374401054308_6578994539517092407_n-300x212.jpg",300,212,true],"medium_large":["https:\/\/veritasinfo.org\/wp-content\/uploads\/2025\/12\/593881330_1244374401054308_6578994539517092407_n-768x542.jpg",640,452,true],"large":["https:\/\/veritasinfo.org\/wp-content\/uploads\/2025\/12\/593881330_1244374401054308_6578994539517092407_n-1024x723.jpg",640,452,true],"1536x1536":["https:\/\/veritasinfo.org\/wp-content\/uploads\/2025\/12\/593881330_1244374401054308_6578994539517092407_n.jpg",1370,967,false],"2048x2048":["https:\/\/veritasinfo.org\/wp-content\/uploads\/2025\/12\/593881330_1244374401054308_6578994539517092407_n.jpg",1370,967,false],"kreeti-slider-full":["https:\/\/veritasinfo.org\/wp-content\/uploads\/2025\/12\/593881330_1244374401054308_6578994539517092407_n.jpg",1020,720,false],"kreeti-featured":["https:\/\/veritasinfo.org\/wp-content\/uploads\/2025\/12\/593881330_1244374401054308_6578994539517092407_n.jpg",1024,723,false],"kreeti-medium":["https:\/\/veritasinfo.org\/wp-content\/uploads\/2025\/12\/593881330_1244374401054308_6578994539517092407_n.jpg",720,508,false],"kreeti-medium-square":["https:\/\/veritasinfo.org\/wp-content\/uploads\/2025\/12\/593881330_1244374401054308_6578994539517092407_n.jpg",350,247,false]},"author_info":{"info":["US6"]},"category_info":"<a href=\"https:\/\/veritasinfo.org\/?cat=8\" rel=\"category\">Zgjedhjet parlamentare 2025<\/a>","tag_info":"Zgjedhjet parlamentare 2025","comment_count":"0","_links":{"self":[{"href":"https:\/\/veritasinfo.org\/index.php?rest_route=\/wp\/v2\/posts\/22755","targetHints":{"allow":["GET"]}}],"collection":[{"href":"https:\/\/veritasinfo.org\/index.php?rest_route=\/wp\/v2\/posts"}],"about":[{"href":"https:\/\/veritasinfo.org\/index.php?rest_route=\/wp\/v2\/types\/post"}],"author":[{"embeddable":true,"href":"https:\/\/veritasinfo.org\/index.php?rest_route=\/wp\/v2\/users\/7"}],"replies":[{"embeddable":true,"href":"https:\/\/veritasinfo.org\/index.php?rest_route=%2Fwp%2Fv2%2Fcomments&post=22755"}],"version-history":[{"count":2,"href":"https:\/\/veritasinfo.org\/index.php?rest_route=\/wp\/v2\/posts\/22755\/revisions"}],"predecessor-version":[{"id":22759,"href":"https:\/\/veritasinfo.org\/index.php?rest_route=\/wp\/v2\/posts\/22755\/revisions\/22759"}],"wp:featuredmedia":[{"embeddable":true,"href":"https:\/\/veritasinfo.org\/index.php?rest_route=\/wp\/v2\/media\/22757"}],"wp:attachment":[{"href":"https:\/\/veritasinfo.org\/index.php?rest_route=%2Fwp%2Fv2%2Fmedia&parent=22755"}],"wp:term":[{"taxonomy":"category","embeddable":true,"href":"https:\/\/veritasinfo.org\/index.php?rest_route=%2Fwp%2Fv2%2Fcategories&post=22755"},{"taxonomy":"post_tag","embeddable":true,"href":"https:\/\/veritasinfo.org\/index.php?rest_route=%2Fwp%2Fv2%2Ftags&post=22755"}],"curies":[{"name":"wp","href":"https:\/\/api.w.org\/{rel}","templated":true}]}}