{"id":2273,"date":"2025-07-02T12:47:14","date_gmt":"2025-07-02T10:47:14","guid":{"rendered":"https:\/\/veritasinfo.org\/?p=2273"},"modified":"2025-07-02T13:05:04","modified_gmt":"2025-07-02T11:05:04","slug":"gjykimi-ndaj-te-akuzuarit-per-terrorizem-palet-japin-fjalet-perfundimtare","status":"publish","type":"post","link":"https:\/\/veritasinfo.org\/?p=2273","title":{"rendered":"Gjykimi ndaj t\u00eb akuzuarit p\u00ebr terroriz\u00ebm, pal\u00ebt japin fjal\u00ebt p\u00ebrfundimtare"},"content":{"rendered":"<p>Prishtin\u00eb, 02 Korrik 2025<\/p>\n<header class=\"single_article__header\">\n<div class=\"single_article__header__additional\">Gjykimi ndaj t\u00eb akuzuarit p\u00ebr pjes\u00ebmarrje n\u00eb grupin terrorist ISIS, Blerim Syla i \u00ebsht\u00eb afruar fundit me dh\u00ebnien e fjal\u00ebve p\u00ebrmbyll\u00ebse n\u00eb seanc\u00eb, m\u00eb 03.04.2025.<\/div>\n<\/header>\n<p><main class=\"single_article__main article_content\">Prokuroria Speciale (PSRK) dhe mbrojt\u00ebsi i t\u00eb akuzuarit kan\u00eb paraqitur pretendimet e tyre lidhur me k\u00ebt\u00eb rast.<\/main>Nga PSRK Habibe Salihu ka k\u00ebrkuar q\u00eb i akuzuari t\u00eb d\u00ebnohet sipas Ligjeve n\u00eb fuqi, pasi nga provat e administruara \u00ebsht\u00eb v\u00ebrtetuar n\u00eb t\u00ebr\u00ebsi fakti se i nj\u00ebjti kishte marr\u00eb pjes\u00eb n\u00eb grupin terrorist ISIS.<\/p>\n<p>\u201cGjat\u00eb shqyrtimeve t\u00eb mbajtura jan\u00eb administruar provat nga t\u00eb cilat pa m\u00ebdyshje \u00ebsht\u00eb v\u00ebrtetuar q\u00eb Blerim Syla, me q\u00ebllim q\u00eb t\u2019i bashkohet ISIS-it m\u00eb 13.11.2013, ka udh\u00ebtuar n\u00eb Stamboll dhe \u00ebsht\u00eb v\u00ebrtetuar q\u00eb nga aty ka shkuar n\u00eb Hatai p\u00ebr t\u00eb vazhduar n\u00eb Siri, ku m\u00eb pas i nj\u00ebjti \u00ebsht\u00eb vendosur n\u00eb Qend\u00ebr St\u00ebrvitore.\u201d \u2013 elaboroi fjal\u00ebn p\u00ebrfundimtare prokurorja Salihu.<\/p>\n<p>Prokurorja m\u00eb tutje shtoi se nga provat e tjera, si\u00e7 jan\u00eb mesazhet telefonike q\u00eb i akuzuari i ka shk\u00ebmbyer me familjar\u00ebt e tij, v\u00ebrtetohet ku kishte qen\u00eb i nj\u00ebjti, me k\u00eb kishte qen\u00eb dhe informacione p\u00ebr persona t\u00eb tjer\u00eb t\u00eb cil\u00ebt gjendeshin aty.<\/p>\n<p>Fjal\u00ebn p\u00ebrfundimtare p\u00ebr k\u00ebt\u00eb rast e ka dh\u00ebn\u00eb edhe avokati i t\u00eb akuzuarit Syla, Besnik Berisha.<\/p>\n<p>Avokati i t\u00eb akuzuarit Syla k\u00ebrkoi q\u00eb t\u00eb lirohet nga akuza klienti i tij, duke th\u00ebn\u00eb q\u00eb t\u00eb shikohet p\u00ebrtej statistikave dhe premtimeve q\u00eb ishin dh\u00ebn\u00eb dikur, lidhur me rastin e shkuarjes s\u00eb kosovar\u00ebve n\u00eb Siri.<\/p>\n<p>Tutje, ai k\u00ebrkoi q\u00eb n\u00eb rast se Trupi Gjykues merr Vendim tjet\u00ebr pos lirimit nga akuza t\u00eb merren p\u00ebr baz\u00eb rrethanat, si mosha, gjendja familjare dhe t\u00eb tjera.<\/p>\n<p>\u201cJu lus q\u00eb p\u00ebrtej statistikave e p\u00ebrtej premtimeve q\u00eb jan\u00eb dh\u00ebn\u00eb dikur, e q\u00eb Drejt\u00ebsia i ka p\u00ebrqafu, se ka qen\u00eb momenti, ta lironi Blerimin Syl\u00ebn p\u00ebr terroriz\u00ebm, n\u00ebse ju nuk pajtoheni me mua, e q\u00eb interpretimet e mia mund t\u00eb jen\u00eb retorik\u00eb mbrojt\u00ebse, ju kisha lutur q\u00eb ta keni parasysh mosh\u00ebn, familjen, prind, q\u00eb si i ri ka punu prej dit\u00ebs s\u00eb par\u00eb pa shku n\u00eb Siri, dhe q\u00eb familja e tij i kan\u00eb syt\u00eb n\u00eb Blerimin. Blerimi nga dita kur \u00ebsht\u00eb ekstradu nga Maqedonia, p\u00ebr t\u00eb cil\u00ebn ka bo K\u00ebrkes\u00eb vullnetare me kthy ma shpejt, e deri sot s\u2019kemi bo K\u00ebrkes\u00eb p\u00ebr nd\u00ebrprerjen e paraburgimit, se kemi dasht\u00eb me i dhan\u00eb fund gjykimit.\u201d \u2013 tha avokati i t\u00eb akuzuarit Syla.<\/p>\n<p>Avokati i t\u00eb akuzuarit n\u00eb fjal\u00ebn p\u00ebrfundimtare atakoi provat q\u00eb Prokuroria pretendon se i ka ndaj Syl\u00ebs \u2013 duke e konsideruar si t\u00eb jasht\u00ebligjshme dhe kund\u00ebrkushtetuese nxjerrjen e transkriptit t\u00eb mesazheve telefonike, p\u00ebr t\u00eb cilat tha se nuk ka asgj\u00eb inkriminuese n\u00eb to.<\/p>\n<p>\u201cTranskriptet e SMS-ve p\u00ebr zotrin\u00eb Syla, t\u00eb gjitha bashk\u00eb e secila ve\u00e7 e ve\u00e7 e konfirmojn\u00eb vet\u00ebm nj\u00eb fakt, q\u00eb jan\u00eb t\u00eb kund\u00ebrligjshme dhe jokushtetuese, se Blerimi ka udh\u00ebtu p\u00ebr n\u00eb Siri dhe q\u00eb nuk ka mb\u00ebrri n\u00eb Siri, e q\u00eb nana thirri e tha kthehu para Vitit t\u00eb Ri.\u201d \u2013 tha avokati i t\u00eb akuzuarit Syla.<\/p>\n<p>K\u00ebt\u00eb rast jan\u00eb duke e gjykuar Ngadhnjim Arrni, Kujtim Krasniqi dhe Kushtrim Shyti.<\/p>\n<p><strong>\u00c7far\u00eb thot\u00eb Dosja e Prokuroris\u00eb?<\/strong><\/p>\n<p>Sipas Aktakuz\u00ebs s\u00eb Prokuroris\u00eb Speciale t\u00eb Kosov\u00ebs, Blerim Syla akuzohet p\u00ebr pjes\u00ebmarrje n\u00eb grupe terroriste dhe at\u00eb n\u00eb grupin terrorist ISIS.<\/p>\n<p>Sipas Prokuroris\u00eb Syla, m\u00eb 03.11.2013, kishte udh\u00ebtuar n\u00eb Stamboll t\u00eb Turqis\u00eb p\u00ebr t\u00eb shkuar pastaj n\u00eb qytetin e Hatait.<\/p>\n<p>Rrug\u00ebtimi i Syl\u00ebs, sipas Prokuroris\u00eb, nuk kishte mbaruar me kaq, pasi q\u00eb i nj\u00ebjti m\u00eb pas kishte vazhduar rrug\u00ebn p\u00ebr n\u00eb qytetin Hatai t\u00eb Turqis\u00eb, me destinacion t\u00eb fundit qytetin Azra t\u00eb Siris\u00eb.<\/p>\n<p>Arritja e Syl\u00ebs nuk ishte e rast\u00ebsishme, pasi q\u00eb sipas Prokuroris\u00eb ai ishte vendosur n\u00eb nj\u00eb Qend\u00ebr St\u00ebrvitore, ku kishte kryer ushtrime n\u00eb nj\u00eb nga qytetet e Siris\u00eb.<\/p>\n<p>St\u00ebrvitjet p\u00ebr gjuajtje me arm\u00eb i kishte b\u00ebr\u00eb p\u00ebr angazhim dhe pjes\u00ebmarrje n\u00eb luftime dhe sipas Prokuroris\u00eb i akuzuari kishte q\u00ebndruar p\u00ebr tre muaj n\u00eb Siri.<\/p>\n<p>M\u00eb 17.05.2014, Syla kishte marr\u00eb rrug\u00ebn p\u00ebr t\u2019u kthyer n\u00eb Kosov\u00eb. (N\u00eb fjal\u00ebn p\u00ebrfundimtare prokurorja speciale Habibe Salihu ka b\u00ebr\u00eb precizimin e Aktakuz\u00ebs, ku dat\u00ebn e cekur e ka hequr nga Dispozitivi i Aktakuz\u00ebs dhe e ka shtuar me fjalin\u00eb \u201cDeri kur \u00ebsht\u00eb kthyer n\u00eb Kosov\u00eb\u201d).<\/p>\n<p>Veprime k\u00ebto t\u00eb Blerim Syl\u00ebs q\u00eb sipas Prokuroris\u00eb kan\u00eb konsumuar elementet e vepr\u00ebs penale \u201cpjes\u00ebmarrje n\u00eb grupe terroriste\u201d.<\/p>\n<p>P\u00ebr vepr\u00ebn e specifikuar si m\u00eb lart sipas Kodit t\u00eb vjet\u00ebr Penal me t\u00eb cilin do t\u00eb gjykohet i akuzuari d\u00ebnohet nga 5 vjet d\u00ebnim me burg deri n\u00eb 10 vjet.<\/p>\n<p>\u201cKushdo q\u00eb merr pjes\u00eb n\u00eb veprimtarit\u00eb e grupit terrorist d\u00ebnohet me burgim prej pes\u00eb (5) deri n\u00eb dhjet\u00eb (10) vjet.\u201d \u2013 thot\u00eb Paragrafi me t\u00eb cilin akuzohet Blerim Syla.<\/p>\n<p>Lidhur me veprime t\u00eb ngjashme, ku qytetar\u00eb t\u00eb Kosov\u00ebs i ishin bashkuar grupeve t\u00eb caktuara p\u00ebr t\u00eb luftuar n\u00eb Siri, Gjykata e Prishtin\u00ebs kishte trajtuar dhjet\u00ebra raste.<\/p>\n<p>Syla kishte qen\u00eb duke u gjykuar s\u00eb bashku me disa persona t\u00eb tjer\u00eb, por procedura ndaj tij ishte ve\u00e7uar, pasi i nj\u00ebjti ka qen\u00eb n\u00eb arrati q\u00eb nga viti 2015, nd\u00ebrsa i nj\u00ebjti \u00ebsht\u00eb sjell\u00eb n\u00eb Kosov\u00eb p\u00ebrmes procedur\u00ebs s\u00eb ekstradimit nga shteti i Maqedonis\u00eb s\u00eb Veriut.<\/p>\n<p>&nbsp;<\/p>\n<p>&nbsp;<\/p>\n<footer class=\"single_article__footer\">\n<div class=\"post_item__tags\"><\/div>\n<\/footer>\n","protected":false},"excerpt":{"rendered":"<p>Prishtin\u00eb, 02 Korrik 2025 Gjykimi ndaj t\u00eb akuzuarit p\u00ebr pjes\u00ebmarrje n\u00eb grupin terrorist ISIS, Blerim Syla i \u00ebsht\u00eb afruar fundit me dh\u00ebnien e fjal\u00ebve p\u00ebrmbyll\u00ebse<\/p>\n","protected":false},"author":1,"featured_media":2275,"comment_status":"open","ping_status":"open","sticky":false,"template":"","format":"standard","meta":{"footnotes":""},"categories":[60],"tags":[],"class_list":["post-2273","post","type-post","status-publish","format-standard","has-post-thumbnail","hentry","category-shoqerore-sq"],"yoast_head":"<!-- This site is optimized with the Yoast SEO plugin v25.3.1 - https:\/\/yoast.com\/wordpress\/plugins\/seo\/ -->\n<title>Gjykimi ndaj t\u00eb akuzuarit p\u00ebr terroriz\u00ebm, pal\u00ebt japin fjal\u00ebt p\u00ebrfundimtare -<\/title>\n<meta name=\"robots\" content=\"index, follow, max-snippet:-1, max-image-preview:large, max-video-preview:-1\" \/>\n<link rel=\"canonical\" href=\"https:\/\/veritasinfo.org\/?p=2273\" \/>\n<meta property=\"og:locale\" content=\"en_US\" \/>\n<meta property=\"og:type\" content=\"article\" \/>\n<meta property=\"og:title\" content=\"Gjykimi ndaj t\u00eb akuzuarit p\u00ebr terroriz\u00ebm, pal\u00ebt japin fjal\u00ebt p\u00ebrfundimtare -\" \/>\n<meta property=\"og:description\" content=\"Prishtin\u00eb, 02 Korrik 2025 Gjykimi ndaj t\u00eb akuzuarit p\u00ebr pjes\u00ebmarrje n\u00eb grupin terrorist ISIS, Blerim Syla i \u00ebsht\u00eb afruar fundit me dh\u00ebnien e fjal\u00ebve p\u00ebrmbyll\u00ebse\" \/>\n<meta property=\"og:url\" content=\"https:\/\/veritasinfo.org\/?p=2273\" \/>\n<meta property=\"article:published_time\" content=\"2025-07-02T10:47:14+00:00\" \/>\n<meta property=\"article:modified_time\" content=\"2025-07-02T11:05:04+00:00\" \/>\n<meta property=\"og:image\" content=\"https:\/\/veritasinfo.org\/wp-content\/uploads\/2025\/07\/l.jpg\" \/>\n\t<meta property=\"og:image:width\" content=\"1024\" \/>\n\t<meta property=\"og:image:height\" content=\"576\" \/>\n\t<meta property=\"og:image:type\" content=\"image\/jpeg\" \/>\n<meta name=\"author\" content=\"admin\" \/>\n<meta name=\"twitter:card\" content=\"summary_large_image\" \/>\n<meta name=\"twitter:label1\" content=\"Written by\" \/>\n\t<meta name=\"twitter:data1\" content=\"admin\" \/>\n\t<meta name=\"twitter:label2\" content=\"Est. reading time\" \/>\n\t<meta name=\"twitter:data2\" content=\"4 minutes\" \/>\n<script type=\"application\/ld+json\" class=\"yoast-schema-graph\">{\"@context\":\"https:\/\/schema.org\",\"@graph\":[{\"@type\":\"WebPage\",\"@id\":\"https:\/\/veritasinfo.org\/?p=2273\",\"url\":\"https:\/\/veritasinfo.org\/?p=2273\",\"name\":\"Gjykimi ndaj t\u00eb akuzuarit p\u00ebr terroriz\u00ebm, pal\u00ebt japin fjal\u00ebt p\u00ebrfundimtare -\",\"isPartOf\":{\"@id\":\"https:\/\/veritasinfo.org\/#website\"},\"primaryImageOfPage\":{\"@id\":\"https:\/\/veritasinfo.org\/?p=2273#primaryimage\"},\"image\":{\"@id\":\"https:\/\/veritasinfo.org\/?p=2273#primaryimage\"},\"thumbnailUrl\":\"https:\/\/veritasinfo.org\/wp-content\/uploads\/2025\/07\/l.jpg\",\"datePublished\":\"2025-07-02T10:47:14+00:00\",\"dateModified\":\"2025-07-02T11:05:04+00:00\",\"author\":{\"@id\":\"https:\/\/veritasinfo.org\/#\/schema\/person\/7701f8c088bece422266b100a712374f\"},\"breadcrumb\":{\"@id\":\"https:\/\/veritasinfo.org\/?p=2273#breadcrumb\"},\"inLanguage\":\"en-US\",\"potentialAction\":[{\"@type\":\"ReadAction\",\"target\":[\"https:\/\/veritasinfo.org\/?p=2273\"]}]},{\"@type\":\"ImageObject\",\"inLanguage\":\"en-US\",\"@id\":\"https:\/\/veritasinfo.org\/?p=2273#primaryimage\",\"url\":\"https:\/\/veritasinfo.org\/wp-content\/uploads\/2025\/07\/l.jpg\",\"contentUrl\":\"https:\/\/veritasinfo.org\/wp-content\/uploads\/2025\/07\/l.jpg\",\"width\":1024,\"height\":576},{\"@type\":\"BreadcrumbList\",\"@id\":\"https:\/\/veritasinfo.org\/?p=2273#breadcrumb\",\"itemListElement\":[{\"@type\":\"ListItem\",\"position\":1,\"name\":\"Home\",\"item\":\"https:\/\/veritasinfo.org\/\"},{\"@type\":\"ListItem\",\"position\":2,\"name\":\"Gjykimi ndaj t\u00eb akuzuarit p\u00ebr terroriz\u00ebm, pal\u00ebt japin fjal\u00ebt p\u00ebrfundimtare\"}]},{\"@type\":\"WebSite\",\"@id\":\"https:\/\/veritasinfo.org\/#website\",\"url\":\"https:\/\/veritasinfo.org\/\",\"name\":\"\",\"description\":\"\",\"potentialAction\":[{\"@type\":\"SearchAction\",\"target\":{\"@type\":\"EntryPoint\",\"urlTemplate\":\"https:\/\/veritasinfo.org\/?s={search_term_string}\"},\"query-input\":{\"@type\":\"PropertyValueSpecification\",\"valueRequired\":true,\"valueName\":\"search_term_string\"}}],\"inLanguage\":\"en-US\"},{\"@type\":\"Person\",\"@id\":\"https:\/\/veritasinfo.org\/#\/schema\/person\/7701f8c088bece422266b100a712374f\",\"name\":\"admin\",\"image\":{\"@type\":\"ImageObject\",\"inLanguage\":\"en-US\",\"@id\":\"https:\/\/veritasinfo.org\/#\/schema\/person\/image\/\",\"url\":\"https:\/\/secure.gravatar.com\/avatar\/ea53aa3bf6c9a12d5fde8ce4deff43fef3885ae33cf60184161a50d6987cfd2f?s=96&d=mm&r=g\",\"contentUrl\":\"https:\/\/secure.gravatar.com\/avatar\/ea53aa3bf6c9a12d5fde8ce4deff43fef3885ae33cf60184161a50d6987cfd2f?s=96&d=mm&r=g\",\"caption\":\"admin\"},\"sameAs\":[\"https:\/\/veritasinfo.org\"],\"url\":\"https:\/\/veritasinfo.org\/?author=1\"}]}<\/script>\n<!-- \/ Yoast SEO plugin. -->","yoast_head_json":{"title":"Gjykimi ndaj t\u00eb akuzuarit p\u00ebr terroriz\u00ebm, pal\u00ebt japin fjal\u00ebt p\u00ebrfundimtare -","robots":{"index":"index","follow":"follow","max-snippet":"max-snippet:-1","max-image-preview":"max-image-preview:large","max-video-preview":"max-video-preview:-1"},"canonical":"https:\/\/veritasinfo.org\/?p=2273","og_locale":"en_US","og_type":"article","og_title":"Gjykimi ndaj t\u00eb akuzuarit p\u00ebr terroriz\u00ebm, pal\u00ebt japin fjal\u00ebt p\u00ebrfundimtare -","og_description":"Prishtin\u00eb, 02 Korrik 2025 Gjykimi ndaj t\u00eb akuzuarit p\u00ebr pjes\u00ebmarrje n\u00eb grupin terrorist ISIS, Blerim Syla i \u00ebsht\u00eb afruar fundit me dh\u00ebnien e fjal\u00ebve p\u00ebrmbyll\u00ebse","og_url":"https:\/\/veritasinfo.org\/?p=2273","article_published_time":"2025-07-02T10:47:14+00:00","article_modified_time":"2025-07-02T11:05:04+00:00","og_image":[{"width":1024,"height":576,"url":"https:\/\/veritasinfo.org\/wp-content\/uploads\/2025\/07\/l.jpg","type":"image\/jpeg"}],"author":"admin","twitter_card":"summary_large_image","twitter_misc":{"Written by":"admin","Est. reading time":"4 minutes"},"schema":{"@context":"https:\/\/schema.org","@graph":[{"@type":"WebPage","@id":"https:\/\/veritasinfo.org\/?p=2273","url":"https:\/\/veritasinfo.org\/?p=2273","name":"Gjykimi ndaj t\u00eb akuzuarit p\u00ebr terroriz\u00ebm, pal\u00ebt japin fjal\u00ebt p\u00ebrfundimtare -","isPartOf":{"@id":"https:\/\/veritasinfo.org\/#website"},"primaryImageOfPage":{"@id":"https:\/\/veritasinfo.org\/?p=2273#primaryimage"},"image":{"@id":"https:\/\/veritasinfo.org\/?p=2273#primaryimage"},"thumbnailUrl":"https:\/\/veritasinfo.org\/wp-content\/uploads\/2025\/07\/l.jpg","datePublished":"2025-07-02T10:47:14+00:00","dateModified":"2025-07-02T11:05:04+00:00","author":{"@id":"https:\/\/veritasinfo.org\/#\/schema\/person\/7701f8c088bece422266b100a712374f"},"breadcrumb":{"@id":"https:\/\/veritasinfo.org\/?p=2273#breadcrumb"},"inLanguage":"en-US","potentialAction":[{"@type":"ReadAction","target":["https:\/\/veritasinfo.org\/?p=2273"]}]},{"@type":"ImageObject","inLanguage":"en-US","@id":"https:\/\/veritasinfo.org\/?p=2273#primaryimage","url":"https:\/\/veritasinfo.org\/wp-content\/uploads\/2025\/07\/l.jpg","contentUrl":"https:\/\/veritasinfo.org\/wp-content\/uploads\/2025\/07\/l.jpg","width":1024,"height":576},{"@type":"BreadcrumbList","@id":"https:\/\/veritasinfo.org\/?p=2273#breadcrumb","itemListElement":[{"@type":"ListItem","position":1,"name":"Home","item":"https:\/\/veritasinfo.org\/"},{"@type":"ListItem","position":2,"name":"Gjykimi ndaj t\u00eb akuzuarit p\u00ebr terroriz\u00ebm, pal\u00ebt japin fjal\u00ebt p\u00ebrfundimtare"}]},{"@type":"WebSite","@id":"https:\/\/veritasinfo.org\/#website","url":"https:\/\/veritasinfo.org\/","name":"","description":"","potentialAction":[{"@type":"SearchAction","target":{"@type":"EntryPoint","urlTemplate":"https:\/\/veritasinfo.org\/?s={search_term_string}"},"query-input":{"@type":"PropertyValueSpecification","valueRequired":true,"valueName":"search_term_string"}}],"inLanguage":"en-US"},{"@type":"Person","@id":"https:\/\/veritasinfo.org\/#\/schema\/person\/7701f8c088bece422266b100a712374f","name":"admin","image":{"@type":"ImageObject","inLanguage":"en-US","@id":"https:\/\/veritasinfo.org\/#\/schema\/person\/image\/","url":"https:\/\/secure.gravatar.com\/avatar\/ea53aa3bf6c9a12d5fde8ce4deff43fef3885ae33cf60184161a50d6987cfd2f?s=96&d=mm&r=g","contentUrl":"https:\/\/secure.gravatar.com\/avatar\/ea53aa3bf6c9a12d5fde8ce4deff43fef3885ae33cf60184161a50d6987cfd2f?s=96&d=mm&r=g","caption":"admin"},"sameAs":["https:\/\/veritasinfo.org"],"url":"https:\/\/veritasinfo.org\/?author=1"}]}},"featured_image_urls":{"full":["https:\/\/veritasinfo.org\/wp-content\/uploads\/2025\/07\/l.jpg",1024,576,false],"thumbnail":["https:\/\/veritasinfo.org\/wp-content\/uploads\/2025\/07\/l-150x150.jpg",150,150,true],"medium":["https:\/\/veritasinfo.org\/wp-content\/uploads\/2025\/07\/l-300x169.jpg",300,169,true],"medium_large":["https:\/\/veritasinfo.org\/wp-content\/uploads\/2025\/07\/l-768x432.jpg",640,360,true],"large":["https:\/\/veritasinfo.org\/wp-content\/uploads\/2025\/07\/l.jpg",640,360,false],"1536x1536":["https:\/\/veritasinfo.org\/wp-content\/uploads\/2025\/07\/l.jpg",1024,576,false],"2048x2048":["https:\/\/veritasinfo.org\/wp-content\/uploads\/2025\/07\/l.jpg",1024,576,false],"kreeti-slider-full":["https:\/\/veritasinfo.org\/wp-content\/uploads\/2025\/07\/l.jpg",1024,576,false],"kreeti-featured":["https:\/\/veritasinfo.org\/wp-content\/uploads\/2025\/07\/l.jpg",1024,576,false],"kreeti-medium":["https:\/\/veritasinfo.org\/wp-content\/uploads\/2025\/07\/l.jpg",720,405,false],"kreeti-medium-square":["https:\/\/veritasinfo.org\/wp-content\/uploads\/2025\/07\/l.jpg",350,197,false]},"author_info":{"info":["admin"]},"category_info":"<a href=\"https:\/\/veritasinfo.org\/?cat=60\" rel=\"category\">Shoq\u00ebrore<\/a>","tag_info":"Shoq\u00ebrore","comment_count":"0","_links":{"self":[{"href":"https:\/\/veritasinfo.org\/index.php?rest_route=\/wp\/v2\/posts\/2273","targetHints":{"allow":["GET"]}}],"collection":[{"href":"https:\/\/veritasinfo.org\/index.php?rest_route=\/wp\/v2\/posts"}],"about":[{"href":"https:\/\/veritasinfo.org\/index.php?rest_route=\/wp\/v2\/types\/post"}],"author":[{"embeddable":true,"href":"https:\/\/veritasinfo.org\/index.php?rest_route=\/wp\/v2\/users\/1"}],"replies":[{"embeddable":true,"href":"https:\/\/veritasinfo.org\/index.php?rest_route=%2Fwp%2Fv2%2Fcomments&post=2273"}],"version-history":[{"count":2,"href":"https:\/\/veritasinfo.org\/index.php?rest_route=\/wp\/v2\/posts\/2273\/revisions"}],"predecessor-version":[{"id":2283,"href":"https:\/\/veritasinfo.org\/index.php?rest_route=\/wp\/v2\/posts\/2273\/revisions\/2283"}],"wp:featuredmedia":[{"embeddable":true,"href":"https:\/\/veritasinfo.org\/index.php?rest_route=\/wp\/v2\/media\/2275"}],"wp:attachment":[{"href":"https:\/\/veritasinfo.org\/index.php?rest_route=%2Fwp%2Fv2%2Fmedia&parent=2273"}],"wp:term":[{"taxonomy":"category","embeddable":true,"href":"https:\/\/veritasinfo.org\/index.php?rest_route=%2Fwp%2Fv2%2Fcategories&post=2273"},{"taxonomy":"post_tag","embeddable":true,"href":"https:\/\/veritasinfo.org\/index.php?rest_route=%2Fwp%2Fv2%2Ftags&post=2273"}],"curies":[{"name":"wp","href":"https:\/\/api.w.org\/{rel}","templated":true}]}}