{"id":22672,"date":"2025-12-03T18:01:08","date_gmt":"2025-12-03T17:01:08","guid":{"rendered":"https:\/\/veritasinfo.org\/?p=22672"},"modified":"2025-12-03T18:01:08","modified_gmt":"2025-12-03T17:01:08","slug":"rutte-nato-duhet-te-reagoje-ndaj-shpenzimeve-ushtarake-te-rusise","status":"publish","type":"post","link":"https:\/\/veritasinfo.org\/?p=22672","title":{"rendered":"Rutte: NATO duhet t\u00eb \u201creagoj\u00eb\u201d ndaj shpenzimeve ushtarake t\u00eb Rusis\u00eb"},"content":{"rendered":"<p>Prishtin\u00eb 03 Dhjetor 2025 17:58<\/p>\n<p>Gjat\u00eb nj\u00eb konference p\u00ebr shtyp, pasi ministrat e jasht\u00ebm t\u00eb bllokut u takuan n\u00eb Bruksel p\u00ebr t\u00eb diskutuar p\u00ebr Ukrain\u00ebn,  Mark Rutte tha se aleat\u00ebt e NATO-s mbeten \u201cplot\u00ebsisht t\u00eb p\u00ebrkushtuar\u201d ndaj vler\u00ebsimit se Rusia \u00ebsht\u00eb k\u00ebrc\u00ebnimi m\u00eb i r\u00ebnd\u00ebsish\u00ebm dhe i drejtp\u00ebrdrejt\u00eb p\u00ebr sigurin\u00eb e tyre.<\/p>\n<p>Rutte theksoi se nuk ka \u201casnj\u00eb arsye p\u00ebr t\u00eb debatuar rezultatin e konceptit strategjik\u201d.<\/p>\n<p>I pyetur p\u00ebr akuzat se Moska po p\u00ebrpiqet t\u00eb minoj\u00eb sanksionet e SHBA-s\u00eb dhe p\u00ebr raportimet se Kremlini i ka th\u00ebn\u00eb \u201cjo\u201d propozimeve t\u00eb fundit amerikane p\u00ebr paqe, Rutte u p\u00ebrgjigj se vet\u00ebm nj\u00eb njeri \u201c\u00ebsht\u00eb n\u00eb gjendje t\u00eb thyej\u00eb bllokimin\u201d n\u00eb luft\u00ebn n\u00eb Ukrain\u00eb: Donald Trump.<\/p>\n<p>Sipas tij, presidenti amerikan \u00ebsht\u00eb angazhuar p\u00ebr arritjen e nj\u00eb marr\u00ebveshjeje paqeje \u201cq\u00eb nga shkurti\u201d, por procesi do t\u00eb jet\u00eb \u201chap pas hapi\u201d, dhe ai vet\u00eb nuk d\u00ebshiron \u201cta b\u00ebj\u00eb m\u00eb t\u00eb v\u00ebshtir\u00eb arritjen e marr\u00ebveshjes duke komentuar \u00e7do hap nd\u00ebrmjet\u00ebs\u201d.<\/p>\n<p>Duke folur p\u00ebr programin PURL \u2013 iniciativ\u00ebn e SHBA-s\u00eb dhe NATO-s p\u00ebr furnizimin e Ukrain\u00ebs me arm\u00eb \u2013 Rutte tha se vet\u00ebm \u201cnj\u00eb grusht kombesh\u201d nuk jan\u00eb angazhuar ende, nd\u00ebrsa \u201cdy t\u00eb tretat\u201d e aleat\u00ebve tashm\u00eb kan\u00eb dh\u00ebn\u00eb mb\u00ebshtetje, shkruan Guardian.<\/p>\n<p>Ai theksoi se ndarja e barr\u00ebs \u00ebsht\u00eb p\u00ebrmir\u00ebsuar dhe se aleanca ka siguruar nj\u00eb \u201crrjedh\u00eb t\u00eb q\u00ebndrueshme arm\u00ebsh\u201d p\u00ebr Kievin, duke i d\u00ebrguar nj\u00eb sinjal Rusis\u00eb se \u201cne nuk do t\u00eb largohemi\u201d.<\/p>\n<p>Ai u pyet edhe p\u00ebr rritjen e masave ushtarake n\u00eb Evrop\u00eb \u2013 p\u00ebrfshir\u00eb rekrutimin, zgjatjen e sh\u00ebrbimit dhe mobilizimin e grave.<\/p>\n<p>Shefi i NATO-s\u00eb  tha se ky reagim \u00ebsht\u00eb i domosdosh\u00ebm, pasi Rusia po shpenzon \u201c40% t\u00eb buxhetit t\u00eb saj shtet\u00ebror p\u00ebr mbrojtje\u201d.<\/p>\n<p>Ai n\u00ebnvizoi r\u00ebnd\u00ebsin\u00eb e objektivit t\u00eb NATO-s p\u00ebr 5% investim n\u00eb mbrojtje dhe t\u00eb rritjes s\u00eb kapaciteteve t\u00eb industris\u00eb s\u00eb arm\u00ebve p\u00ebr t\u00eb p\u00ebrballuar k\u00ebrkes\u00ebn.<\/p>\n","protected":false},"excerpt":{"rendered":"<p>Prishtin\u00eb 03 Dhjetor 2025 17:58 Gjat\u00eb nj\u00eb konference p\u00ebr shtyp, pasi ministrat e jasht\u00ebm t\u00eb bllokut u takuan n\u00eb Bruksel p\u00ebr t\u00eb diskutuar p\u00ebr Ukrain\u00ebn,<\/p>\n","protected":false},"author":6,"featured_media":22673,"comment_status":"open","ping_status":"open","sticky":false,"template":"","format":"standard","meta":{"footnotes":""},"categories":[72],"tags":[],"class_list":["post-22672","post","type-post","status-publish","format-standard","has-post-thumbnail","hentry","category-bota"],"yoast_head":"<!-- This site is optimized with the Yoast SEO plugin v25.3.1 - https:\/\/yoast.com\/wordpress\/plugins\/seo\/ -->\n<title>Rutte: NATO duhet t\u00eb \u201creagoj\u00eb\u201d ndaj shpenzimeve ushtarake t\u00eb Rusis\u00eb -<\/title>\n<meta name=\"robots\" content=\"index, follow, max-snippet:-1, max-image-preview:large, max-video-preview:-1\" \/>\n<link rel=\"canonical\" href=\"https:\/\/veritasinfo.org\/?p=22672\" \/>\n<meta property=\"og:locale\" content=\"en_US\" \/>\n<meta property=\"og:type\" content=\"article\" \/>\n<meta property=\"og:title\" content=\"Rutte: NATO duhet t\u00eb \u201creagoj\u00eb\u201d ndaj shpenzimeve ushtarake t\u00eb Rusis\u00eb -\" \/>\n<meta property=\"og:description\" content=\"Prishtin\u00eb 03 Dhjetor 2025 17:58 Gjat\u00eb nj\u00eb konference p\u00ebr shtyp, pasi ministrat e jasht\u00ebm t\u00eb bllokut u takuan n\u00eb Bruksel p\u00ebr t\u00eb diskutuar p\u00ebr Ukrain\u00ebn,\" \/>\n<meta property=\"og:url\" content=\"https:\/\/veritasinfo.org\/?p=22672\" \/>\n<meta property=\"article:published_time\" content=\"2025-12-03T17:01:08+00:00\" \/>\n<meta property=\"og:image\" content=\"https:\/\/veritasinfo.org\/wp-content\/uploads\/2025\/12\/IMG-20251203-WA0014.jpg\" \/>\n\t<meta property=\"og:image:width\" content=\"800\" \/>\n\t<meta property=\"og:image:height\" content=\"449\" \/>\n\t<meta property=\"og:image:type\" content=\"image\/jpeg\" \/>\n<meta name=\"author\" content=\"US5\" \/>\n<meta name=\"twitter:card\" content=\"summary_large_image\" \/>\n<meta name=\"twitter:label1\" content=\"Written by\" \/>\n\t<meta name=\"twitter:data1\" content=\"US5\" \/>\n\t<meta name=\"twitter:label2\" content=\"Est. reading time\" \/>\n\t<meta name=\"twitter:data2\" content=\"1 minute\" \/>\n<script type=\"application\/ld+json\" class=\"yoast-schema-graph\">{\"@context\":\"https:\/\/schema.org\",\"@graph\":[{\"@type\":\"WebPage\",\"@id\":\"https:\/\/veritasinfo.org\/?p=22672\",\"url\":\"https:\/\/veritasinfo.org\/?p=22672\",\"name\":\"Rutte: NATO duhet t\u00eb \u201creagoj\u00eb\u201d ndaj shpenzimeve ushtarake t\u00eb Rusis\u00eb -\",\"isPartOf\":{\"@id\":\"https:\/\/veritasinfo.org\/#website\"},\"primaryImageOfPage\":{\"@id\":\"https:\/\/veritasinfo.org\/?p=22672#primaryimage\"},\"image\":{\"@id\":\"https:\/\/veritasinfo.org\/?p=22672#primaryimage\"},\"thumbnailUrl\":\"https:\/\/veritasinfo.org\/wp-content\/uploads\/2025\/12\/IMG-20251203-WA0014.jpg\",\"datePublished\":\"2025-12-03T17:01:08+00:00\",\"author\":{\"@id\":\"https:\/\/veritasinfo.org\/#\/schema\/person\/bc442336e35414d04494ab8fb45db4c6\"},\"breadcrumb\":{\"@id\":\"https:\/\/veritasinfo.org\/?p=22672#breadcrumb\"},\"inLanguage\":\"en-US\",\"potentialAction\":[{\"@type\":\"ReadAction\",\"target\":[\"https:\/\/veritasinfo.org\/?p=22672\"]}]},{\"@type\":\"ImageObject\",\"inLanguage\":\"en-US\",\"@id\":\"https:\/\/veritasinfo.org\/?p=22672#primaryimage\",\"url\":\"https:\/\/veritasinfo.org\/wp-content\/uploads\/2025\/12\/IMG-20251203-WA0014.jpg\",\"contentUrl\":\"https:\/\/veritasinfo.org\/wp-content\/uploads\/2025\/12\/IMG-20251203-WA0014.jpg\",\"width\":800,\"height\":449},{\"@type\":\"BreadcrumbList\",\"@id\":\"https:\/\/veritasinfo.org\/?p=22672#breadcrumb\",\"itemListElement\":[{\"@type\":\"ListItem\",\"position\":1,\"name\":\"Home\",\"item\":\"https:\/\/veritasinfo.org\/\"},{\"@type\":\"ListItem\",\"position\":2,\"name\":\"Rutte: NATO duhet t\u00eb \u201creagoj\u00eb\u201d ndaj shpenzimeve ushtarake t\u00eb Rusis\u00eb\"}]},{\"@type\":\"WebSite\",\"@id\":\"https:\/\/veritasinfo.org\/#website\",\"url\":\"https:\/\/veritasinfo.org\/\",\"name\":\"\",\"description\":\"\",\"potentialAction\":[{\"@type\":\"SearchAction\",\"target\":{\"@type\":\"EntryPoint\",\"urlTemplate\":\"https:\/\/veritasinfo.org\/?s={search_term_string}\"},\"query-input\":{\"@type\":\"PropertyValueSpecification\",\"valueRequired\":true,\"valueName\":\"search_term_string\"}}],\"inLanguage\":\"en-US\"},{\"@type\":\"Person\",\"@id\":\"https:\/\/veritasinfo.org\/#\/schema\/person\/bc442336e35414d04494ab8fb45db4c6\",\"name\":\"US5\",\"image\":{\"@type\":\"ImageObject\",\"inLanguage\":\"en-US\",\"@id\":\"https:\/\/veritasinfo.org\/#\/schema\/person\/image\/\",\"url\":\"https:\/\/secure.gravatar.com\/avatar\/16a61e7272a0c5d001121ebb9e60e925d5816e4ac1e443ed3e640d9a6ae55d0c?s=96&d=mm&r=g\",\"contentUrl\":\"https:\/\/secure.gravatar.com\/avatar\/16a61e7272a0c5d001121ebb9e60e925d5816e4ac1e443ed3e640d9a6ae55d0c?s=96&d=mm&r=g\",\"caption\":\"US5\"},\"url\":\"https:\/\/veritasinfo.org\/?author=6\"}]}<\/script>\n<!-- \/ Yoast SEO plugin. -->","yoast_head_json":{"title":"Rutte: NATO duhet t\u00eb \u201creagoj\u00eb\u201d ndaj shpenzimeve ushtarake t\u00eb Rusis\u00eb -","robots":{"index":"index","follow":"follow","max-snippet":"max-snippet:-1","max-image-preview":"max-image-preview:large","max-video-preview":"max-video-preview:-1"},"canonical":"https:\/\/veritasinfo.org\/?p=22672","og_locale":"en_US","og_type":"article","og_title":"Rutte: NATO duhet t\u00eb \u201creagoj\u00eb\u201d ndaj shpenzimeve ushtarake t\u00eb Rusis\u00eb -","og_description":"Prishtin\u00eb 03 Dhjetor 2025 17:58 Gjat\u00eb nj\u00eb konference p\u00ebr shtyp, pasi ministrat e jasht\u00ebm t\u00eb bllokut u takuan n\u00eb Bruksel p\u00ebr t\u00eb diskutuar p\u00ebr Ukrain\u00ebn,","og_url":"https:\/\/veritasinfo.org\/?p=22672","article_published_time":"2025-12-03T17:01:08+00:00","og_image":[{"width":800,"height":449,"url":"https:\/\/veritasinfo.org\/wp-content\/uploads\/2025\/12\/IMG-20251203-WA0014.jpg","type":"image\/jpeg"}],"author":"US5","twitter_card":"summary_large_image","twitter_misc":{"Written by":"US5","Est. reading time":"1 minute"},"schema":{"@context":"https:\/\/schema.org","@graph":[{"@type":"WebPage","@id":"https:\/\/veritasinfo.org\/?p=22672","url":"https:\/\/veritasinfo.org\/?p=22672","name":"Rutte: NATO duhet t\u00eb \u201creagoj\u00eb\u201d ndaj shpenzimeve ushtarake t\u00eb Rusis\u00eb -","isPartOf":{"@id":"https:\/\/veritasinfo.org\/#website"},"primaryImageOfPage":{"@id":"https:\/\/veritasinfo.org\/?p=22672#primaryimage"},"image":{"@id":"https:\/\/veritasinfo.org\/?p=22672#primaryimage"},"thumbnailUrl":"https:\/\/veritasinfo.org\/wp-content\/uploads\/2025\/12\/IMG-20251203-WA0014.jpg","datePublished":"2025-12-03T17:01:08+00:00","author":{"@id":"https:\/\/veritasinfo.org\/#\/schema\/person\/bc442336e35414d04494ab8fb45db4c6"},"breadcrumb":{"@id":"https:\/\/veritasinfo.org\/?p=22672#breadcrumb"},"inLanguage":"en-US","potentialAction":[{"@type":"ReadAction","target":["https:\/\/veritasinfo.org\/?p=22672"]}]},{"@type":"ImageObject","inLanguage":"en-US","@id":"https:\/\/veritasinfo.org\/?p=22672#primaryimage","url":"https:\/\/veritasinfo.org\/wp-content\/uploads\/2025\/12\/IMG-20251203-WA0014.jpg","contentUrl":"https:\/\/veritasinfo.org\/wp-content\/uploads\/2025\/12\/IMG-20251203-WA0014.jpg","width":800,"height":449},{"@type":"BreadcrumbList","@id":"https:\/\/veritasinfo.org\/?p=22672#breadcrumb","itemListElement":[{"@type":"ListItem","position":1,"name":"Home","item":"https:\/\/veritasinfo.org\/"},{"@type":"ListItem","position":2,"name":"Rutte: NATO duhet t\u00eb \u201creagoj\u00eb\u201d ndaj shpenzimeve ushtarake t\u00eb Rusis\u00eb"}]},{"@type":"WebSite","@id":"https:\/\/veritasinfo.org\/#website","url":"https:\/\/veritasinfo.org\/","name":"","description":"","potentialAction":[{"@type":"SearchAction","target":{"@type":"EntryPoint","urlTemplate":"https:\/\/veritasinfo.org\/?s={search_term_string}"},"query-input":{"@type":"PropertyValueSpecification","valueRequired":true,"valueName":"search_term_string"}}],"inLanguage":"en-US"},{"@type":"Person","@id":"https:\/\/veritasinfo.org\/#\/schema\/person\/bc442336e35414d04494ab8fb45db4c6","name":"US5","image":{"@type":"ImageObject","inLanguage":"en-US","@id":"https:\/\/veritasinfo.org\/#\/schema\/person\/image\/","url":"https:\/\/secure.gravatar.com\/avatar\/16a61e7272a0c5d001121ebb9e60e925d5816e4ac1e443ed3e640d9a6ae55d0c?s=96&d=mm&r=g","contentUrl":"https:\/\/secure.gravatar.com\/avatar\/16a61e7272a0c5d001121ebb9e60e925d5816e4ac1e443ed3e640d9a6ae55d0c?s=96&d=mm&r=g","caption":"US5"},"url":"https:\/\/veritasinfo.org\/?author=6"}]}},"featured_image_urls":{"full":["https:\/\/veritasinfo.org\/wp-content\/uploads\/2025\/12\/IMG-20251203-WA0014.jpg",800,449,false],"thumbnail":["https:\/\/veritasinfo.org\/wp-content\/uploads\/2025\/12\/IMG-20251203-WA0014-150x150.jpg",150,150,true],"medium":["https:\/\/veritasinfo.org\/wp-content\/uploads\/2025\/12\/IMG-20251203-WA0014-300x168.jpg",300,168,true],"medium_large":["https:\/\/veritasinfo.org\/wp-content\/uploads\/2025\/12\/IMG-20251203-WA0014-768x431.jpg",640,359,true],"large":["https:\/\/veritasinfo.org\/wp-content\/uploads\/2025\/12\/IMG-20251203-WA0014.jpg",640,359,false],"1536x1536":["https:\/\/veritasinfo.org\/wp-content\/uploads\/2025\/12\/IMG-20251203-WA0014.jpg",800,449,false],"2048x2048":["https:\/\/veritasinfo.org\/wp-content\/uploads\/2025\/12\/IMG-20251203-WA0014.jpg",800,449,false],"kreeti-slider-full":["https:\/\/veritasinfo.org\/wp-content\/uploads\/2025\/12\/IMG-20251203-WA0014.jpg",800,449,false],"kreeti-featured":["https:\/\/veritasinfo.org\/wp-content\/uploads\/2025\/12\/IMG-20251203-WA0014.jpg",800,449,false],"kreeti-medium":["https:\/\/veritasinfo.org\/wp-content\/uploads\/2025\/12\/IMG-20251203-WA0014.jpg",720,404,false],"kreeti-medium-square":["https:\/\/veritasinfo.org\/wp-content\/uploads\/2025\/12\/IMG-20251203-WA0014.jpg",350,196,false]},"author_info":{"info":["US5"]},"category_info":"<a href=\"https:\/\/veritasinfo.org\/?cat=72\" rel=\"category\">Bota<\/a>","tag_info":"Bota","comment_count":"0","_links":{"self":[{"href":"https:\/\/veritasinfo.org\/index.php?rest_route=\/wp\/v2\/posts\/22672","targetHints":{"allow":["GET"]}}],"collection":[{"href":"https:\/\/veritasinfo.org\/index.php?rest_route=\/wp\/v2\/posts"}],"about":[{"href":"https:\/\/veritasinfo.org\/index.php?rest_route=\/wp\/v2\/types\/post"}],"author":[{"embeddable":true,"href":"https:\/\/veritasinfo.org\/index.php?rest_route=\/wp\/v2\/users\/6"}],"replies":[{"embeddable":true,"href":"https:\/\/veritasinfo.org\/index.php?rest_route=%2Fwp%2Fv2%2Fcomments&post=22672"}],"version-history":[{"count":1,"href":"https:\/\/veritasinfo.org\/index.php?rest_route=\/wp\/v2\/posts\/22672\/revisions"}],"predecessor-version":[{"id":22674,"href":"https:\/\/veritasinfo.org\/index.php?rest_route=\/wp\/v2\/posts\/22672\/revisions\/22674"}],"wp:featuredmedia":[{"embeddable":true,"href":"https:\/\/veritasinfo.org\/index.php?rest_route=\/wp\/v2\/media\/22673"}],"wp:attachment":[{"href":"https:\/\/veritasinfo.org\/index.php?rest_route=%2Fwp%2Fv2%2Fmedia&parent=22672"}],"wp:term":[{"taxonomy":"category","embeddable":true,"href":"https:\/\/veritasinfo.org\/index.php?rest_route=%2Fwp%2Fv2%2Fcategories&post=22672"},{"taxonomy":"post_tag","embeddable":true,"href":"https:\/\/veritasinfo.org\/index.php?rest_route=%2Fwp%2Fv2%2Ftags&post=22672"}],"curies":[{"name":"wp","href":"https:\/\/api.w.org\/{rel}","templated":true}]}}