{"id":2260,"date":"2025-07-02T12:40:26","date_gmt":"2025-07-02T10:40:26","guid":{"rendered":"https:\/\/veritasinfo.org\/?p=2260"},"modified":"2025-07-02T18:36:22","modified_gmt":"2025-07-02T16:36:22","slug":"festa-e-pavaresise-se-shba-se-ne-prishtine-ambasada-amerikane-shenon-248-vjetorin","status":"publish","type":"post","link":"https:\/\/veritasinfo.org\/?p=2260","title":{"rendered":"Festa e Pavar\u00ebsis\u00eb s\u00eb SHBA-s\u00eb n\u00eb Prishtin\u00eb: Ambasada amerikane sh\u00ebnon 249-vjetorin"},"content":{"rendered":"<p>Ambasada e Shteteve t\u00eb Bashkuara t\u00eb Amerik\u00ebs n\u00eb Kosov\u00eb organizoi mbr\u00ebm\u00eb nj\u00eb pritje solemne me rastin e 249 vjetorit t\u00eb Pavar\u00ebsis\u00eb s\u00eb SHBA-s\u00eb. Ngjarja u mbajt n\u00eb hap\u00ebsirat e ambasad\u00ebs n\u00eb Prishtin\u00eb, me pjes\u00ebmarrjen e shum\u00eb t\u00eb ftuarve nga jeta politike, diplomatike dhe shoq\u00ebrore e Kosov\u00ebs.<\/p>\n<p>Gjat\u00eb mbr\u00ebmjes u theksua r\u00ebnd\u00ebsia e partneritetit mes Shteteve t\u00eb Bashkuara dhe Kosov\u00ebs, me mesazhin se SHBA do t\u00eb mbetet nj\u00eb aleat i fuqish\u00ebm i Kosov\u00ebs n\u00eb rrug\u00ebn e saj drejt Evrop\u00ebs, si dhe n\u00eb ruajtjen e paqes dhe stabilitetit n\u00eb rajon.<\/p>\n<p>\u201cKjo dit\u00eb \u00ebsht\u00eb nj\u00eb mund\u00ebsi jo vet\u00ebm p\u00ebr t\u00eb sh\u00ebnuar lirin\u00eb ton\u00eb, por edhe p\u00ebr t\u00eb n\u00ebnvizuar vlerat q\u00eb na bashkojn\u00eb me partner\u00ebt dhe miqt\u00eb tan\u00eb k\u00ebtu n\u00eb Kosov\u00eb. Amerika mbetet e p\u00ebrkushtuar ndaj mb\u00ebshtetjes s\u00eb zhvillimit demokratik dhe sundimit t\u00eb ligjit,\u201d u tha nga ambasada.<\/p>\n<p>T\u00eb pranish\u00ebm ishin presidentja Vjosa Osmani, kryeministri Albin Kurti, p\u00ebrfaq\u00ebsues t\u00eb organizatave nd\u00ebrkomb\u00ebtare, sektorit civil dhe mediave.<\/p>\n<p>T\u00eb ftuarit u mir\u00ebprit\u00ebn n\u00ebn flamurin amerikan nga marinsat n\u00eb uniforma solemne, nd\u00ebrsa programi i mbr\u00ebmjes u shoq\u00ebrua me muzik\u00eb, kuzhin\u00eb amerikane dhe simbole q\u00eb p\u00ebrfaq\u00ebsojn\u00eb tradit\u00ebn dhe kultur\u00ebn e SHBA-s\u00eb.<\/p>\n<p>Ambasada amerikane n\u00eb Kosov\u00eb e organizon k\u00ebt\u00eb ngjarje \u00e7do vit si simbol i miq\u00ebsis\u00eb dhe bashk\u00ebpunimit nd\u00ebrmjet dy popujve.<\/p>\n<p>&nbsp;<\/p>\n","protected":false},"excerpt":{"rendered":"<p>Ambasada e Shteteve t\u00eb Bashkuara t\u00eb Amerik\u00ebs n\u00eb Kosov\u00eb organizoi mbr\u00ebm\u00eb nj\u00eb pritje solemne me rastin e 249 vjetorit t\u00eb Pavar\u00ebsis\u00eb s\u00eb SHBA-s\u00eb. Ngjarja u<\/p>\n","protected":false},"author":1,"featured_media":2269,"comment_status":"open","ping_status":"open","sticky":false,"template":"","format":"standard","meta":{"footnotes":""},"categories":[60],"tags":[],"class_list":["post-2260","post","type-post","status-publish","format-standard","has-post-thumbnail","hentry","category-shoqerore-sq"],"yoast_head":"<!-- This site is optimized with the Yoast SEO plugin v25.3.1 - https:\/\/yoast.com\/wordpress\/plugins\/seo\/ -->\n<title>Festa e Pavar\u00ebsis\u00eb s\u00eb SHBA-s\u00eb n\u00eb Prishtin\u00eb: Ambasada amerikane sh\u00ebnon 249-vjetorin -<\/title>\n<meta name=\"robots\" content=\"index, follow, max-snippet:-1, max-image-preview:large, max-video-preview:-1\" \/>\n<link rel=\"canonical\" href=\"https:\/\/veritasinfo.org\/?p=2260\" \/>\n<meta property=\"og:locale\" content=\"en_US\" \/>\n<meta property=\"og:type\" content=\"article\" \/>\n<meta property=\"og:title\" content=\"Festa e Pavar\u00ebsis\u00eb s\u00eb SHBA-s\u00eb n\u00eb Prishtin\u00eb: Ambasada amerikane sh\u00ebnon 249-vjetorin -\" \/>\n<meta property=\"og:description\" content=\"Ambasada e Shteteve t\u00eb Bashkuara t\u00eb Amerik\u00ebs n\u00eb Kosov\u00eb organizoi mbr\u00ebm\u00eb nj\u00eb pritje solemne me rastin e 249 vjetorit t\u00eb Pavar\u00ebsis\u00eb s\u00eb SHBA-s\u00eb. Ngjarja u\" \/>\n<meta property=\"og:url\" content=\"https:\/\/veritasinfo.org\/?p=2260\" \/>\n<meta property=\"article:published_time\" content=\"2025-07-02T10:40:26+00:00\" \/>\n<meta property=\"article:modified_time\" content=\"2025-07-02T16:36:22+00:00\" \/>\n<meta property=\"og:image\" content=\"https:\/\/veritasinfo.org\/wp-content\/uploads\/2025\/07\/1000067142-scaled.jpg\" \/>\n\t<meta property=\"og:image:width\" content=\"2560\" \/>\n\t<meta property=\"og:image:height\" content=\"1152\" \/>\n\t<meta property=\"og:image:type\" content=\"image\/jpeg\" \/>\n<meta name=\"author\" content=\"admin\" \/>\n<meta name=\"twitter:card\" content=\"summary_large_image\" \/>\n<meta name=\"twitter:label1\" content=\"Written by\" \/>\n\t<meta name=\"twitter:data1\" content=\"admin\" \/>\n\t<meta name=\"twitter:label2\" content=\"Est. reading time\" \/>\n\t<meta name=\"twitter:data2\" content=\"2 minutes\" \/>\n<script type=\"application\/ld+json\" class=\"yoast-schema-graph\">{\"@context\":\"https:\/\/schema.org\",\"@graph\":[{\"@type\":\"WebPage\",\"@id\":\"https:\/\/veritasinfo.org\/?p=2260\",\"url\":\"https:\/\/veritasinfo.org\/?p=2260\",\"name\":\"Festa e Pavar\u00ebsis\u00eb s\u00eb SHBA-s\u00eb n\u00eb Prishtin\u00eb: Ambasada amerikane sh\u00ebnon 249-vjetorin -\",\"isPartOf\":{\"@id\":\"https:\/\/veritasinfo.org\/#website\"},\"primaryImageOfPage\":{\"@id\":\"https:\/\/veritasinfo.org\/?p=2260#primaryimage\"},\"image\":{\"@id\":\"https:\/\/veritasinfo.org\/?p=2260#primaryimage\"},\"thumbnailUrl\":\"https:\/\/veritasinfo.org\/wp-content\/uploads\/2025\/07\/1000067142-scaled.jpg\",\"datePublished\":\"2025-07-02T10:40:26+00:00\",\"dateModified\":\"2025-07-02T16:36:22+00:00\",\"author\":{\"@id\":\"https:\/\/veritasinfo.org\/#\/schema\/person\/7701f8c088bece422266b100a712374f\"},\"breadcrumb\":{\"@id\":\"https:\/\/veritasinfo.org\/?p=2260#breadcrumb\"},\"inLanguage\":\"en-US\",\"potentialAction\":[{\"@type\":\"ReadAction\",\"target\":[\"https:\/\/veritasinfo.org\/?p=2260\"]}]},{\"@type\":\"ImageObject\",\"inLanguage\":\"en-US\",\"@id\":\"https:\/\/veritasinfo.org\/?p=2260#primaryimage\",\"url\":\"https:\/\/veritasinfo.org\/wp-content\/uploads\/2025\/07\/1000067142-scaled.jpg\",\"contentUrl\":\"https:\/\/veritasinfo.org\/wp-content\/uploads\/2025\/07\/1000067142-scaled.jpg\",\"width\":2560,\"height\":1152},{\"@type\":\"BreadcrumbList\",\"@id\":\"https:\/\/veritasinfo.org\/?p=2260#breadcrumb\",\"itemListElement\":[{\"@type\":\"ListItem\",\"position\":1,\"name\":\"Home\",\"item\":\"https:\/\/veritasinfo.org\/\"},{\"@type\":\"ListItem\",\"position\":2,\"name\":\"Festa e Pavar\u00ebsis\u00eb s\u00eb SHBA-s\u00eb n\u00eb Prishtin\u00eb: Ambasada amerikane sh\u00ebnon 249-vjetorin\"}]},{\"@type\":\"WebSite\",\"@id\":\"https:\/\/veritasinfo.org\/#website\",\"url\":\"https:\/\/veritasinfo.org\/\",\"name\":\"\",\"description\":\"\",\"potentialAction\":[{\"@type\":\"SearchAction\",\"target\":{\"@type\":\"EntryPoint\",\"urlTemplate\":\"https:\/\/veritasinfo.org\/?s={search_term_string}\"},\"query-input\":{\"@type\":\"PropertyValueSpecification\",\"valueRequired\":true,\"valueName\":\"search_term_string\"}}],\"inLanguage\":\"en-US\"},{\"@type\":\"Person\",\"@id\":\"https:\/\/veritasinfo.org\/#\/schema\/person\/7701f8c088bece422266b100a712374f\",\"name\":\"admin\",\"image\":{\"@type\":\"ImageObject\",\"inLanguage\":\"en-US\",\"@id\":\"https:\/\/veritasinfo.org\/#\/schema\/person\/image\/\",\"url\":\"https:\/\/secure.gravatar.com\/avatar\/ea53aa3bf6c9a12d5fde8ce4deff43fef3885ae33cf60184161a50d6987cfd2f?s=96&d=mm&r=g\",\"contentUrl\":\"https:\/\/secure.gravatar.com\/avatar\/ea53aa3bf6c9a12d5fde8ce4deff43fef3885ae33cf60184161a50d6987cfd2f?s=96&d=mm&r=g\",\"caption\":\"admin\"},\"sameAs\":[\"https:\/\/veritasinfo.org\"],\"url\":\"https:\/\/veritasinfo.org\/?author=1\"}]}<\/script>\n<!-- \/ Yoast SEO plugin. -->","yoast_head_json":{"title":"Festa e Pavar\u00ebsis\u00eb s\u00eb SHBA-s\u00eb n\u00eb Prishtin\u00eb: Ambasada amerikane sh\u00ebnon 249-vjetorin -","robots":{"index":"index","follow":"follow","max-snippet":"max-snippet:-1","max-image-preview":"max-image-preview:large","max-video-preview":"max-video-preview:-1"},"canonical":"https:\/\/veritasinfo.org\/?p=2260","og_locale":"en_US","og_type":"article","og_title":"Festa e Pavar\u00ebsis\u00eb s\u00eb SHBA-s\u00eb n\u00eb Prishtin\u00eb: Ambasada amerikane sh\u00ebnon 249-vjetorin -","og_description":"Ambasada e Shteteve t\u00eb Bashkuara t\u00eb Amerik\u00ebs n\u00eb Kosov\u00eb organizoi mbr\u00ebm\u00eb nj\u00eb pritje solemne me rastin e 249 vjetorit t\u00eb Pavar\u00ebsis\u00eb s\u00eb SHBA-s\u00eb. Ngjarja u","og_url":"https:\/\/veritasinfo.org\/?p=2260","article_published_time":"2025-07-02T10:40:26+00:00","article_modified_time":"2025-07-02T16:36:22+00:00","og_image":[{"width":2560,"height":1152,"url":"https:\/\/veritasinfo.org\/wp-content\/uploads\/2025\/07\/1000067142-scaled.jpg","type":"image\/jpeg"}],"author":"admin","twitter_card":"summary_large_image","twitter_misc":{"Written by":"admin","Est. reading time":"2 minutes"},"schema":{"@context":"https:\/\/schema.org","@graph":[{"@type":"WebPage","@id":"https:\/\/veritasinfo.org\/?p=2260","url":"https:\/\/veritasinfo.org\/?p=2260","name":"Festa e Pavar\u00ebsis\u00eb s\u00eb SHBA-s\u00eb n\u00eb Prishtin\u00eb: Ambasada amerikane sh\u00ebnon 249-vjetorin -","isPartOf":{"@id":"https:\/\/veritasinfo.org\/#website"},"primaryImageOfPage":{"@id":"https:\/\/veritasinfo.org\/?p=2260#primaryimage"},"image":{"@id":"https:\/\/veritasinfo.org\/?p=2260#primaryimage"},"thumbnailUrl":"https:\/\/veritasinfo.org\/wp-content\/uploads\/2025\/07\/1000067142-scaled.jpg","datePublished":"2025-07-02T10:40:26+00:00","dateModified":"2025-07-02T16:36:22+00:00","author":{"@id":"https:\/\/veritasinfo.org\/#\/schema\/person\/7701f8c088bece422266b100a712374f"},"breadcrumb":{"@id":"https:\/\/veritasinfo.org\/?p=2260#breadcrumb"},"inLanguage":"en-US","potentialAction":[{"@type":"ReadAction","target":["https:\/\/veritasinfo.org\/?p=2260"]}]},{"@type":"ImageObject","inLanguage":"en-US","@id":"https:\/\/veritasinfo.org\/?p=2260#primaryimage","url":"https:\/\/veritasinfo.org\/wp-content\/uploads\/2025\/07\/1000067142-scaled.jpg","contentUrl":"https:\/\/veritasinfo.org\/wp-content\/uploads\/2025\/07\/1000067142-scaled.jpg","width":2560,"height":1152},{"@type":"BreadcrumbList","@id":"https:\/\/veritasinfo.org\/?p=2260#breadcrumb","itemListElement":[{"@type":"ListItem","position":1,"name":"Home","item":"https:\/\/veritasinfo.org\/"},{"@type":"ListItem","position":2,"name":"Festa e Pavar\u00ebsis\u00eb s\u00eb SHBA-s\u00eb n\u00eb Prishtin\u00eb: Ambasada amerikane sh\u00ebnon 249-vjetorin"}]},{"@type":"WebSite","@id":"https:\/\/veritasinfo.org\/#website","url":"https:\/\/veritasinfo.org\/","name":"","description":"","potentialAction":[{"@type":"SearchAction","target":{"@type":"EntryPoint","urlTemplate":"https:\/\/veritasinfo.org\/?s={search_term_string}"},"query-input":{"@type":"PropertyValueSpecification","valueRequired":true,"valueName":"search_term_string"}}],"inLanguage":"en-US"},{"@type":"Person","@id":"https:\/\/veritasinfo.org\/#\/schema\/person\/7701f8c088bece422266b100a712374f","name":"admin","image":{"@type":"ImageObject","inLanguage":"en-US","@id":"https:\/\/veritasinfo.org\/#\/schema\/person\/image\/","url":"https:\/\/secure.gravatar.com\/avatar\/ea53aa3bf6c9a12d5fde8ce4deff43fef3885ae33cf60184161a50d6987cfd2f?s=96&d=mm&r=g","contentUrl":"https:\/\/secure.gravatar.com\/avatar\/ea53aa3bf6c9a12d5fde8ce4deff43fef3885ae33cf60184161a50d6987cfd2f?s=96&d=mm&r=g","caption":"admin"},"sameAs":["https:\/\/veritasinfo.org"],"url":"https:\/\/veritasinfo.org\/?author=1"}]}},"featured_image_urls":{"full":["https:\/\/veritasinfo.org\/wp-content\/uploads\/2025\/07\/1000067142-scaled.jpg",2560,1152,false],"thumbnail":["https:\/\/veritasinfo.org\/wp-content\/uploads\/2025\/07\/1000067142-150x150.jpg",150,150,true],"medium":["https:\/\/veritasinfo.org\/wp-content\/uploads\/2025\/07\/1000067142-300x135.jpg",300,135,true],"medium_large":["https:\/\/veritasinfo.org\/wp-content\/uploads\/2025\/07\/1000067142-768x345.jpg",640,288,true],"large":["https:\/\/veritasinfo.org\/wp-content\/uploads\/2025\/07\/1000067142-1024x461.jpg",640,288,true],"1536x1536":["https:\/\/veritasinfo.org\/wp-content\/uploads\/2025\/07\/1000067142-1536x691.jpg",1536,691,true],"2048x2048":["https:\/\/veritasinfo.org\/wp-content\/uploads\/2025\/07\/1000067142-2048x921.jpg",2048,921,true],"kreeti-slider-full":["https:\/\/veritasinfo.org\/wp-content\/uploads\/2025\/07\/1000067142-scaled.jpg",1280,576,false],"kreeti-featured":["https:\/\/veritasinfo.org\/wp-content\/uploads\/2025\/07\/1000067142-scaled.jpg",1024,461,false],"kreeti-medium":["https:\/\/veritasinfo.org\/wp-content\/uploads\/2025\/07\/1000067142-scaled.jpg",720,324,false],"kreeti-medium-square":["https:\/\/veritasinfo.org\/wp-content\/uploads\/2025\/07\/1000067142-scaled.jpg",350,158,false]},"author_info":{"info":["admin"]},"category_info":"<a href=\"https:\/\/veritasinfo.org\/?cat=60\" rel=\"category\">Shoq\u00ebrore<\/a>","tag_info":"Shoq\u00ebrore","comment_count":"0","_links":{"self":[{"href":"https:\/\/veritasinfo.org\/index.php?rest_route=\/wp\/v2\/posts\/2260","targetHints":{"allow":["GET"]}}],"collection":[{"href":"https:\/\/veritasinfo.org\/index.php?rest_route=\/wp\/v2\/posts"}],"about":[{"href":"https:\/\/veritasinfo.org\/index.php?rest_route=\/wp\/v2\/types\/post"}],"author":[{"embeddable":true,"href":"https:\/\/veritasinfo.org\/index.php?rest_route=\/wp\/v2\/users\/1"}],"replies":[{"embeddable":true,"href":"https:\/\/veritasinfo.org\/index.php?rest_route=%2Fwp%2Fv2%2Fcomments&post=2260"}],"version-history":[{"count":2,"href":"https:\/\/veritasinfo.org\/index.php?rest_route=\/wp\/v2\/posts\/2260\/revisions"}],"predecessor-version":[{"id":2302,"href":"https:\/\/veritasinfo.org\/index.php?rest_route=\/wp\/v2\/posts\/2260\/revisions\/2302"}],"wp:featuredmedia":[{"embeddable":true,"href":"https:\/\/veritasinfo.org\/index.php?rest_route=\/wp\/v2\/media\/2269"}],"wp:attachment":[{"href":"https:\/\/veritasinfo.org\/index.php?rest_route=%2Fwp%2Fv2%2Fmedia&parent=2260"}],"wp:term":[{"taxonomy":"category","embeddable":true,"href":"https:\/\/veritasinfo.org\/index.php?rest_route=%2Fwp%2Fv2%2Fcategories&post=2260"},{"taxonomy":"post_tag","embeddable":true,"href":"https:\/\/veritasinfo.org\/index.php?rest_route=%2Fwp%2Fv2%2Ftags&post=2260"}],"curies":[{"name":"wp","href":"https:\/\/api.w.org\/{rel}","templated":true}]}}