{"id":22593,"date":"2025-12-03T08:30:16","date_gmt":"2025-12-03T07:30:16","guid":{"rendered":"https:\/\/veritasinfo.org\/?p=22593"},"modified":"2025-12-03T08:30:16","modified_gmt":"2025-12-03T07:30:16","slug":"kosova-nikoqire-e-javes-se-cefta-s","status":"publish","type":"post","link":"https:\/\/veritasinfo.org\/?p=22593","title":{"rendered":"Kosova nikoqire e \u2018Jav\u00ebs s\u00eb CEFTA-s\u2019"},"content":{"rendered":"<p>Prishtin\u00eb, 3 dhjetor 2025 08:29<\/p>\n<p>Ministria e Industris\u00eb, Nd\u00ebrmarr\u00ebsis\u00eb dhe Tregtis\u00eb, n\u00eb bashk\u00ebpunim me Sekretariatin e CEFTA-s, sot organizon \u201cJav\u00ebn e CEFTA-s\u2019 2025 -Tregtim i P\u00ebrbashk\u00ebt, Drejt Evrop\u00ebs\u201d.<\/p>\n<p>N\u00eb \u2018Jav\u00ebn e CEFTA-s\u2019 do t\u00eb paraqiten disa nga rezultatet e periudh\u00ebs s\u00eb kaluar dhe planet e Kryesuesit t\u00eb ri t\u00eb radh\u00ebs, p\u00ebrve\u00e7 ofrimit t\u00eb nj\u00eb perspektive m\u00eb t\u00eb gjer\u00eb t\u00eb BE-s\u00eb.<\/p>\n<p>N\u00eb ceremonin\u00eb e hapjes do t\u00eb flasin; Rozeta Hajdari, Ministre n\u00eb detyr\u00eb, e Industris\u00eb, Nd\u00ebrmarr\u00ebsis\u00eb dhe Inovacionit, Valentina Sujerti, Drejtoresh\u00eb nga Drejtoria e P\u00ebrgjithshme p\u00ebr Zgjerim dhe Fqinj\u00ebsi Lindore (online), Amer Kapetanovi\u00e7, Sekretar i P\u00ebrgjithsh\u00ebm i K\u00ebshillit p\u00ebr Bashk\u00ebpunim Rajonal, Matij Zakonjsek, Drejtor nga Komuniteti i Transportit dhe Pranvera Kastrati Drejtoresh\u00eb n\u00eb Sekretariatin e CEFTA-s.<\/p>\n<p>Po ashtu do t\u00eb ket\u00eb diskutim t\u00eb nivelit t\u00eb lart\u00eb i dedikuar eksplorimit t\u00eb rolit t\u00eb CEFTA-s dhe marr\u00ebveshjeve rajonale tregtare n\u00eb nj\u00eb epok\u00eb t\u00eb pasiguris\u00eb s\u00eb shtuar dhe t\u00eb modeleve dhe aleancave tregtare q\u00eb po ndryshojn\u00eb.<\/p>\n<p>Sesioni hap\u00ebs do t\u00eb vendos\u00eb drejtimin p\u00ebr \u201cJav\u00ebn CEFTA 2025\u201d, duke trajtuar se si marr\u00ebveshjet rajonale tregtare si CEFTA kontribuojn\u00eb n\u00eb q\u00ebndrueshm\u00ebrin\u00eb ekonomike, konkurrueshm\u00ebrin\u00eb dhe konvergjenc\u00ebn me BE-n\u00eb n\u00eb nj\u00eb koh\u00eb t\u00eb paq\u00ebndrueshm\u00ebris\u00eb globale.<\/p>\n<p>Pjes\u00ebmarr\u00ebsit do t\u00eb eksplorojn\u00eb rolin strategjik t\u00eb CEFTA-s brenda Tregut t\u00eb P\u00ebrbashk\u00ebt Rajonal 2.0 dhe p\u00ebrshtatjen e tij me Planin e Rritjes s\u00eb BE-s\u00eb p\u00ebr Ballkanin Per\u00ebndimor.<\/p>\n<p>Diskutimi do t\u00eb nxjerr\u00eb n\u00eb pah arritjet kryesore n\u00eb integrimin rajonal tregtar t\u00eb CEFTA-s, sfidat e reja nga nd\u00ebrprerjet e zinxhirit t\u00eb furnizimit, tensionet gjeopolitike dhe politikat tregtare t\u00eb nxitura nga klima, si dhe kontributin e CEFTA-s n\u00eb nd\u00ebrtimin e nj\u00eb mjedisi tregtar t\u00eb parashikuesh\u00ebm dhe t\u00eb bazuar n\u00eb rregulla, t\u00eb ngritur mbi standardet e BE-s\u00eb.<\/p>\n<p>Panelist\u00eb do t\u00eb jen\u00eb: Pranvera Kastrati, Drejtoresh\u00eb e CEFTA-s, Rozeta Hajdari, Ministre n\u00eb deryr\u00eb e Industris\u00eb, Nd\u00ebrmarr\u00ebsis\u00eb dhe Tregtis\u00eb, Kryesuese e CEFTA-s n\u00eb detyr\u00eb, Delina Ibrahimaj, Ministre e Ekonomis\u00eb dhe Inovacionit, Kryesuese e ardhshme e CEFTA 2026, Stasa Kosarac, Ministria e Tregtis\u00eb s\u00eb Jashtme dhe Marr\u00ebdh\u00ebnieve Ekonomike (TBC), Zoran Dimitrovski, Z\u00ebvend\u00ebsminist\u00ebr i Pun\u00ebve t\u00eb Jashtme dhe Tregtis\u00eb s\u00eb Jashtme, Nik Gjeloshaj, Minist\u00ebr i Zhvillimit Ekonomik dhe Jagoda Lazarevic, Ministre e Pun\u00ebve t\u00eb Brendshme dhe t\u00eb Jashtme (TBC)<\/p>\n<p>&nbsp;<\/p>\n","protected":false},"excerpt":{"rendered":"<p>Prishtin\u00eb, 3 dhjetor 2025 08:29 Ministria e Industris\u00eb, Nd\u00ebrmarr\u00ebsis\u00eb dhe Tregtis\u00eb, n\u00eb bashk\u00ebpunim me Sekretariatin e CEFTA-s, sot organizon \u201cJav\u00ebn e CEFTA-s\u2019 2025 -Tregtim i<\/p>\n","protected":false},"author":7,"featured_media":22594,"comment_status":"open","ping_status":"open","sticky":false,"template":"","format":"standard","meta":{"footnotes":""},"categories":[58],"tags":[],"class_list":["post-22593","post","type-post","status-publish","format-standard","has-post-thumbnail","hentry","category-politike-sq"],"yoast_head":"<!-- This site is optimized with the Yoast SEO plugin v25.3.1 - https:\/\/yoast.com\/wordpress\/plugins\/seo\/ -->\n<title>Kosova nikoqire e \u2018Jav\u00ebs s\u00eb CEFTA-s\u2019 -<\/title>\n<meta name=\"robots\" content=\"index, follow, max-snippet:-1, max-image-preview:large, max-video-preview:-1\" \/>\n<link rel=\"canonical\" href=\"https:\/\/veritasinfo.org\/?p=22593\" \/>\n<meta property=\"og:locale\" content=\"en_US\" \/>\n<meta property=\"og:type\" content=\"article\" \/>\n<meta property=\"og:title\" content=\"Kosova nikoqire e \u2018Jav\u00ebs s\u00eb CEFTA-s\u2019 -\" \/>\n<meta property=\"og:description\" content=\"Prishtin\u00eb, 3 dhjetor 2025 08:29 Ministria e Industris\u00eb, Nd\u00ebrmarr\u00ebsis\u00eb dhe Tregtis\u00eb, n\u00eb bashk\u00ebpunim me Sekretariatin e CEFTA-s, sot organizon \u201cJav\u00ebn e CEFTA-s\u2019 2025 -Tregtim i\" \/>\n<meta property=\"og:url\" content=\"https:\/\/veritasinfo.org\/?p=22593\" \/>\n<meta property=\"article:published_time\" content=\"2025-12-03T07:30:16+00:00\" \/>\n<meta property=\"og:image\" content=\"https:\/\/veritasinfo.org\/wp-content\/uploads\/2025\/12\/711062-s4PTs7bS2r.jpg\" \/>\n\t<meta property=\"og:image:width\" content=\"780\" \/>\n\t<meta property=\"og:image:height\" content=\"500\" \/>\n\t<meta property=\"og:image:type\" content=\"image\/jpeg\" \/>\n<meta name=\"author\" content=\"US6\" \/>\n<meta name=\"twitter:card\" content=\"summary_large_image\" \/>\n<meta name=\"twitter:label1\" content=\"Written by\" \/>\n\t<meta name=\"twitter:data1\" content=\"US6\" \/>\n\t<meta name=\"twitter:label2\" content=\"Est. reading time\" \/>\n\t<meta name=\"twitter:data2\" content=\"2 minutes\" \/>\n<script type=\"application\/ld+json\" class=\"yoast-schema-graph\">{\"@context\":\"https:\/\/schema.org\",\"@graph\":[{\"@type\":\"WebPage\",\"@id\":\"https:\/\/veritasinfo.org\/?p=22593\",\"url\":\"https:\/\/veritasinfo.org\/?p=22593\",\"name\":\"Kosova nikoqire e \u2018Jav\u00ebs s\u00eb CEFTA-s\u2019 -\",\"isPartOf\":{\"@id\":\"https:\/\/veritasinfo.org\/#website\"},\"primaryImageOfPage\":{\"@id\":\"https:\/\/veritasinfo.org\/?p=22593#primaryimage\"},\"image\":{\"@id\":\"https:\/\/veritasinfo.org\/?p=22593#primaryimage\"},\"thumbnailUrl\":\"https:\/\/veritasinfo.org\/wp-content\/uploads\/2025\/12\/711062-s4PTs7bS2r.jpg\",\"datePublished\":\"2025-12-03T07:30:16+00:00\",\"author\":{\"@id\":\"https:\/\/veritasinfo.org\/#\/schema\/person\/fe199eede04c3937362892b7444747cc\"},\"breadcrumb\":{\"@id\":\"https:\/\/veritasinfo.org\/?p=22593#breadcrumb\"},\"inLanguage\":\"en-US\",\"potentialAction\":[{\"@type\":\"ReadAction\",\"target\":[\"https:\/\/veritasinfo.org\/?p=22593\"]}]},{\"@type\":\"ImageObject\",\"inLanguage\":\"en-US\",\"@id\":\"https:\/\/veritasinfo.org\/?p=22593#primaryimage\",\"url\":\"https:\/\/veritasinfo.org\/wp-content\/uploads\/2025\/12\/711062-s4PTs7bS2r.jpg\",\"contentUrl\":\"https:\/\/veritasinfo.org\/wp-content\/uploads\/2025\/12\/711062-s4PTs7bS2r.jpg\",\"width\":780,\"height\":500},{\"@type\":\"BreadcrumbList\",\"@id\":\"https:\/\/veritasinfo.org\/?p=22593#breadcrumb\",\"itemListElement\":[{\"@type\":\"ListItem\",\"position\":1,\"name\":\"Home\",\"item\":\"https:\/\/veritasinfo.org\/\"},{\"@type\":\"ListItem\",\"position\":2,\"name\":\"Kosova nikoqire e \u2018Jav\u00ebs s\u00eb CEFTA-s\u2019\"}]},{\"@type\":\"WebSite\",\"@id\":\"https:\/\/veritasinfo.org\/#website\",\"url\":\"https:\/\/veritasinfo.org\/\",\"name\":\"\",\"description\":\"\",\"potentialAction\":[{\"@type\":\"SearchAction\",\"target\":{\"@type\":\"EntryPoint\",\"urlTemplate\":\"https:\/\/veritasinfo.org\/?s={search_term_string}\"},\"query-input\":{\"@type\":\"PropertyValueSpecification\",\"valueRequired\":true,\"valueName\":\"search_term_string\"}}],\"inLanguage\":\"en-US\"},{\"@type\":\"Person\",\"@id\":\"https:\/\/veritasinfo.org\/#\/schema\/person\/fe199eede04c3937362892b7444747cc\",\"name\":\"US6\",\"image\":{\"@type\":\"ImageObject\",\"inLanguage\":\"en-US\",\"@id\":\"https:\/\/veritasinfo.org\/#\/schema\/person\/image\/\",\"url\":\"https:\/\/secure.gravatar.com\/avatar\/cb16c3c31c9d23b9b8c705964598220b3014e42ff51eb540ff23cefa3ae8c15f?s=96&d=mm&r=g\",\"contentUrl\":\"https:\/\/secure.gravatar.com\/avatar\/cb16c3c31c9d23b9b8c705964598220b3014e42ff51eb540ff23cefa3ae8c15f?s=96&d=mm&r=g\",\"caption\":\"US6\"},\"url\":\"https:\/\/veritasinfo.org\/?author=7\"}]}<\/script>\n<!-- \/ Yoast SEO plugin. -->","yoast_head_json":{"title":"Kosova nikoqire e \u2018Jav\u00ebs s\u00eb CEFTA-s\u2019 -","robots":{"index":"index","follow":"follow","max-snippet":"max-snippet:-1","max-image-preview":"max-image-preview:large","max-video-preview":"max-video-preview:-1"},"canonical":"https:\/\/veritasinfo.org\/?p=22593","og_locale":"en_US","og_type":"article","og_title":"Kosova nikoqire e \u2018Jav\u00ebs s\u00eb CEFTA-s\u2019 -","og_description":"Prishtin\u00eb, 3 dhjetor 2025 08:29 Ministria e Industris\u00eb, Nd\u00ebrmarr\u00ebsis\u00eb dhe Tregtis\u00eb, n\u00eb bashk\u00ebpunim me Sekretariatin e CEFTA-s, sot organizon \u201cJav\u00ebn e CEFTA-s\u2019 2025 -Tregtim i","og_url":"https:\/\/veritasinfo.org\/?p=22593","article_published_time":"2025-12-03T07:30:16+00:00","og_image":[{"width":780,"height":500,"url":"https:\/\/veritasinfo.org\/wp-content\/uploads\/2025\/12\/711062-s4PTs7bS2r.jpg","type":"image\/jpeg"}],"author":"US6","twitter_card":"summary_large_image","twitter_misc":{"Written by":"US6","Est. reading time":"2 minutes"},"schema":{"@context":"https:\/\/schema.org","@graph":[{"@type":"WebPage","@id":"https:\/\/veritasinfo.org\/?p=22593","url":"https:\/\/veritasinfo.org\/?p=22593","name":"Kosova nikoqire e \u2018Jav\u00ebs s\u00eb CEFTA-s\u2019 -","isPartOf":{"@id":"https:\/\/veritasinfo.org\/#website"},"primaryImageOfPage":{"@id":"https:\/\/veritasinfo.org\/?p=22593#primaryimage"},"image":{"@id":"https:\/\/veritasinfo.org\/?p=22593#primaryimage"},"thumbnailUrl":"https:\/\/veritasinfo.org\/wp-content\/uploads\/2025\/12\/711062-s4PTs7bS2r.jpg","datePublished":"2025-12-03T07:30:16+00:00","author":{"@id":"https:\/\/veritasinfo.org\/#\/schema\/person\/fe199eede04c3937362892b7444747cc"},"breadcrumb":{"@id":"https:\/\/veritasinfo.org\/?p=22593#breadcrumb"},"inLanguage":"en-US","potentialAction":[{"@type":"ReadAction","target":["https:\/\/veritasinfo.org\/?p=22593"]}]},{"@type":"ImageObject","inLanguage":"en-US","@id":"https:\/\/veritasinfo.org\/?p=22593#primaryimage","url":"https:\/\/veritasinfo.org\/wp-content\/uploads\/2025\/12\/711062-s4PTs7bS2r.jpg","contentUrl":"https:\/\/veritasinfo.org\/wp-content\/uploads\/2025\/12\/711062-s4PTs7bS2r.jpg","width":780,"height":500},{"@type":"BreadcrumbList","@id":"https:\/\/veritasinfo.org\/?p=22593#breadcrumb","itemListElement":[{"@type":"ListItem","position":1,"name":"Home","item":"https:\/\/veritasinfo.org\/"},{"@type":"ListItem","position":2,"name":"Kosova nikoqire e \u2018Jav\u00ebs s\u00eb CEFTA-s\u2019"}]},{"@type":"WebSite","@id":"https:\/\/veritasinfo.org\/#website","url":"https:\/\/veritasinfo.org\/","name":"","description":"","potentialAction":[{"@type":"SearchAction","target":{"@type":"EntryPoint","urlTemplate":"https:\/\/veritasinfo.org\/?s={search_term_string}"},"query-input":{"@type":"PropertyValueSpecification","valueRequired":true,"valueName":"search_term_string"}}],"inLanguage":"en-US"},{"@type":"Person","@id":"https:\/\/veritasinfo.org\/#\/schema\/person\/fe199eede04c3937362892b7444747cc","name":"US6","image":{"@type":"ImageObject","inLanguage":"en-US","@id":"https:\/\/veritasinfo.org\/#\/schema\/person\/image\/","url":"https:\/\/secure.gravatar.com\/avatar\/cb16c3c31c9d23b9b8c705964598220b3014e42ff51eb540ff23cefa3ae8c15f?s=96&d=mm&r=g","contentUrl":"https:\/\/secure.gravatar.com\/avatar\/cb16c3c31c9d23b9b8c705964598220b3014e42ff51eb540ff23cefa3ae8c15f?s=96&d=mm&r=g","caption":"US6"},"url":"https:\/\/veritasinfo.org\/?author=7"}]}},"featured_image_urls":{"full":["https:\/\/veritasinfo.org\/wp-content\/uploads\/2025\/12\/711062-s4PTs7bS2r.jpg",780,500,false],"thumbnail":["https:\/\/veritasinfo.org\/wp-content\/uploads\/2025\/12\/711062-s4PTs7bS2r-150x150.jpg",150,150,true],"medium":["https:\/\/veritasinfo.org\/wp-content\/uploads\/2025\/12\/711062-s4PTs7bS2r-300x192.jpg",300,192,true],"medium_large":["https:\/\/veritasinfo.org\/wp-content\/uploads\/2025\/12\/711062-s4PTs7bS2r-768x492.jpg",640,410,true],"large":["https:\/\/veritasinfo.org\/wp-content\/uploads\/2025\/12\/711062-s4PTs7bS2r.jpg",640,410,false],"1536x1536":["https:\/\/veritasinfo.org\/wp-content\/uploads\/2025\/12\/711062-s4PTs7bS2r.jpg",780,500,false],"2048x2048":["https:\/\/veritasinfo.org\/wp-content\/uploads\/2025\/12\/711062-s4PTs7bS2r.jpg",780,500,false],"kreeti-slider-full":["https:\/\/veritasinfo.org\/wp-content\/uploads\/2025\/12\/711062-s4PTs7bS2r.jpg",780,500,false],"kreeti-featured":["https:\/\/veritasinfo.org\/wp-content\/uploads\/2025\/12\/711062-s4PTs7bS2r.jpg",780,500,false],"kreeti-medium":["https:\/\/veritasinfo.org\/wp-content\/uploads\/2025\/12\/711062-s4PTs7bS2r.jpg",720,462,false],"kreeti-medium-square":["https:\/\/veritasinfo.org\/wp-content\/uploads\/2025\/12\/711062-s4PTs7bS2r.jpg",350,224,false]},"author_info":{"info":["US6"]},"category_info":"<a href=\"https:\/\/veritasinfo.org\/?cat=58\" rel=\"category\">Politik\u00eb<\/a>","tag_info":"Politik\u00eb","comment_count":"0","_links":{"self":[{"href":"https:\/\/veritasinfo.org\/index.php?rest_route=\/wp\/v2\/posts\/22593","targetHints":{"allow":["GET"]}}],"collection":[{"href":"https:\/\/veritasinfo.org\/index.php?rest_route=\/wp\/v2\/posts"}],"about":[{"href":"https:\/\/veritasinfo.org\/index.php?rest_route=\/wp\/v2\/types\/post"}],"author":[{"embeddable":true,"href":"https:\/\/veritasinfo.org\/index.php?rest_route=\/wp\/v2\/users\/7"}],"replies":[{"embeddable":true,"href":"https:\/\/veritasinfo.org\/index.php?rest_route=%2Fwp%2Fv2%2Fcomments&post=22593"}],"version-history":[{"count":1,"href":"https:\/\/veritasinfo.org\/index.php?rest_route=\/wp\/v2\/posts\/22593\/revisions"}],"predecessor-version":[{"id":22595,"href":"https:\/\/veritasinfo.org\/index.php?rest_route=\/wp\/v2\/posts\/22593\/revisions\/22595"}],"wp:featuredmedia":[{"embeddable":true,"href":"https:\/\/veritasinfo.org\/index.php?rest_route=\/wp\/v2\/media\/22594"}],"wp:attachment":[{"href":"https:\/\/veritasinfo.org\/index.php?rest_route=%2Fwp%2Fv2%2Fmedia&parent=22593"}],"wp:term":[{"taxonomy":"category","embeddable":true,"href":"https:\/\/veritasinfo.org\/index.php?rest_route=%2Fwp%2Fv2%2Fcategories&post=22593"},{"taxonomy":"post_tag","embeddable":true,"href":"https:\/\/veritasinfo.org\/index.php?rest_route=%2Fwp%2Fv2%2Ftags&post=22593"}],"curies":[{"name":"wp","href":"https:\/\/api.w.org\/{rel}","templated":true}]}}