{"id":2258,"date":"2025-07-02T12:44:28","date_gmt":"2025-07-02T10:44:28","guid":{"rendered":"https:\/\/veritasinfo.org\/?p=2258"},"modified":"2025-07-02T18:35:22","modified_gmt":"2025-07-02T16:35:22","slug":"proslava-dana-nezavisnosti-sad-u-pristini-ambasada-sad-obelezila-248-godisnjicu","status":"publish","type":"post","link":"https:\/\/veritasinfo.org\/?p=2258&lang=sr","title":{"rendered":"Proslava Dana nezavisnosti SAD u Pri\u0161tini: Ambasada SAD obele\u017eila 249. godi\u0161njicu"},"content":{"rendered":"<p>Ambasada Sjedinjenih Ameri\u010dkih Dr\u017eava na Kosovu organizovala je sino\u0107 sve\u010dani prijem povodom 249. godi\u0161njice nezavisnosti SAD. Doga\u0111aj je odr\u017ean u prostorijama ambasade u Pri\u0161tini, uz prisustvo brojnih zvanica iz politi\u010dkog, diplomatskog i dru\u0161tvenog \u017eivota Kosova.<\/p>\n<p>Tokom ve\u010deri istaknuta je va\u017enost partnerstva izme\u0111u Sjedinjenih Dr\u017eava i Kosova, uz poruku da \u0107e SAD ostati sna\u017ean saveznik Kosovu na njegovom evropskom putu, kao i u o\u010duvanju mira i stabilnosti u regionu.<\/p>\n<p>\u201eDana\u0161nji dan je prilika da ne samo obele\u017eimo na\u0161u slobodu, ve\u0107 i da istaknemo vrednosti koje nas povezuju sa na\u0161im partnerima i prijateljima ovde na Kosovu. Amerika ostaje posve\u0107ena podr\u0161ci demokratskom razvoju i vladavini prava,\u201c poru\u010deno je iz ambasade.<\/p>\n<p>Me\u0111u prisutnima su bili predsednica Vjosa Osmani, premijer Albin Kurti, predstavnici me\u0111unarodnih organizacija, civilnog sektora i medija.<\/p>\n<p>Gostima su dobrodo\u0161licu po\u017eeleli ameri\u010dki marinci u sve\u010danim uniformama, dok je atmosfera upotpunjena ameri\u010dkom muzikom, kuhinjom i simbolima koji oslikavaju bogatu tradiciju i kulturu Sjedinjenih Dr\u017eava.<\/p>\n<p>Ambasada SAD na Kosovu svake godine organizuje ovu proslavu kao znak prijateljstva i dugogodi\u0161nje saradnje izme\u0111u ameri\u010dkog i kosovskog naroda.<\/p>\n","protected":false},"excerpt":{"rendered":"<p>Ambasada Sjedinjenih Ameri\u010dkih Dr\u017eava na Kosovu organizovala je sino\u0107 sve\u010dani prijem povodom 249. godi\u0161njice nezavisnosti SAD. Doga\u0111aj je odr\u017ean u prostorijama ambasade u Pri\u0161tini, uz<\/p>\n","protected":false},"author":1,"featured_media":2269,"comment_status":"open","ping_status":"open","sticky":false,"template":"","format":"standard","meta":{"footnotes":""},"categories":[30],"tags":[],"class_list":["post-2258","post","type-post","status-publish","format-standard","has-post-thumbnail","hentry","category-drustvo"],"yoast_head":"<!-- This site is optimized with the Yoast SEO plugin v25.3.1 - https:\/\/yoast.com\/wordpress\/plugins\/seo\/ -->\n<title>Proslava Dana nezavisnosti SAD u Pri\u0161tini: Ambasada SAD obele\u017eila 249. godi\u0161njicu -<\/title>\n<meta name=\"robots\" content=\"index, follow, max-snippet:-1, max-image-preview:large, max-video-preview:-1\" \/>\n<link rel=\"canonical\" href=\"https:\/\/veritasinfo.org\/?p=2258&lang=sr\" \/>\n<meta property=\"og:locale\" content=\"en_US\" \/>\n<meta property=\"og:type\" content=\"article\" \/>\n<meta property=\"og:title\" content=\"Proslava Dana nezavisnosti SAD u Pri\u0161tini: Ambasada SAD obele\u017eila 249. godi\u0161njicu -\" \/>\n<meta property=\"og:description\" content=\"Ambasada Sjedinjenih Ameri\u010dkih Dr\u017eava na Kosovu organizovala je sino\u0107 sve\u010dani prijem povodom 249. godi\u0161njice nezavisnosti SAD. Doga\u0111aj je odr\u017ean u prostorijama ambasade u Pri\u0161tini, uz\" \/>\n<meta property=\"og:url\" content=\"https:\/\/veritasinfo.org\/?p=2258&amp;lang=sr\" \/>\n<meta property=\"article:published_time\" content=\"2025-07-02T10:44:28+00:00\" \/>\n<meta property=\"article:modified_time\" content=\"2025-07-02T16:35:22+00:00\" \/>\n<meta property=\"og:image\" content=\"https:\/\/veritasinfo.org\/wp-content\/uploads\/2025\/07\/1000067142-scaled.jpg\" \/>\n\t<meta property=\"og:image:width\" content=\"2560\" \/>\n\t<meta property=\"og:image:height\" content=\"1152\" \/>\n\t<meta property=\"og:image:type\" content=\"image\/jpeg\" \/>\n<meta name=\"author\" content=\"admin\" \/>\n<meta name=\"twitter:card\" content=\"summary_large_image\" \/>\n<meta name=\"twitter:label1\" content=\"Written by\" \/>\n\t<meta name=\"twitter:data1\" content=\"admin\" \/>\n\t<meta name=\"twitter:label2\" content=\"Est. reading time\" \/>\n\t<meta name=\"twitter:data2\" content=\"1 minute\" \/>\n<script type=\"application\/ld+json\" class=\"yoast-schema-graph\">{\"@context\":\"https:\/\/schema.org\",\"@graph\":[{\"@type\":\"WebPage\",\"@id\":\"https:\/\/veritasinfo.org\/?p=2258&lang=sr\",\"url\":\"https:\/\/veritasinfo.org\/?p=2258&lang=sr\",\"name\":\"Proslava Dana nezavisnosti SAD u Pri\u0161tini: Ambasada SAD obele\u017eila 249. godi\u0161njicu -\",\"isPartOf\":{\"@id\":\"https:\/\/veritasinfo.org\/#website\"},\"primaryImageOfPage\":{\"@id\":\"https:\/\/veritasinfo.org\/?p=2258&lang=sr#primaryimage\"},\"image\":{\"@id\":\"https:\/\/veritasinfo.org\/?p=2258&lang=sr#primaryimage\"},\"thumbnailUrl\":\"https:\/\/veritasinfo.org\/wp-content\/uploads\/2025\/07\/1000067142-scaled.jpg\",\"datePublished\":\"2025-07-02T10:44:28+00:00\",\"dateModified\":\"2025-07-02T16:35:22+00:00\",\"author\":{\"@id\":\"https:\/\/veritasinfo.org\/#\/schema\/person\/7701f8c088bece422266b100a712374f\"},\"breadcrumb\":{\"@id\":\"https:\/\/veritasinfo.org\/?p=2258&lang=sr#breadcrumb\"},\"inLanguage\":\"en-US\",\"potentialAction\":[{\"@type\":\"ReadAction\",\"target\":[\"https:\/\/veritasinfo.org\/?p=2258&lang=sr\"]}]},{\"@type\":\"ImageObject\",\"inLanguage\":\"en-US\",\"@id\":\"https:\/\/veritasinfo.org\/?p=2258&lang=sr#primaryimage\",\"url\":\"https:\/\/veritasinfo.org\/wp-content\/uploads\/2025\/07\/1000067142-scaled.jpg\",\"contentUrl\":\"https:\/\/veritasinfo.org\/wp-content\/uploads\/2025\/07\/1000067142-scaled.jpg\",\"width\":2560,\"height\":1152},{\"@type\":\"BreadcrumbList\",\"@id\":\"https:\/\/veritasinfo.org\/?p=2258&lang=sr#breadcrumb\",\"itemListElement\":[{\"@type\":\"ListItem\",\"position\":1,\"name\":\"Home\",\"item\":\"https:\/\/veritasinfo.org\/\"},{\"@type\":\"ListItem\",\"position\":2,\"name\":\"Proslava Dana nezavisnosti SAD u Pri\u0161tini: Ambasada SAD obele\u017eila 249. godi\u0161njicu\"}]},{\"@type\":\"WebSite\",\"@id\":\"https:\/\/veritasinfo.org\/#website\",\"url\":\"https:\/\/veritasinfo.org\/\",\"name\":\"\",\"description\":\"\",\"potentialAction\":[{\"@type\":\"SearchAction\",\"target\":{\"@type\":\"EntryPoint\",\"urlTemplate\":\"https:\/\/veritasinfo.org\/?s={search_term_string}\"},\"query-input\":{\"@type\":\"PropertyValueSpecification\",\"valueRequired\":true,\"valueName\":\"search_term_string\"}}],\"inLanguage\":\"en-US\"},{\"@type\":\"Person\",\"@id\":\"https:\/\/veritasinfo.org\/#\/schema\/person\/7701f8c088bece422266b100a712374f\",\"name\":\"admin\",\"image\":{\"@type\":\"ImageObject\",\"inLanguage\":\"en-US\",\"@id\":\"https:\/\/veritasinfo.org\/#\/schema\/person\/image\/\",\"url\":\"https:\/\/secure.gravatar.com\/avatar\/ea53aa3bf6c9a12d5fde8ce4deff43fef3885ae33cf60184161a50d6987cfd2f?s=96&d=mm&r=g\",\"contentUrl\":\"https:\/\/secure.gravatar.com\/avatar\/ea53aa3bf6c9a12d5fde8ce4deff43fef3885ae33cf60184161a50d6987cfd2f?s=96&d=mm&r=g\",\"caption\":\"admin\"},\"sameAs\":[\"https:\/\/veritasinfo.org\"],\"url\":\"https:\/\/veritasinfo.org\/?author=1\"}]}<\/script>\n<!-- \/ Yoast SEO plugin. -->","yoast_head_json":{"title":"Proslava Dana nezavisnosti SAD u Pri\u0161tini: Ambasada SAD obele\u017eila 249. godi\u0161njicu -","robots":{"index":"index","follow":"follow","max-snippet":"max-snippet:-1","max-image-preview":"max-image-preview:large","max-video-preview":"max-video-preview:-1"},"canonical":"https:\/\/veritasinfo.org\/?p=2258&lang=sr","og_locale":"en_US","og_type":"article","og_title":"Proslava Dana nezavisnosti SAD u Pri\u0161tini: Ambasada SAD obele\u017eila 249. godi\u0161njicu -","og_description":"Ambasada Sjedinjenih Ameri\u010dkih Dr\u017eava na Kosovu organizovala je sino\u0107 sve\u010dani prijem povodom 249. godi\u0161njice nezavisnosti SAD. Doga\u0111aj je odr\u017ean u prostorijama ambasade u Pri\u0161tini, uz","og_url":"https:\/\/veritasinfo.org\/?p=2258&lang=sr","article_published_time":"2025-07-02T10:44:28+00:00","article_modified_time":"2025-07-02T16:35:22+00:00","og_image":[{"width":2560,"height":1152,"url":"https:\/\/veritasinfo.org\/wp-content\/uploads\/2025\/07\/1000067142-scaled.jpg","type":"image\/jpeg"}],"author":"admin","twitter_card":"summary_large_image","twitter_misc":{"Written by":"admin","Est. reading time":"1 minute"},"schema":{"@context":"https:\/\/schema.org","@graph":[{"@type":"WebPage","@id":"https:\/\/veritasinfo.org\/?p=2258&lang=sr","url":"https:\/\/veritasinfo.org\/?p=2258&lang=sr","name":"Proslava Dana nezavisnosti SAD u Pri\u0161tini: Ambasada SAD obele\u017eila 249. godi\u0161njicu -","isPartOf":{"@id":"https:\/\/veritasinfo.org\/#website"},"primaryImageOfPage":{"@id":"https:\/\/veritasinfo.org\/?p=2258&lang=sr#primaryimage"},"image":{"@id":"https:\/\/veritasinfo.org\/?p=2258&lang=sr#primaryimage"},"thumbnailUrl":"https:\/\/veritasinfo.org\/wp-content\/uploads\/2025\/07\/1000067142-scaled.jpg","datePublished":"2025-07-02T10:44:28+00:00","dateModified":"2025-07-02T16:35:22+00:00","author":{"@id":"https:\/\/veritasinfo.org\/#\/schema\/person\/7701f8c088bece422266b100a712374f"},"breadcrumb":{"@id":"https:\/\/veritasinfo.org\/?p=2258&lang=sr#breadcrumb"},"inLanguage":"en-US","potentialAction":[{"@type":"ReadAction","target":["https:\/\/veritasinfo.org\/?p=2258&lang=sr"]}]},{"@type":"ImageObject","inLanguage":"en-US","@id":"https:\/\/veritasinfo.org\/?p=2258&lang=sr#primaryimage","url":"https:\/\/veritasinfo.org\/wp-content\/uploads\/2025\/07\/1000067142-scaled.jpg","contentUrl":"https:\/\/veritasinfo.org\/wp-content\/uploads\/2025\/07\/1000067142-scaled.jpg","width":2560,"height":1152},{"@type":"BreadcrumbList","@id":"https:\/\/veritasinfo.org\/?p=2258&lang=sr#breadcrumb","itemListElement":[{"@type":"ListItem","position":1,"name":"Home","item":"https:\/\/veritasinfo.org\/"},{"@type":"ListItem","position":2,"name":"Proslava Dana nezavisnosti SAD u Pri\u0161tini: Ambasada SAD obele\u017eila 249. godi\u0161njicu"}]},{"@type":"WebSite","@id":"https:\/\/veritasinfo.org\/#website","url":"https:\/\/veritasinfo.org\/","name":"","description":"","potentialAction":[{"@type":"SearchAction","target":{"@type":"EntryPoint","urlTemplate":"https:\/\/veritasinfo.org\/?s={search_term_string}"},"query-input":{"@type":"PropertyValueSpecification","valueRequired":true,"valueName":"search_term_string"}}],"inLanguage":"en-US"},{"@type":"Person","@id":"https:\/\/veritasinfo.org\/#\/schema\/person\/7701f8c088bece422266b100a712374f","name":"admin","image":{"@type":"ImageObject","inLanguage":"en-US","@id":"https:\/\/veritasinfo.org\/#\/schema\/person\/image\/","url":"https:\/\/secure.gravatar.com\/avatar\/ea53aa3bf6c9a12d5fde8ce4deff43fef3885ae33cf60184161a50d6987cfd2f?s=96&d=mm&r=g","contentUrl":"https:\/\/secure.gravatar.com\/avatar\/ea53aa3bf6c9a12d5fde8ce4deff43fef3885ae33cf60184161a50d6987cfd2f?s=96&d=mm&r=g","caption":"admin"},"sameAs":["https:\/\/veritasinfo.org"],"url":"https:\/\/veritasinfo.org\/?author=1"}]}},"featured_image_urls":{"full":["https:\/\/veritasinfo.org\/wp-content\/uploads\/2025\/07\/1000067142-scaled.jpg",2560,1152,false],"thumbnail":["https:\/\/veritasinfo.org\/wp-content\/uploads\/2025\/07\/1000067142-150x150.jpg",150,150,true],"medium":["https:\/\/veritasinfo.org\/wp-content\/uploads\/2025\/07\/1000067142-300x135.jpg",300,135,true],"medium_large":["https:\/\/veritasinfo.org\/wp-content\/uploads\/2025\/07\/1000067142-768x345.jpg",640,288,true],"large":["https:\/\/veritasinfo.org\/wp-content\/uploads\/2025\/07\/1000067142-1024x461.jpg",640,288,true],"1536x1536":["https:\/\/veritasinfo.org\/wp-content\/uploads\/2025\/07\/1000067142-1536x691.jpg",1536,691,true],"2048x2048":["https:\/\/veritasinfo.org\/wp-content\/uploads\/2025\/07\/1000067142-2048x921.jpg",2048,921,true],"kreeti-slider-full":["https:\/\/veritasinfo.org\/wp-content\/uploads\/2025\/07\/1000067142-scaled.jpg",1280,576,false],"kreeti-featured":["https:\/\/veritasinfo.org\/wp-content\/uploads\/2025\/07\/1000067142-scaled.jpg",1024,461,false],"kreeti-medium":["https:\/\/veritasinfo.org\/wp-content\/uploads\/2025\/07\/1000067142-scaled.jpg",720,324,false],"kreeti-medium-square":["https:\/\/veritasinfo.org\/wp-content\/uploads\/2025\/07\/1000067142-scaled.jpg",350,158,false]},"author_info":{"info":["admin"]},"category_info":"<a href=\"https:\/\/veritasinfo.org\/?cat=30&#038;lang=sr\" rel=\"category\">Dru\u0161tvo<\/a>","tag_info":"Dru\u0161tvo","comment_count":"0","_links":{"self":[{"href":"https:\/\/veritasinfo.org\/index.php?rest_route=\/wp\/v2\/posts\/2258","targetHints":{"allow":["GET"]}}],"collection":[{"href":"https:\/\/veritasinfo.org\/index.php?rest_route=\/wp\/v2\/posts"}],"about":[{"href":"https:\/\/veritasinfo.org\/index.php?rest_route=\/wp\/v2\/types\/post"}],"author":[{"embeddable":true,"href":"https:\/\/veritasinfo.org\/index.php?rest_route=\/wp\/v2\/users\/1"}],"replies":[{"embeddable":true,"href":"https:\/\/veritasinfo.org\/index.php?rest_route=%2Fwp%2Fv2%2Fcomments&post=2258"}],"version-history":[{"count":2,"href":"https:\/\/veritasinfo.org\/index.php?rest_route=\/wp\/v2\/posts\/2258\/revisions"}],"predecessor-version":[{"id":2301,"href":"https:\/\/veritasinfo.org\/index.php?rest_route=\/wp\/v2\/posts\/2258\/revisions\/2301"}],"wp:featuredmedia":[{"embeddable":true,"href":"https:\/\/veritasinfo.org\/index.php?rest_route=\/wp\/v2\/media\/2269"}],"wp:attachment":[{"href":"https:\/\/veritasinfo.org\/index.php?rest_route=%2Fwp%2Fv2%2Fmedia&parent=2258"}],"wp:term":[{"taxonomy":"category","embeddable":true,"href":"https:\/\/veritasinfo.org\/index.php?rest_route=%2Fwp%2Fv2%2Fcategories&post=2258"},{"taxonomy":"post_tag","embeddable":true,"href":"https:\/\/veritasinfo.org\/index.php?rest_route=%2Fwp%2Fv2%2Ftags&post=2258"}],"curies":[{"name":"wp","href":"https:\/\/api.w.org\/{rel}","templated":true}]}}