{"id":22551,"date":"2025-12-02T18:25:04","date_gmt":"2025-12-02T17:25:04","guid":{"rendered":"https:\/\/veritasinfo.org\/?p=22551"},"modified":"2025-12-02T18:25:04","modified_gmt":"2025-12-02T17:25:04","slug":"fondi-990000-euro-i-be-se-dalin-detaje-mbi-arrestimin-e-mogherinit","status":"publish","type":"post","link":"https:\/\/veritasinfo.org\/?p=22551","title":{"rendered":"Fondi 990,000 euro i BE-s\u00eb, dalin detaje mbi arrestimin e Mogherinit"},"content":{"rendered":"<p>Prishtin\u00eb 02 Dhjetor 2025 18:24<\/p>\n<p>Sipas mediave italiane, ish-P\u00ebrfaq\u00ebsuesja e Lart\u00eb e Bashkimit Evropian p\u00ebr Politik\u00ebn e Jashtme, Federica Mogherini, \u00ebsht\u00eb arrestuar s\u00eb bashku me nj\u00eb diplomat t\u00eb lart\u00eb italian, Stefano Sannino, dhe nj\u00eb menaxher t\u00eb nj\u00eb institucioni akademik, n\u00eb kuad\u00ebr t\u00eb nj\u00eb hetimi mbi parregullsi n\u00eb dh\u00ebnien e nj\u00eb programi trajnimi t\u00eb financuar nga Bashkimi Evropian me vler\u00eb 990,000 euro.<\/p>\n<p>Krimet e dyshuara p\u00ebrfshijn\u00eb nd\u00ebrhyrje dhe mashtrim n\u00eb prokurimin publik, korrupsion, konflikt interesi dhe shkelje t\u00eb sekretit profesional, sipas Zyr\u00ebs s\u00eb Prokurorit Publik Evropian (EPPO). Hetimi ka t\u00eb b\u00ebj\u00eb me favorizime t\u00eb dyshuara n\u00eb dh\u00ebnien e fondeve p\u00ebr nj\u00eb program trajnimi p\u00ebr diplomat\u00ebt e ardhsh\u00ebm evropian\u00eb dhe lidhet me periudh\u00ebn nga viti 2021.<\/p>\n<p>P\u00ebr t\u00eb arrestuar Mogherinin dhe Saninon, gjyq\u00ebsori ka k\u00ebrkuar dhe siguruar heqjen e imunitetit diplomatik. Hetimi u inicua nga Zyra e Prokurorit Publik Federal n\u00eb Bruksel dhe u zhvillua m\u00eb tej nga EPPO, e cila merret me mashtrimet q\u00eb p\u00ebrfshijn\u00eb fondet e Bashkimit Evropian.<\/p>\n<p>Sipas hetuesve, informacioni p\u00ebr kriteret e p\u00ebrzgjedhjes s\u00eb tenderit mund t\u00eb ket\u00eb qen\u00eb i disponuesh\u00ebm paraprakisht p\u00ebr p\u00ebrfituesit e mundsh\u00ebm, duke shkelur rregullat p\u00ebr konkurrenc\u00ebn e drejt\u00eb dhe duke favorizuar nj\u00eb kandidat t\u00eb caktuar. Hetuesit po shqyrtojn\u00eb gjithashtu n\u00ebse p\u00ebrfaq\u00ebsuesit e institucioneve t\u00eb p\u00ebrfshira ishin t\u00eb vet\u00ebdijsh\u00ebm p\u00ebr k\u00ebt\u00eb informacion dhe n\u00ebse kan\u00eb nd\u00ebrhyr\u00eb n\u00eb m\u00ebnyr\u00eb t\u00eb paligjshme.<\/p>\n<p>P\u00ebrve\u00e7 arrestimeve, autoritetet belge kryen kontrolle n\u00eb zyrat dhe banesat e tre t\u00eb dyshuarve. Nj\u00eb zyrtar i BE-s\u00eb i tha Agjencis\u00eb France Presse se hetimi nuk ka t\u00eb b\u00ebj\u00eb me aktivitetet e Bashkimit Evropian pas vitit 2024, kur Kaja Kallas mori detyr\u00ebn si P\u00ebrfaq\u00ebsuese e Lart\u00eb p\u00ebr Pun\u00ebt e Jashtme.<\/p>\n<p>Z\u00ebdh\u00ebn\u00ebsja e Komisionit Evropian, Paula Pinho, tha se institucionet nuk po komentojn\u00eb mbi hetimin nd\u00ebrsa ai vazhdon, duke shtuar:<\/p>\n<p>\u201cNe nuk po komentojm\u00eb nd\u00ebrsa nj\u00eb hetim gjyq\u00ebsor \u00ebsht\u00eb duke u zhvilluar.\u201d <\/p>\n","protected":false},"excerpt":{"rendered":"<p>Prishtin\u00eb 02 Dhjetor 2025 18:24 Sipas mediave italiane, ish-P\u00ebrfaq\u00ebsuesja e Lart\u00eb e Bashkimit Evropian p\u00ebr Politik\u00ebn e Jashtme, Federica Mogherini, \u00ebsht\u00eb arrestuar s\u00eb bashku me<\/p>\n","protected":false},"author":6,"featured_media":22552,"comment_status":"open","ping_status":"open","sticky":false,"template":"","format":"standard","meta":{"footnotes":""},"categories":[58],"tags":[],"class_list":["post-22551","post","type-post","status-publish","format-standard","has-post-thumbnail","hentry","category-politike-sq"],"yoast_head":"<!-- This site is optimized with the Yoast SEO plugin v25.3.1 - https:\/\/yoast.com\/wordpress\/plugins\/seo\/ -->\n<title>Fondi 990,000 euro i BE-s\u00eb, dalin detaje mbi arrestimin e Mogherinit -<\/title>\n<meta name=\"robots\" content=\"index, follow, max-snippet:-1, max-image-preview:large, max-video-preview:-1\" \/>\n<link rel=\"canonical\" href=\"https:\/\/veritasinfo.org\/?p=22551\" \/>\n<meta property=\"og:locale\" content=\"en_US\" \/>\n<meta property=\"og:type\" content=\"article\" \/>\n<meta property=\"og:title\" content=\"Fondi 990,000 euro i BE-s\u00eb, dalin detaje mbi arrestimin e Mogherinit -\" \/>\n<meta property=\"og:description\" content=\"Prishtin\u00eb 02 Dhjetor 2025 18:24 Sipas mediave italiane, ish-P\u00ebrfaq\u00ebsuesja e Lart\u00eb e Bashkimit Evropian p\u00ebr Politik\u00ebn e Jashtme, Federica Mogherini, \u00ebsht\u00eb arrestuar s\u00eb bashku me\" \/>\n<meta property=\"og:url\" content=\"https:\/\/veritasinfo.org\/?p=22551\" \/>\n<meta property=\"article:published_time\" content=\"2025-12-02T17:25:04+00:00\" \/>\n<meta property=\"og:image\" content=\"https:\/\/veritasinfo.org\/wp-content\/uploads\/2025\/12\/mogerini-1.jpg\" \/>\n\t<meta property=\"og:image:width\" content=\"900\" \/>\n\t<meta property=\"og:image:height\" content=\"609\" \/>\n\t<meta property=\"og:image:type\" content=\"image\/jpeg\" \/>\n<meta name=\"author\" content=\"US5\" \/>\n<meta name=\"twitter:card\" content=\"summary_large_image\" \/>\n<meta name=\"twitter:label1\" content=\"Written by\" \/>\n\t<meta name=\"twitter:data1\" content=\"US5\" \/>\n<script type=\"application\/ld+json\" class=\"yoast-schema-graph\">{\"@context\":\"https:\/\/schema.org\",\"@graph\":[{\"@type\":\"WebPage\",\"@id\":\"https:\/\/veritasinfo.org\/?p=22551\",\"url\":\"https:\/\/veritasinfo.org\/?p=22551\",\"name\":\"Fondi 990,000 euro i BE-s\u00eb, dalin detaje mbi arrestimin e Mogherinit -\",\"isPartOf\":{\"@id\":\"https:\/\/veritasinfo.org\/#website\"},\"primaryImageOfPage\":{\"@id\":\"https:\/\/veritasinfo.org\/?p=22551#primaryimage\"},\"image\":{\"@id\":\"https:\/\/veritasinfo.org\/?p=22551#primaryimage\"},\"thumbnailUrl\":\"https:\/\/veritasinfo.org\/wp-content\/uploads\/2025\/12\/mogerini-1.jpg\",\"datePublished\":\"2025-12-02T17:25:04+00:00\",\"author\":{\"@id\":\"https:\/\/veritasinfo.org\/#\/schema\/person\/bc442336e35414d04494ab8fb45db4c6\"},\"breadcrumb\":{\"@id\":\"https:\/\/veritasinfo.org\/?p=22551#breadcrumb\"},\"inLanguage\":\"en-US\",\"potentialAction\":[{\"@type\":\"ReadAction\",\"target\":[\"https:\/\/veritasinfo.org\/?p=22551\"]}]},{\"@type\":\"ImageObject\",\"inLanguage\":\"en-US\",\"@id\":\"https:\/\/veritasinfo.org\/?p=22551#primaryimage\",\"url\":\"https:\/\/veritasinfo.org\/wp-content\/uploads\/2025\/12\/mogerini-1.jpg\",\"contentUrl\":\"https:\/\/veritasinfo.org\/wp-content\/uploads\/2025\/12\/mogerini-1.jpg\",\"width\":900,\"height\":609},{\"@type\":\"BreadcrumbList\",\"@id\":\"https:\/\/veritasinfo.org\/?p=22551#breadcrumb\",\"itemListElement\":[{\"@type\":\"ListItem\",\"position\":1,\"name\":\"Home\",\"item\":\"https:\/\/veritasinfo.org\/\"},{\"@type\":\"ListItem\",\"position\":2,\"name\":\"Fondi 990,000 euro i BE-s\u00eb, dalin detaje mbi arrestimin e Mogherinit\"}]},{\"@type\":\"WebSite\",\"@id\":\"https:\/\/veritasinfo.org\/#website\",\"url\":\"https:\/\/veritasinfo.org\/\",\"name\":\"\",\"description\":\"\",\"potentialAction\":[{\"@type\":\"SearchAction\",\"target\":{\"@type\":\"EntryPoint\",\"urlTemplate\":\"https:\/\/veritasinfo.org\/?s={search_term_string}\"},\"query-input\":{\"@type\":\"PropertyValueSpecification\",\"valueRequired\":true,\"valueName\":\"search_term_string\"}}],\"inLanguage\":\"en-US\"},{\"@type\":\"Person\",\"@id\":\"https:\/\/veritasinfo.org\/#\/schema\/person\/bc442336e35414d04494ab8fb45db4c6\",\"name\":\"US5\",\"image\":{\"@type\":\"ImageObject\",\"inLanguage\":\"en-US\",\"@id\":\"https:\/\/veritasinfo.org\/#\/schema\/person\/image\/\",\"url\":\"https:\/\/secure.gravatar.com\/avatar\/16a61e7272a0c5d001121ebb9e60e925d5816e4ac1e443ed3e640d9a6ae55d0c?s=96&d=mm&r=g\",\"contentUrl\":\"https:\/\/secure.gravatar.com\/avatar\/16a61e7272a0c5d001121ebb9e60e925d5816e4ac1e443ed3e640d9a6ae55d0c?s=96&d=mm&r=g\",\"caption\":\"US5\"},\"url\":\"https:\/\/veritasinfo.org\/?author=6\"}]}<\/script>\n<!-- \/ Yoast SEO plugin. -->","yoast_head_json":{"title":"Fondi 990,000 euro i BE-s\u00eb, dalin detaje mbi arrestimin e Mogherinit -","robots":{"index":"index","follow":"follow","max-snippet":"max-snippet:-1","max-image-preview":"max-image-preview:large","max-video-preview":"max-video-preview:-1"},"canonical":"https:\/\/veritasinfo.org\/?p=22551","og_locale":"en_US","og_type":"article","og_title":"Fondi 990,000 euro i BE-s\u00eb, dalin detaje mbi arrestimin e Mogherinit -","og_description":"Prishtin\u00eb 02 Dhjetor 2025 18:24 Sipas mediave italiane, ish-P\u00ebrfaq\u00ebsuesja e Lart\u00eb e Bashkimit Evropian p\u00ebr Politik\u00ebn e Jashtme, Federica Mogherini, \u00ebsht\u00eb arrestuar s\u00eb bashku me","og_url":"https:\/\/veritasinfo.org\/?p=22551","article_published_time":"2025-12-02T17:25:04+00:00","og_image":[{"width":900,"height":609,"url":"https:\/\/veritasinfo.org\/wp-content\/uploads\/2025\/12\/mogerini-1.jpg","type":"image\/jpeg"}],"author":"US5","twitter_card":"summary_large_image","twitter_misc":{"Written by":"US5"},"schema":{"@context":"https:\/\/schema.org","@graph":[{"@type":"WebPage","@id":"https:\/\/veritasinfo.org\/?p=22551","url":"https:\/\/veritasinfo.org\/?p=22551","name":"Fondi 990,000 euro i BE-s\u00eb, dalin detaje mbi arrestimin e Mogherinit -","isPartOf":{"@id":"https:\/\/veritasinfo.org\/#website"},"primaryImageOfPage":{"@id":"https:\/\/veritasinfo.org\/?p=22551#primaryimage"},"image":{"@id":"https:\/\/veritasinfo.org\/?p=22551#primaryimage"},"thumbnailUrl":"https:\/\/veritasinfo.org\/wp-content\/uploads\/2025\/12\/mogerini-1.jpg","datePublished":"2025-12-02T17:25:04+00:00","author":{"@id":"https:\/\/veritasinfo.org\/#\/schema\/person\/bc442336e35414d04494ab8fb45db4c6"},"breadcrumb":{"@id":"https:\/\/veritasinfo.org\/?p=22551#breadcrumb"},"inLanguage":"en-US","potentialAction":[{"@type":"ReadAction","target":["https:\/\/veritasinfo.org\/?p=22551"]}]},{"@type":"ImageObject","inLanguage":"en-US","@id":"https:\/\/veritasinfo.org\/?p=22551#primaryimage","url":"https:\/\/veritasinfo.org\/wp-content\/uploads\/2025\/12\/mogerini-1.jpg","contentUrl":"https:\/\/veritasinfo.org\/wp-content\/uploads\/2025\/12\/mogerini-1.jpg","width":900,"height":609},{"@type":"BreadcrumbList","@id":"https:\/\/veritasinfo.org\/?p=22551#breadcrumb","itemListElement":[{"@type":"ListItem","position":1,"name":"Home","item":"https:\/\/veritasinfo.org\/"},{"@type":"ListItem","position":2,"name":"Fondi 990,000 euro i BE-s\u00eb, dalin detaje mbi arrestimin e Mogherinit"}]},{"@type":"WebSite","@id":"https:\/\/veritasinfo.org\/#website","url":"https:\/\/veritasinfo.org\/","name":"","description":"","potentialAction":[{"@type":"SearchAction","target":{"@type":"EntryPoint","urlTemplate":"https:\/\/veritasinfo.org\/?s={search_term_string}"},"query-input":{"@type":"PropertyValueSpecification","valueRequired":true,"valueName":"search_term_string"}}],"inLanguage":"en-US"},{"@type":"Person","@id":"https:\/\/veritasinfo.org\/#\/schema\/person\/bc442336e35414d04494ab8fb45db4c6","name":"US5","image":{"@type":"ImageObject","inLanguage":"en-US","@id":"https:\/\/veritasinfo.org\/#\/schema\/person\/image\/","url":"https:\/\/secure.gravatar.com\/avatar\/16a61e7272a0c5d001121ebb9e60e925d5816e4ac1e443ed3e640d9a6ae55d0c?s=96&d=mm&r=g","contentUrl":"https:\/\/secure.gravatar.com\/avatar\/16a61e7272a0c5d001121ebb9e60e925d5816e4ac1e443ed3e640d9a6ae55d0c?s=96&d=mm&r=g","caption":"US5"},"url":"https:\/\/veritasinfo.org\/?author=6"}]}},"featured_image_urls":{"full":["https:\/\/veritasinfo.org\/wp-content\/uploads\/2025\/12\/mogerini-1.jpg",900,609,false],"thumbnail":["https:\/\/veritasinfo.org\/wp-content\/uploads\/2025\/12\/mogerini-1-150x150.jpg",150,150,true],"medium":["https:\/\/veritasinfo.org\/wp-content\/uploads\/2025\/12\/mogerini-1-300x203.jpg",300,203,true],"medium_large":["https:\/\/veritasinfo.org\/wp-content\/uploads\/2025\/12\/mogerini-1-768x520.jpg",640,433,true],"large":["https:\/\/veritasinfo.org\/wp-content\/uploads\/2025\/12\/mogerini-1.jpg",640,433,false],"1536x1536":["https:\/\/veritasinfo.org\/wp-content\/uploads\/2025\/12\/mogerini-1.jpg",900,609,false],"2048x2048":["https:\/\/veritasinfo.org\/wp-content\/uploads\/2025\/12\/mogerini-1.jpg",900,609,false],"kreeti-slider-full":["https:\/\/veritasinfo.org\/wp-content\/uploads\/2025\/12\/mogerini-1.jpg",900,609,false],"kreeti-featured":["https:\/\/veritasinfo.org\/wp-content\/uploads\/2025\/12\/mogerini-1.jpg",900,609,false],"kreeti-medium":["https:\/\/veritasinfo.org\/wp-content\/uploads\/2025\/12\/mogerini-1.jpg",720,487,false],"kreeti-medium-square":["https:\/\/veritasinfo.org\/wp-content\/uploads\/2025\/12\/mogerini-1.jpg",350,237,false]},"author_info":{"info":["US5"]},"category_info":"<a href=\"https:\/\/veritasinfo.org\/?cat=58\" rel=\"category\">Politik\u00eb<\/a>","tag_info":"Politik\u00eb","comment_count":"0","_links":{"self":[{"href":"https:\/\/veritasinfo.org\/index.php?rest_route=\/wp\/v2\/posts\/22551","targetHints":{"allow":["GET"]}}],"collection":[{"href":"https:\/\/veritasinfo.org\/index.php?rest_route=\/wp\/v2\/posts"}],"about":[{"href":"https:\/\/veritasinfo.org\/index.php?rest_route=\/wp\/v2\/types\/post"}],"author":[{"embeddable":true,"href":"https:\/\/veritasinfo.org\/index.php?rest_route=\/wp\/v2\/users\/6"}],"replies":[{"embeddable":true,"href":"https:\/\/veritasinfo.org\/index.php?rest_route=%2Fwp%2Fv2%2Fcomments&post=22551"}],"version-history":[{"count":1,"href":"https:\/\/veritasinfo.org\/index.php?rest_route=\/wp\/v2\/posts\/22551\/revisions"}],"predecessor-version":[{"id":22553,"href":"https:\/\/veritasinfo.org\/index.php?rest_route=\/wp\/v2\/posts\/22551\/revisions\/22553"}],"wp:featuredmedia":[{"embeddable":true,"href":"https:\/\/veritasinfo.org\/index.php?rest_route=\/wp\/v2\/media\/22552"}],"wp:attachment":[{"href":"https:\/\/veritasinfo.org\/index.php?rest_route=%2Fwp%2Fv2%2Fmedia&parent=22551"}],"wp:term":[{"taxonomy":"category","embeddable":true,"href":"https:\/\/veritasinfo.org\/index.php?rest_route=%2Fwp%2Fv2%2Fcategories&post=22551"},{"taxonomy":"post_tag","embeddable":true,"href":"https:\/\/veritasinfo.org\/index.php?rest_route=%2Fwp%2Fv2%2Ftags&post=22551"}],"curies":[{"name":"wp","href":"https:\/\/api.w.org\/{rel}","templated":true}]}}