{"id":22531,"date":"2025-12-02T17:13:10","date_gmt":"2025-12-02T16:13:10","guid":{"rendered":"https:\/\/veritasinfo.org\/?p=22531"},"modified":"2025-12-02T17:13:10","modified_gmt":"2025-12-02T16:13:10","slug":"svedski-drzavljanin-uhapsen-u-pristini-sumnjici-se-da-je-bio-vodja-kriminalne-grupe","status":"publish","type":"post","link":"https:\/\/veritasinfo.org\/?p=22531&lang=sr","title":{"rendered":"\u0160vedski dr\u017eavljanin uhap\u0161en u Pri\u0161tini sumnji\u010di se da je bio vo\u0111a kriminalne grupe"},"content":{"rendered":"<p data-start=\"57\" data-end=\"173\">Pri\u0161tina, 2. decembar 2025. 17:13<\/p>\n<p data-start=\"175\" data-end=\"335\">Policija Kosova i Specijalno tu\u017eila\u0161tvo saop\u0161tili su detalje u vezi sa dr\u017eavljaninom \u0160vedske koji je bio u me\u0111unarodnoj poternici koju je raspisala ista dr\u017eava.<\/p>\n<p data-start=\"337\" data-end=\"714\">A.B. je uhap\u0161en po nalogu Specijalnog tu\u017eila\u0161tva Republike Kosovo, na podru\u010dju Pri\u0161tine, pod sumnjom za izvr\u0161enje krivi\u010dnih dela: \u201eu\u010de\u0161\u0107e ili organizovanje kriminalne grupe\u201c, \u201euvoz, izvoz, snabdevanje, transport, proizvodnja, razmena, posredovanje ili neovla\u0161\u0107ena prodaja oru\u017eja ili eksplozivnih materija\u201c, \u201efalsifikovanje dokumenata\u201c i \u201ekra\u0111a identiteta i neovla\u0161\u0107en pristup\u201c.<\/p>\n<p data-start=\"716\" data-end=\"951\">Prema saop\u0161tenju, sumnja se da je kao vo\u0111a kriminalne grupe, u sau\u010desni\u0161tvu, kupovao oru\u017eje i municiju sa namerom da ih transportuje i proda. Tako\u0111e se sumnja da je u nameri prevare falsifikovao dokumenta i zloupotrebio tu\u0111i identitet.<\/p>\n<p data-start=\"953\" data-end=\"1354\">\u201eU vezi sa slu\u010dajem, institucije Kosova odr\u017eavale su bliske kontakte i saradnju sa policijskim vlastima \u0160vedske, jer je osumnji\u010deni A.B. bio dr\u017eavljanin \u0160vedske i u me\u0111unarodnoj poternici te dr\u017eave. Zahvaljuju\u0107i kontinuiranoj profesionalnoj saradnji sa policijskim vlastima \u0160vedske i pod nadle\u017eno\u0161\u0107u SPRK-a, 01.12.2025. godine je locirana njegova lokacija i izvr\u0161eno hap\u0161enje\u201c, navodi se u saop\u0161tenju.<\/p>\n<p data-start=\"1356\" data-end=\"1451\">Tokom hap\u0161enja, u ku\u0107i u kojoj je osumnji\u010deni boravio, zaplenjeni su slede\u0107i relevantni dokazi:<\/p>\n<ul data-start=\"1452\" data-end=\"1818\">\n<li data-start=\"1452\" data-end=\"1477\">\n<p data-start=\"1454\" data-end=\"1477\">52.480 evra gotovine,<\/p>\n<\/li>\n<li data-start=\"1478\" data-end=\"1580\">\n<p data-start=\"1480\" data-end=\"1580\">\u0161vedska voza\u010dka dozvola \u2013 za koju se sumnja da je falsifikovana, br. 27242813, na ime drugog lica,<\/p>\n<\/li>\n<li data-start=\"1581\" data-end=\"1678\">\n<p data-start=\"1583\" data-end=\"1678\">\u0161vedska li\u010dna karta \u2013 za koju se sumnja da je falsifikovana, br. 2365959, na ime drugog lica,<\/p>\n<\/li>\n<li data-start=\"1679\" data-end=\"1708\">\n<p data-start=\"1681\" data-end=\"1708\">tri (3) mobilna telefona,<\/p>\n<\/li>\n<li data-start=\"1709\" data-end=\"1741\">\n<p data-start=\"1711\" data-end=\"1741\">sat Rolex, belo\u2013zlatne boje,<\/p>\n<\/li>\n<li data-start=\"1742\" data-end=\"1780\">\n<p data-start=\"1744\" data-end=\"1780\">jedan HDD SEAGATE P\/N. 1TEAPS-500,<\/p>\n<\/li>\n<li data-start=\"1781\" data-end=\"1802\">\n<p data-start=\"1783\" data-end=\"1802\">jedan DVR ure\u0111aj,<\/p>\n<\/li>\n<li data-start=\"1803\" data-end=\"1818\">\n<p data-start=\"1805\" data-end=\"1818\">jedno vozilo.<\/p>\n<\/li>\n<\/ul>\n<p data-start=\"1820\" data-end=\"1954\">Tokom prve policijske akcije od 12.03.2023, prilikom pretresa imovine\/stambenih objekata, kao materijalni dokazi bili su zaplenjeni:<\/p>\n<ul data-start=\"1955\" data-end=\"2085\">\n<li data-start=\"1955\" data-end=\"1984\">\n<p data-start=\"1957\" data-end=\"1984\">20 komada oru\u017eja (AK-47),<\/p>\n<\/li>\n<li data-start=\"1985\" data-end=\"2007\">\n<p data-start=\"1987\" data-end=\"2007\">20 okvira (AK-47),<\/p>\n<\/li>\n<li data-start=\"2008\" data-end=\"2023\">\n<p data-start=\"2010\" data-end=\"2023\">dva vozila,<\/p>\n<\/li>\n<li data-start=\"2024\" data-end=\"2051\">\n<p data-start=\"2026\" data-end=\"2051\">\u0161est mobilnih telefona,<\/p>\n<\/li>\n<li data-start=\"2052\" data-end=\"2085\">\n<p data-start=\"2054\" data-end=\"2085\">relevantna dokumenta za slu\u010daj.<\/p>\n<\/li>\n<\/ul>\n<p data-start=\"2087\" data-end=\"2622\">\u201eOsumnji\u010deni, dr\u017eavljanin \u0160vedske, zadr\u017ean je 48 sati i SPRK \u0107e u zakonskom roku podneti zahtev za odre\u0111ivanje pritvora Osnovnom sudu u Pri\u0161tini. Specijalno tu\u017eila\u0161tvo i Policija Kosova ponovo potvr\u0111uju posve\u0107enost u borbi protiv organizovanog kriminala i privo\u0111enju pravdi izvr\u0161ilaca ovih krivi\u010dnih dela. Policija Kosova i Specijalno tu\u017eila\u0161tvo, pored spre\u010davanja i borbe protiv kriminala u zemlji, posebnu pa\u017enju posve\u0107uju saradnji sa drugim dr\u017eavama u funkciji suzbijanja prekograni\u010dnog organizovanog kriminala\u201c, stoji u saop\u0161tenju.<\/p>\n","protected":false},"excerpt":{"rendered":"<p>Pri\u0161tina, 2. decembar 2025. 17:13 Policija Kosova i Specijalno tu\u017eila\u0161tvo saop\u0161tili su detalje u vezi sa dr\u017eavljaninom \u0160vedske koji je bio u me\u0111unarodnoj poternici koju<\/p>\n","protected":false},"author":7,"featured_media":22529,"comment_status":"open","ping_status":"open","sticky":false,"template":"","format":"standard","meta":{"footnotes":""},"categories":[103],"tags":[],"class_list":["post-22531","post","type-post","status-publish","format-standard","has-post-thumbnail","hentry","category-hronika"],"yoast_head":"<!-- This site is optimized with the Yoast SEO plugin v25.3.1 - https:\/\/yoast.com\/wordpress\/plugins\/seo\/ -->\n<title>\u0160vedski dr\u017eavljanin uhap\u0161en u Pri\u0161tini sumnji\u010di se da je bio vo\u0111a kriminalne grupe -<\/title>\n<meta name=\"robots\" content=\"index, follow, max-snippet:-1, max-image-preview:large, max-video-preview:-1\" \/>\n<link rel=\"canonical\" href=\"https:\/\/veritasinfo.org\/?p=22531&lang=sr\" \/>\n<meta property=\"og:locale\" content=\"en_US\" \/>\n<meta property=\"og:type\" content=\"article\" \/>\n<meta property=\"og:title\" content=\"\u0160vedski dr\u017eavljanin uhap\u0161en u Pri\u0161tini sumnji\u010di se da je bio vo\u0111a kriminalne grupe -\" \/>\n<meta property=\"og:description\" content=\"Pri\u0161tina, 2. decembar 2025. 17:13 Policija Kosova i Specijalno tu\u017eila\u0161tvo saop\u0161tili su detalje u vezi sa dr\u017eavljaninom \u0160vedske koji je bio u me\u0111unarodnoj poternici koju\" \/>\n<meta property=\"og:url\" content=\"https:\/\/veritasinfo.org\/?p=22531&amp;lang=sr\" \/>\n<meta property=\"article:published_time\" content=\"2025-12-02T16:13:10+00:00\" \/>\n<meta property=\"og:image\" content=\"https:\/\/veritasinfo.org\/wp-content\/uploads\/2025\/12\/170b078e-3895-44e9-a3a4-4810ac79b536.jpg\" \/>\n\t<meta property=\"og:image:width\" content=\"1360\" \/>\n\t<meta property=\"og:image:height\" content=\"870\" \/>\n\t<meta property=\"og:image:type\" content=\"image\/jpeg\" \/>\n<meta name=\"author\" content=\"US6\" \/>\n<meta name=\"twitter:card\" content=\"summary_large_image\" \/>\n<meta name=\"twitter:label1\" content=\"Written by\" \/>\n\t<meta name=\"twitter:data1\" content=\"US6\" \/>\n\t<meta name=\"twitter:label2\" content=\"Est. reading time\" \/>\n\t<meta name=\"twitter:data2\" content=\"2 minutes\" \/>\n<script type=\"application\/ld+json\" class=\"yoast-schema-graph\">{\"@context\":\"https:\/\/schema.org\",\"@graph\":[{\"@type\":\"WebPage\",\"@id\":\"https:\/\/veritasinfo.org\/?p=22531&lang=sr\",\"url\":\"https:\/\/veritasinfo.org\/?p=22531&lang=sr\",\"name\":\"\u0160vedski dr\u017eavljanin uhap\u0161en u Pri\u0161tini sumnji\u010di se da je bio vo\u0111a kriminalne grupe -\",\"isPartOf\":{\"@id\":\"https:\/\/veritasinfo.org\/#website\"},\"primaryImageOfPage\":{\"@id\":\"https:\/\/veritasinfo.org\/?p=22531&lang=sr#primaryimage\"},\"image\":{\"@id\":\"https:\/\/veritasinfo.org\/?p=22531&lang=sr#primaryimage\"},\"thumbnailUrl\":\"https:\/\/veritasinfo.org\/wp-content\/uploads\/2025\/12\/170b078e-3895-44e9-a3a4-4810ac79b536.jpg\",\"datePublished\":\"2025-12-02T16:13:10+00:00\",\"author\":{\"@id\":\"https:\/\/veritasinfo.org\/#\/schema\/person\/fe199eede04c3937362892b7444747cc\"},\"breadcrumb\":{\"@id\":\"https:\/\/veritasinfo.org\/?p=22531&lang=sr#breadcrumb\"},\"inLanguage\":\"en-US\",\"potentialAction\":[{\"@type\":\"ReadAction\",\"target\":[\"https:\/\/veritasinfo.org\/?p=22531&lang=sr\"]}]},{\"@type\":\"ImageObject\",\"inLanguage\":\"en-US\",\"@id\":\"https:\/\/veritasinfo.org\/?p=22531&lang=sr#primaryimage\",\"url\":\"https:\/\/veritasinfo.org\/wp-content\/uploads\/2025\/12\/170b078e-3895-44e9-a3a4-4810ac79b536.jpg\",\"contentUrl\":\"https:\/\/veritasinfo.org\/wp-content\/uploads\/2025\/12\/170b078e-3895-44e9-a3a4-4810ac79b536.jpg\",\"width\":1360,\"height\":870},{\"@type\":\"BreadcrumbList\",\"@id\":\"https:\/\/veritasinfo.org\/?p=22531&lang=sr#breadcrumb\",\"itemListElement\":[{\"@type\":\"ListItem\",\"position\":1,\"name\":\"Home\",\"item\":\"https:\/\/veritasinfo.org\/\"},{\"@type\":\"ListItem\",\"position\":2,\"name\":\"\u0160vedski dr\u017eavljanin uhap\u0161en u Pri\u0161tini sumnji\u010di se da je bio vo\u0111a kriminalne grupe\"}]},{\"@type\":\"WebSite\",\"@id\":\"https:\/\/veritasinfo.org\/#website\",\"url\":\"https:\/\/veritasinfo.org\/\",\"name\":\"\",\"description\":\"\",\"potentialAction\":[{\"@type\":\"SearchAction\",\"target\":{\"@type\":\"EntryPoint\",\"urlTemplate\":\"https:\/\/veritasinfo.org\/?s={search_term_string}\"},\"query-input\":{\"@type\":\"PropertyValueSpecification\",\"valueRequired\":true,\"valueName\":\"search_term_string\"}}],\"inLanguage\":\"en-US\"},{\"@type\":\"Person\",\"@id\":\"https:\/\/veritasinfo.org\/#\/schema\/person\/fe199eede04c3937362892b7444747cc\",\"name\":\"US6\",\"image\":{\"@type\":\"ImageObject\",\"inLanguage\":\"en-US\",\"@id\":\"https:\/\/veritasinfo.org\/#\/schema\/person\/image\/\",\"url\":\"https:\/\/secure.gravatar.com\/avatar\/cb16c3c31c9d23b9b8c705964598220b3014e42ff51eb540ff23cefa3ae8c15f?s=96&d=mm&r=g\",\"contentUrl\":\"https:\/\/secure.gravatar.com\/avatar\/cb16c3c31c9d23b9b8c705964598220b3014e42ff51eb540ff23cefa3ae8c15f?s=96&d=mm&r=g\",\"caption\":\"US6\"},\"url\":\"https:\/\/veritasinfo.org\/?author=7\"}]}<\/script>\n<!-- \/ Yoast SEO plugin. -->","yoast_head_json":{"title":"\u0160vedski dr\u017eavljanin uhap\u0161en u Pri\u0161tini sumnji\u010di se da je bio vo\u0111a kriminalne grupe -","robots":{"index":"index","follow":"follow","max-snippet":"max-snippet:-1","max-image-preview":"max-image-preview:large","max-video-preview":"max-video-preview:-1"},"canonical":"https:\/\/veritasinfo.org\/?p=22531&lang=sr","og_locale":"en_US","og_type":"article","og_title":"\u0160vedski dr\u017eavljanin uhap\u0161en u Pri\u0161tini sumnji\u010di se da je bio vo\u0111a kriminalne grupe -","og_description":"Pri\u0161tina, 2. decembar 2025. 17:13 Policija Kosova i Specijalno tu\u017eila\u0161tvo saop\u0161tili su detalje u vezi sa dr\u017eavljaninom \u0160vedske koji je bio u me\u0111unarodnoj poternici koju","og_url":"https:\/\/veritasinfo.org\/?p=22531&lang=sr","article_published_time":"2025-12-02T16:13:10+00:00","og_image":[{"width":1360,"height":870,"url":"https:\/\/veritasinfo.org\/wp-content\/uploads\/2025\/12\/170b078e-3895-44e9-a3a4-4810ac79b536.jpg","type":"image\/jpeg"}],"author":"US6","twitter_card":"summary_large_image","twitter_misc":{"Written by":"US6","Est. reading time":"2 minutes"},"schema":{"@context":"https:\/\/schema.org","@graph":[{"@type":"WebPage","@id":"https:\/\/veritasinfo.org\/?p=22531&lang=sr","url":"https:\/\/veritasinfo.org\/?p=22531&lang=sr","name":"\u0160vedski dr\u017eavljanin uhap\u0161en u Pri\u0161tini sumnji\u010di se da je bio vo\u0111a kriminalne grupe -","isPartOf":{"@id":"https:\/\/veritasinfo.org\/#website"},"primaryImageOfPage":{"@id":"https:\/\/veritasinfo.org\/?p=22531&lang=sr#primaryimage"},"image":{"@id":"https:\/\/veritasinfo.org\/?p=22531&lang=sr#primaryimage"},"thumbnailUrl":"https:\/\/veritasinfo.org\/wp-content\/uploads\/2025\/12\/170b078e-3895-44e9-a3a4-4810ac79b536.jpg","datePublished":"2025-12-02T16:13:10+00:00","author":{"@id":"https:\/\/veritasinfo.org\/#\/schema\/person\/fe199eede04c3937362892b7444747cc"},"breadcrumb":{"@id":"https:\/\/veritasinfo.org\/?p=22531&lang=sr#breadcrumb"},"inLanguage":"en-US","potentialAction":[{"@type":"ReadAction","target":["https:\/\/veritasinfo.org\/?p=22531&lang=sr"]}]},{"@type":"ImageObject","inLanguage":"en-US","@id":"https:\/\/veritasinfo.org\/?p=22531&lang=sr#primaryimage","url":"https:\/\/veritasinfo.org\/wp-content\/uploads\/2025\/12\/170b078e-3895-44e9-a3a4-4810ac79b536.jpg","contentUrl":"https:\/\/veritasinfo.org\/wp-content\/uploads\/2025\/12\/170b078e-3895-44e9-a3a4-4810ac79b536.jpg","width":1360,"height":870},{"@type":"BreadcrumbList","@id":"https:\/\/veritasinfo.org\/?p=22531&lang=sr#breadcrumb","itemListElement":[{"@type":"ListItem","position":1,"name":"Home","item":"https:\/\/veritasinfo.org\/"},{"@type":"ListItem","position":2,"name":"\u0160vedski dr\u017eavljanin uhap\u0161en u Pri\u0161tini sumnji\u010di se da je bio vo\u0111a kriminalne grupe"}]},{"@type":"WebSite","@id":"https:\/\/veritasinfo.org\/#website","url":"https:\/\/veritasinfo.org\/","name":"","description":"","potentialAction":[{"@type":"SearchAction","target":{"@type":"EntryPoint","urlTemplate":"https:\/\/veritasinfo.org\/?s={search_term_string}"},"query-input":{"@type":"PropertyValueSpecification","valueRequired":true,"valueName":"search_term_string"}}],"inLanguage":"en-US"},{"@type":"Person","@id":"https:\/\/veritasinfo.org\/#\/schema\/person\/fe199eede04c3937362892b7444747cc","name":"US6","image":{"@type":"ImageObject","inLanguage":"en-US","@id":"https:\/\/veritasinfo.org\/#\/schema\/person\/image\/","url":"https:\/\/secure.gravatar.com\/avatar\/cb16c3c31c9d23b9b8c705964598220b3014e42ff51eb540ff23cefa3ae8c15f?s=96&d=mm&r=g","contentUrl":"https:\/\/secure.gravatar.com\/avatar\/cb16c3c31c9d23b9b8c705964598220b3014e42ff51eb540ff23cefa3ae8c15f?s=96&d=mm&r=g","caption":"US6"},"url":"https:\/\/veritasinfo.org\/?author=7"}]}},"featured_image_urls":{"full":["https:\/\/veritasinfo.org\/wp-content\/uploads\/2025\/12\/170b078e-3895-44e9-a3a4-4810ac79b536.jpg",1360,870,false],"thumbnail":["https:\/\/veritasinfo.org\/wp-content\/uploads\/2025\/12\/170b078e-3895-44e9-a3a4-4810ac79b536-150x150.jpg",150,150,true],"medium":["https:\/\/veritasinfo.org\/wp-content\/uploads\/2025\/12\/170b078e-3895-44e9-a3a4-4810ac79b536-300x192.jpg",300,192,true],"medium_large":["https:\/\/veritasinfo.org\/wp-content\/uploads\/2025\/12\/170b078e-3895-44e9-a3a4-4810ac79b536-768x491.jpg",640,409,true],"large":["https:\/\/veritasinfo.org\/wp-content\/uploads\/2025\/12\/170b078e-3895-44e9-a3a4-4810ac79b536-1024x655.jpg",640,409,true],"1536x1536":["https:\/\/veritasinfo.org\/wp-content\/uploads\/2025\/12\/170b078e-3895-44e9-a3a4-4810ac79b536.jpg",1360,870,false],"2048x2048":["https:\/\/veritasinfo.org\/wp-content\/uploads\/2025\/12\/170b078e-3895-44e9-a3a4-4810ac79b536.jpg",1360,870,false],"kreeti-slider-full":["https:\/\/veritasinfo.org\/wp-content\/uploads\/2025\/12\/170b078e-3895-44e9-a3a4-4810ac79b536.jpg",1126,720,false],"kreeti-featured":["https:\/\/veritasinfo.org\/wp-content\/uploads\/2025\/12\/170b078e-3895-44e9-a3a4-4810ac79b536.jpg",1024,655,false],"kreeti-medium":["https:\/\/veritasinfo.org\/wp-content\/uploads\/2025\/12\/170b078e-3895-44e9-a3a4-4810ac79b536.jpg",720,461,false],"kreeti-medium-square":["https:\/\/veritasinfo.org\/wp-content\/uploads\/2025\/12\/170b078e-3895-44e9-a3a4-4810ac79b536.jpg",350,224,false]},"author_info":{"info":["US6"]},"category_info":"<a href=\"https:\/\/veritasinfo.org\/?cat=103&#038;lang=sr\" rel=\"category\">Hronika<\/a>","tag_info":"Hronika","comment_count":"0","_links":{"self":[{"href":"https:\/\/veritasinfo.org\/index.php?rest_route=\/wp\/v2\/posts\/22531","targetHints":{"allow":["GET"]}}],"collection":[{"href":"https:\/\/veritasinfo.org\/index.php?rest_route=\/wp\/v2\/posts"}],"about":[{"href":"https:\/\/veritasinfo.org\/index.php?rest_route=\/wp\/v2\/types\/post"}],"author":[{"embeddable":true,"href":"https:\/\/veritasinfo.org\/index.php?rest_route=\/wp\/v2\/users\/7"}],"replies":[{"embeddable":true,"href":"https:\/\/veritasinfo.org\/index.php?rest_route=%2Fwp%2Fv2%2Fcomments&post=22531"}],"version-history":[{"count":1,"href":"https:\/\/veritasinfo.org\/index.php?rest_route=\/wp\/v2\/posts\/22531\/revisions"}],"predecessor-version":[{"id":22532,"href":"https:\/\/veritasinfo.org\/index.php?rest_route=\/wp\/v2\/posts\/22531\/revisions\/22532"}],"wp:featuredmedia":[{"embeddable":true,"href":"https:\/\/veritasinfo.org\/index.php?rest_route=\/wp\/v2\/media\/22529"}],"wp:attachment":[{"href":"https:\/\/veritasinfo.org\/index.php?rest_route=%2Fwp%2Fv2%2Fmedia&parent=22531"}],"wp:term":[{"taxonomy":"category","embeddable":true,"href":"https:\/\/veritasinfo.org\/index.php?rest_route=%2Fwp%2Fv2%2Fcategories&post=22531"},{"taxonomy":"post_tag","embeddable":true,"href":"https:\/\/veritasinfo.org\/index.php?rest_route=%2Fwp%2Fv2%2Ftags&post=22531"}],"curies":[{"name":"wp","href":"https:\/\/api.w.org\/{rel}","templated":true}]}}