{"id":22513,"date":"2025-12-02T15:45:23","date_gmt":"2025-12-02T14:45:23","guid":{"rendered":"https:\/\/veritasinfo.org\/?p=22513"},"modified":"2025-12-02T15:45:23","modified_gmt":"2025-12-02T14:45:23","slug":"arrestohet-federica-mogherini","status":"publish","type":"post","link":"https:\/\/veritasinfo.org\/?p=22513","title":{"rendered":"Arrestohet Federica Mogherini"},"content":{"rendered":"<p>Prishtin\u00eb 02 Dhjetor 2025 15:44<\/p>\n<p>Ish-shefja e Politik\u00ebs s\u00eb Jashtme t\u00eb Bashkimit Evropian e q\u00eb udh\u00ebhoqi edhe negociatat n\u00eb dialogun Kosov\u00eb-Serbi, Federica Mogherini, \u00ebsht\u00eb arrestuar nga policia belge t\u00eb mart\u00ebn n\u00ebn dyshimin p\u00ebr mashtrim lidhur me financimin e nj\u00eb akademie p\u00ebr diplomat\u00ebt e rinj, ka raportuar \u201cEuroactiv\u201d.<\/p>\n<p>Policia belge ka kryer bastisje n\u00eb zyrat e sh\u00ebrbimit diplomatik t\u00eb Bashkimit Evropian dhe sht\u00ebpit\u00eb personale si pjes\u00eb e hetimeve p\u00ebr keqp\u00ebrdorim t\u00eb fondeve t\u00eb BE-s\u00eb.<\/p>\n<p>Nj\u00eb z\u00ebdh\u00ebn\u00ebs i Kolegjit t\u00eb Evrop\u00ebs, ku Mogherini ka qen\u00eb rektore q\u00eb prej viti 2020, ka th\u00ebn\u00eb se nuk e di n\u00ebse ajo \u00ebsht\u00eb arrestuar dhe ka refuzuar komentimin. Mogherini ka udh\u00ebhequr sh\u00ebrbimin e jasht\u00ebm t\u00eb BE-s\u00eb n\u00eb periudh\u00ebn 2014-2019 dhe ka qen\u00eb drejtuese e Akademis\u00eb prej vitit 2022.<\/p>\n<p>Nj\u00eb tjet\u00ebr punonj\u00ebs i Kolegjit t\u00eb Evrop\u00ebs, i p\u00ebrfshir\u00eb n\u00eb departamentin e Edukimit, \u00ebsht\u00eb ndaluar po ashtu, sipas raportimeve.<\/p>\n<p>Edhe zyrtari i lart\u00eb i Komisionit Evropian, Stefano Sannino \u00ebsht\u00eb ndaluar po ashtu. Ai ka qen\u00eb sekretar i p\u00ebrgjithsh\u00ebm n\u00eb koh\u00ebn sa Mogherini udh\u00ebhiqte sh\u00ebrbimin e Jasht\u00ebm t\u00eb BE-s\u00eb.<\/p>\n<p>Komisioni ka konfirmuar se policia ka qen\u00eb e pranishme n\u00eb zyra gjat\u00eb dit\u00ebs dhe se \u00ebsht\u00eb pjes\u00eb e nj\u00eb hetimi t\u00eb m\u00ebhersh\u00ebm p\u00ebr mandatet e kaluara. Nuk jan\u00eb ofruar detaje t\u00eb tjera.<\/p>\n","protected":false},"excerpt":{"rendered":"<p>Prishtin\u00eb 02 Dhjetor 2025 15:44 Ish-shefja e Politik\u00ebs s\u00eb Jashtme t\u00eb Bashkimit Evropian e q\u00eb udh\u00ebhoqi edhe negociatat n\u00eb dialogun Kosov\u00eb-Serbi, Federica Mogherini, \u00ebsht\u00eb arrestuar<\/p>\n","protected":false},"author":6,"featured_media":22514,"comment_status":"open","ping_status":"open","sticky":false,"template":"","format":"standard","meta":{"footnotes":""},"categories":[58],"tags":[],"class_list":["post-22513","post","type-post","status-publish","format-standard","has-post-thumbnail","hentry","category-politike-sq"],"yoast_head":"<!-- This site is optimized with the Yoast SEO plugin v25.3.1 - https:\/\/yoast.com\/wordpress\/plugins\/seo\/ -->\n<title>Arrestohet Federica Mogherini -<\/title>\n<meta name=\"robots\" content=\"index, follow, max-snippet:-1, max-image-preview:large, max-video-preview:-1\" \/>\n<link rel=\"canonical\" href=\"https:\/\/veritasinfo.org\/?p=22513\" \/>\n<meta property=\"og:locale\" content=\"en_US\" \/>\n<meta property=\"og:type\" content=\"article\" \/>\n<meta property=\"og:title\" content=\"Arrestohet Federica Mogherini -\" \/>\n<meta property=\"og:description\" content=\"Prishtin\u00eb 02 Dhjetor 2025 15:44 Ish-shefja e Politik\u00ebs s\u00eb Jashtme t\u00eb Bashkimit Evropian e q\u00eb udh\u00ebhoqi edhe negociatat n\u00eb dialogun Kosov\u00eb-Serbi, Federica Mogherini, \u00ebsht\u00eb arrestuar\" \/>\n<meta property=\"og:url\" content=\"https:\/\/veritasinfo.org\/?p=22513\" \/>\n<meta property=\"article:published_time\" content=\"2025-12-02T14:45:23+00:00\" \/>\n<meta property=\"og:image\" content=\"https:\/\/veritasinfo.org\/wp-content\/uploads\/2025\/12\/b00461c6-75d6-48b6-84bb-e85db2f69b94.webp\" \/>\n\t<meta property=\"og:image:width\" content=\"1360\" \/>\n\t<meta property=\"og:image:height\" content=\"870\" \/>\n\t<meta property=\"og:image:type\" content=\"image\/webp\" \/>\n<meta name=\"author\" content=\"US5\" \/>\n<meta name=\"twitter:card\" content=\"summary_large_image\" \/>\n<meta name=\"twitter:label1\" content=\"Written by\" \/>\n\t<meta name=\"twitter:data1\" content=\"US5\" \/>\n<script type=\"application\/ld+json\" class=\"yoast-schema-graph\">{\"@context\":\"https:\/\/schema.org\",\"@graph\":[{\"@type\":\"WebPage\",\"@id\":\"https:\/\/veritasinfo.org\/?p=22513\",\"url\":\"https:\/\/veritasinfo.org\/?p=22513\",\"name\":\"Arrestohet Federica Mogherini -\",\"isPartOf\":{\"@id\":\"https:\/\/veritasinfo.org\/#website\"},\"primaryImageOfPage\":{\"@id\":\"https:\/\/veritasinfo.org\/?p=22513#primaryimage\"},\"image\":{\"@id\":\"https:\/\/veritasinfo.org\/?p=22513#primaryimage\"},\"thumbnailUrl\":\"https:\/\/veritasinfo.org\/wp-content\/uploads\/2025\/12\/b00461c6-75d6-48b6-84bb-e85db2f69b94.webp\",\"datePublished\":\"2025-12-02T14:45:23+00:00\",\"author\":{\"@id\":\"https:\/\/veritasinfo.org\/#\/schema\/person\/bc442336e35414d04494ab8fb45db4c6\"},\"breadcrumb\":{\"@id\":\"https:\/\/veritasinfo.org\/?p=22513#breadcrumb\"},\"inLanguage\":\"en-US\",\"potentialAction\":[{\"@type\":\"ReadAction\",\"target\":[\"https:\/\/veritasinfo.org\/?p=22513\"]}]},{\"@type\":\"ImageObject\",\"inLanguage\":\"en-US\",\"@id\":\"https:\/\/veritasinfo.org\/?p=22513#primaryimage\",\"url\":\"https:\/\/veritasinfo.org\/wp-content\/uploads\/2025\/12\/b00461c6-75d6-48b6-84bb-e85db2f69b94.webp\",\"contentUrl\":\"https:\/\/veritasinfo.org\/wp-content\/uploads\/2025\/12\/b00461c6-75d6-48b6-84bb-e85db2f69b94.webp\",\"width\":1360,\"height\":870},{\"@type\":\"BreadcrumbList\",\"@id\":\"https:\/\/veritasinfo.org\/?p=22513#breadcrumb\",\"itemListElement\":[{\"@type\":\"ListItem\",\"position\":1,\"name\":\"Home\",\"item\":\"https:\/\/veritasinfo.org\/\"},{\"@type\":\"ListItem\",\"position\":2,\"name\":\"Arrestohet Federica Mogherini\"}]},{\"@type\":\"WebSite\",\"@id\":\"https:\/\/veritasinfo.org\/#website\",\"url\":\"https:\/\/veritasinfo.org\/\",\"name\":\"\",\"description\":\"\",\"potentialAction\":[{\"@type\":\"SearchAction\",\"target\":{\"@type\":\"EntryPoint\",\"urlTemplate\":\"https:\/\/veritasinfo.org\/?s={search_term_string}\"},\"query-input\":{\"@type\":\"PropertyValueSpecification\",\"valueRequired\":true,\"valueName\":\"search_term_string\"}}],\"inLanguage\":\"en-US\"},{\"@type\":\"Person\",\"@id\":\"https:\/\/veritasinfo.org\/#\/schema\/person\/bc442336e35414d04494ab8fb45db4c6\",\"name\":\"US5\",\"image\":{\"@type\":\"ImageObject\",\"inLanguage\":\"en-US\",\"@id\":\"https:\/\/veritasinfo.org\/#\/schema\/person\/image\/\",\"url\":\"https:\/\/secure.gravatar.com\/avatar\/16a61e7272a0c5d001121ebb9e60e925d5816e4ac1e443ed3e640d9a6ae55d0c?s=96&d=mm&r=g\",\"contentUrl\":\"https:\/\/secure.gravatar.com\/avatar\/16a61e7272a0c5d001121ebb9e60e925d5816e4ac1e443ed3e640d9a6ae55d0c?s=96&d=mm&r=g\",\"caption\":\"US5\"},\"url\":\"https:\/\/veritasinfo.org\/?author=6\"}]}<\/script>\n<!-- \/ Yoast SEO plugin. -->","yoast_head_json":{"title":"Arrestohet Federica Mogherini -","robots":{"index":"index","follow":"follow","max-snippet":"max-snippet:-1","max-image-preview":"max-image-preview:large","max-video-preview":"max-video-preview:-1"},"canonical":"https:\/\/veritasinfo.org\/?p=22513","og_locale":"en_US","og_type":"article","og_title":"Arrestohet Federica Mogherini -","og_description":"Prishtin\u00eb 02 Dhjetor 2025 15:44 Ish-shefja e Politik\u00ebs s\u00eb Jashtme t\u00eb Bashkimit Evropian e q\u00eb udh\u00ebhoqi edhe negociatat n\u00eb dialogun Kosov\u00eb-Serbi, Federica Mogherini, \u00ebsht\u00eb arrestuar","og_url":"https:\/\/veritasinfo.org\/?p=22513","article_published_time":"2025-12-02T14:45:23+00:00","og_image":[{"width":1360,"height":870,"url":"https:\/\/veritasinfo.org\/wp-content\/uploads\/2025\/12\/b00461c6-75d6-48b6-84bb-e85db2f69b94.webp","type":"image\/webp"}],"author":"US5","twitter_card":"summary_large_image","twitter_misc":{"Written by":"US5"},"schema":{"@context":"https:\/\/schema.org","@graph":[{"@type":"WebPage","@id":"https:\/\/veritasinfo.org\/?p=22513","url":"https:\/\/veritasinfo.org\/?p=22513","name":"Arrestohet Federica Mogherini -","isPartOf":{"@id":"https:\/\/veritasinfo.org\/#website"},"primaryImageOfPage":{"@id":"https:\/\/veritasinfo.org\/?p=22513#primaryimage"},"image":{"@id":"https:\/\/veritasinfo.org\/?p=22513#primaryimage"},"thumbnailUrl":"https:\/\/veritasinfo.org\/wp-content\/uploads\/2025\/12\/b00461c6-75d6-48b6-84bb-e85db2f69b94.webp","datePublished":"2025-12-02T14:45:23+00:00","author":{"@id":"https:\/\/veritasinfo.org\/#\/schema\/person\/bc442336e35414d04494ab8fb45db4c6"},"breadcrumb":{"@id":"https:\/\/veritasinfo.org\/?p=22513#breadcrumb"},"inLanguage":"en-US","potentialAction":[{"@type":"ReadAction","target":["https:\/\/veritasinfo.org\/?p=22513"]}]},{"@type":"ImageObject","inLanguage":"en-US","@id":"https:\/\/veritasinfo.org\/?p=22513#primaryimage","url":"https:\/\/veritasinfo.org\/wp-content\/uploads\/2025\/12\/b00461c6-75d6-48b6-84bb-e85db2f69b94.webp","contentUrl":"https:\/\/veritasinfo.org\/wp-content\/uploads\/2025\/12\/b00461c6-75d6-48b6-84bb-e85db2f69b94.webp","width":1360,"height":870},{"@type":"BreadcrumbList","@id":"https:\/\/veritasinfo.org\/?p=22513#breadcrumb","itemListElement":[{"@type":"ListItem","position":1,"name":"Home","item":"https:\/\/veritasinfo.org\/"},{"@type":"ListItem","position":2,"name":"Arrestohet Federica Mogherini"}]},{"@type":"WebSite","@id":"https:\/\/veritasinfo.org\/#website","url":"https:\/\/veritasinfo.org\/","name":"","description":"","potentialAction":[{"@type":"SearchAction","target":{"@type":"EntryPoint","urlTemplate":"https:\/\/veritasinfo.org\/?s={search_term_string}"},"query-input":{"@type":"PropertyValueSpecification","valueRequired":true,"valueName":"search_term_string"}}],"inLanguage":"en-US"},{"@type":"Person","@id":"https:\/\/veritasinfo.org\/#\/schema\/person\/bc442336e35414d04494ab8fb45db4c6","name":"US5","image":{"@type":"ImageObject","inLanguage":"en-US","@id":"https:\/\/veritasinfo.org\/#\/schema\/person\/image\/","url":"https:\/\/secure.gravatar.com\/avatar\/16a61e7272a0c5d001121ebb9e60e925d5816e4ac1e443ed3e640d9a6ae55d0c?s=96&d=mm&r=g","contentUrl":"https:\/\/secure.gravatar.com\/avatar\/16a61e7272a0c5d001121ebb9e60e925d5816e4ac1e443ed3e640d9a6ae55d0c?s=96&d=mm&r=g","caption":"US5"},"url":"https:\/\/veritasinfo.org\/?author=6"}]}},"featured_image_urls":{"full":["https:\/\/veritasinfo.org\/wp-content\/uploads\/2025\/12\/b00461c6-75d6-48b6-84bb-e85db2f69b94.webp",1360,870,false],"thumbnail":["https:\/\/veritasinfo.org\/wp-content\/uploads\/2025\/12\/b00461c6-75d6-48b6-84bb-e85db2f69b94-150x150.webp",150,150,true],"medium":["https:\/\/veritasinfo.org\/wp-content\/uploads\/2025\/12\/b00461c6-75d6-48b6-84bb-e85db2f69b94-300x192.webp",300,192,true],"medium_large":["https:\/\/veritasinfo.org\/wp-content\/uploads\/2025\/12\/b00461c6-75d6-48b6-84bb-e85db2f69b94-768x491.webp",640,409,true],"large":["https:\/\/veritasinfo.org\/wp-content\/uploads\/2025\/12\/b00461c6-75d6-48b6-84bb-e85db2f69b94-1024x655.webp",640,409,true],"1536x1536":["https:\/\/veritasinfo.org\/wp-content\/uploads\/2025\/12\/b00461c6-75d6-48b6-84bb-e85db2f69b94.webp",1360,870,false],"2048x2048":["https:\/\/veritasinfo.org\/wp-content\/uploads\/2025\/12\/b00461c6-75d6-48b6-84bb-e85db2f69b94.webp",1360,870,false],"kreeti-slider-full":["https:\/\/veritasinfo.org\/wp-content\/uploads\/2025\/12\/b00461c6-75d6-48b6-84bb-e85db2f69b94.webp",1126,720,false],"kreeti-featured":["https:\/\/veritasinfo.org\/wp-content\/uploads\/2025\/12\/b00461c6-75d6-48b6-84bb-e85db2f69b94.webp",1024,655,false],"kreeti-medium":["https:\/\/veritasinfo.org\/wp-content\/uploads\/2025\/12\/b00461c6-75d6-48b6-84bb-e85db2f69b94.webp",720,461,false],"kreeti-medium-square":["https:\/\/veritasinfo.org\/wp-content\/uploads\/2025\/12\/b00461c6-75d6-48b6-84bb-e85db2f69b94.webp",350,224,false]},"author_info":{"info":["US5"]},"category_info":"<a href=\"https:\/\/veritasinfo.org\/?cat=58\" rel=\"category\">Politik\u00eb<\/a>","tag_info":"Politik\u00eb","comment_count":"0","_links":{"self":[{"href":"https:\/\/veritasinfo.org\/index.php?rest_route=\/wp\/v2\/posts\/22513","targetHints":{"allow":["GET"]}}],"collection":[{"href":"https:\/\/veritasinfo.org\/index.php?rest_route=\/wp\/v2\/posts"}],"about":[{"href":"https:\/\/veritasinfo.org\/index.php?rest_route=\/wp\/v2\/types\/post"}],"author":[{"embeddable":true,"href":"https:\/\/veritasinfo.org\/index.php?rest_route=\/wp\/v2\/users\/6"}],"replies":[{"embeddable":true,"href":"https:\/\/veritasinfo.org\/index.php?rest_route=%2Fwp%2Fv2%2Fcomments&post=22513"}],"version-history":[{"count":1,"href":"https:\/\/veritasinfo.org\/index.php?rest_route=\/wp\/v2\/posts\/22513\/revisions"}],"predecessor-version":[{"id":22515,"href":"https:\/\/veritasinfo.org\/index.php?rest_route=\/wp\/v2\/posts\/22513\/revisions\/22515"}],"wp:featuredmedia":[{"embeddable":true,"href":"https:\/\/veritasinfo.org\/index.php?rest_route=\/wp\/v2\/media\/22514"}],"wp:attachment":[{"href":"https:\/\/veritasinfo.org\/index.php?rest_route=%2Fwp%2Fv2%2Fmedia&parent=22513"}],"wp:term":[{"taxonomy":"category","embeddable":true,"href":"https:\/\/veritasinfo.org\/index.php?rest_route=%2Fwp%2Fv2%2Fcategories&post=22513"},{"taxonomy":"post_tag","embeddable":true,"href":"https:\/\/veritasinfo.org\/index.php?rest_route=%2Fwp%2Fv2%2Ftags&post=22513"}],"curies":[{"name":"wp","href":"https:\/\/api.w.org\/{rel}","templated":true}]}}