{"id":22507,"date":"2025-12-02T15:38:41","date_gmt":"2025-12-02T14:38:41","guid":{"rendered":"https:\/\/veritasinfo.org\/?p=22507"},"modified":"2025-12-02T15:39:00","modified_gmt":"2025-12-02T14:39:00","slug":"22507","status":"publish","type":"post","link":"https:\/\/veritasinfo.org\/?p=22507","title":{"rendered":"Rutte: Presim nga Serbia t\u00eb mbaj\u00eb p\u00ebrgjegj\u00ebs autor\u00ebt e sulmit n\u00eb Banjsk\u00eb"},"content":{"rendered":"<p>Prishtin\u00eb 02 Dhjetor 2025 15:35<\/p>\n<p>Sekretari i P\u00ebrgjithsh\u00ebm i NATO-s, Mark Rutte ka th\u00ebn\u00eb se presin nga Serbia q\u00eb p\u00ebrgjegj\u00ebsit p\u00ebr sulmin terrorist n\u00eb Banjsk\u00eb t\u00eb vitit 2023 t\u2019i sjell\u00eb para drejt\u00ebsis\u00eb.<\/p>\n<p>Rutte ka th\u00ebn\u00eb se p\u00ebr k\u00ebt\u00eb ka folu me presidentin serb, Vu\u00e7iq, i cili si\u00e7 tha Rutte i ka th\u00ebn\u00eb se do t\u00eb punoj\u00eb n\u00eb k\u00ebt\u00eb drejtim.<\/p>\n<p>\u201cParaardh\u00ebsi im ka punuar n\u00eb k\u00ebt\u00eb m\u00eb presidentin e Serbis\u00eb, Alexander Vu\u00e7iqin. Edhe un\u00eb kam folur vet m\u00eb t\u00eb, dhe ai m\u00eb tha se do t\u00eb punoj\u00eb n\u00eb k\u00ebt\u00eb, dhe ne presim nga autoritetet serbe t\u00eb kryejn\u00eb pjes\u00ebn e tyre n\u00eb k\u00ebt\u00eb drejtim\u201d, ka th\u00ebn\u00eb Rutte kur \u00ebsht\u00eb pyetur nga gazetari i T\u00ebv\u00eb1, Venhar Isufi, para takimit t\u00eb ministrave t\u00eb Jasht\u00ebm t\u00eb vendeve an\u00ebtare t\u00eb NATO-s.<\/p>\n<p>Ai ka th\u00ebn\u00eb jan\u00eb duke e p\u00ebrcjell dialogun mes Kosov\u00ebs dhe Serbis\u00eb dhe se NATO do t\u00eb ndihmoj\u00eb n\u00eb k\u00ebt\u00eb proces.<\/p>\n<p>N\u00eb shtator t\u00eb vitit 2023 grupi terrorist nga Serbia kreu sulm n\u00eb Banjsk\u00eb t\u00eb Zve\u00e7anit ku mbeti i vrar\u00eb polici i Kosov\u00ebs, Afrim Bunjaku.<\/p>\n<p>Udh\u00ebheq\u00ebs i k\u00ebtij grupi ishte ish-n\u00ebnkryetari i List\u00ebs Serbe, Millan Radoi\u00e7iq. Ndaj 45 pjes\u00ebtar\u00ebve t\u00eb k\u00ebtij grupi Prokuroria Speciale e Kosov\u00ebs ka ngritur aktakuz\u00eb.<\/p>\n<p>Nd\u00ebrsa, tre pjes\u00ebtar\u00ebt e k\u00ebtij grupi t\u00eb kapur gjat\u00eb aksionin nga Policia e Kosov\u00ebs jan\u00eb duke u gjykuar.<\/p>\n<p>Kosova ka k\u00ebrkuar q\u00eb Radoi\u00e7iq dhe pjes\u00ebtar\u00ebt tjer\u00eb t\u00eb dor\u00ebzohen nga Serbia.<\/p>\n<p>Kryeministri Albin Kurit ka v\u00eb si kusht ekstradimin e Radoi\u00e7iqit p\u00ebr vazhdim t\u00eb dialogut me Serbin\u00eb.<\/p>\n","protected":false},"excerpt":{"rendered":"<p>Prishtin\u00eb 02 Dhjetor 2025 15:35 Sekretari i P\u00ebrgjithsh\u00ebm i NATO-s, Mark Rutte ka th\u00ebn\u00eb se presin nga Serbia q\u00eb p\u00ebrgjegj\u00ebsit p\u00ebr sulmin terrorist n\u00eb Banjsk\u00eb<\/p>\n","protected":false},"author":6,"featured_media":22508,"comment_status":"open","ping_status":"open","sticky":false,"template":"","format":"standard","meta":{"footnotes":""},"categories":[58],"tags":[],"class_list":["post-22507","post","type-post","status-publish","format-standard","has-post-thumbnail","hentry","category-politike-sq"],"yoast_head":"<!-- This site is optimized with the Yoast SEO plugin v25.3.1 - https:\/\/yoast.com\/wordpress\/plugins\/seo\/ -->\n<title>Rutte: Presim nga Serbia t\u00eb mbaj\u00eb p\u00ebrgjegj\u00ebs autor\u00ebt e sulmit n\u00eb Banjsk\u00eb -<\/title>\n<meta name=\"robots\" content=\"index, follow, max-snippet:-1, max-image-preview:large, max-video-preview:-1\" \/>\n<link rel=\"canonical\" href=\"https:\/\/veritasinfo.org\/?p=22507\" \/>\n<meta property=\"og:locale\" content=\"en_US\" \/>\n<meta property=\"og:type\" content=\"article\" \/>\n<meta property=\"og:title\" content=\"Rutte: Presim nga Serbia t\u00eb mbaj\u00eb p\u00ebrgjegj\u00ebs autor\u00ebt e sulmit n\u00eb Banjsk\u00eb -\" \/>\n<meta property=\"og:description\" content=\"Prishtin\u00eb 02 Dhjetor 2025 15:35 Sekretari i P\u00ebrgjithsh\u00ebm i NATO-s, Mark Rutte ka th\u00ebn\u00eb se presin nga Serbia q\u00eb p\u00ebrgjegj\u00ebsit p\u00ebr sulmin terrorist n\u00eb Banjsk\u00eb\" \/>\n<meta property=\"og:url\" content=\"https:\/\/veritasinfo.org\/?p=22507\" \/>\n<meta property=\"article:published_time\" content=\"2025-12-02T14:38:41+00:00\" \/>\n<meta property=\"article:modified_time\" content=\"2025-12-02T14:39:00+00:00\" \/>\n<meta property=\"og:image\" content=\"https:\/\/veritasinfo.org\/wp-content\/uploads\/2025\/12\/images.jpeg\" \/>\n\t<meta property=\"og:image:width\" content=\"576\" \/>\n\t<meta property=\"og:image:height\" content=\"384\" \/>\n\t<meta property=\"og:image:type\" content=\"image\/jpeg\" \/>\n<meta name=\"author\" content=\"US5\" \/>\n<meta name=\"twitter:card\" content=\"summary_large_image\" \/>\n<meta name=\"twitter:label1\" content=\"Written by\" \/>\n\t<meta name=\"twitter:data1\" content=\"US5\" \/>\n\t<meta name=\"twitter:label2\" content=\"Est. reading time\" \/>\n\t<meta name=\"twitter:data2\" content=\"2 minutes\" \/>\n<script type=\"application\/ld+json\" class=\"yoast-schema-graph\">{\"@context\":\"https:\/\/schema.org\",\"@graph\":[{\"@type\":\"WebPage\",\"@id\":\"https:\/\/veritasinfo.org\/?p=22507\",\"url\":\"https:\/\/veritasinfo.org\/?p=22507\",\"name\":\"Rutte: Presim nga Serbia t\u00eb mbaj\u00eb p\u00ebrgjegj\u00ebs autor\u00ebt e sulmit n\u00eb Banjsk\u00eb -\",\"isPartOf\":{\"@id\":\"https:\/\/veritasinfo.org\/#website\"},\"primaryImageOfPage\":{\"@id\":\"https:\/\/veritasinfo.org\/?p=22507#primaryimage\"},\"image\":{\"@id\":\"https:\/\/veritasinfo.org\/?p=22507#primaryimage\"},\"thumbnailUrl\":\"https:\/\/veritasinfo.org\/wp-content\/uploads\/2025\/12\/images.jpeg\",\"datePublished\":\"2025-12-02T14:38:41+00:00\",\"dateModified\":\"2025-12-02T14:39:00+00:00\",\"author\":{\"@id\":\"https:\/\/veritasinfo.org\/#\/schema\/person\/bc442336e35414d04494ab8fb45db4c6\"},\"breadcrumb\":{\"@id\":\"https:\/\/veritasinfo.org\/?p=22507#breadcrumb\"},\"inLanguage\":\"en-US\",\"potentialAction\":[{\"@type\":\"ReadAction\",\"target\":[\"https:\/\/veritasinfo.org\/?p=22507\"]}]},{\"@type\":\"ImageObject\",\"inLanguage\":\"en-US\",\"@id\":\"https:\/\/veritasinfo.org\/?p=22507#primaryimage\",\"url\":\"https:\/\/veritasinfo.org\/wp-content\/uploads\/2025\/12\/images.jpeg\",\"contentUrl\":\"https:\/\/veritasinfo.org\/wp-content\/uploads\/2025\/12\/images.jpeg\",\"width\":576,\"height\":384},{\"@type\":\"BreadcrumbList\",\"@id\":\"https:\/\/veritasinfo.org\/?p=22507#breadcrumb\",\"itemListElement\":[{\"@type\":\"ListItem\",\"position\":1,\"name\":\"Home\",\"item\":\"https:\/\/veritasinfo.org\/\"},{\"@type\":\"ListItem\",\"position\":2,\"name\":\"Rutte: Presim nga Serbia t\u00eb mbaj\u00eb p\u00ebrgjegj\u00ebs autor\u00ebt e sulmit n\u00eb Banjsk\u00eb\"}]},{\"@type\":\"WebSite\",\"@id\":\"https:\/\/veritasinfo.org\/#website\",\"url\":\"https:\/\/veritasinfo.org\/\",\"name\":\"\",\"description\":\"\",\"potentialAction\":[{\"@type\":\"SearchAction\",\"target\":{\"@type\":\"EntryPoint\",\"urlTemplate\":\"https:\/\/veritasinfo.org\/?s={search_term_string}\"},\"query-input\":{\"@type\":\"PropertyValueSpecification\",\"valueRequired\":true,\"valueName\":\"search_term_string\"}}],\"inLanguage\":\"en-US\"},{\"@type\":\"Person\",\"@id\":\"https:\/\/veritasinfo.org\/#\/schema\/person\/bc442336e35414d04494ab8fb45db4c6\",\"name\":\"US5\",\"image\":{\"@type\":\"ImageObject\",\"inLanguage\":\"en-US\",\"@id\":\"https:\/\/veritasinfo.org\/#\/schema\/person\/image\/\",\"url\":\"https:\/\/secure.gravatar.com\/avatar\/16a61e7272a0c5d001121ebb9e60e925d5816e4ac1e443ed3e640d9a6ae55d0c?s=96&d=mm&r=g\",\"contentUrl\":\"https:\/\/secure.gravatar.com\/avatar\/16a61e7272a0c5d001121ebb9e60e925d5816e4ac1e443ed3e640d9a6ae55d0c?s=96&d=mm&r=g\",\"caption\":\"US5\"},\"url\":\"https:\/\/veritasinfo.org\/?author=6\"}]}<\/script>\n<!-- \/ Yoast SEO plugin. -->","yoast_head_json":{"title":"Rutte: Presim nga Serbia t\u00eb mbaj\u00eb p\u00ebrgjegj\u00ebs autor\u00ebt e sulmit n\u00eb Banjsk\u00eb -","robots":{"index":"index","follow":"follow","max-snippet":"max-snippet:-1","max-image-preview":"max-image-preview:large","max-video-preview":"max-video-preview:-1"},"canonical":"https:\/\/veritasinfo.org\/?p=22507","og_locale":"en_US","og_type":"article","og_title":"Rutte: Presim nga Serbia t\u00eb mbaj\u00eb p\u00ebrgjegj\u00ebs autor\u00ebt e sulmit n\u00eb Banjsk\u00eb -","og_description":"Prishtin\u00eb 02 Dhjetor 2025 15:35 Sekretari i P\u00ebrgjithsh\u00ebm i NATO-s, Mark Rutte ka th\u00ebn\u00eb se presin nga Serbia q\u00eb p\u00ebrgjegj\u00ebsit p\u00ebr sulmin terrorist n\u00eb Banjsk\u00eb","og_url":"https:\/\/veritasinfo.org\/?p=22507","article_published_time":"2025-12-02T14:38:41+00:00","article_modified_time":"2025-12-02T14:39:00+00:00","og_image":[{"width":576,"height":384,"url":"https:\/\/veritasinfo.org\/wp-content\/uploads\/2025\/12\/images.jpeg","type":"image\/jpeg"}],"author":"US5","twitter_card":"summary_large_image","twitter_misc":{"Written by":"US5","Est. reading time":"2 minutes"},"schema":{"@context":"https:\/\/schema.org","@graph":[{"@type":"WebPage","@id":"https:\/\/veritasinfo.org\/?p=22507","url":"https:\/\/veritasinfo.org\/?p=22507","name":"Rutte: Presim nga Serbia t\u00eb mbaj\u00eb p\u00ebrgjegj\u00ebs autor\u00ebt e sulmit n\u00eb Banjsk\u00eb -","isPartOf":{"@id":"https:\/\/veritasinfo.org\/#website"},"primaryImageOfPage":{"@id":"https:\/\/veritasinfo.org\/?p=22507#primaryimage"},"image":{"@id":"https:\/\/veritasinfo.org\/?p=22507#primaryimage"},"thumbnailUrl":"https:\/\/veritasinfo.org\/wp-content\/uploads\/2025\/12\/images.jpeg","datePublished":"2025-12-02T14:38:41+00:00","dateModified":"2025-12-02T14:39:00+00:00","author":{"@id":"https:\/\/veritasinfo.org\/#\/schema\/person\/bc442336e35414d04494ab8fb45db4c6"},"breadcrumb":{"@id":"https:\/\/veritasinfo.org\/?p=22507#breadcrumb"},"inLanguage":"en-US","potentialAction":[{"@type":"ReadAction","target":["https:\/\/veritasinfo.org\/?p=22507"]}]},{"@type":"ImageObject","inLanguage":"en-US","@id":"https:\/\/veritasinfo.org\/?p=22507#primaryimage","url":"https:\/\/veritasinfo.org\/wp-content\/uploads\/2025\/12\/images.jpeg","contentUrl":"https:\/\/veritasinfo.org\/wp-content\/uploads\/2025\/12\/images.jpeg","width":576,"height":384},{"@type":"BreadcrumbList","@id":"https:\/\/veritasinfo.org\/?p=22507#breadcrumb","itemListElement":[{"@type":"ListItem","position":1,"name":"Home","item":"https:\/\/veritasinfo.org\/"},{"@type":"ListItem","position":2,"name":"Rutte: Presim nga Serbia t\u00eb mbaj\u00eb p\u00ebrgjegj\u00ebs autor\u00ebt e sulmit n\u00eb Banjsk\u00eb"}]},{"@type":"WebSite","@id":"https:\/\/veritasinfo.org\/#website","url":"https:\/\/veritasinfo.org\/","name":"","description":"","potentialAction":[{"@type":"SearchAction","target":{"@type":"EntryPoint","urlTemplate":"https:\/\/veritasinfo.org\/?s={search_term_string}"},"query-input":{"@type":"PropertyValueSpecification","valueRequired":true,"valueName":"search_term_string"}}],"inLanguage":"en-US"},{"@type":"Person","@id":"https:\/\/veritasinfo.org\/#\/schema\/person\/bc442336e35414d04494ab8fb45db4c6","name":"US5","image":{"@type":"ImageObject","inLanguage":"en-US","@id":"https:\/\/veritasinfo.org\/#\/schema\/person\/image\/","url":"https:\/\/secure.gravatar.com\/avatar\/16a61e7272a0c5d001121ebb9e60e925d5816e4ac1e443ed3e640d9a6ae55d0c?s=96&d=mm&r=g","contentUrl":"https:\/\/secure.gravatar.com\/avatar\/16a61e7272a0c5d001121ebb9e60e925d5816e4ac1e443ed3e640d9a6ae55d0c?s=96&d=mm&r=g","caption":"US5"},"url":"https:\/\/veritasinfo.org\/?author=6"}]}},"featured_image_urls":{"full":["https:\/\/veritasinfo.org\/wp-content\/uploads\/2025\/12\/images.jpeg",576,384,false],"thumbnail":["https:\/\/veritasinfo.org\/wp-content\/uploads\/2025\/12\/images-150x150.jpeg",150,150,true],"medium":["https:\/\/veritasinfo.org\/wp-content\/uploads\/2025\/12\/images-300x200.jpeg",300,200,true],"medium_large":["https:\/\/veritasinfo.org\/wp-content\/uploads\/2025\/12\/images.jpeg",576,384,false],"large":["https:\/\/veritasinfo.org\/wp-content\/uploads\/2025\/12\/images.jpeg",576,384,false],"1536x1536":["https:\/\/veritasinfo.org\/wp-content\/uploads\/2025\/12\/images.jpeg",576,384,false],"2048x2048":["https:\/\/veritasinfo.org\/wp-content\/uploads\/2025\/12\/images.jpeg",576,384,false],"kreeti-slider-full":["https:\/\/veritasinfo.org\/wp-content\/uploads\/2025\/12\/images.jpeg",576,384,false],"kreeti-featured":["https:\/\/veritasinfo.org\/wp-content\/uploads\/2025\/12\/images.jpeg",576,384,false],"kreeti-medium":["https:\/\/veritasinfo.org\/wp-content\/uploads\/2025\/12\/images.jpeg",576,384,false],"kreeti-medium-square":["https:\/\/veritasinfo.org\/wp-content\/uploads\/2025\/12\/images.jpeg",350,233,false]},"author_info":{"info":["US5"]},"category_info":"<a href=\"https:\/\/veritasinfo.org\/?cat=58\" rel=\"category\">Politik\u00eb<\/a>","tag_info":"Politik\u00eb","comment_count":"0","_links":{"self":[{"href":"https:\/\/veritasinfo.org\/index.php?rest_route=\/wp\/v2\/posts\/22507","targetHints":{"allow":["GET"]}}],"collection":[{"href":"https:\/\/veritasinfo.org\/index.php?rest_route=\/wp\/v2\/posts"}],"about":[{"href":"https:\/\/veritasinfo.org\/index.php?rest_route=\/wp\/v2\/types\/post"}],"author":[{"embeddable":true,"href":"https:\/\/veritasinfo.org\/index.php?rest_route=\/wp\/v2\/users\/6"}],"replies":[{"embeddable":true,"href":"https:\/\/veritasinfo.org\/index.php?rest_route=%2Fwp%2Fv2%2Fcomments&post=22507"}],"version-history":[{"count":2,"href":"https:\/\/veritasinfo.org\/index.php?rest_route=\/wp\/v2\/posts\/22507\/revisions"}],"predecessor-version":[{"id":22510,"href":"https:\/\/veritasinfo.org\/index.php?rest_route=\/wp\/v2\/posts\/22507\/revisions\/22510"}],"wp:featuredmedia":[{"embeddable":true,"href":"https:\/\/veritasinfo.org\/index.php?rest_route=\/wp\/v2\/media\/22508"}],"wp:attachment":[{"href":"https:\/\/veritasinfo.org\/index.php?rest_route=%2Fwp%2Fv2%2Fmedia&parent=22507"}],"wp:term":[{"taxonomy":"category","embeddable":true,"href":"https:\/\/veritasinfo.org\/index.php?rest_route=%2Fwp%2Fv2%2Fcategories&post=22507"},{"taxonomy":"post_tag","embeddable":true,"href":"https:\/\/veritasinfo.org\/index.php?rest_route=%2Fwp%2Fv2%2Ftags&post=22507"}],"curies":[{"name":"wp","href":"https:\/\/api.w.org\/{rel}","templated":true}]}}