{"id":2250,"date":"2025-07-02T08:46:49","date_gmt":"2025-07-02T06:46:49","guid":{"rendered":"https:\/\/veritasinfo.org\/?p=2250"},"modified":"2025-07-02T11:32:48","modified_gmt":"2025-07-02T09:32:48","slug":"vuciq-alarmon-perendimin-per-ura-por-hesht-per-personat-e-perfshire-ne-banjska-qe-e-ruajten-para-presidences","status":"publish","type":"post","link":"https:\/\/veritasinfo.org\/?p=2250","title":{"rendered":"Vu\u00e7iq alarmon Per\u00ebndimin p\u00ebr ura, por hesht p\u00ebr personat e p\u00ebrfshir\u00eb n\u00eb Banjska q\u00eb e ruajten para presidences"},"content":{"rendered":"<p><strong>Beograd 02 korrik 2025<\/strong><\/p>\n<p>Presidenti i Serbis\u00eb, Aleksadar \u00a0Vu\u00e7i\u00e7, mbr\u00ebm\u00eb \u00ebsht\u00eb ankuar ndaj vendosjes s\u00eb gurthemelit p\u00ebr nd\u00ebrtimin e dy urave t\u00eb reja mbi lumin Ib\u00ebr. Madje k\u00ebt\u00eb veprim legjitim t\u00eb institucioneve t\u00eb Kosov\u00ebs ai e ka quajtur si akt posht\u00ebrimi dhe tentim p\u00ebr ta d\u00ebbuar popullin serb nga veriu.<\/p>\n<p>\u201cSot pam\u00eb se b\u00ebn\u00eb lloj-lloj gj\u00ebrash, Albin Kurti vendosi themelet e dy urave, por nuk mori p\u00eblqimin e serb\u00ebve dhe njer\u00ebz nga Mitrovica e Veriut p\u00ebr nj\u00eb gj\u00eb t\u00eb till\u00eb, dhe se kjo do t\u00eb thoshte posht\u00ebrim i popullit serb\u201d, tha ai.<\/p>\n<p>\u201cKjo do t\u00eb thot\u00eb eksod p\u00ebrfundimtar. Ne protestuam te fuqit\u00eb per\u00ebndimore. Ne t\u00eb gjith\u00eb do t\u00eb duhet t\u00eb punojm\u00eb s\u00eb bashku dhe t\u00eb bashkohemi p\u00ebr t\u00eb shp\u00ebtuar atdheun ton\u00eb\u201d, tha Vu\u00e7i\u00e7 pas vendosjes s\u00eb gurthemelit p\u00ebr nd\u00ebrtimin e dy urave mbi lumin Ib\u00ebr n\u00eb Mitrovic\u00eb, pran\u00eb ur\u00ebs kryesore.<\/p>\n","protected":false},"excerpt":{"rendered":"<p>Beograd 02 korrik 2025 Presidenti i Serbis\u00eb, Aleksadar \u00a0Vu\u00e7i\u00e7, mbr\u00ebm\u00eb \u00ebsht\u00eb ankuar ndaj vendosjes s\u00eb gurthemelit p\u00ebr nd\u00ebrtimin e dy urave t\u00eb reja mbi lumin<\/p>\n","protected":false},"author":2,"featured_media":2213,"comment_status":"open","ping_status":"open","sticky":false,"template":"","format":"standard","meta":{"footnotes":""},"categories":[58],"tags":[],"class_list":["post-2250","post","type-post","status-publish","format-standard","has-post-thumbnail","hentry","category-politike-sq"],"yoast_head":"<!-- This site is optimized with the Yoast SEO plugin v25.3.1 - https:\/\/yoast.com\/wordpress\/plugins\/seo\/ -->\n<title>Vu\u00e7iq alarmon Per\u00ebndimin p\u00ebr ura, por hesht p\u00ebr personat e p\u00ebrfshir\u00eb n\u00eb Banjska q\u00eb e ruajten para presidences -<\/title>\n<meta name=\"robots\" content=\"index, follow, max-snippet:-1, max-image-preview:large, max-video-preview:-1\" \/>\n<link rel=\"canonical\" href=\"https:\/\/veritasinfo.org\/?p=2250\" \/>\n<meta property=\"og:locale\" content=\"en_US\" \/>\n<meta property=\"og:type\" content=\"article\" \/>\n<meta property=\"og:title\" content=\"Vu\u00e7iq alarmon Per\u00ebndimin p\u00ebr ura, por hesht p\u00ebr personat e p\u00ebrfshir\u00eb n\u00eb Banjska q\u00eb e ruajten para presidences -\" \/>\n<meta property=\"og:description\" content=\"Beograd 02 korrik 2025 Presidenti i Serbis\u00eb, Aleksadar \u00a0Vu\u00e7i\u00e7, mbr\u00ebm\u00eb \u00ebsht\u00eb ankuar ndaj vendosjes s\u00eb gurthemelit p\u00ebr nd\u00ebrtimin e dy urave t\u00eb reja mbi lumin\" \/>\n<meta property=\"og:url\" content=\"https:\/\/veritasinfo.org\/?p=2250\" \/>\n<meta property=\"article:published_time\" content=\"2025-07-02T06:46:49+00:00\" \/>\n<meta property=\"article:modified_time\" content=\"2025-07-02T09:32:48+00:00\" \/>\n<meta property=\"og:image\" content=\"https:\/\/veritasinfo.org\/wp-content\/uploads\/2025\/07\/IMG_0304-1.png\" \/>\n\t<meta property=\"og:image:width\" content=\"780\" \/>\n\t<meta property=\"og:image:height\" content=\"439\" \/>\n\t<meta property=\"og:image:type\" content=\"image\/png\" \/>\n<meta name=\"author\" content=\"US1\" \/>\n<meta name=\"twitter:card\" content=\"summary_large_image\" \/>\n<meta name=\"twitter:label1\" content=\"Written by\" \/>\n\t<meta name=\"twitter:data1\" content=\"US1\" \/>\n\t<meta name=\"twitter:label2\" content=\"Est. reading time\" \/>\n\t<meta name=\"twitter:data2\" content=\"1 minute\" \/>\n<script type=\"application\/ld+json\" class=\"yoast-schema-graph\">{\"@context\":\"https:\/\/schema.org\",\"@graph\":[{\"@type\":\"WebPage\",\"@id\":\"https:\/\/veritasinfo.org\/?p=2250\",\"url\":\"https:\/\/veritasinfo.org\/?p=2250\",\"name\":\"Vu\u00e7iq alarmon Per\u00ebndimin p\u00ebr ura, por hesht p\u00ebr personat e p\u00ebrfshir\u00eb n\u00eb Banjska q\u00eb e ruajten para presidences -\",\"isPartOf\":{\"@id\":\"https:\/\/veritasinfo.org\/#website\"},\"primaryImageOfPage\":{\"@id\":\"https:\/\/veritasinfo.org\/?p=2250#primaryimage\"},\"image\":{\"@id\":\"https:\/\/veritasinfo.org\/?p=2250#primaryimage\"},\"thumbnailUrl\":\"https:\/\/veritasinfo.org\/wp-content\/uploads\/2025\/07\/IMG_0304-1.png\",\"datePublished\":\"2025-07-02T06:46:49+00:00\",\"dateModified\":\"2025-07-02T09:32:48+00:00\",\"author\":{\"@id\":\"https:\/\/veritasinfo.org\/#\/schema\/person\/c2b8be262ea994d0995addca692c5e98\"},\"breadcrumb\":{\"@id\":\"https:\/\/veritasinfo.org\/?p=2250#breadcrumb\"},\"inLanguage\":\"en-US\",\"potentialAction\":[{\"@type\":\"ReadAction\",\"target\":[\"https:\/\/veritasinfo.org\/?p=2250\"]}]},{\"@type\":\"ImageObject\",\"inLanguage\":\"en-US\",\"@id\":\"https:\/\/veritasinfo.org\/?p=2250#primaryimage\",\"url\":\"https:\/\/veritasinfo.org\/wp-content\/uploads\/2025\/07\/IMG_0304-1.png\",\"contentUrl\":\"https:\/\/veritasinfo.org\/wp-content\/uploads\/2025\/07\/IMG_0304-1.png\",\"width\":780,\"height\":439},{\"@type\":\"BreadcrumbList\",\"@id\":\"https:\/\/veritasinfo.org\/?p=2250#breadcrumb\",\"itemListElement\":[{\"@type\":\"ListItem\",\"position\":1,\"name\":\"Home\",\"item\":\"https:\/\/veritasinfo.org\/\"},{\"@type\":\"ListItem\",\"position\":2,\"name\":\"Vu\u00e7iq alarmon Per\u00ebndimin p\u00ebr ura, por hesht p\u00ebr personat e p\u00ebrfshir\u00eb n\u00eb Banjska q\u00eb e ruajten para presidences\"}]},{\"@type\":\"WebSite\",\"@id\":\"https:\/\/veritasinfo.org\/#website\",\"url\":\"https:\/\/veritasinfo.org\/\",\"name\":\"\",\"description\":\"\",\"potentialAction\":[{\"@type\":\"SearchAction\",\"target\":{\"@type\":\"EntryPoint\",\"urlTemplate\":\"https:\/\/veritasinfo.org\/?s={search_term_string}\"},\"query-input\":{\"@type\":\"PropertyValueSpecification\",\"valueRequired\":true,\"valueName\":\"search_term_string\"}}],\"inLanguage\":\"en-US\"},{\"@type\":\"Person\",\"@id\":\"https:\/\/veritasinfo.org\/#\/schema\/person\/c2b8be262ea994d0995addca692c5e98\",\"name\":\"US1\",\"image\":{\"@type\":\"ImageObject\",\"inLanguage\":\"en-US\",\"@id\":\"https:\/\/veritasinfo.org\/#\/schema\/person\/image\/\",\"url\":\"https:\/\/secure.gravatar.com\/avatar\/4e96a59bd256abf9956eb9963ac891a47461ffb364d47b0e9aab113328fdb75b?s=96&d=mm&r=g\",\"contentUrl\":\"https:\/\/secure.gravatar.com\/avatar\/4e96a59bd256abf9956eb9963ac891a47461ffb364d47b0e9aab113328fdb75b?s=96&d=mm&r=g\",\"caption\":\"US1\"},\"url\":\"https:\/\/veritasinfo.org\/?author=2\"}]}<\/script>\n<!-- \/ Yoast SEO plugin. -->","yoast_head_json":{"title":"Vu\u00e7iq alarmon Per\u00ebndimin p\u00ebr ura, por hesht p\u00ebr personat e p\u00ebrfshir\u00eb n\u00eb Banjska q\u00eb e ruajten para presidences -","robots":{"index":"index","follow":"follow","max-snippet":"max-snippet:-1","max-image-preview":"max-image-preview:large","max-video-preview":"max-video-preview:-1"},"canonical":"https:\/\/veritasinfo.org\/?p=2250","og_locale":"en_US","og_type":"article","og_title":"Vu\u00e7iq alarmon Per\u00ebndimin p\u00ebr ura, por hesht p\u00ebr personat e p\u00ebrfshir\u00eb n\u00eb Banjska q\u00eb e ruajten para presidences -","og_description":"Beograd 02 korrik 2025 Presidenti i Serbis\u00eb, Aleksadar \u00a0Vu\u00e7i\u00e7, mbr\u00ebm\u00eb \u00ebsht\u00eb ankuar ndaj vendosjes s\u00eb gurthemelit p\u00ebr nd\u00ebrtimin e dy urave t\u00eb reja mbi lumin","og_url":"https:\/\/veritasinfo.org\/?p=2250","article_published_time":"2025-07-02T06:46:49+00:00","article_modified_time":"2025-07-02T09:32:48+00:00","og_image":[{"width":780,"height":439,"url":"https:\/\/veritasinfo.org\/wp-content\/uploads\/2025\/07\/IMG_0304-1.png","type":"image\/png"}],"author":"US1","twitter_card":"summary_large_image","twitter_misc":{"Written by":"US1","Est. reading time":"1 minute"},"schema":{"@context":"https:\/\/schema.org","@graph":[{"@type":"WebPage","@id":"https:\/\/veritasinfo.org\/?p=2250","url":"https:\/\/veritasinfo.org\/?p=2250","name":"Vu\u00e7iq alarmon Per\u00ebndimin p\u00ebr ura, por hesht p\u00ebr personat e p\u00ebrfshir\u00eb n\u00eb Banjska q\u00eb e ruajten para presidences -","isPartOf":{"@id":"https:\/\/veritasinfo.org\/#website"},"primaryImageOfPage":{"@id":"https:\/\/veritasinfo.org\/?p=2250#primaryimage"},"image":{"@id":"https:\/\/veritasinfo.org\/?p=2250#primaryimage"},"thumbnailUrl":"https:\/\/veritasinfo.org\/wp-content\/uploads\/2025\/07\/IMG_0304-1.png","datePublished":"2025-07-02T06:46:49+00:00","dateModified":"2025-07-02T09:32:48+00:00","author":{"@id":"https:\/\/veritasinfo.org\/#\/schema\/person\/c2b8be262ea994d0995addca692c5e98"},"breadcrumb":{"@id":"https:\/\/veritasinfo.org\/?p=2250#breadcrumb"},"inLanguage":"en-US","potentialAction":[{"@type":"ReadAction","target":["https:\/\/veritasinfo.org\/?p=2250"]}]},{"@type":"ImageObject","inLanguage":"en-US","@id":"https:\/\/veritasinfo.org\/?p=2250#primaryimage","url":"https:\/\/veritasinfo.org\/wp-content\/uploads\/2025\/07\/IMG_0304-1.png","contentUrl":"https:\/\/veritasinfo.org\/wp-content\/uploads\/2025\/07\/IMG_0304-1.png","width":780,"height":439},{"@type":"BreadcrumbList","@id":"https:\/\/veritasinfo.org\/?p=2250#breadcrumb","itemListElement":[{"@type":"ListItem","position":1,"name":"Home","item":"https:\/\/veritasinfo.org\/"},{"@type":"ListItem","position":2,"name":"Vu\u00e7iq alarmon Per\u00ebndimin p\u00ebr ura, por hesht p\u00ebr personat e p\u00ebrfshir\u00eb n\u00eb Banjska q\u00eb e ruajten para presidences"}]},{"@type":"WebSite","@id":"https:\/\/veritasinfo.org\/#website","url":"https:\/\/veritasinfo.org\/","name":"","description":"","potentialAction":[{"@type":"SearchAction","target":{"@type":"EntryPoint","urlTemplate":"https:\/\/veritasinfo.org\/?s={search_term_string}"},"query-input":{"@type":"PropertyValueSpecification","valueRequired":true,"valueName":"search_term_string"}}],"inLanguage":"en-US"},{"@type":"Person","@id":"https:\/\/veritasinfo.org\/#\/schema\/person\/c2b8be262ea994d0995addca692c5e98","name":"US1","image":{"@type":"ImageObject","inLanguage":"en-US","@id":"https:\/\/veritasinfo.org\/#\/schema\/person\/image\/","url":"https:\/\/secure.gravatar.com\/avatar\/4e96a59bd256abf9956eb9963ac891a47461ffb364d47b0e9aab113328fdb75b?s=96&d=mm&r=g","contentUrl":"https:\/\/secure.gravatar.com\/avatar\/4e96a59bd256abf9956eb9963ac891a47461ffb364d47b0e9aab113328fdb75b?s=96&d=mm&r=g","caption":"US1"},"url":"https:\/\/veritasinfo.org\/?author=2"}]}},"featured_image_urls":{"full":["https:\/\/veritasinfo.org\/wp-content\/uploads\/2025\/07\/IMG_0304-1.png",780,439,false],"thumbnail":["https:\/\/veritasinfo.org\/wp-content\/uploads\/2025\/07\/IMG_0304-1-150x150.png",150,150,true],"medium":["https:\/\/veritasinfo.org\/wp-content\/uploads\/2025\/07\/IMG_0304-1-300x169.png",300,169,true],"medium_large":["https:\/\/veritasinfo.org\/wp-content\/uploads\/2025\/07\/IMG_0304-1-768x432.png",640,360,true],"large":["https:\/\/veritasinfo.org\/wp-content\/uploads\/2025\/07\/IMG_0304-1.png",640,360,false],"1536x1536":["https:\/\/veritasinfo.org\/wp-content\/uploads\/2025\/07\/IMG_0304-1.png",780,439,false],"2048x2048":["https:\/\/veritasinfo.org\/wp-content\/uploads\/2025\/07\/IMG_0304-1.png",780,439,false],"kreeti-slider-full":["https:\/\/veritasinfo.org\/wp-content\/uploads\/2025\/07\/IMG_0304-1.png",780,439,false],"kreeti-featured":["https:\/\/veritasinfo.org\/wp-content\/uploads\/2025\/07\/IMG_0304-1.png",780,439,false],"kreeti-medium":["https:\/\/veritasinfo.org\/wp-content\/uploads\/2025\/07\/IMG_0304-1.png",720,405,false],"kreeti-medium-square":["https:\/\/veritasinfo.org\/wp-content\/uploads\/2025\/07\/IMG_0304-1.png",350,197,false]},"author_info":{"info":["US1"]},"category_info":"<a href=\"https:\/\/veritasinfo.org\/?cat=58\" rel=\"category\">Politik\u00eb<\/a>","tag_info":"Politik\u00eb","comment_count":"0","_links":{"self":[{"href":"https:\/\/veritasinfo.org\/index.php?rest_route=\/wp\/v2\/posts\/2250","targetHints":{"allow":["GET"]}}],"collection":[{"href":"https:\/\/veritasinfo.org\/index.php?rest_route=\/wp\/v2\/posts"}],"about":[{"href":"https:\/\/veritasinfo.org\/index.php?rest_route=\/wp\/v2\/types\/post"}],"author":[{"embeddable":true,"href":"https:\/\/veritasinfo.org\/index.php?rest_route=\/wp\/v2\/users\/2"}],"replies":[{"embeddable":true,"href":"https:\/\/veritasinfo.org\/index.php?rest_route=%2Fwp%2Fv2%2Fcomments&post=2250"}],"version-history":[{"count":3,"href":"https:\/\/veritasinfo.org\/index.php?rest_route=\/wp\/v2\/posts\/2250\/revisions"}],"predecessor-version":[{"id":2255,"href":"https:\/\/veritasinfo.org\/index.php?rest_route=\/wp\/v2\/posts\/2250\/revisions\/2255"}],"wp:featuredmedia":[{"embeddable":true,"href":"https:\/\/veritasinfo.org\/index.php?rest_route=\/wp\/v2\/media\/2213"}],"wp:attachment":[{"href":"https:\/\/veritasinfo.org\/index.php?rest_route=%2Fwp%2Fv2%2Fmedia&parent=2250"}],"wp:term":[{"taxonomy":"category","embeddable":true,"href":"https:\/\/veritasinfo.org\/index.php?rest_route=%2Fwp%2Fv2%2Fcategories&post=2250"},{"taxonomy":"post_tag","embeddable":true,"href":"https:\/\/veritasinfo.org\/index.php?rest_route=%2Fwp%2Fv2%2Ftags&post=2250"}],"curies":[{"name":"wp","href":"https:\/\/api.w.org\/{rel}","templated":true}]}}