{"id":22496,"date":"2025-12-02T14:41:59","date_gmt":"2025-12-02T13:41:59","guid":{"rendered":"https:\/\/veritasinfo.org\/?p=22496"},"modified":"2025-12-02T14:41:59","modified_gmt":"2025-12-02T13:41:59","slug":"rashiq-pas-zgjedhjeve-cilido-te-jete-rezultati-qeveria-do-te-formohet","status":"publish","type":"post","link":"https:\/\/veritasinfo.org\/?p=22496","title":{"rendered":"Rashiq: Pas zgjedhjeve, cilido t\u00eb jet\u00eb rezultati, Qeveria do t\u00eb formohet"},"content":{"rendered":"<p>Prishtin\u00eb 02 Dhjetor 2025 14:40<\/p>\n<p>N\u00eb Kosov\u00eb do t\u00eb mbahen zgjedhjet e parakohshme parlamentare m\u00eb 28 dhjetor dhe p\u00ebr pjes\u00ebmarrje jan\u00eb paraqitur 23 subjekte politike, prej t\u00eb cilave 17 parti politike, tre koalicione, dy nisma qytetare dhe nj\u00eb kandidat i pavarur.<\/p>\n<p>Komunitetin serb e p\u00ebrfaq\u00ebsojn\u00eb tre parti \u2013 Lista Serbe, Aleanca e Kosov\u00ebs dhe partia \u201cP\u00ebr liri, drejt\u00ebsi dhe mbijetes\u00eb\u201d.<\/p>\n<p>Nenad Rashiq, nga partia politike \u201cP\u00ebr liri, drejt\u00ebsi dhe mbijetes\u00eb\u201d, vler\u00ebson se pas k\u00ebtyre zgjedhjeve, cili do t\u00eb jet\u00eb rezultati, Qeveria do t\u00eb formohet.<\/p>\n<p>Pas zgjedhjeve t\u00eb rregullta parlamentare t\u00eb mbajtura m\u00eb 9 shkurt dhe shum\u00eb p\u00ebrpjekjeve t\u00eb pasuksesshme p\u00ebr konstituimin e Kuvendit, u shpall\u00ebn zgjedhjet e parakohshme. N\u00eb pyetjen \u201cA po i afrohet Kosova daljes nga kriza politike?\u201d, kryetari i partis\u00eb \u201cP\u00ebr liri, drejt\u00ebsi dhe mbijetes\u00eb\u201d, Nenad Rashiq, n\u00eb Programin e M\u00ebngjesit t\u00eb RTK2, theksoi se \u201cdo t\u00eb duhej t\u00eb ishte k\u00ebshtu, jan\u00eb humbur n\u00ebnt\u00eb muaj agonie p\u00ebr qytetar\u00ebt, t\u00eb cil\u00ebt n\u00eb nj\u00eb m\u00ebnyr\u00eb indirekte kan\u00eb pasur pasoja\u201d.<\/p>\n<p>\u201cBesoj se pas k\u00ebtyre zgjedhjeve nuk do t\u00eb jet\u00eb k\u00ebshtu dhe se t\u00eb pakt\u00ebn pak, n\u00ebse jo m\u00eb shum\u00eb, do t\u00eb ndryshoj\u00eb raporti i forcave. Ajo q\u00eb mund t\u00eb vler\u00ebsoj pas nj\u00ebzet vitesh p\u00ebrvoj\u00eb \u00ebsht\u00eb se ka ekzistuar nj\u00ebfar\u00eb armiq\u00ebsie mes, sidomos, partive politike shqiptare, e cila sipas mendimit tim ka qen\u00eb e pajustifikuar. N\u00eb raundin e ardhsh\u00ebm, m\u00eb 28 dhjetor, me gjas\u00eb do t\u00eb ket\u00eb ndryshime t\u00eb vogla t\u00eb cilat mund t\u00eb n\u00ebnkuptojn\u00eb se Qeveria do t\u00eb jet\u00eb m\u00eb e sigurt dhe se marr\u00ebveshja do t\u00eb jet\u00eb m\u00eb e leht\u00eb. N\u00ebse jo tjet\u00ebr, t\u00eb gjitha partit\u00eb politike shqiptare e din\u00eb se zvarritja ose vazhdimi i nj\u00eb veprimi t\u00eb till\u00eb edhe pas zgjedhjeve t\u00eb 28 dhjetorit do t\u00eb pritet me pak\u00ebnaq\u00ebsi nga qytetar\u00ebt\u201d, vler\u00ebsoi Rashiq.<\/p>\n<p>P\u00ebr shkak t\u00eb shpesht\u00ebsis\u00eb s\u00eb organizimit t\u00eb zgjedhjeve n\u00eb Kosov\u00eb, si atyre parlamentare ashtu edhe lokale, Rashiq nuk pret nj\u00eb dalje t\u00eb madhe t\u00eb votuesve:<\/p>\n<p>\u201cMe gjas\u00eb nuk do t\u00eb mund t\u00eb krenohemi me nj\u00eb pjes\u00ebmarrje t\u00eb madhe t\u00eb votuesve kur t\u00eb vjen dita e zgjedhjeve \u2014 e kam fjal\u00ebn p\u00ebr numrin e p\u00ebrgjithsh\u00ebm t\u00eb daljes n\u00eb Kosov\u00eb \u2014 por detyra jon\u00eb tani \u00ebsht\u00eb t\u00eb lutemi q\u00eb qytetar\u00ebt ta shfryt\u00ebzojn\u00eb t\u00eb drejt\u00ebn e vot\u00ebs. Mendoj se zgjedhjet e ardhshme jan\u00eb m\u00eb t\u00eb r\u00ebnd\u00ebsishmet gjat\u00eb viteve t\u00eb fundit\u201d, theksoi Nenad Rashiq.<\/p>\n","protected":false},"excerpt":{"rendered":"<p>Prishtin\u00eb 02 Dhjetor 2025 14:40 N\u00eb Kosov\u00eb do t\u00eb mbahen zgjedhjet e parakohshme parlamentare m\u00eb 28 dhjetor dhe p\u00ebr pjes\u00ebmarrje jan\u00eb paraqitur 23 subjekte politike,<\/p>\n","protected":false},"author":6,"featured_media":22497,"comment_status":"open","ping_status":"open","sticky":false,"template":"","format":"standard","meta":{"footnotes":""},"categories":[8],"tags":[],"class_list":["post-22496","post","type-post","status-publish","format-standard","has-post-thumbnail","hentry","category-blog-sq"],"yoast_head":"<!-- This site is optimized with the Yoast SEO plugin v25.3.1 - https:\/\/yoast.com\/wordpress\/plugins\/seo\/ -->\n<title>Rashiq: Pas zgjedhjeve, cilido t\u00eb jet\u00eb rezultati, Qeveria do t\u00eb formohet -<\/title>\n<meta name=\"robots\" content=\"index, follow, max-snippet:-1, max-image-preview:large, max-video-preview:-1\" \/>\n<link rel=\"canonical\" href=\"https:\/\/veritasinfo.org\/?p=22496\" \/>\n<meta property=\"og:locale\" content=\"en_US\" \/>\n<meta property=\"og:type\" content=\"article\" \/>\n<meta property=\"og:title\" content=\"Rashiq: Pas zgjedhjeve, cilido t\u00eb jet\u00eb rezultati, Qeveria do t\u00eb formohet -\" \/>\n<meta property=\"og:description\" content=\"Prishtin\u00eb 02 Dhjetor 2025 14:40 N\u00eb Kosov\u00eb do t\u00eb mbahen zgjedhjet e parakohshme parlamentare m\u00eb 28 dhjetor dhe p\u00ebr pjes\u00ebmarrje jan\u00eb paraqitur 23 subjekte politike,\" \/>\n<meta property=\"og:url\" content=\"https:\/\/veritasinfo.org\/?p=22496\" \/>\n<meta property=\"article:published_time\" content=\"2025-12-02T13:41:59+00:00\" \/>\n<meta property=\"og:image\" content=\"https:\/\/veritasinfo.org\/wp-content\/uploads\/2025\/12\/IMG_20251202_143925.jpg\" \/>\n\t<meta property=\"og:image:width\" content=\"592\" \/>\n\t<meta property=\"og:image:height\" content=\"480\" \/>\n\t<meta property=\"og:image:type\" content=\"image\/jpeg\" \/>\n<meta name=\"author\" content=\"US5\" \/>\n<meta name=\"twitter:card\" content=\"summary_large_image\" \/>\n<meta name=\"twitter:label1\" content=\"Written by\" \/>\n\t<meta name=\"twitter:data1\" content=\"US5\" \/>\n\t<meta name=\"twitter:label2\" content=\"Est. reading time\" \/>\n\t<meta name=\"twitter:data2\" content=\"1 minute\" \/>\n<script type=\"application\/ld+json\" class=\"yoast-schema-graph\">{\"@context\":\"https:\/\/schema.org\",\"@graph\":[{\"@type\":\"WebPage\",\"@id\":\"https:\/\/veritasinfo.org\/?p=22496\",\"url\":\"https:\/\/veritasinfo.org\/?p=22496\",\"name\":\"Rashiq: Pas zgjedhjeve, cilido t\u00eb jet\u00eb rezultati, Qeveria do t\u00eb formohet -\",\"isPartOf\":{\"@id\":\"https:\/\/veritasinfo.org\/#website\"},\"primaryImageOfPage\":{\"@id\":\"https:\/\/veritasinfo.org\/?p=22496#primaryimage\"},\"image\":{\"@id\":\"https:\/\/veritasinfo.org\/?p=22496#primaryimage\"},\"thumbnailUrl\":\"https:\/\/veritasinfo.org\/wp-content\/uploads\/2025\/12\/IMG_20251202_143925.jpg\",\"datePublished\":\"2025-12-02T13:41:59+00:00\",\"author\":{\"@id\":\"https:\/\/veritasinfo.org\/#\/schema\/person\/bc442336e35414d04494ab8fb45db4c6\"},\"breadcrumb\":{\"@id\":\"https:\/\/veritasinfo.org\/?p=22496#breadcrumb\"},\"inLanguage\":\"en-US\",\"potentialAction\":[{\"@type\":\"ReadAction\",\"target\":[\"https:\/\/veritasinfo.org\/?p=22496\"]}]},{\"@type\":\"ImageObject\",\"inLanguage\":\"en-US\",\"@id\":\"https:\/\/veritasinfo.org\/?p=22496#primaryimage\",\"url\":\"https:\/\/veritasinfo.org\/wp-content\/uploads\/2025\/12\/IMG_20251202_143925.jpg\",\"contentUrl\":\"https:\/\/veritasinfo.org\/wp-content\/uploads\/2025\/12\/IMG_20251202_143925.jpg\",\"width\":592,\"height\":480},{\"@type\":\"BreadcrumbList\",\"@id\":\"https:\/\/veritasinfo.org\/?p=22496#breadcrumb\",\"itemListElement\":[{\"@type\":\"ListItem\",\"position\":1,\"name\":\"Home\",\"item\":\"https:\/\/veritasinfo.org\/\"},{\"@type\":\"ListItem\",\"position\":2,\"name\":\"Rashiq: Pas zgjedhjeve, cilido t\u00eb jet\u00eb rezultati, Qeveria do t\u00eb formohet\"}]},{\"@type\":\"WebSite\",\"@id\":\"https:\/\/veritasinfo.org\/#website\",\"url\":\"https:\/\/veritasinfo.org\/\",\"name\":\"\",\"description\":\"\",\"potentialAction\":[{\"@type\":\"SearchAction\",\"target\":{\"@type\":\"EntryPoint\",\"urlTemplate\":\"https:\/\/veritasinfo.org\/?s={search_term_string}\"},\"query-input\":{\"@type\":\"PropertyValueSpecification\",\"valueRequired\":true,\"valueName\":\"search_term_string\"}}],\"inLanguage\":\"en-US\"},{\"@type\":\"Person\",\"@id\":\"https:\/\/veritasinfo.org\/#\/schema\/person\/bc442336e35414d04494ab8fb45db4c6\",\"name\":\"US5\",\"image\":{\"@type\":\"ImageObject\",\"inLanguage\":\"en-US\",\"@id\":\"https:\/\/veritasinfo.org\/#\/schema\/person\/image\/\",\"url\":\"https:\/\/secure.gravatar.com\/avatar\/16a61e7272a0c5d001121ebb9e60e925d5816e4ac1e443ed3e640d9a6ae55d0c?s=96&d=mm&r=g\",\"contentUrl\":\"https:\/\/secure.gravatar.com\/avatar\/16a61e7272a0c5d001121ebb9e60e925d5816e4ac1e443ed3e640d9a6ae55d0c?s=96&d=mm&r=g\",\"caption\":\"US5\"},\"url\":\"https:\/\/veritasinfo.org\/?author=6\"}]}<\/script>\n<!-- \/ Yoast SEO plugin. -->","yoast_head_json":{"title":"Rashiq: Pas zgjedhjeve, cilido t\u00eb jet\u00eb rezultati, Qeveria do t\u00eb formohet -","robots":{"index":"index","follow":"follow","max-snippet":"max-snippet:-1","max-image-preview":"max-image-preview:large","max-video-preview":"max-video-preview:-1"},"canonical":"https:\/\/veritasinfo.org\/?p=22496","og_locale":"en_US","og_type":"article","og_title":"Rashiq: Pas zgjedhjeve, cilido t\u00eb jet\u00eb rezultati, Qeveria do t\u00eb formohet -","og_description":"Prishtin\u00eb 02 Dhjetor 2025 14:40 N\u00eb Kosov\u00eb do t\u00eb mbahen zgjedhjet e parakohshme parlamentare m\u00eb 28 dhjetor dhe p\u00ebr pjes\u00ebmarrje jan\u00eb paraqitur 23 subjekte politike,","og_url":"https:\/\/veritasinfo.org\/?p=22496","article_published_time":"2025-12-02T13:41:59+00:00","og_image":[{"width":592,"height":480,"url":"https:\/\/veritasinfo.org\/wp-content\/uploads\/2025\/12\/IMG_20251202_143925.jpg","type":"image\/jpeg"}],"author":"US5","twitter_card":"summary_large_image","twitter_misc":{"Written by":"US5","Est. reading time":"1 minute"},"schema":{"@context":"https:\/\/schema.org","@graph":[{"@type":"WebPage","@id":"https:\/\/veritasinfo.org\/?p=22496","url":"https:\/\/veritasinfo.org\/?p=22496","name":"Rashiq: Pas zgjedhjeve, cilido t\u00eb jet\u00eb rezultati, Qeveria do t\u00eb formohet -","isPartOf":{"@id":"https:\/\/veritasinfo.org\/#website"},"primaryImageOfPage":{"@id":"https:\/\/veritasinfo.org\/?p=22496#primaryimage"},"image":{"@id":"https:\/\/veritasinfo.org\/?p=22496#primaryimage"},"thumbnailUrl":"https:\/\/veritasinfo.org\/wp-content\/uploads\/2025\/12\/IMG_20251202_143925.jpg","datePublished":"2025-12-02T13:41:59+00:00","author":{"@id":"https:\/\/veritasinfo.org\/#\/schema\/person\/bc442336e35414d04494ab8fb45db4c6"},"breadcrumb":{"@id":"https:\/\/veritasinfo.org\/?p=22496#breadcrumb"},"inLanguage":"en-US","potentialAction":[{"@type":"ReadAction","target":["https:\/\/veritasinfo.org\/?p=22496"]}]},{"@type":"ImageObject","inLanguage":"en-US","@id":"https:\/\/veritasinfo.org\/?p=22496#primaryimage","url":"https:\/\/veritasinfo.org\/wp-content\/uploads\/2025\/12\/IMG_20251202_143925.jpg","contentUrl":"https:\/\/veritasinfo.org\/wp-content\/uploads\/2025\/12\/IMG_20251202_143925.jpg","width":592,"height":480},{"@type":"BreadcrumbList","@id":"https:\/\/veritasinfo.org\/?p=22496#breadcrumb","itemListElement":[{"@type":"ListItem","position":1,"name":"Home","item":"https:\/\/veritasinfo.org\/"},{"@type":"ListItem","position":2,"name":"Rashiq: Pas zgjedhjeve, cilido t\u00eb jet\u00eb rezultati, Qeveria do t\u00eb formohet"}]},{"@type":"WebSite","@id":"https:\/\/veritasinfo.org\/#website","url":"https:\/\/veritasinfo.org\/","name":"","description":"","potentialAction":[{"@type":"SearchAction","target":{"@type":"EntryPoint","urlTemplate":"https:\/\/veritasinfo.org\/?s={search_term_string}"},"query-input":{"@type":"PropertyValueSpecification","valueRequired":true,"valueName":"search_term_string"}}],"inLanguage":"en-US"},{"@type":"Person","@id":"https:\/\/veritasinfo.org\/#\/schema\/person\/bc442336e35414d04494ab8fb45db4c6","name":"US5","image":{"@type":"ImageObject","inLanguage":"en-US","@id":"https:\/\/veritasinfo.org\/#\/schema\/person\/image\/","url":"https:\/\/secure.gravatar.com\/avatar\/16a61e7272a0c5d001121ebb9e60e925d5816e4ac1e443ed3e640d9a6ae55d0c?s=96&d=mm&r=g","contentUrl":"https:\/\/secure.gravatar.com\/avatar\/16a61e7272a0c5d001121ebb9e60e925d5816e4ac1e443ed3e640d9a6ae55d0c?s=96&d=mm&r=g","caption":"US5"},"url":"https:\/\/veritasinfo.org\/?author=6"}]}},"featured_image_urls":{"full":["https:\/\/veritasinfo.org\/wp-content\/uploads\/2025\/12\/IMG_20251202_143925.jpg",592,480,false],"thumbnail":["https:\/\/veritasinfo.org\/wp-content\/uploads\/2025\/12\/IMG_20251202_143925-150x150.jpg",150,150,true],"medium":["https:\/\/veritasinfo.org\/wp-content\/uploads\/2025\/12\/IMG_20251202_143925-300x243.jpg",300,243,true],"medium_large":["https:\/\/veritasinfo.org\/wp-content\/uploads\/2025\/12\/IMG_20251202_143925.jpg",592,480,false],"large":["https:\/\/veritasinfo.org\/wp-content\/uploads\/2025\/12\/IMG_20251202_143925.jpg",592,480,false],"1536x1536":["https:\/\/veritasinfo.org\/wp-content\/uploads\/2025\/12\/IMG_20251202_143925.jpg",592,480,false],"2048x2048":["https:\/\/veritasinfo.org\/wp-content\/uploads\/2025\/12\/IMG_20251202_143925.jpg",592,480,false],"kreeti-slider-full":["https:\/\/veritasinfo.org\/wp-content\/uploads\/2025\/12\/IMG_20251202_143925.jpg",592,480,false],"kreeti-featured":["https:\/\/veritasinfo.org\/wp-content\/uploads\/2025\/12\/IMG_20251202_143925.jpg",592,480,false],"kreeti-medium":["https:\/\/veritasinfo.org\/wp-content\/uploads\/2025\/12\/IMG_20251202_143925.jpg",592,480,false],"kreeti-medium-square":["https:\/\/veritasinfo.org\/wp-content\/uploads\/2025\/12\/IMG_20251202_143925.jpg",350,284,false]},"author_info":{"info":["US5"]},"category_info":"<a href=\"https:\/\/veritasinfo.org\/?cat=8\" rel=\"category\">Zgjedhjet parlamentare 2025<\/a>","tag_info":"Zgjedhjet parlamentare 2025","comment_count":"0","_links":{"self":[{"href":"https:\/\/veritasinfo.org\/index.php?rest_route=\/wp\/v2\/posts\/22496","targetHints":{"allow":["GET"]}}],"collection":[{"href":"https:\/\/veritasinfo.org\/index.php?rest_route=\/wp\/v2\/posts"}],"about":[{"href":"https:\/\/veritasinfo.org\/index.php?rest_route=\/wp\/v2\/types\/post"}],"author":[{"embeddable":true,"href":"https:\/\/veritasinfo.org\/index.php?rest_route=\/wp\/v2\/users\/6"}],"replies":[{"embeddable":true,"href":"https:\/\/veritasinfo.org\/index.php?rest_route=%2Fwp%2Fv2%2Fcomments&post=22496"}],"version-history":[{"count":1,"href":"https:\/\/veritasinfo.org\/index.php?rest_route=\/wp\/v2\/posts\/22496\/revisions"}],"predecessor-version":[{"id":22498,"href":"https:\/\/veritasinfo.org\/index.php?rest_route=\/wp\/v2\/posts\/22496\/revisions\/22498"}],"wp:featuredmedia":[{"embeddable":true,"href":"https:\/\/veritasinfo.org\/index.php?rest_route=\/wp\/v2\/media\/22497"}],"wp:attachment":[{"href":"https:\/\/veritasinfo.org\/index.php?rest_route=%2Fwp%2Fv2%2Fmedia&parent=22496"}],"wp:term":[{"taxonomy":"category","embeddable":true,"href":"https:\/\/veritasinfo.org\/index.php?rest_route=%2Fwp%2Fv2%2Fcategories&post=22496"},{"taxonomy":"post_tag","embeddable":true,"href":"https:\/\/veritasinfo.org\/index.php?rest_route=%2Fwp%2Fv2%2Ftags&post=22496"}],"curies":[{"name":"wp","href":"https:\/\/api.w.org\/{rel}","templated":true}]}}